{"id":523,"date":"2013-10-28T07:00:52","date_gmt":"2013-10-28T06:00:52","guid":{"rendered":"http:\/\/blogs.hoy.es\/meteobadajoz\/?p=523"},"modified":"2013-10-28T07:00:52","modified_gmt":"2013-10-28T06:00:52","slug":"semana-de-tiempo-generalmente-estable-y-fresco","status":"publish","type":"post","link":"https:\/\/blogs.hoy.es\/meteobadajoz\/2013\/10\/28\/semana-de-tiempo-generalmente-estable-y-fresco\/","title":{"rendered":"Semana de tiempo generalmente estable y fresco"},"content":{"rendered":"<p align=\"LEFT\"><span style=\"font-size: x-large;\"><span style=\"color: #000000;\"><span style=\"font-family: 'Segoe UI';\"><strong>\u00bb<\/strong><\/span><\/span><span style=\"color: #000000;\"><span style=\"font-family: 'Segoe UI', sans-serif;\"> En los pr\u00f3ximos d\u00edas las temperaturas ir\u00e1n bajando hasta mediados de semana, con m\u00e1ximas por debajo de los 20\u00baC, y m\u00ednimas bastante fr\u00edas, de unos 6-7\u00baC.<\/span><\/span><\/span><\/p>\n<p style=\"text-align: center;\" align=\"CENTER\"><span style=\"font-size: small;\"><strong><span style=\"color: #000000;\"><span style=\"font-family: Arial, Helvetica, sans-serif;\"><img loading=\"lazy\" class=\"aligncenter\" src=\"\/\/sia1.subirimagenes.net\/img\/2013\/10\/28\/13102812484388521.png\" alt=\"\" width=\"606\" height=\"386\" \/>Distribuci\u00f3n y temperatura de las masas de aire a 850 hPa (1.500 metros) en Europa y Atl\u00e1ntico Norte + An\u00e1lisis de situaci\u00f3n para mediados de semana.<\/span><\/span><\/strong><\/span><\/p>\n<p align=\"LEFT\"><span style=\"font-size: small;\"><span style=\"color: #000000;\"><span style=\"font-family: Arial, Helvetica, sans-serif;\"><strong>Lunes 28 de Octubre 2013<\/strong>.\u00a0<\/span><\/span><span style=\"color: #000000;\"><span style=\"font-family: Arial, Helvetica, sans-serif;\">Tras las abundantes lluvias de los \u00faltimos d\u00edas (que finalmente dejaron m\u00e1s de 100 mm en total en muchas zonas del Oeste peninsular), la configuraci\u00f3n atmosf\u00e9rica en el Atl\u00e1ntico Norte vuelve a su estado normal, caracterizada por la presencia del anticicl\u00f3n de las Azores sobre su archipi\u00e9lago, desviando el paso de borrascas atl\u00e1nticas por latitudes m\u00e1s altas que la Pen\u00ednsula Ib\u00e9rica.<!--more--><\/span><\/span><\/span><\/p>\n<p align=\"LEFT\"><span style=\"font-size: small;\"><span style=\"color: #000000;\"><span style=\"font-family: Arial, Helvetica, sans-serif;\">\u00c9sto hace que los frentes tambi\u00e9n pasen por zonas m\u00e1s septentrionales a nuestro pa\u00eds, qued\u00e1ndonos con un <strong>tiempo generalmente estable<\/strong> y, en el caso de esta semana, con temperaturas algo m\u00e1s bajas que las de los \u00faltimos d\u00edas, debido a la entrada de una peque\u00f1a masa de aire fr\u00edo. El mapa que encabeza esta noticia, muestra la posici\u00f3n de los centros de acci\u00f3n, y de qu\u00e9 manera nos llega esa masa de aire fr\u00edo que nos afectar\u00e1 durante los pr\u00f3ximos d\u00edas.<\/span><\/span><\/span><\/p>\n<p align=\"LEFT\"><span style=\"font-size: small;\"><span style=\"color: #000000;\"><span style=\"font-family: Arial, Helvetica, sans-serif;\">Este lunes todav\u00eda nos tiene que cruzar un \u00faltimo frente fr\u00edo desde el Noroeste peninsular que, al cruzar sobre terreno anticicl\u00f3nico, <strong>perder\u00e1 bastante actividad<\/strong>, aunque la jornada nos dejar\u00e1 un aumento claro de la nubosidad de Noroeste a Sureste, con <strong>precipitaciones d\u00e9biles o localmente moderadas<\/strong> cuanto m\u00e1s al Noroeste de la provincia de C\u00e1ceres. En el resto, muchas nubes pero pocas precipitaciones, e incluso ser\u00e1n nulas en zonas del Centro y Sureste de Extremadura.<\/span><\/span><\/span><\/p>\n<p style=\"text-align: center;\" align=\"CENTER\"><span style=\"font-size: small;\"><strong><span style=\"color: #000000;\"><span style=\"font-family: Arial, Helvetica, sans-serif;\"><img loading=\"lazy\" class=\"aligncenter\" src=\"\/\/sia1.subirimagenes.net\/img\/2013\/10\/28\/131028010143164305.png\" alt=\"\" width=\"599\" height=\"401\" \/>Mapa de temperaturas m\u00ednimas para el pr\u00f3ximo mi\u00e9rcoles 30 de Octubre \u2013 Modelo GFS.<\/span><\/span><\/strong><\/span><\/p>\n<p align=\"LEFT\"><span style=\"font-size: small;\"><span style=\"color: #000000;\"><span style=\"font-family: Arial, Helvetica, sans-serif;\">Lo m\u00e1s destacable de la semana ser\u00e1 la llegada de una masa de aire fr\u00edo detr\u00e1s del frente de este lunes, que har\u00e1 bajas las temperaturas m\u00e1ximas y m\u00ednimas en pr\u00e1cticamente todo el pa\u00eds. En Extremadura, las m\u00e1ximas ya bajaremos <span style=\"color: #000000;\"><strong>por debajo de los 20\u00baC<\/strong><\/span> en todas las comarcas, e incluso con apenas 15\u00baC en zonas monta\u00f1osas. En cualquier caso, todav\u00eda no hablaremos de mucho fr\u00edo durante el d\u00eda, sino de ambiente bastante fresco.<\/span><\/span><\/span><\/p>\n<p align=\"LEFT\"><span style=\"font-size: small;\"><span style=\"color: #000000;\"><span style=\"font-family: Arial, Helvetica, sans-serif;\">Pero el descenso t\u00e9rmico tambi\u00e9n ser\u00e1 bastante evidente en las m\u00ednimas, con <strong>fr\u00edo a primeras horas de la ma\u00f1ana<\/strong>, momento en el que se registran las temperaturas m\u00ednimas de la jornada. Tal y como refleja el mapa superior, a mediados de esta semana las bajas temperaturas abarcar\u00e1n gran parte del interior peninsular, con heladas d\u00e9biles o localmente moderadas en los principales sistemas monta\u00f1osos del Centro-Norte peninsular, mientras que en el resto, las m\u00ednimas ser\u00e1n bastante frescas, pero no demasiado bajas a\u00fan, sobre todo cuanto m\u00e1s hacia el Sur del pa\u00eds.<\/span><\/span><\/span><\/p>\n<p align=\"LEFT\"><span style=\"font-size: small;\"><span style=\"color: #000000;\"><span style=\"font-family: Arial, Helvetica, sans-serif;\">En Extremadura se espera que las m\u00ednimas alcancen los <span style=\"color: #0000ff;\"><strong>6-7\u00baC en zonas llanas<\/strong><\/span>, y algo m\u00e1s bajas en zonas monta\u00f1osas, no descart\u00e1ndose ya las <span style=\"color: #000000;\"><strong>primeras heladas d\u00e9biles<\/strong><\/span> en zonas altas del Norte de C\u00e1ceres.<\/span><\/span><\/span><\/p>\n<p align=\"LEFT\"><span style=\"font-size: small;\"><span style=\"color: #000000;\"><span style=\"font-family: Arial, Helvetica, sans-serif;\">As\u00ed pues, a excepci\u00f3n del frente fr\u00edo de este lunes, el resto de la semana se presenta con ambiente poco nuboso, y con temperaturas en progresivo descenso, registr\u00e1ndose ya los primeros d\u00edas de fr\u00edo de la temporada. \u00a1Ya va siendo tiempo de brasero!<\/span><\/span><\/span><\/p>\n<p align=\"LEFT\"><span style=\"font-size: small;\"><span style=\"color: #000000;\"><span style=\"font-family: Arial, Helvetica, sans-serif;\">A la espera de cualquier cambio en la situaci\u00f3n meteorol\u00f3gica a medio plazo&#8230;<\/span><\/span><\/span><\/p>\n<p align=\"LEFT\"><span style=\"font-size: small;\"><strong><span style=\"color: #ffffff;\"><span style=\"font-family: Arial, Helvetica, sans-serif;\">.<\/span><\/span><\/strong><\/span><\/p>\n<p align=\"CENTER\"><span style=\"font-size: small;\"><strong><span style=\"color: #000000;\"><span style=\"font-family: Arial, Helvetica, sans-serif;\">Puedes seguir este blog a trav\u00e9s de la cuenta de Twitter <\/span><\/span><\/strong><strong><a href=\"https:\/\/twitter.com\/MeteoBadajoz\" target=\"_blank\" rel=\"external nofollow\"><span style=\"color: #ff0000;\"><span style=\"font-family: Arial, Helvetica, sans-serif;\">@MeteoBadajoz<\/span><\/span><\/a><\/strong><strong><span style=\"color: #000000;\"><span style=\"font-family: Arial, Helvetica, sans-serif;\">, o Facebook <\/span><\/span><\/strong><strong><a href=\"https:\/\/www.facebook.com\/pages\/MeteoBadajoz\/236436716399890\" target=\"_blank\" rel=\"external nofollow\"><span style=\"color: #ff0000;\"><span style=\"font-family: Arial, Helvetica, sans-serif;\">MeteoBadajoz<\/span><\/span><\/a><\/strong><strong><span style=\"color: #000000;\"><span style=\"font-family: Arial, Helvetica, sans-serif;\">, donde estar\u00e1s informado en todo momento de c\u00f3mo evolucionan los d\u00edas, as\u00ed como de noticias de inter\u00e9s meteorol\u00f3gico.<\/span><\/span><\/strong><\/span><\/p>\n<p align=\"CENTER\"><span style=\"font-size: small;\"><strong><span style=\"color: #000000;\"><span style=\"font-family: Arial, Helvetica, sans-serif;\"><span style=\"text-decoration: underline;\"><strong>Si el art\u00edculo te ha parecido interesante, puedes ayudar a divulgarlo a trav\u00e9s de las redes sociales, con ayuda de los botones para compartir.<\/strong><\/span><\/span><\/span><\/strong><\/span><\/p>\n<p align=\"CENTER\"><span style=\"font-size: small;\"><strong><span style=\"color: #000000;\"><span style=\"font-family: Arial, Helvetica, sans-serif;\">\u00a1\u00a1Gracias!!<\/span><\/span><\/strong><\/span><\/p>\n<!-- AddThis Advanced Settings generic via filter on the_content --><!-- AddThis Share Buttons generic via filter on the_content -->","protected":false},"excerpt":{"rendered":"<p>\u00bb En los pr\u00f3ximos d\u00edas las temperaturas ir\u00e1n bajando hasta mediados de semana, con m\u00e1ximas por debajo de los 20\u00baC, y m\u00ednimas bastante fr\u00edas, de unos 6-7\u00baC. Distribuci\u00f3n y temperatura de las masas de aire a 850 hPa (1.500 metros) en Europa y Atl\u00e1ntico Norte + An\u00e1lisis de situaci\u00f3n para mediados de semana. Lunes 28 [&hellip;]<!-- AddThis Advanced Settings generic via filter on get_the_excerpt --><!-- AddThis Share Buttons generic via filter on get_the_excerpt --><\/p>\n","protected":false},"author":75,"featured_media":0,"comment_status":"open","ping_status":"closed","sticky":false,"template":"","format":"standard","meta":[],"categories":[4,5],"tags":[6,12,18,62,69,73,113],"_links":{"self":[{"href":"https:\/\/blogs.hoy.es\/meteobadajoz\/wp-json\/wp\/v2\/posts\/523"}],"collection":[{"href":"https:\/\/blogs.hoy.es\/meteobadajoz\/wp-json\/wp\/v2\/posts"}],"about":[{"href":"https:\/\/blogs.hoy.es\/meteobadajoz\/wp-json\/wp\/v2\/types\/post"}],"author":[{"embeddable":true,"href":"https:\/\/blogs.hoy.es\/meteobadajoz\/wp-json\/wp\/v2\/users\/75"}],"replies":[{"embeddable":true,"href":"https:\/\/blogs.hoy.es\/meteobadajoz\/wp-json\/wp\/v2\/comments?post=523"}],"version-history":[{"count":0,"href":"https:\/\/blogs.hoy.es\/meteobadajoz\/wp-json\/wp\/v2\/posts\/523\/revisions"}],"wp:attachment":[{"href":"https:\/\/blogs.hoy.es\/meteobadajoz\/wp-json\/wp\/v2\/media?parent=523"}],"wp:term":[{"taxonomy":"category","embeddable":true,"href":"https:\/\/blogs.hoy.es\/meteobadajoz\/wp-json\/wp\/v2\/categories?post=523"},{"taxonomy":"post_tag","embeddable":true,"href":"https:\/\/blogs.hoy.es\/meteobadajoz\/wp-json\/wp\/v2\/tags?post=523"}],"curies":[{"name":"wp","href":"https:\/\/api.w.org\/{rel}","templated":true}]}}