{"id":525,"date":"2013-11-04T22:59:43","date_gmt":"2013-11-04T21:59:43","guid":{"rendered":"http:\/\/blogs.hoy.es\/meteobadajoz\/?p=525"},"modified":"2013-11-04T22:59:43","modified_gmt":"2013-11-04T21:59:43","slug":"la-primera-quincena-de-noviembre-promete-estar-dominada-por-el-anticiclon-en-gran-parte-de-espana","status":"publish","type":"post","link":"https:\/\/blogs.hoy.es\/meteobadajoz\/2013\/11\/04\/la-primera-quincena-de-noviembre-promete-estar-dominada-por-el-anticiclon-en-gran-parte-de-espana\/","title":{"rendered":"La primera quincena de Noviembre promete estar dominada por el anticicl\u00f3n en gran parte de Espa\u00f1a"},"content":{"rendered":"<p align=\"LEFT\"><strong><span style=\"font-size: large;\"><span style=\"color: #000000;\"><span style=\"font-family: 'Segoe UI';\">\u00bb<\/span><\/span><span style=\"color: #000000;\"><span style=\"font-family: 'Segoe UI', sans-serif;\"> Los primeros quince d\u00edas del mes de Noviembre podr\u00edan estar marcados por una situaci\u00f3n anticicl\u00f3nica al Oeste peninsular, que tan s\u00f3lo permitir\u00e1 el paso de algunos frentes muy poco importantes, y que apenas aportar\u00e1n precipitaciones a la Pen\u00ednsula, excepto en las comunidades del Norte.<\/span><\/span><\/span><\/strong><\/p>\n<p style=\"text-align: center;\"><img loading=\"lazy\" class=\" aligncenter\" src=\"\/\/sia1.subirimagenes.net\/img\/2013\/11\/04\/131104095555698262.gif\" alt=\"\" width=\"636\" height=\"402\" \/><\/p>\n<p align=\"CENTER\"><span style=\"font-size: small;\"><strong><span style=\"color: #000000;\"><span style=\"font-family: Arial, Helvetica, sans-serif;\">Anomal\u00edas de presi\u00f3n a 500 hPa -hectopascales- (5.500 metros) para los pr\u00f3ximos d\u00edas.<\/span><\/span><\/strong><\/span><\/p>\n<p align=\"LEFT\"><span style=\"font-size: small;\"><span style=\"color: #000000;\"><span style=\"font-family: Arial, Helvetica, sans-serif;\"><strong>Lunes 4 de Noviembre 2013.\u00a0<\/strong><\/span><\/span><strong><\/strong><span style=\"color: #000000;\"><span style=\"font-family: Arial, Helvetica, sans-serif;\">Comenzamos el mes de noviembre y lo hacemos con una situaci\u00f3n meteorol\u00f3gica mucho m\u00e1s tranquila que la de hace algo m\u00e1s de una semana, cuando nos afectaba una sucesi\u00f3n de frentes atl\u00e1nticos, que aportaron importantes cantidades de lluvia a gran parte de la mitad occidental de Espa\u00f1a.<!--more--><\/span><\/span><\/span><\/p>\n<p align=\"LEFT\"><span style=\"font-size: small;\"><span style=\"color: #000000;\"><span style=\"font-family: Arial, Helvetica, sans-serif;\">Pero nos metemos ya en noviembre y, <strong>salvo algunos frentes que afectar\u00e1n sobre todo al Norte<\/strong> de la Pen\u00ednsula durante los pr\u00f3ximos d\u00edas, en el resto las precipitaciones van a ser bastante escasas y con un tiempo mucho m\u00e1s estable que por el Norte, y lo que es peor, <strong>durante al menos 7-10 d\u00edas<\/strong>. Y es que los modelos no muestran grandes cambios, ni a corto ni a medio plazo, con una configuraci\u00f3n atmosf\u00e9rica dominada por las altas presiones ocupando gran parte del Atl\u00e1ntico (Azores), y extendi\u00e9ndose por el Suroeste del continente europeo.<\/span><\/span><\/span><\/p>\n<p align=\"LEFT\"><span style=\"font-size: small;\"><span style=\"color: #000000;\"><span style=\"font-family: Arial, Helvetica, sans-serif;\">Eso s\u00ed, algunos frentes s\u00ed conseguir\u00e1n afectarnos, s\u00f3lo que \u00e9stos quedar\u00e1n muy <strong>desgastados tras irrumpir en esa zona de altas presiones<\/strong>, por lo que esta semana continuaremos con ambiente algo nuboso, fresco, pero con precipitaciones muy escasas. S\u00f3lo el viernes parece que podr\u00eda cruzarnos un frente fr\u00edo algo m\u00e1s activo, pero el anticicl\u00f3n se encargar\u00e1 de desgastarlo poco despu\u00e9s de entrar en la Pen\u00ednsula. En principio el viernes ser\u00eda el d\u00eda m\u00e1s inestable de la semana, con <strong>lluvias d\u00e9biles<\/strong>, pero tan s\u00f3lo un poco m\u00e1s generalizadas que durante los \u00faltimos d\u00edas.<\/span><\/span><\/span><\/p>\n<p align=\"LEFT\"><span style=\"font-size: small;\"><span style=\"color: #000000;\"><span style=\"font-family: Arial, Helvetica, sans-serif;\">En la animaci\u00f3n que encabeza este art\u00edculo, observamos la evoluci\u00f3n de las anomal\u00edas de presi\u00f3n para los pr\u00f3ximos d\u00edas en el Atl\u00e1ntico Norte y Oeste de Europa, donde podemos observar la <strong>prolongada situaci\u00f3n de estabilidad que afectar\u00e1 a la Pen\u00ednsula<\/strong> durante los pr\u00f3ximos 7-10 d\u00edas (colores rojos=anomal\u00eda positiva=estabilidad).<\/span><\/span><\/span><\/p>\n<p style=\"text-align: center;\" align=\"CENTER\"><span style=\"font-size: small;\"><strong><span style=\"color: #000000;\"><span style=\"font-family: Arial, Helvetica, sans-serif;\"><img loading=\"lazy\" class=\"aligncenter\" src=\"\/\/sia1.subirimagenes.net\/img\/2013\/11\/04\/131104095829931969.png\" alt=\"\" width=\"614\" height=\"461\" \/>Anomal\u00eda de temperaturas medias en Europa para los pr\u00f3ximos 7 d\u00edas.<\/span><\/span><\/strong><\/span><\/p>\n<p align=\"LEFT\"><span style=\"font-size: small;\"><span style=\"color: #000000;\"><span style=\"font-family: Arial, Helvetica, sans-serif;\">En parte es normal que por estas fechas (al igual como en diciembre), tengamos la presencia del anticicl\u00f3n de las Azores muy cerca de nuestro pa\u00eds, y durante varios d\u00edas, pero lo que hace \u00e9sta situaci\u00f3n algo m\u00e1s an\u00f3mala, son las temperaturas que se esperan para los pr\u00f3ximos d\u00edas en gran parte de Europa, <strong>demasiado altas en algunos casos<\/strong>.<\/span><\/span><\/span><\/p>\n<p align=\"LEFT\"><span style=\"font-size: small;\"><span style=\"color: #000000;\"><span style=\"font-family: Arial, Helvetica, sans-serif;\">El mapa superior muestra la anomal\u00eda de temperatura media prevista en Europa para los pr\u00f3ximos 7 d\u00edas, donde observamos que <strong>gran parte del continente europeo estar\u00e1 con temperaturas varios grados por encima de lo que es normal<\/strong> para estas alturas del a\u00f1o.\u00a0Especialmente destacable la anomal\u00eda de temperaturas en el Este de Europa, de m\u00e1s de<strong> 5-6\u00baC<\/strong>.<\/span><\/span><\/span><\/p>\n<div class=\"mceTemp\" style=\"text-align: center;\">\n<dl id=\"\" class=\"wp-caption alignleft\" style=\"width: 378px;\">\n<dt class=\"wp-caption-dt\"><img loading=\"lazy\" class=\" \" src=\"\/\/sia1.subirimagenes.net\/img\/2013\/11\/04\/13110410004322202.png\" alt=\"\" width=\"368\" height=\"277\" \/><\/dt>\n<dd class=\"wp-caption-dd\"><strong><span style=\"color: #000000;\">Anomal\u00eda de T\u00aa media en Europa en los \u00faltimos 14 d\u00edas.<\/span><\/strong><\/dd>\n<\/dl>\n<\/div>\n<p align=\"LEFT\"><span style=\"font-size: small;\"><span style=\"color: #000000;\"><span style=\"font-family: Arial, Helvetica, sans-serif;\">Lo cual <strong>no es una novedad<\/strong>, ya que durante las \u00faltimas semanas las temperaturas tambi\u00e9n han sido bastante altas para la \u00e9poca en pr\u00e1cticamente las mismas zonas del interior y Este de Europa, como se observa en el mapa de la izquierda, de anomal\u00edas de temperaturas en los \u00faltimos 14 d\u00edas en el continente europeo.<\/span><\/span><\/span><\/p>\n<p align=\"LEFT\"><span style=\"font-size: small;\"><span style=\"color: #000000;\"><span style=\"font-family: Arial, Helvetica, sans-serif;\">Tambi\u00e9n podemos observar en el mismo mapa, que\u00a0<strong>el Oeste peninsular qued\u00f3 un poco al margen<\/strong> de esa situaci\u00f3n de temperaturas m\u00e1s altas de lo normal, ya que dentro de esos \u00faltimos 14 d\u00edas, est\u00e1 incluida la semana de abundante inestabilidad en el Oeste peninsular, que nos dej\u00f3 un ambiente algo m\u00e1s fresco y lluvioso que en el resto del pa\u00eds.<\/span><\/span><\/span><\/p>\n<p align=\"LEFT\"><span style=\"font-size: small;\"><span style=\"color: #000000;\"><span style=\"font-family: Arial, Helvetica, sans-serif;\">As\u00ed pues, habr\u00e1 que estar pendientes de c\u00f3mo se desarrolle la situaci\u00f3n durante los pr\u00f3ximos d\u00edas, pero parece que tendremos que esperar, como m\u00ednimo, <strong>casi 2 semanas para poder ver un episodio destacable de lluvias<\/strong> en el Oeste peninsular. De momento los modelos se empe\u00f1an en mostrar una configuraci\u00f3n atmosf\u00e9rica no demasiado favorable para la inestabilidad en la mayor parte de la Pen\u00ednsula, incluso con valores de presi\u00f3n sobre la Pen\u00ednsula de m\u00e1s de 1030 hPa -hectopascales- (igual que los milibares), por lo que <strong>el anticicl\u00f3n ser\u00e1 bastante potente<\/strong>.<\/span><\/span><\/span><\/p>\n<p align=\"LEFT\"><span style=\"font-size: small;\"><span style=\"color: #000000;\"><span style=\"font-family: Arial, Helvetica, sans-serif;\">Parece que de cara al 13-14 de noviembre el anticicl\u00f3n subir\u00e1 de latitud, dejando al descubierto parte del Atl\u00e1ntico Norte y el entorno pr\u00f3ximo a la Pen\u00ednsula, lo que har\u00eda <strong>m\u00e1s probable la presencia de embolsamientos de aire fr\u00edo<\/strong> que afectar\u00edan a nuestro pa\u00eds dejando un tiempo algo m\u00e1s revuelto. Veremos si a ra\u00edz de eso iniciamos un nuevo periodo de lluvias, hasta entonces, a la espera&#8230;<\/span><\/span><\/span><\/p>\n<p align=\"LEFT\"><span style=\"font-size: small;\"><strong><span style=\"color: #ffffff;\"><span style=\"font-family: Arial, Helvetica, sans-serif;\">.<\/span><\/span><\/strong><\/span><\/p>\n<p align=\"CENTER\"><span style=\"font-size: small;\"><strong><span style=\"color: #000000;\"><span style=\"font-family: Arial, Helvetica, sans-serif;\">Puedes seguir este blog a trav\u00e9s de la cuenta de Twitter <\/span><\/span><\/strong><strong><a href=\"https:\/\/twitter.com\/MeteoBadajoz\" target=\"_blank\" rel=\"external nofollow\"><span style=\"color: #ff0000;\"><span style=\"font-family: Arial, Helvetica, sans-serif;\">@MeteoBadajoz<\/span><\/span><\/a><\/strong><strong><span style=\"color: #000000;\"><span style=\"font-family: Arial, Helvetica, sans-serif;\">, o Facebook <\/span><\/span><\/strong><strong><a href=\"https:\/\/www.facebook.com\/pages\/MeteoBadajoz\/236436716399890\" target=\"_blank\" rel=\"external nofollow\"><span style=\"color: #ff0000;\"><span style=\"font-family: Arial, Helvetica, sans-serif;\">MeteoBadajoz<\/span><\/span><\/a><\/strong><strong><span style=\"color: #000000;\"><span style=\"font-family: Arial, Helvetica, sans-serif;\">, donde estar\u00e1s informado en todo momento de c\u00f3mo evolucionan los d\u00edas, as\u00ed como de noticias de inter\u00e9s meteorol\u00f3gico.<\/span><\/span><\/strong><\/span><\/p>\n<p align=\"CENTER\"><span style=\"font-size: small;\"><strong><span style=\"color: #000000;\"><span style=\"font-family: Arial, Helvetica, sans-serif;\"><span style=\"text-decoration: underline;\"><strong>Si el art\u00edculo te ha parecido interesante, puedes ayudar a divulgarlo a trav\u00e9s de las redes sociales, con ayuda de los botones para compartir.<\/strong><\/span><\/span><\/span><\/strong><\/span><\/p>\n<p align=\"CENTER\"><span style=\"font-size: small;\"><strong><span style=\"color: #000000;\"><span style=\"font-family: Arial, Helvetica, sans-serif;\">\u00a1\u00a1Gracias!!<\/span><\/span><\/strong><\/span><\/p>\n<!-- AddThis Advanced Settings generic via filter on the_content --><!-- AddThis Share Buttons generic via filter on the_content -->","protected":false},"excerpt":{"rendered":"<p>\u00bb Los primeros quince d\u00edas del mes de Noviembre podr\u00edan estar marcados por una situaci\u00f3n anticicl\u00f3nica al Oeste peninsular, que tan s\u00f3lo permitir\u00e1 el paso de algunos frentes muy poco importantes, y que apenas aportar\u00e1n precipitaciones a la Pen\u00ednsula, excepto en las comunidades del Norte. Anomal\u00edas de presi\u00f3n a 500 hPa -hectopascales- (5.500 metros) para [&hellip;]<!-- AddThis Advanced Settings generic via filter on get_the_excerpt --><!-- AddThis Share Buttons generic via filter on get_the_excerpt --><\/p>\n","protected":false},"author":75,"featured_media":0,"comment_status":"open","ping_status":"closed","sticky":false,"template":"","format":"standard","meta":[],"categories":[4,5],"tags":[6,16,18,62,100,102,110,117],"_links":{"self":[{"href":"https:\/\/blogs.hoy.es\/meteobadajoz\/wp-json\/wp\/v2\/posts\/525"}],"collection":[{"href":"https:\/\/blogs.hoy.es\/meteobadajoz\/wp-json\/wp\/v2\/posts"}],"about":[{"href":"https:\/\/blogs.hoy.es\/meteobadajoz\/wp-json\/wp\/v2\/types\/post"}],"author":[{"embeddable":true,"href":"https:\/\/blogs.hoy.es\/meteobadajoz\/wp-json\/wp\/v2\/users\/75"}],"replies":[{"embeddable":true,"href":"https:\/\/blogs.hoy.es\/meteobadajoz\/wp-json\/wp\/v2\/comments?post=525"}],"version-history":[{"count":0,"href":"https:\/\/blogs.hoy.es\/meteobadajoz\/wp-json\/wp\/v2\/posts\/525\/revisions"}],"wp:attachment":[{"href":"https:\/\/blogs.hoy.es\/meteobadajoz\/wp-json\/wp\/v2\/media?parent=525"}],"wp:term":[{"taxonomy":"category","embeddable":true,"href":"https:\/\/blogs.hoy.es\/meteobadajoz\/wp-json\/wp\/v2\/categories?post=525"},{"taxonomy":"post_tag","embeddable":true,"href":"https:\/\/blogs.hoy.es\/meteobadajoz\/wp-json\/wp\/v2\/tags?post=525"}],"curies":[{"name":"wp","href":"https:\/\/api.w.org\/{rel}","templated":true}]}}