{"id":528,"date":"2013-11-10T17:27:13","date_gmt":"2013-11-10T16:27:13","guid":{"rendered":"http:\/\/blogs.hoy.es\/meteobadajoz\/?p=528"},"modified":"2013-11-10T17:27:13","modified_gmt":"2013-11-10T16:27:13","slug":"semana-estable-aunque-con-novedades","status":"publish","type":"post","link":"https:\/\/blogs.hoy.es\/meteobadajoz\/2013\/11\/10\/semana-estable-aunque-con-novedades\/","title":{"rendered":"Otra semana m\u00e1s de estabilidad y temperaturas en ligero ascenso, aunque con novedades&#8230;"},"content":{"rendered":"<p align=\"LEFT\"><strong><span style=\"font-size: large;\"><span style=\"color: #000000;\"><span style=\"font-family: 'Segoe UI';\">\u00bb<\/span><\/span><span style=\"color: #000000;\"><span style=\"font-family: 'Segoe UI', sans-serif;\"> El anticicl\u00f3n de las Azores continuar\u00e1 &#8220;dando guerra\u201d a lo largo de esta semana, ejerciendo su efecto en pr\u00e1cticamente todo el Oeste de Europa, y con temperaturas por encima de lo normal. Pero se observan ya los primeros episodios de fr\u00edo importantes para la segunda quincena del mes.<\/span><\/span><\/span><\/strong><\/p>\n<p style=\"text-align: center;\" align=\"CENTER\"><span style=\"font-size: small;\"><strong><span style=\"color: #000000;\"><span style=\"font-family: Arial, Helvetica, sans-serif;\"><img loading=\"lazy\" class=\"aligncenter\" src=\"\/\/sia1.subirimagenes.net\/img\/2013\/11\/10\/131110122214984069.gif\" alt=\"\" width=\"650\" height=\"314\" \/>Evoluci\u00f3n de las masas de aire en el Atl\u00e1ntico Norte y Europa occidental.<\/span><\/span><\/strong><\/span><\/p>\n<p align=\"LEFT\"><span style=\"font-size: small;\"><span style=\"color: #000000;\"><span style=\"font-family: Arial, Helvetica, sans-serif;\"><strong>Domingo 10 de Noviembre 2013.<\/strong>\u00a0<\/span><\/span><span style=\"color: #000000;\"><span style=\"font-family: Arial, Helvetica, sans-serif;\">Como ya se ha venido indicando desde la publicaci\u00f3n de la <span style=\"color: #ff0000;\"><a href=\"https:\/\/blogs.hoy.es\/meteobadajoz\/2013\/11\/04\/la-primera-quincena-de-noviembre-promete-estar-dominada-por-el-anticiclon-en-gran-parte-de-espana\/\" target=\"_blank\"><span style=\"color: #ff0000;\">\u00faltima entrada en este blog<\/span><\/a><\/span>, la primera quincena de noviembre se est\u00e1 caracterizando por la <strong>presencia del anticicl\u00f3n<\/strong>, que tan s\u00f3lo permite el paso de algunos frentes muy poco efectivos en cuanto a precipitaciones para la fachada Atl\u00e1ntica de la Pen\u00ednsula Ib\u00e9rica, y mucho menos para el Centro, Este y Sur peninsular.<\/span><\/span><\/span><\/p>\n<p align=\"LEFT\"><span style=\"font-size: small;\"><span style=\"color: #000000;\"><span style=\"font-family: Arial, Helvetica, sans-serif;\">A pesar del descenso t\u00e9rmico experimentado en los \u00faltimos d\u00edas a nivel peninsular, que ha supuesto la relativa normalizaci\u00f3n de las temperaturas, durante los pr\u00f3ximos d\u00edas, el anticicl\u00f3n de las Azores <strong>volver\u00e1 a tomar posiciones muy cerca de la Pen\u00ednsula Ib\u00e9rica<\/strong>, trayendo consigo una\u00a0<strong>masa de aire subtropical<\/strong>\u00a0desde latitudes mucho m\u00e1s bajas a las de nuestro pa\u00eds, y provocando un ligero ascenso de las temperaturas.<!--more--><\/span><\/span><\/span><\/p>\n<p align=\"LEFT\"><span style=\"font-size: small;\"><span style=\"color: #000000;\"><span style=\"font-family: Arial, Helvetica, sans-serif;\">En la animaci\u00f3n que encabeza este art\u00edculo, observamos los distintos tipos de masas de aire, donde encontramos las de origen subtropical en colores gris oscuro y blancos, y c\u00f3mo la propia circulaci\u00f3n de vientos alrededor del anticicl\u00f3n &#8220;arranca&#8221;, desde latitudes bajas, esas masas de aire m\u00e1s c\u00e1lidas que, posteriormente, <strong>afectar\u00e1n de lleno al Oeste y Suroeste de Europa<\/strong>.<\/span><\/span><\/span><\/p>\n<p align=\"LEFT\"><span style=\"font-size: small;\"><span style=\"color: #000000;\"><span style=\"font-family: Arial, Helvetica, sans-serif;\">\u00c9sta es la raz\u00f3n por la que, durante los primeros d\u00edas de la semana, las temperaturas m\u00e1ximas tienden a subir ligeramente en la mayor parte de Espa\u00f1a, volvi\u00e9ndonos a situar en <strong>valores bastante por encima de lo normal<\/strong> para la \u00e9poca del a\u00f1o en la que nos encontramos (en el caso de las m\u00e1ximas). Eso s\u00ed, a mediados de semana volver\u00e1n a bajar bastante, llegando al fin de semana con temperaturas bastante fr\u00edas en muchas zonas, y que m\u00e1s adelante concretaremos.<\/span><\/span><\/span><\/p>\n<p style=\"text-align: left;\" align=\"LEFT\"><span style=\"font-size: small;\"><span style=\"color: #000000;\"><span style=\"font-family: Arial, Helvetica, sans-serif;\">Y es que nos encontramos en la <span style=\"color: #ff0000;\"><a href=\"https:\/\/blogs.hoy.es\/meteobadajoz\/2012\/12\/18\/el-indice-nao\/\" target=\"_blank\"><span style=\"color: #ff0000;\">fase positiva del \u00edndice NAO (Oscilaci\u00f3n del Atl\u00e1ntico Norte)<\/span><\/a><\/span>, lo que significa que las borrascas discurren por el Norte de Europa, desviadas por la poderosa fuerza del anticicl\u00f3n, instalado justo sobre la vertical del Oeste del continente europeo. Lo peor de todo es que \u00e9sta situaci\u00f3n de estabilidad tiene que durar, por lo menos, m\u00e1s all\u00e1 del 15-17 de noviembre, as\u00ed que todav\u00eda nos quedan muchos d\u00edas por delante de cielos poco nubosos y precipitaciones muy escasas en gran parte del pa\u00eds.<\/span><\/span><\/span><\/p>\n<p style=\"text-align: left;\" align=\"LEFT\"><span style=\"font-size: small;\"><span style=\"color: #000000;\"><span style=\"font-family: Arial, Helvetica, sans-serif;\">Los modelos <strong>son rotundos<\/strong> y, salvo el paso de la cola de alg\u00fan frente (que afectar\u00e1 sobre todo al Norte), y algunas lluvias en el Sureste peninsular, <strong>los pr\u00f3ximos 7 d\u00edas no tendr\u00e1n mayores sobresaltos a nivel meteorol\u00f3gico<\/strong>.<\/span><\/span><\/span><\/p>\n<p style=\"text-align: center;\" align=\"LEFT\"><span style=\"font-size: small;\"><span style=\"color: #000000;\"><span style=\"font-family: Arial, Helvetica, sans-serif;\"><strong><img loading=\"lazy\" class=\"aligncenter\" src=\"\/\/sia1.subirimagenes.net\/img\/2013\/11\/10\/131110012420679306.png\" alt=\"\" width=\"640\" height=\"374\" \/>Anomal\u00edas de temperatura 2 m + An\u00e1lisis de situaci\u00f3n en Europa, Lunes 11 de Noviembre 2013.<\/strong><\/span><\/span><\/span><\/p>\n<p align=\"LEFT\"><span style=\"font-size: small;\"><span style=\"color: #000000;\"><span style=\"font-family: Arial, Helvetica, sans-serif;\">El mapa superior refleja la situaci\u00f3n dominante en Europa durante estos primeros d\u00edas de la semana. El anticicl\u00f3n y las masas de aire m\u00e1s c\u00e1lidas <strong>ganan terreno por el Oeste<\/strong> de Europa, mientras una profunda vaguada de aire fr\u00edo afecta a todo el Interior del continente, alimentando una borrasca en el Mediterr\u00e1neo Central, que dar\u00e1 que hablar a lo largo de la semana, por las <strong>abundantes lluvias<\/strong> que producir\u00e1 en los pa\u00edses del Sur de Europa, ubicados a orillas del Mediterr\u00e1neo.<\/span><\/span><\/span><\/p>\n<p align=\"LEFT\"><span style=\"font-size: small;\"><span style=\"color: #000000;\"><span style=\"font-family: Arial, Helvetica, sans-serif;\">Por contra, en el flanco derecho de la vaguada, la propia din\u00e1mica atmosf\u00e9rica permite el transporte de masas de aire c\u00e1lido a trav\u00e9s de Europa del Este, hasta latitudes m\u00e1s altas. Destacan las importantes las anomal\u00edas t\u00e9rmicas positivas a la altura de Mosc\u00fa, \u00a1<strong>de m\u00e1s de +8\u00baC<\/strong>!, lo cual no indica que por all\u00ed las temperaturas sean calurosas, sino menos fr\u00edas de lo habitual.<\/span><\/span><\/span><\/p>\n<p align=\"LEFT\"><span style=\"font-size: small;\"><span style=\"color: #000000;\"><span style=\"font-family: Arial, Helvetica, sans-serif;\">Pero esa tendencia c\u00e1lida del Oeste de Europa parece que podr\u00eda llegar a su fin, ya que los principales modelos empiezan a vislumbrar las <strong>primeras advecciones de aire fr\u00edo polar importantes hacia Europa<\/strong>, y que pueden afectar directamente a Espa\u00f1a en poco m\u00e1s de una semana.<\/span><\/span><\/span><\/p>\n<p style=\"text-align: center;\" align=\"LEFT\"><strong><span style=\"font-size: small;\"><span style=\"color: #000000;\"><span style=\"font-family: Arial, Helvetica, sans-serif;\"><img loading=\"lazy\" class=\"aligncenter\" src=\"\/\/sia1.subirimagenes.net\/img\/2013\/11\/10\/131110021031660684.png\" alt=\"\" width=\"640\" height=\"429\" \/>Temperaturas a 850 hPa (1.500 metros de altitud) para el 20 de noviembre 2013 &#8211; Modelo Europeo (ECMWF).<\/span><\/span><\/span><\/strong><\/p>\n<p align=\"LEFT\"><span style=\"font-size: small;\"><span style=\"color: #000000;\"><span style=\"font-family: Arial, Helvetica, sans-serif;\">La novedad de las \u00faltimas actualizaciones de los principales modelos est\u00e1 en que, a partir del 18-19 de noviembre, el anticicl\u00f3n subir\u00e1 mucho de latitud, coloc\u00e1ndose al Oeste de las Islas Brit\u00e1nicas y al Sur de Groenlandia, formando un pasillo de vientos del Norte-Noroeste, que permitir\u00eda el <strong>desalojo de una importante masa de aire polar<\/strong>, que se canalizar\u00e1 desde el Mar de Noruega, entre Islandia y el Reino Unido, llegando, pocos d\u00edas despu\u00e9s, al Norte de la Pen\u00ednsula Ib\u00e9rica, y abrazando a pr\u00e1cticamente todo el Oeste de Europa.<\/span><\/span><\/span><\/p>\n<p align=\"LEFT\"><span style=\"font-size: small;\"><span style=\"color: #000000;\"><span style=\"font-family: Arial, Helvetica, sans-serif;\">A\u00fan queda muy lejos, y <strong>la incertidumbre en esas predicciones es muy alta<\/strong>, pero por algo se empieza. De momento, nueva semana con un tiempo muy estable, y pr\u00e1cticamente sin precipitaciones en muchas zonas del pa\u00eds, excepto en las comunidades del Norte y, mediada la semana, en puntos del Sureste y Baleares. Y aunque las temperaturas suban durante los primeros d\u00edas de la semana, a partir del mi\u00e9rcoles vuelven a bajar, y bastante.<\/span><\/span><\/span><\/p>\n<p align=\"LEFT\"><span style=\"color: #ffffff;\">.<\/span><\/p>\n<p align=\"CENTER\"><span style=\"font-size: small;\"><strong><span style=\"color: #000000;\"><span style=\"font-family: Arial, Helvetica, sans-serif;\">Puedes seguir este blog a trav\u00e9s de la cuenta de Twitter <\/span><\/span><\/strong><strong><a href=\"https:\/\/twitter.com\/MeteoBadajoz\" target=\"_blank\" rel=\"external nofollow\"><span style=\"color: #ff0000;\"><span style=\"font-family: Arial, Helvetica, sans-serif;\">@MeteoBadajoz<\/span><\/span><\/a><\/strong><strong><span style=\"color: #000000;\"><span style=\"font-family: Arial, Helvetica, sans-serif;\">, o Facebook <\/span><\/span><\/strong><strong><a href=\"https:\/\/www.facebook.com\/pages\/MeteoBadajoz\/236436716399890\" target=\"_blank\" rel=\"external nofollow\"><span style=\"color: #ff0000;\"><span style=\"font-family: Arial, Helvetica, sans-serif;\">MeteoBadajoz<\/span><\/span><\/a><\/strong><strong><span style=\"color: #000000;\"><span style=\"font-family: Arial, Helvetica, sans-serif;\">, donde estar\u00e1s informado en todo momento de c\u00f3mo evolucionan los d\u00edas, as\u00ed como de noticias de inter\u00e9s meteorol\u00f3gico.<\/span><\/span><\/strong><\/span><\/p>\n<p align=\"CENTER\"><span style=\"font-size: small;\"><strong><span style=\"color: #000000;\"><span style=\"font-family: Arial, Helvetica, sans-serif;\"><span style=\"text-decoration: underline;\"><strong>Si el art\u00edculo te ha parecido interesante, puedes ayudar a divulgarlo a trav\u00e9s de las redes sociales, con ayuda de los botones para compartir.<\/strong><\/span><\/span><\/span><\/strong><\/span><\/p>\n<p align=\"CENTER\"><span style=\"font-size: small;\"><strong><span style=\"color: #000000;\"><span style=\"font-family: Arial, Helvetica, sans-serif;\">\u00a1\u00a1Gracias!!<\/span><\/span><\/strong><\/span><\/p>\n<!-- AddThis Advanced Settings generic via filter on the_content --><!-- AddThis Share Buttons generic via filter on the_content -->","protected":false},"excerpt":{"rendered":"<p>\u00bb El anticicl\u00f3n de las Azores continuar\u00e1 &#8220;dando guerra\u201d a lo largo de esta semana, ejerciendo su efecto en pr\u00e1cticamente todo el Oeste de Europa, y con temperaturas por encima de lo normal. Pero se observan ya los primeros episodios de fr\u00edo importantes para la segunda quincena del mes. Evoluci\u00f3n de las masas de aire [&hellip;]<!-- AddThis Advanced Settings generic via filter on get_the_excerpt --><!-- AddThis Share Buttons generic via filter on get_the_excerpt --><\/p>\n","protected":false},"author":75,"featured_media":0,"comment_status":"open","ping_status":"closed","sticky":false,"template":"","format":"standard","meta":[],"categories":[4,5],"tags":[6,11,18,26,62,110,117],"_links":{"self":[{"href":"https:\/\/blogs.hoy.es\/meteobadajoz\/wp-json\/wp\/v2\/posts\/528"}],"collection":[{"href":"https:\/\/blogs.hoy.es\/meteobadajoz\/wp-json\/wp\/v2\/posts"}],"about":[{"href":"https:\/\/blogs.hoy.es\/meteobadajoz\/wp-json\/wp\/v2\/types\/post"}],"author":[{"embeddable":true,"href":"https:\/\/blogs.hoy.es\/meteobadajoz\/wp-json\/wp\/v2\/users\/75"}],"replies":[{"embeddable":true,"href":"https:\/\/blogs.hoy.es\/meteobadajoz\/wp-json\/wp\/v2\/comments?post=528"}],"version-history":[{"count":0,"href":"https:\/\/blogs.hoy.es\/meteobadajoz\/wp-json\/wp\/v2\/posts\/528\/revisions"}],"wp:attachment":[{"href":"https:\/\/blogs.hoy.es\/meteobadajoz\/wp-json\/wp\/v2\/media?parent=528"}],"wp:term":[{"taxonomy":"category","embeddable":true,"href":"https:\/\/blogs.hoy.es\/meteobadajoz\/wp-json\/wp\/v2\/categories?post=528"},{"taxonomy":"post_tag","embeddable":true,"href":"https:\/\/blogs.hoy.es\/meteobadajoz\/wp-json\/wp\/v2\/tags?post=528"}],"curies":[{"name":"wp","href":"https:\/\/api.w.org\/{rel}","templated":true}]}}