{"id":531,"date":"2013-11-15T06:00:11","date_gmt":"2013-11-15T05:00:11","guid":{"rendered":"http:\/\/blogs.hoy.es\/meteobadajoz\/?p=531"},"modified":"2013-11-15T06:00:11","modified_gmt":"2013-11-15T05:00:11","slug":"llega-la-1a-invasion-de-aire-frio-polar-de-la-temporada","status":"publish","type":"post","link":"https:\/\/blogs.hoy.es\/meteobadajoz\/2013\/11\/15\/llega-la-1a-invasion-de-aire-frio-polar-de-la-temporada\/","title":{"rendered":"Llega la 1\u00aa invasi\u00f3n de aire fr\u00edo polar de la temporada"},"content":{"rendered":"<p align=\"LEFT\"><span style=\"font-size: large;\"><strong><span style=\"color: #000000;\"><span style=\"font-family: 'Segoe UI';\">\u00bb<\/span><\/span><span style=\"color: #000000;\"><span style=\"font-family: 'Segoe UI', sans-serif;\"> El fr\u00edo llegar\u00e1 a la Pen\u00ednsula este el fin de semana, provocando un descenso muy acusado de las temperaturas, y la llegada de algunas precipitaciones, y las primeras nevadas a cotas no demasiado altas.<\/span><\/span><\/strong><\/span><\/p>\n<p style=\"text-align: center;\" align=\"CENTER\"><span style=\"font-size: small;\"><strong><span style=\"color: #000000;\"><span style=\"font-family: Arial, Helvetica, sans-serif;\"><img loading=\"lazy\" class=\"aligncenter\" src=\"\/\/sia1.subirimagenes.net\/img\/2013\/11\/15\/131115123338715060.png\" alt=\"\" width=\"615\" height=\"365\" \/>Situaci\u00f3n atmosf\u00e9rica prevista para el viernes 15 de noviembre 2013.<\/span><\/span><\/strong><\/span><\/p>\n<p align=\"LEFT\"><span style=\"font-size: small;\"><span style=\"color: #000000;\"><span style=\"font-family: Arial, Helvetica, sans-serif;\"><strong>Viernes 15 de Noviembre 2013.<\/strong><\/span><\/span><span style=\"color: #000000;\"><span style=\"font-family: Arial, Helvetica, sans-serif;\"> L<\/span><\/span><span style=\"color: #000000;\"><span style=\"font-family: Arial, Helvetica, sans-serif;\">as semanas avanzan, cada vez con menos minutos de Sol por d\u00eda en casi todo el Hemisferio Norte, acumulando aire fr\u00edo en latitudes \u00e1rticas, y los desalojos de aire fr\u00edo hacia latitudes medias van siendo cada vez m\u00e1s evidentes, m\u00e1s numerosos y, sobre todo, m\u00e1s intensos. Estamos ya a la espera del <strong>primer episodio de bajas temperaturas de la temporada<\/strong> en nuestro pa\u00eds, y llegar\u00e1 para este fin de semana. No es m\u00e1s que un aviso de que el invierno se acerca!<!--more--><\/span><\/span><\/span><\/p>\n<p align=\"LEFT\"><span style=\"font-size: small;\"><span style=\"color: #000000;\"><span style=\"font-family: Arial, Helvetica, sans-serif;\">Como era de esperar, nos acercamos a la segunda quincena del mes de noviembre, y la configuraci\u00f3n atmosf\u00e9rica para los pr\u00f3ximos d\u00edas promete dejarnos <strong>cambios importantes<\/strong>, tanto en las temperaturas, como en el estado de los cielos. Nos esperan varios d\u00edas de temperaturas bastante fr\u00edas (m\u00e1ximas y m\u00ednimas), y en zonas del Este y Norte peninsular, el fr\u00edo vendr\u00e1 acompa\u00f1ado de precipitaciones, por lo que tambi\u00e9n se producir\u00e1n las <strong>primeras nevadas de la temporada<\/strong>.<\/span><\/span><\/span><\/p>\n<p align=\"LEFT\"><span style=\"font-size: small;\"><span style=\"color: #000000;\"><span style=\"font-family: Arial, Helvetica, sans-serif;\">Y es que, como refleja el mapa superior, la posici\u00f3n del anticicl\u00f3n al Oeste de las Islas Brit\u00e1nicas, y la borrasca en el Mediterr\u00e1neo Central, forman un pasillo de vientos del Norte-Noreste, que permitir\u00e1 el <strong>desalojo de aire muy fr\u00edo hacia el Interior de Europa<\/strong> y que, posteriormente, <strong>afectar\u00e1 de lleno a Espa\u00f1a<\/strong> a lo largo de los pr\u00f3ximos d\u00edas.<\/span><\/span><\/span><\/p>\n<p style=\"text-align: center;\" align=\"CENTER\"><span style=\"font-size: small;\"><strong><span style=\"color: #000000;\"><span style=\"font-family: Arial, Helvetica, sans-serif;\"><img loading=\"lazy\" class=\"aligncenter\" src=\"\/\/sia1.subirimagenes.net\/img\/2013\/11\/14\/131114095124462785.gif\" alt=\"\" width=\"590\" height=\"348\" \/>Evoluci\u00f3n de la temperatura a 500 hPa -hectopascales- (5.500 metros), modelo WRF.<\/span><\/span><\/strong><\/span><\/p>\n<p align=\"LEFT\"><span style=\"font-size: small;\"><span style=\"color: #000000;\"><span style=\"font-family: Arial, Helvetica, sans-serif;\">El embolsamiento de aire fr\u00edo en las capas medias-altas de la Troposfera, se descolgar\u00e1 de la circulaci\u00f3n general a la altura de las Islas Brit\u00e1nicas (algo que ya ha sucedido en las \u00faltimas horas), accediendo por el Noreste de la Pen\u00ednsula Ib\u00e9rica durante este viernes, y afectando al resto del pa\u00eds conforme avancen los d\u00edas.<\/span><\/span><\/span><\/p>\n<p align=\"LEFT\"><span style=\"font-size: small;\"><span style=\"color: #000000;\"><span style=\"font-family: Arial, Helvetica, sans-serif;\">Para que nos hagamos una idea de la masa de aire fr\u00edo que llega para este fin de semana, a unos 5.500 metros de altitud encontraremos una bolsa de aire fr\u00edo de entre \u00a1<span style=\"color: #ff00ff;\"><strong>-30\u00baC<\/strong><\/span> y <span style=\"color: #ff00ff;\"><strong>-35\u00baC<\/strong><\/span>!. Es mucho aire fr\u00edo para las fechas en las que estamos, ser\u00eda m\u00e1s propio que ocurriera en pleno invierno, pero en \u00e9ste caso ocurrir\u00e1 durante estos pr\u00f3ximos d\u00edas.<\/span><\/span><\/span><\/p>\n<p align=\"LEFT\"><span style=\"font-size: small;\"><span style=\"color: #000000;\"><span style=\"font-family: Arial, Helvetica, sans-serif;\">La masa de aire fr\u00edo descender\u00e1 hasta nuestras latitudes, encontr\u00e1ndose con valores de temperatura del agua del mar todav\u00eda bastante suaves, y el hecho de que ahora tenemos un poco m\u00e1s de Sol que durante el invierno, har\u00e1 que esa masa de aire fr\u00edo pierda fuerza en pocos d\u00edas, pero no hay que fiarse, porque los modelos muestran la llegada de <strong>otra irrupci\u00f3n fr\u00eda m\u00e1s intensa<\/strong>, despu\u00e9s de \u00e9sta primera que cabe esperar para el fin de semana.<\/span><\/span><\/span><\/p>\n<p style=\"text-align: center;\" align=\"CENTER\"><span style=\"font-size: small;\"><strong><span style=\"color: #000000;\"><span style=\"font-family: Arial, Helvetica, sans-serif;\"><img loading=\"lazy\" class=\"aligncenter\" src=\"\/\/sia1.subirimagenes.net\/img\/2013\/11\/14\/131114095706677635.gif\" alt=\"\" width=\"590\" height=\"348\" \/>Evoluci\u00f3n de la temperatura a 850 hPa -hectopascales- (1.500 metros), modelo WRF.<\/span><\/span><\/strong><\/span><\/p>\n<p align=\"LEFT\"><span style=\"font-size: small;\"><span style=\"color: #000000;\"><span style=\"font-family: Arial, Helvetica, sans-serif;\">Pero ese embolsamiento de aire fr\u00edo no s\u00f3lo estar\u00e1 presente en capas altas, sino tambi\u00e9n en capas medias y bajas. La masa de aire fr\u00edo es arrancada pr\u00e1cticamente desde el Mar del Norte, y va a parar al Interior del continente europeo, donde acabar\u00e1 por independizarse de las grandes masas fr\u00edas polares que habitualmente circulan en torno al \u00c1rtico.<\/span><\/span><\/span><\/p>\n<p align=\"LEFT\"><span style=\"font-size: small;\"><span style=\"color: #000000;\"><span style=\"font-family: Arial, Helvetica, sans-serif;\">Posteriormente, la masa de aire fr\u00edo se nos echa encima, provocando un <strong>importante descenso t\u00e9rmico a nivel general<\/strong>, que nos dejar\u00e1 con temperaturas m\u00e1ximas de apenas 8-10\u00baC en \u00e1reas del Centro-Norte, y por debajo de los 15\u00baC en el resto. En cuanto a las m\u00ednimas, <strong>heladas intensas en zonas medias y altas del Pirineo<\/strong>, as\u00ed como en los principales sistemas monta\u00f1osos del Centro y Norte, mientras que hacia el Sur, las m\u00ednimas se quedar\u00e1n al borde de la helada, rondando los 0\/+5\u00baC.<\/span><\/span><\/span><\/p>\n<p style=\"text-align: center;\" align=\"LEFT\"><span style=\"font-size: small;\"><strong><span style=\"color: #000000;\"><span style=\"font-family: Arial, Helvetica, sans-serif;\"><img loading=\"lazy\" class=\"aligncenter\" src=\"\/\/sia1.subirimagenes.net\/img\/2013\/11\/14\/131114094652291051.png\" alt=\"\" width=\"590\" height=\"420\" \/>Mapa de precipitaciones para los pr\u00f3ximos 5 d\u00edas (lluvias en tonos azules, nieve en colores)<\/span><\/span><\/strong><\/span><\/p>\n<p align=\"LEFT\"><span style=\"font-size: small;\"><span style=\"color: #000000;\"><span style=\"font-family: Arial, Helvetica, sans-serif;\">En cuanto a las precipitaciones, la masa de aire fr\u00edo <strong>no contiene demasiada humedad<\/strong>, ya que al internarse hacia el Interior de Europa, pasa a ser de car\u00e1cter continental, pero estas masas de aire fr\u00edo siempre llevan algunas bandas nubosas, formadas por los fuertes contrastes t\u00e9rmicos producidos en el seno de la bolsa de aire fr\u00edo. A\u00fan as\u00ed, las precipitaciones se <strong>quedar\u00e1n restringidas en las comunidades del Norte y Este peninsular<\/strong>, y de forma puntual en el Centro, pero en principio no gran cosa.<\/span><\/span><\/span><\/p>\n<p align=\"LEFT\"><span style=\"font-size: small;\"><span style=\"color: #000000;\"><span style=\"font-family: Arial, Helvetica, sans-serif;\">Ese flujo de Norte y Noreste, deja acumuladas las nubes en la cara norte de los principales sistemas monta\u00f1osos, evitando que la nubosidad y las precipitaciones afecten al resto. Es por ello por lo que las precipitaciones van a ser <strong>muy poco importantes por el Centro, Oeste y Sur<\/strong> del pa\u00eds, aunque algunas veremos, pero d\u00e9biles. Y es que los Pirineos, la Cordillera Cant\u00e1brica y el Sistema Central se encargar\u00e1n de &#8220;filtrar&#8221; la masa de aire fr\u00edo, y dejarla pr\u00e1cticamente sin precipitaciones m\u00e1s all\u00e1 del Sistema Central hacia el Sur.<\/span><\/span><\/span><\/p>\n<p align=\"LEFT\"><span style=\"font-size: small;\"><span style=\"color: #000000;\"><span style=\"font-family: Arial, Helvetica, sans-serif;\">El mapa superior muestra, en colores, aquellas zonas en las que las precipitaciones ser\u00e1n en forma s\u00f3lida (nieve) para los pr\u00f3ximos 5 d\u00edas. Como vemos, ser\u00e1 en los principales sistemas monta\u00f1osos donde las nevadas podr\u00edan ser abundantes, <strong>especialmente en los Pirineos y en la Cordillera Cant\u00e1brica<\/strong>, donde se pueden acumular en unos 5 d\u00edas, entre <strong>25 y 75 cm de nieve<\/strong>.<\/span><\/span><\/span><\/p>\n<p align=\"LEFT\"><span style=\"font-size: small;\"><span style=\"color: #000000;\"><span style=\"font-family: Arial, Helvetica, sans-serif;\">En el caso del Sistema Central, poca nieve debemos esperar de momento para el Centro peninsular, aunque s\u00ed se esperan para la cara norte, precisamente por esa retenci\u00f3n que provoca el viento de Norte. No obstante, en algunas sierras del Centro peninsular no se descarta alguna nevada por sorpresa, ya que <strong>la cota de nieve no ser\u00e1 demasiado alta<\/strong>, sobre todo el s\u00e1bado, que de forma puntual podr\u00eda acabar desplom\u00e1ndose hasta los 700 metros.<\/span><\/span><\/span><\/p>\n<p align=\"LEFT\"><span style=\"font-size: small;\"><span style=\"color: #000000;\"><span style=\"font-family: Arial, Helvetica, sans-serif;\">Durante estos pr\u00f3ximos d\u00edas tan fr\u00edos, tambi\u00e9n ser\u00e1 destacable <strong>el viento<\/strong>, que soplar\u00e1 con rachas moderadas o intensas en algunas zonas, <strong>aumentando la sensaci\u00f3n de fr\u00edo<\/strong>, y haci\u00e9ndonos creer que hace m\u00e1s fr\u00edo de lo que marcan los term\u00f3metros.<\/span><\/span><\/span><\/p>\n<p align=\"LEFT\"><span style=\"font-size: small;\"><span style=\"color: #000000;\"><span style=\"font-family: Arial, Helvetica, sans-serif;\">As\u00ed que se nos presenta ya la primera irrupci\u00f3n de aire fr\u00edo de la temporada, en unas jornadas en las que veremos algo m\u00e1s de nubosidad, algunas precipitaciones y, sobre todo, un descenso importante de las temperaturas. Y a la espera de que se confirme una <strong>segunda irrupci\u00f3n polar m\u00e1s intensa<\/strong> que la de este fin de semana. Lo seguiremos.<\/span><\/span><\/span><\/p>\n<p align=\"LEFT\"><span style=\"font-size: small;\"><span style=\"color: #000000;\"><span style=\"font-family: Arial, Helvetica, sans-serif;\">\u00a1A sacar los abrigos gordos, que har\u00e1n falta!<\/span><\/span><\/span><\/p>\n<p>&nbsp;<\/p>\n<!-- AddThis Advanced Settings generic via filter on the_content --><!-- AddThis Share Buttons generic via filter on the_content -->","protected":false},"excerpt":{"rendered":"<p>\u00bb El fr\u00edo llegar\u00e1 a la Pen\u00ednsula este el fin de semana, provocando un descenso muy acusado de las temperaturas, y la llegada de algunas precipitaciones, y las primeras nevadas a cotas no demasiado altas. Situaci\u00f3n atmosf\u00e9rica prevista para el viernes 15 de noviembre 2013. Viernes 15 de Noviembre 2013. Las semanas avanzan, cada vez [&hellip;]<!-- AddThis Advanced Settings generic via filter on get_the_excerpt --><!-- AddThis Share Buttons generic via filter on get_the_excerpt --><\/p>\n","protected":false},"author":75,"featured_media":0,"comment_status":"closed","ping_status":"closed","sticky":false,"template":"","format":"standard","meta":[],"categories":[4,5],"tags":[6,12,73,76,83,91,106,108,110,117,142],"_links":{"self":[{"href":"https:\/\/blogs.hoy.es\/meteobadajoz\/wp-json\/wp\/v2\/posts\/531"}],"collection":[{"href":"https:\/\/blogs.hoy.es\/meteobadajoz\/wp-json\/wp\/v2\/posts"}],"about":[{"href":"https:\/\/blogs.hoy.es\/meteobadajoz\/wp-json\/wp\/v2\/types\/post"}],"author":[{"embeddable":true,"href":"https:\/\/blogs.hoy.es\/meteobadajoz\/wp-json\/wp\/v2\/users\/75"}],"replies":[{"embeddable":true,"href":"https:\/\/blogs.hoy.es\/meteobadajoz\/wp-json\/wp\/v2\/comments?post=531"}],"version-history":[{"count":0,"href":"https:\/\/blogs.hoy.es\/meteobadajoz\/wp-json\/wp\/v2\/posts\/531\/revisions"}],"wp:attachment":[{"href":"https:\/\/blogs.hoy.es\/meteobadajoz\/wp-json\/wp\/v2\/media?parent=531"}],"wp:term":[{"taxonomy":"category","embeddable":true,"href":"https:\/\/blogs.hoy.es\/meteobadajoz\/wp-json\/wp\/v2\/categories?post=531"},{"taxonomy":"post_tag","embeddable":true,"href":"https:\/\/blogs.hoy.es\/meteobadajoz\/wp-json\/wp\/v2\/tags?post=531"}],"curies":[{"name":"wp","href":"https:\/\/api.w.org\/{rel}","templated":true}]}}