{"id":535,"date":"2013-11-21T16:45:33","date_gmt":"2013-11-21T15:45:33","guid":{"rendered":"http:\/\/blogs.hoy.es\/meteobadajoz\/?p=535"},"modified":"2013-11-21T16:45:33","modified_gmt":"2013-11-21T15:45:33","slug":"este-viernes-mas-nubes-y-algunas-lluvias","status":"publish","type":"post","link":"https:\/\/blogs.hoy.es\/meteobadajoz\/2013\/11\/21\/este-viernes-mas-nubes-y-algunas-lluvias\/","title":{"rendered":"Este viernes, m\u00e1s nubes y algunas lluvias"},"content":{"rendered":"<p align=\"LEFT\"><strong><span style=\"font-size: medium;\"><span style=\"color: #000000;\"><span style=\"font-family: 'Segoe UI';\">\u00bb<\/span><\/span><span style=\"color: #000000;\"><span style=\"font-family: 'Segoe UI', sans-serif;\"> Un frente rozar\u00e1 el Suroeste de la Pen\u00ednsula Ib\u00e9rica durante las pr\u00f3ximas horas, provocando un aumento de la nubosidad y algunas lluvias d\u00e9biles, que afectar\u00e1n a Portugal y al Oeste de Extremadura y Andaluc\u00eda.<\/span><\/span><\/span><\/strong><\/p>\n<p style=\"text-align: center;\" align=\"CENTER\"><span style=\"font-size: small;\"><strong><span style=\"color: #000000;\"><span style=\"font-family: Arial, Helvetica, sans-serif;\"><img loading=\"lazy\" class=\"aligncenter\" src=\"\/\/sia1.subirimagenes.net\/img\/2013\/11\/21\/131121042647803791.png\" alt=\"\" width=\"651\" height=\"394\" \/>Precipitaciones para el viernes 22 de noviembre a las 00h y 06h.<\/span><\/span><\/strong><\/span><\/p>\n<p align=\"LEFT\"><span style=\"font-size: small;\"><span style=\"color: #000000;\"><span style=\"font-family: Arial, Helvetica, sans-serif;\"><strong>Jueves 21 de Noviembre 2013.<\/strong>\u00a0<\/span><\/span><span style=\"color: #222222;\"><span style=\"font-family: Arial, Helvetica, sans-serif;\">Tras muchos d\u00edas sin apenas precipitaciones en Extremadura, este\u00a0<\/span><\/span><span style=\"color: #222222;\"><span style=\"font-family: Arial, Helvetica, sans-serif;\">viernes tendremos la entrada de un debilitado frente por el Suroeste\u00a0<\/span><\/span><span style=\"color: #222222;\"><span style=\"font-family: Arial, Helvetica, sans-serif;\">de la Pen\u00ednsula Ib\u00e9rica, que nos dejar\u00e1 un ambiente notablemente m\u00e1s\u00a0<\/span><\/span><span style=\"color: #222222;\"><span style=\"font-family: Arial, Helvetica, sans-serif;\">nuboso que el de los \u00faltimos d\u00edas y, adem\u00e1s, con <strong>algunas lluvias\u00a0<\/strong><\/span><\/span><span style=\"color: #222222;\"><span style=\"font-family: Arial, Helvetica, sans-serif;\"><strong>d\u00e9biles<\/strong> que afectar\u00e1n a zonas del Suroeste peninsular.<!--more--><\/span><\/span><\/span><\/p>\n<p><span style=\"color: #222222;\"><span style=\"font-family: Arial, Helvetica, sans-serif;\">Interrumpimos, moment\u00e1neamente, ese flujo de Norte que nos ha estado\u00a0<\/span><\/span><span style=\"color: #222222;\"><span style=\"font-family: Arial, Helvetica, sans-serif;\">dejando temperaturas muy bajas en las \u00faltimas jornadas, para dar paso\u00a0<\/span><\/span><span style=\"color: #222222;\"><span style=\"font-family: Arial, Helvetica, sans-serif;\">a vientos del Oeste, algo m\u00e1s suaves y h\u00famedos.\u00a0<\/span><\/span><span style=\"color: #222222;\"><span style=\"font-family: Arial, Helvetica, sans-serif;\">No obstante, debido a la cobertura nubosa, y la por acumulaci\u00f3n de\u00a0<\/span><\/span><span style=\"color: #222222;\"><span style=\"font-family: Arial, Helvetica, sans-serif;\">aire fr\u00edo de d\u00edas atr\u00e1s, las temperaturas continuar\u00e1n siendo\u00a0<\/span><\/span><span style=\"color: #222222;\"><span style=\"font-family: Arial, Helvetica, sans-serif;\">igualmente bajas, aunque <strong>las m\u00ednimas este viernes podr\u00e1n subir <\/strong>(menos fr\u00edo a primeras horas del d\u00eda), debido\u00a0<\/span><\/span><span style=\"color: #222222;\"><span style=\"font-family: Arial, Helvetica, sans-serif;\">a que la pr\u00f3xima madrugada ser\u00e1 bastante nubosa en buena parte del Suroeste peninsular.<\/span><\/span><\/p>\n<p><span style=\"color: #222222;\"><span style=\"font-family: Arial, Helvetica, sans-serif;\">En el mapa que encabeza esta noticia, observamos las precipitaciones\u00a0<\/span><\/span><span style=\"color: #222222;\"><span style=\"font-family: Arial, Helvetica, sans-serif;\">que reflejan algunos modelos para esta pr\u00f3xima madrugada\u00a0<\/span><\/span><span style=\"color: #222222;\"><span style=\"font-family: Arial, Helvetica, sans-serif;\">(jueves-viernes), y durante las primeras horas de la jornada del\u00a0<\/span><\/span><span style=\"color: #222222;\"><span style=\"font-family: Arial, Helvetica, sans-serif;\">viernes. Por lo general ser\u00e1n <strong>lluvias de car\u00e1cter d\u00e9bil<\/strong>, pero podr\u00edan\u00a0<\/span><\/span><span style=\"color: #222222;\"><span style=\"font-family: Arial, Helvetica, sans-serif;\">ser continuas en las comarcas del Oeste y Suroeste de Extremadura durante alg\u00fan momento de la jornada.<\/span><\/span><\/p>\n<p><span style=\"color: #222222;\"><span style=\"font-family: Arial, Helvetica, sans-serif;\">En\u00a0<\/span><\/span><span style=\"color: #222222;\"><span style=\"font-family: Arial, Helvetica, sans-serif;\">general, no se espera superar los <span style=\"color: #0000ff;\"><strong>3 \u00f3 6 mm<\/strong><\/span> de cantidad de lluvia, nada importante, pero bienvenido sea para nuestros campos. No\u00a0<\/span><\/span><span style=\"color: #222222;\"><span style=\"font-family: Arial, Helvetica, sans-serif;\">hablaremos, en ning\u00fan caso, de lluvias abundantes en Extremadura, <strong>ni tampoco de nevadas<\/strong>, porque la cota se encuentra en unos 1.200-1.300 metros, y las zonas donde se esperan \u00e9stas lluvias se sit\u00faan bastante por debajo de esa cota, as\u00ed que nada de nieve.<\/span><\/span><\/p>\n<p><span style=\"color: #222222;\"><span style=\"font-family: Arial, Helvetica, sans-serif;\">En resumen, durante la jornada del viernes en Extremadura, tendremos un\u00a0<\/span><\/span><span style=\"color: #222222;\"><span style=\"font-family: Arial, Helvetica, sans-serif;\">ambiente m\u00e1s nuboso que en jornadas anteriores y, lo que es m\u00e1s\u00a0<\/span><\/span><span style=\"color: #222222;\"><span style=\"font-family: Arial, Helvetica, sans-serif;\">importante, acompa\u00f1ado de algunas precipitaciones d\u00e9biles por las\u00a0<\/span><\/span><span style=\"color: #222222;\"><span style=\"font-family: Arial, Helvetica, sans-serif;\">comarcas del Oeste y Sur de la regi\u00f3n.<\/span><\/span><\/p>\n<p><span style=\"color: #222222;\"><span style=\"font-family: Arial, Helvetica, sans-serif;\">Eso s\u00ed, d<\/span><\/span><span style=\"color: #222222;\"><span style=\"font-family: Arial, Helvetica, sans-serif;\">e cara al fin de semana la situaci\u00f3n mejora, nuevamente con la\u00a0<\/span><\/span><span style=\"color: #222222;\"><span style=\"font-family: Arial, Helvetica, sans-serif;\">apertura de muchos claros, y un nuevo descenso t\u00e9rmico en las m\u00ednimas,\u00a0<\/span><\/span><span style=\"color: #222222;\"><span style=\"font-family: Arial, Helvetica, sans-serif;\">con m\u00e1s heladas a primeras horas del d\u00eda. La situaci\u00f3n ser\u00e1 seguida a trav\u00e9s de la <strong><span style=\"color: #ff0000;\"><a href=\"https:\/\/www.facebook.com\/MeteoBadajoz\" target=\"_blank\" rel=\"external nofollow\"><span style=\"color: #ff0000;\">p\u00e1gina de Facebook del blog<\/span><\/a><\/span><\/strong>.<\/span><\/span><\/p>\n<p><span style=\"color: #ffffff;\">..<\/span><\/p>\n<p style=\"text-align: center;\" align=\"LEFT\"><span style=\"color: #000000;\"><strong style=\"font-size: small;\"><span style=\"font-family: Arial, Helvetica, sans-serif;\">Puedes seguir este blog a trav\u00e9s de la cuenta de Twitter <\/span><\/strong><\/span><strong style=\"font-size: small;\"><a href=\"https:\/\/twitter.com\/MeteoBadajoz\" target=\"_blank\" rel=\"external nofollow\"><span style=\"color: #ff0000;\"><span style=\"font-family: Arial, Helvetica, sans-serif;\">@MeteoBadajoz<\/span><\/span><\/a><\/strong><span style=\"color: #000000;\"><strong style=\"font-size: small;\"><span style=\"font-family: Arial, Helvetica, sans-serif;\">, o Facebook <\/span><\/strong><\/span><strong style=\"font-size: small;\"><a href=\"https:\/\/www.facebook.com\/pages\/MeteoBadajoz\/236436716399890\" target=\"_blank\" rel=\"external nofollow\"><span style=\"color: #ff0000;\"><span style=\"font-family: Arial, Helvetica, sans-serif;\">MeteoBadajoz<\/span><\/span><\/a><\/strong><span style=\"color: #000000;\"><strong style=\"font-size: small;\"><span style=\"font-family: Arial, Helvetica, sans-serif;\">, donde estar\u00e1s informado en todo momento de c\u00f3mo evolucionan los d\u00edas, as\u00ed como de noticias de inter\u00e9s meteorol\u00f3gico.<\/span><\/strong><\/span><\/p>\n<p style=\"text-align: center;\" align=\"CENTER\"><span style=\"font-size: small;\"><strong><span style=\"color: #000000;\"><span style=\"font-family: Arial, Helvetica, sans-serif;\"><span style=\"text-decoration: underline;\"><strong>Si el art\u00edculo te ha parecido interesante, puedes ayudar a divulgarlo a trav\u00e9s de las redes sociales, con ayuda de los botones para compartir.<\/strong><\/span><\/span><\/span><\/strong><\/span><\/p>\n<p style=\"text-align: center;\" align=\"CENTER\"><span style=\"font-size: small;\"><strong><span style=\"color: #000000;\"><span style=\"font-family: Arial, Helvetica, sans-serif;\">\u00a1\u00a1Gracias!!<\/span><\/span><\/strong><\/span><\/p>\n<!-- AddThis Advanced Settings generic via filter on the_content --><!-- AddThis Share Buttons generic via filter on the_content -->","protected":false},"excerpt":{"rendered":"<p>\u00bb Un frente rozar\u00e1 el Suroeste de la Pen\u00ednsula Ib\u00e9rica durante las pr\u00f3ximas horas, provocando un aumento de la nubosidad y algunas lluvias d\u00e9biles, que afectar\u00e1n a Portugal y al Oeste de Extremadura y Andaluc\u00eda. Precipitaciones para el viernes 22 de noviembre a las 00h y 06h. Jueves 21 de Noviembre 2013.\u00a0Tras muchos d\u00edas sin [&hellip;]<!-- AddThis Advanced Settings generic via filter on get_the_excerpt --><!-- AddThis Share Buttons generic via filter on get_the_excerpt --><\/p>\n","protected":false},"author":75,"featured_media":0,"comment_status":"open","ping_status":"closed","sticky":false,"template":"","format":"standard","meta":[],"categories":[5],"tags":[6,12,44,83,90,110,117,122,142],"_links":{"self":[{"href":"https:\/\/blogs.hoy.es\/meteobadajoz\/wp-json\/wp\/v2\/posts\/535"}],"collection":[{"href":"https:\/\/blogs.hoy.es\/meteobadajoz\/wp-json\/wp\/v2\/posts"}],"about":[{"href":"https:\/\/blogs.hoy.es\/meteobadajoz\/wp-json\/wp\/v2\/types\/post"}],"author":[{"embeddable":true,"href":"https:\/\/blogs.hoy.es\/meteobadajoz\/wp-json\/wp\/v2\/users\/75"}],"replies":[{"embeddable":true,"href":"https:\/\/blogs.hoy.es\/meteobadajoz\/wp-json\/wp\/v2\/comments?post=535"}],"version-history":[{"count":0,"href":"https:\/\/blogs.hoy.es\/meteobadajoz\/wp-json\/wp\/v2\/posts\/535\/revisions"}],"wp:attachment":[{"href":"https:\/\/blogs.hoy.es\/meteobadajoz\/wp-json\/wp\/v2\/media?parent=535"}],"wp:term":[{"taxonomy":"category","embeddable":true,"href":"https:\/\/blogs.hoy.es\/meteobadajoz\/wp-json\/wp\/v2\/categories?post=535"},{"taxonomy":"post_tag","embeddable":true,"href":"https:\/\/blogs.hoy.es\/meteobadajoz\/wp-json\/wp\/v2\/tags?post=535"}],"curies":[{"name":"wp","href":"https:\/\/api.w.org\/{rel}","templated":true}]}}