{"id":539,"date":"2013-12-02T00:07:39","date_gmt":"2013-12-01T23:07:39","guid":{"rendered":"http:\/\/blogs.hoy.es\/meteobadajoz\/?p=539"},"modified":"2013-12-02T00:07:39","modified_gmt":"2013-12-01T23:07:39","slug":"semana-anticiclonica-pero-con-novedades-a-la-vista","status":"publish","type":"post","link":"https:\/\/blogs.hoy.es\/meteobadajoz\/2013\/12\/02\/semana-anticiclonica-pero-con-novedades-a-la-vista\/","title":{"rendered":"Semana anticicl\u00f3nica, pero con novedades a la vista!"},"content":{"rendered":"<p align=\"LEFT\"><strong><span style=\"font-size: medium;\"><span style=\"color: #000000;\"><span style=\"font-family: 'Segoe UI';\">\u00bb<\/span><\/span><span style=\"color: #000000;\"><span style=\"font-family: 'Segoe UI', sans-serif;\"> El bloqueo anticicl\u00f3nico de las \u00faltimas semanas en el Atl\u00e1ntico Norte se desplaza hacia el Interior de Europa, afect\u00e1ndonos m\u00e1s directamente y con un peque\u00f1o ascenso de las temperaturas. Aunque se empiezan a intuir las primeras variaciones en los modelos a partir del 10 de diciembre.<\/span><\/span><\/span><\/strong><\/p>\n<p style=\"text-align: center;\" align=\"CENTER\"><span style=\"font-size: small;\"><strong><span style=\"font-family: Arial, Helvetica, sans-serif;\"><img loading=\"lazy\" class=\"aligncenter\" src=\"\/\/sia1.subirimagenes.net\/img\/2013\/12\/01\/131201090049486810.png\" alt=\"\" width=\"650\" height=\"313\" \/><span style=\"color: #000000;\">Situaci\u00f3n sin\u00f3ptica al inicio de la primera semana de Diciembre 2013 (Lunes 2 de dic. 2013)<\/span><\/span><\/strong><\/span><\/p>\n<p align=\"LEFT\"><span style=\"font-size: small;\"><span style=\"font-family: Arial, Helvetica, sans-serif; color: #000000;\"><strong>Lunes 2 de Diciembre 2013.\u00a0<\/strong><\/span><strong><\/strong><span style=\"color: #222222;\"><span style=\"font-family: Arial, Helvetica, sans-serif;\">Arrancamos una nueva semana de tiempo generalmente estable en gran parte de Espa\u00f1a, aunque con la novedad de que suben ligeramente las temperaturas. Eso s\u00ed, no nos enga\u00f1emos, porque seguiremos hablando de <strong>mucho fr\u00edo durante la noche<\/strong> y en las primeras horas del d\u00eda.<!--more--><\/span><\/span><\/span><\/p>\n<p align=\"LEFT\"><span style=\"font-size: small;\"><span style=\"color: #222222;\"><span style=\"font-family: Arial, Helvetica, sans-serif;\">Uno de los dos anticiclones subtropicales que componen el potente bloqueo anticicl\u00f3nico del Atl\u00e1ntico Norte, tiende a <strong>desplazarse hacia el Interior de Europa<\/strong> a lo largo de los pr\u00f3ximos d\u00edas, haciendo que la masa de aire c\u00e1lido que lo alimenta, se sit\u00fae sobre la vertical del Oeste del continente Europeo.<\/span><\/span><\/span><\/p>\n<p align=\"LEFT\"><span style=\"font-size: small;\"><span style=\"color: #222222;\"><span style=\"font-family: Arial, Helvetica, sans-serif;\">De esta forma, la semana nos dejar\u00e1 un <strong>ligero ascenso de las temperaturas<\/strong>, que nos llevar\u00e1 a m\u00e1ximas por encima de los 15\u00baC en \u00e1reas del Suroeste peninsular, e incluso rozando los 20\u00baC en zonas de Andaluc\u00eda. En cuanto a las temperaturas m\u00ednimas, tambi\u00e9n podr\u00edan sufrir un ligero ascenso, coloc\u00e1ndonos en valores superiores a los 0\u00baC \u00f3 +5\u00baC, aunque habr\u00e1 muchas zonas en las que seguiremos registrando heladas debido, entre otras cosas, a la <strong>inversi\u00f3n t\u00e9rmica<\/strong> (el aire fr\u00edo se acumula en los fondos de los valles en situaci\u00f3n anticicl\u00f3nica, provocando temperaturas muy bajas a primeras horas del d\u00eda).<\/span><\/span><\/span><\/p>\n<p align=\"LEFT\"><span style=\"font-size: small;\"><span style=\"color: #222222;\"><span style=\"font-family: Arial, Helvetica, sans-serif;\">En lo referido al estado del cielo, poco que contar a nivel general, aunque seguir\u00e1n las precipitaciones hacia el Este y Sureste peninsular, sobre todo en las Islas Baleares y en Canarias, donde podr\u00edan ser <strong>localmente intensas e ir acompa\u00f1adas de algunas tormentas<\/strong>. En el resto del pa\u00eds, ambiente poco nuboso durante la mayor parte de la semana.<\/span><\/span><\/span><\/p>\n<p align=\"LEFT\"><span style=\"color: #ffffff;\">.<\/span><\/p>\n<p align=\"LEFT\"><span style=\"font-size: large;\"><strong><span style=\"color: #222222;\"><span style=\"font-family: Arial, Helvetica, sans-serif;\">-Primeros s\u00edntomas de cambios en los modelos&#8230;<\/span><\/span><\/strong><\/span><\/p>\n<p style=\"text-align: center;\" align=\"LEFT\"><strong><span style=\"font-size: small;\"><span style=\"color: #222222;\"><span style=\"font-family: Arial, Helvetica, sans-serif;\"><img loading=\"lazy\" class=\"aligncenter\" src=\"\/\/sia1.subirimagenes.net\/img\/2013\/12\/01\/131201115530599233.gif\" alt=\"\" width=\"650\" height=\"366\" \/>Evoluci\u00f3n de la presi\u00f3n a nivel de la superficie en el Atl\u00e1ntico Norte durante los pr\u00f3ximos d\u00edas (en rojo las zonas de alta presi\u00f3n y en azul las de baja presi\u00f3n) &#8211; Modelo GFS<\/span><\/span><\/span><\/strong><\/p>\n<p align=\"LEFT\"><span style=\"font-size: small;\"><span style=\"color: #222222;\"><span style=\"font-family: Arial, Helvetica, sans-serif;\">Pero por fin empezamos a ver ya las <strong>primeras novedades en los modelos meteorol\u00f3gicos a medio-largo plazo<\/strong>. Anteriormente hemos comentado que el bloqueo anticicl\u00f3nico del Atl\u00e1ntico Norte actualmente est\u00e1 compuesto por dos anticiclones; uno sobre el Reino Unido, y otro al Este de Terranova (en la costa Este de Canad\u00e1), de forma que ambos configuran un <strong>cintur\u00f3n de altas presiones<\/strong> que evita el descolgamiento de borrascas y de masas de aire fr\u00edo hacia el Atl\u00e1ntico.<\/span><\/span><\/span><\/p>\n<p align=\"LEFT\"><span style=\"font-size: small;\"><span style=\"color: #222222;\"><span style=\"font-family: Arial, Helvetica, sans-serif;\">Pero durante los pr\u00f3ximos d\u00edas, uno de esos anticiclones (el que estos d\u00edas se ubicar\u00e1 en el Interior de Europa) acabar\u00e1 desapareciendo por el Este de Europa, permitiendo que el anticicl\u00f3n ubicado cerca de Terranova ocupe su lugar sobre las Islas Brit\u00e1nicas y, posteriormente, sobre el Interior de Europa.<\/span><\/span><\/span><\/p>\n<p align=\"LEFT\"><span style=\"font-size: small;\"><span style=\"color: #222222;\"><span style=\"font-family: Arial, Helvetica, sans-serif;\">Hasta ah\u00ed todo es muy parecido a la situaci\u00f3n de las \u00faltimas semanas&#8230; pero la novedad est\u00e1 en que, en ese desplazamiento desde Terranova hasta el Oeste de Europa, el Atl\u00e1ntico Norte <strong>podr\u00eda quedar desprotegido<\/strong>, de forma que algunas borrascas consigan descolgarse hasta latitudes m\u00e1s bajas, evitando que se vuelva a configurar una dorsal sobre el Atl\u00e1ntico, y consiguiendo as\u00ed un <strong>nuevo cambio de patr\u00f3n atmosf\u00e9rico a partir del 10-15 de diciembre<\/strong>.<\/span><\/span><\/span><\/p>\n<p align=\"LEFT\"><span style=\"font-size: small;\"><span style=\"color: #222222;\"><span style=\"font-family: Arial, Helvetica, sans-serif;\">Habr\u00e1 que estar muy atentos, ya que podr\u00eda suponer <strong>cambios muy importantes<\/strong> a nivel Europeo y, sobre todo, para Espa\u00f1a, con la llegada (por fin) de las ansiadas lluvias al Oeste peninsular.<\/span><\/span><\/span><\/p>\n<p align=\"LEFT\"><span style=\"font-size: small;\"><span style=\"color: #222222;\"><span style=\"font-family: Arial, Helvetica, sans-serif;\">-En el foro de meteorolog\u00eda ya hemos abierto el <span style=\"color: #ff0000;\"><strong><a href=\"http:\/\/goo.gl\/j7PwTF\" target=\"_blank\" rel=\"external nofollow\"><span style=\"color: #ff0000;\">seguimiento de modelos del mes de diciembre<\/span><\/a><\/strong><\/span>.<\/span><\/span><\/span><\/p>\n<p align=\"LEFT\"><span style=\"font-size: small;\"><strong><span style=\"color: #ffffff;\"><span style=\"font-family: Arial, Helvetica, sans-serif;\">.<\/span><\/span><\/strong><\/span><\/p>\n<p align=\"CENTER\"><span style=\"font-size: small;\"><strong><span style=\"color: #000000;\"><span style=\"font-family: Arial, Helvetica, sans-serif;\">Puedes seguir este blog a trav\u00e9s de la cuenta de Twitter <\/span><\/span><\/strong><strong><a href=\"https:\/\/twitter.com\/MeteoBadajoz\" target=\"_blank\" rel=\"external nofollow\"><span style=\"color: #ff0000;\"><span style=\"font-family: Arial, Helvetica, sans-serif;\">@MeteoBadajoz<\/span><\/span><\/a><\/strong><strong><span style=\"color: #000000;\"><span style=\"font-family: Arial, Helvetica, sans-serif;\">, o Facebook <\/span><\/span><\/strong><strong><a href=\"https:\/\/www.facebook.com\/pages\/MeteoBadajoz\/236436716399890\" target=\"_blank\" rel=\"external nofollow\"><span style=\"color: #ff0000;\"><span style=\"font-family: Arial, Helvetica, sans-serif;\">MeteoBadajoz<\/span><\/span><\/a><\/strong><strong><span style=\"color: #000000;\"><span style=\"font-family: Arial, Helvetica, sans-serif;\">, donde estar\u00e1s informado en todo momento de c\u00f3mo evolucionan los d\u00edas, as\u00ed como de noticias de inter\u00e9s meteorol\u00f3gico.<\/span><\/span><\/strong><\/span><\/p>\n<p align=\"CENTER\"><span style=\"font-size: small;\"><strong><span style=\"color: #000000;\"><span style=\"font-family: Arial, Helvetica, sans-serif;\"><span style=\"text-decoration: underline;\"><strong>Si el art\u00edculo te ha parecido interesante, puedes ayudar a divulgarlo a trav\u00e9s de las redes sociales, con ayuda de los botones para compartir.<\/strong><\/span><\/span><\/span><\/strong><\/span><\/p>\n<p align=\"CENTER\"><span style=\"font-size: small;\"><strong><span style=\"color: #000000;\"><span style=\"font-family: Arial, Helvetica, sans-serif;\">\u00a1\u00a1Gracias y un saludo a los lectores del blog!!<\/span><\/span><\/strong><\/span><\/p>\n<!-- AddThis Advanced Settings generic via filter on the_content --><!-- AddThis Share Buttons generic via filter on the_content -->","protected":false},"excerpt":{"rendered":"<p>\u00bb El bloqueo anticicl\u00f3nico de las \u00faltimas semanas en el Atl\u00e1ntico Norte se desplaza hacia el Interior de Europa, afect\u00e1ndonos m\u00e1s directamente y con un peque\u00f1o ascenso de las temperaturas. Aunque se empiezan a intuir las primeras variaciones en los modelos a partir del 10 de diciembre. Situaci\u00f3n sin\u00f3ptica al inicio de la primera semana [&hellip;]<!-- AddThis Advanced Settings generic via filter on get_the_excerpt --><!-- AddThis Share Buttons generic via filter on get_the_excerpt --><\/p>\n","protected":false},"author":75,"featured_media":0,"comment_status":"open","ping_status":"closed","sticky":false,"template":"","format":"standard","meta":[],"categories":[4,5],"tags":[6,11,18,26,47,55,62,117],"_links":{"self":[{"href":"https:\/\/blogs.hoy.es\/meteobadajoz\/wp-json\/wp\/v2\/posts\/539"}],"collection":[{"href":"https:\/\/blogs.hoy.es\/meteobadajoz\/wp-json\/wp\/v2\/posts"}],"about":[{"href":"https:\/\/blogs.hoy.es\/meteobadajoz\/wp-json\/wp\/v2\/types\/post"}],"author":[{"embeddable":true,"href":"https:\/\/blogs.hoy.es\/meteobadajoz\/wp-json\/wp\/v2\/users\/75"}],"replies":[{"embeddable":true,"href":"https:\/\/blogs.hoy.es\/meteobadajoz\/wp-json\/wp\/v2\/comments?post=539"}],"version-history":[{"count":0,"href":"https:\/\/blogs.hoy.es\/meteobadajoz\/wp-json\/wp\/v2\/posts\/539\/revisions"}],"wp:attachment":[{"href":"https:\/\/blogs.hoy.es\/meteobadajoz\/wp-json\/wp\/v2\/media?parent=539"}],"wp:term":[{"taxonomy":"category","embeddable":true,"href":"https:\/\/blogs.hoy.es\/meteobadajoz\/wp-json\/wp\/v2\/categories?post=539"},{"taxonomy":"post_tag","embeddable":true,"href":"https:\/\/blogs.hoy.es\/meteobadajoz\/wp-json\/wp\/v2\/tags?post=539"}],"curies":[{"name":"wp","href":"https:\/\/api.w.org\/{rel}","templated":true}]}}