{"id":543,"date":"2013-12-18T08:49:41","date_gmt":"2013-12-18T07:49:41","guid":{"rendered":"http:\/\/blogs.hoy.es\/meteobadajoz\/?p=543"},"modified":"2013-12-18T08:49:41","modified_gmt":"2013-12-18T07:49:41","slug":"cambio-de-tendencia-y-posible-navidad-lluviosa","status":"publish","type":"post","link":"https:\/\/blogs.hoy.es\/meteobadajoz\/2013\/12\/18\/cambio-de-tendencia-y-posible-navidad-lluviosa\/","title":{"rendered":"Cambio de tendencia y posible Navidad lluviosa"},"content":{"rendered":"<p align=\"LEFT\"><span style=\"font-size: large;\"><strong><span style=\"color: #000000;\"><span style=\"font-family: 'Segoe UI';\">\u00bb<\/span><\/span><span style=\"color: #000000;\"><span style=\"font-family: 'Segoe UI', sans-serif;\"> Lluvia, nieve, viento, descenso de las temperaturas,&#8230; \u00a1Se avecinan cambios desde el Atl\u00e1ntico en forma de frentes y precipitaciones, que afectar\u00e1n a casi toda Espa\u00f1a durante el pr\u00f3ximo jueves! Adem\u00e1s se observan lluvias durante las Fiestas de Navidad, sobre todo los d\u00edas 24 y 25 de diciembre.<\/span><\/span><\/strong><\/span><\/p>\n<p style=\"text-align: center;\" align=\"CENTER\"><span style=\"font-size: small;\"><strong><span style=\"color: #000000;\"><span style=\"font-family: Arial, Helvetica, sans-serif;\"><br \/>\n<img loading=\"lazy\" class=\"aligncenter\" src=\"\/\/sia1.subirimagenes.net\/img\/2013\/12\/17\/131217112756789627.png\" alt=\"\" width=\"650\" height=\"361\" \/>Situaci\u00f3n para el mi\u00e9rcoles 18 de diciembre en el Atl\u00e1ntico Norte y Europa &#8211; Modelo GFS<\/span><\/span><\/strong><\/span><\/p>\n<p align=\"LEFT\"><span style=\"font-size: small;\"><span style=\"color: #000000;\"><span style=\"font-family: Arial, Helvetica, sans-serif;\"><strong>Mi\u00e9rcoles 18 de Diciembre 2013.<\/strong>\u00a0<\/span><\/span><span style=\"color: #222222;\"><span style=\"font-family: Arial, Helvetica, sans-serif;\">Por fin podemos decir que la tendencia para los pr\u00f3ximos d\u00edas cambia con respecto a las \u00faltimas semanas, y que la situaci\u00f3n meteorol\u00f3gica <strong>tiende a empeorar<\/strong> (o a mejorar, seg\u00fan se mire) a medida que avancen los d\u00edas, sobre todo y especialmente durante el pr\u00f3ximo jueves, con lluvias en casi cualquier punto de la Pen\u00ednsula.<!--more--><\/span><\/span><\/span><\/p>\n<p align=\"LEFT\"><span style=\"font-size: small;\"><span style=\"color: #222222;\"><span style=\"font-family: Arial, Helvetica, sans-serif;\">-En el mapa superior vemos representada la situaci\u00f3n prevista para este mi\u00e9rcoles en el Atl\u00e1ntico Norte y Europa, donde destaca un <strong>importante desalojo de una masa de aire polar<\/strong>, que arranca desde el entorno del Mar del Labrador-Estrecho de Davis (entre la Pen\u00ednsula del Labrador y Groenlandia), impulsada por las fuerzas ejercidas entre el anticicl\u00f3n de las Azores, y un gran sistema de bajas presiones entre Groenlandia y las Islas Brit\u00e1nicas. Entre \u00e9stos dos centros de acci\u00f3n se forma un pasillo de vientos de componente Noroeste, que viene pr\u00e1cticamente <strong>desde latitudes \u00e1rticas<\/strong>, vertiendo una extensa masa de aire muy fr\u00edo hacia el Atl\u00e1ntico Norte.<\/span><\/span><\/span><\/p>\n<p align=\"LEFT\"><span style=\"font-size: small;\"><span style=\"color: #222222;\"><span style=\"font-family: Arial, Helvetica, sans-serif;\">Ese desalojo de aire tan fr\u00edo hacia el Atl\u00e1ntico, interacciona con una lengua de aire m\u00e1s c\u00e1lida que sube a la altura de Azores, y de propiedades muy distintas (subtropical mar\u00edtima), dando como resultado la formaci\u00f3n de una <strong>profunda borrasca<\/strong>\u00a0que, horas despu\u00e9s, alcanza las Islas Brit\u00e1nicas con <strong>vientos muy fuertes<\/strong>, y con una presi\u00f3n en su centro de apenas 950 hPa (aproximadamente), aunque acabar\u00e1 alcanzando los 940 hPa en el momento de m\u00e1xima profundizaci\u00f3n. Esa borrasca ser\u00e1 una\u00a0<strong>Ciclog\u00e9nesis Explosiva<\/strong>, dada su formaci\u00f3n (Ciclog\u00e9nesis&#8230;), y su r\u00e1pida profundizaci\u00f3n (&#8230;Explosiva), superando -de sobra- el umbral para ser considerada como tal.<\/span><\/span><\/span><\/p>\n<p align=\"LEFT\"><span style=\"font-size: small;\"><span style=\"color: #222222;\"><span style=\"font-family: Arial, Helvetica, sans-serif;\">Pero la\u00a0Ciclog\u00e9nesis Explosiva <strong>NO NOS AFECTAR\u00c1<\/strong>, sino su frente fr\u00edo asociado, que separa la masa de aire polar, de la subtropical, y cuya actividad podr\u00e1 ser de cierta importancia en la Pen\u00ednsula Ib\u00e9rica durante este jueves, con <strong>precipitaciones generosas y abundantes<\/strong>.<\/span><\/span><\/span><\/p>\n<p style=\"text-align: center;\" align=\"LEFT\"><strong><span style=\"font-size: small;\"><span style=\"color: #222222;\"><span style=\"font-family: Arial, Helvetica, sans-serif;\"><img loading=\"lazy\" class=\"aligncenter\" src=\"\/\/sia1.subirimagenes.net\/img\/2013\/12\/18\/131218121635740697.gif\" alt=\"\" width=\"600\" height=\"450\" \/>Evoluci\u00f3n de las precipitaciones previstas por el modelo WRF<\/span><\/span><\/span><\/strong><\/p>\n<p align=\"LEFT\"><span style=\"font-family: Arial, Helvetica, sans-serif; color: #222222; font-size: small;\">Como vemos, las precipitaciones asociadas al frente podr\u00edan hacer acto de presencia en casi cualquier punto del pa\u00eds, comenzando por el Noroeste peninsular este mi\u00e9rcoles por la tarde (Galicia, Asturias, Norte de Portugal,&#8230;), y extendi\u00e9ndose al resto a medida que avancen las horas. Tras el paso del frente se colar\u00e1 toda la masa de aire fr\u00edo que lo acompa\u00f1a, produci\u00e9ndose un<strong> importante descenso t\u00e9rmico generalizado<\/strong>.<\/span><\/p>\n<p align=\"LEFT\"><span style=\"font-family: Arial, Helvetica, sans-serif; color: #222222; font-size: small;\">Aunque durante la tarde del jueves se abrir\u00e1n muchos claros por todo el Oeste, habr\u00e1 que estar atentos a posibles chubascos que se podr\u00e1n reactivar por la presencia del aire fr\u00edo, adem\u00e1s de la <strong>notable bajada de\u00a0las cotas de nieve<\/strong>, aunque en principio las nevadas quedar\u00edan restringidas principalmente a zonas monta\u00f1osas; la veremos en la Cordillera Cant\u00e1brica, Sistema Central, Pirineos, Sistema Ib\u00e9rico, y sierras del Este de Andaluc\u00eda.<\/span><\/p>\n<p align=\"LEFT\"><span style=\"font-family: Arial, Helvetica, sans-serif; color: #222222; font-size: small;\">Toda esta situaci\u00f3n del jueves ir\u00e1 acompa\u00f1ada por <strong>rachas de viento moderadas o puntualmente fuertes<\/strong> en zonas medias y altas de la Pen\u00ednsula, as\u00ed que posible jornada ventosa, adem\u00e1s de lluviosa.<\/span><\/p>\n<p align=\"LEFT\"><span style=\"font-family: Arial, Helvetica, sans-serif; color: #222222; font-size: small;\">-Pero este nuevo regreso de la lluvia a gran parte de Espa\u00f1a ser\u00e1 pasajero, ya que a partir del viernes regresa el anticicl\u00f3n desde el Oeste, estabilizando nuevamente la situaci\u00f3n meteorol\u00f3gica sobre la Pen\u00ednsula, y con la m\u00e1s que probable <strong>formaci\u00f3n de nieblas<\/strong>. La novedad de las \u00faltimas horas la encontramos en las predicciones de los principales modelos a medio-largo plazo, en las que observamos un <strong>importante cambio de tendencia<\/strong>.<\/span><\/p>\n<p align=\"LEFT\"><span style=\"font-size: xx-small; color: #ffffff;\"><strong>.<\/strong><\/span><\/p>\n<p align=\"LEFT\"><span style=\"font-size: x-large;\"><strong><span style=\"color: #222222;\"><span style=\"font-family: Arial, Helvetica, sans-serif;\">\u00bfPor qu\u00e9 un cambio de tendencia?<\/span><\/span><\/strong><\/span><\/p>\n<p style=\"text-align: center;\" align=\"CENTER\"><span style=\"font-size: small;\"><strong><span style=\"color: #222222;\"><span style=\"font-family: Arial, Helvetica, sans-serif;\"><img loading=\"lazy\" class=\"aligncenter\" src=\"\/\/sia1.subirimagenes.net\/img\/2013\/12\/17\/1312170139474959.png\" alt=\"\" width=\"605\" height=\"305\" \/>Anomal\u00edas de presi\u00f3n a nivel de la superficie a +180 horas vista, seg\u00fan el modelo GFS<\/span><\/span><\/strong><\/span><\/p>\n<p align=\"LEFT\"><span style=\"font-size: small;\"><span style=\"color: #222222;\"><span style=\"font-family: Arial, Helvetica, sans-serif;\">Posiblemente estamos ante un nuevo cambio de patr\u00f3n atmosf\u00e9rico a medio-largo plazo, que viene protagonizado por el debilitamiento del anticicl\u00f3n de las Azores, y su retirada a latitudes m\u00e1s bajas, as\u00ed como el descenso en latitud de una gran regi\u00f3n de bajas presiones, cuyos frentes asociados <strong>podr\u00e1n acceder por el Oeste y Noroeste peninsular durante los pr\u00f3ximos d\u00edas, coincidiendo adem\u00e1s con los d\u00edas de fiesta<\/strong>.<\/span><\/span><\/span><\/p>\n<p style=\"text-align: center;\" align=\"CENTER\"><span style=\"font-size: small;\"><strong><span style=\"color: #222222;\"><span style=\"font-family: Arial, Helvetica, sans-serif;\"><img loading=\"lazy\" class=\"aligncenter\" src=\"\/\/sia1.subirimagenes.net\/img\/2013\/12\/17\/131217014019660200.png\" alt=\"\" width=\"605\" height=\"305\" \/>Posici\u00f3n de la corriente en chorro o Chorro Polar a +180 horas vista seg\u00fan el modelo GFS<\/span><\/span><\/strong><\/span><\/p>\n<p align=\"LEFT\"><span style=\"font-size: small;\"><span style=\"color: #222222;\"><span style=\"font-family: Arial, Helvetica, sans-serif;\">Tal y como refleja el mapa superior, en niveles altos de la Troposfera, la situaci\u00f3n es muy parecida a la de superficie. El anticicl\u00f3n de las Azores-Bermudas ubicado en latitudes notablemente m\u00e1s bajas que en semanas anteriores, y esa circulaci\u00f3n casi zonal a media-baja latitud, que provoca una <strong>sucesi\u00f3n de frentes y l\u00edneas de inestabilidad<\/strong> que ir\u00edan circulando por el Atl\u00e1ntico Norte, impactando con todo el Oeste de Europa, y afectando tambi\u00e9n a la Pen\u00ednsula Ib\u00e9rica (\u00e9sto es: un frente tras otro).<\/span><\/span><\/span><\/p>\n<p style=\"text-align: center;\" align=\"CENTER\"><span style=\"font-size: small;\"><strong><span style=\"color: #222222;\"><span style=\"font-family: Arial, Helvetica, sans-serif;\"><img loading=\"lazy\" class=\"aligncenter\" src=\"\/\/sia1.subirimagenes.net\/img\/2013\/12\/17\/131217014107436698.png\" alt=\"\" width=\"605\" height=\"305\" \/>Acumulaci\u00f3n de lluvia prevista a +180h en el Atl\u00e1ntico Norte, seg\u00fan el modelo Europeo<\/span><\/span><\/strong><\/span><\/p>\n<p align=\"LEFT\"><span style=\"font-size: small;\"><span style=\"color: #222222;\"><span style=\"font-family: Arial, Helvetica, sans-serif;\">En el mapa de precipitaciones acumuladas desde hoy hasta el 25 de diciembre (aproximadamente), observamos claramente en esas trazas de precipitaci\u00f3n la direcci\u00f3n en la que se mover\u00e1n los frentes, arrastrados por la poderosa fuerza del Chorro Polar. Deja bien clara la posici\u00f3n que ir\u00e1 tomando el anticicl\u00f3n de las Azores durante los pr\u00f3ximos d\u00edas, en latitudes cada vez m\u00e1s bajas, quedando al Sur de dicho archipi\u00e9lago.<\/span><\/span><\/span><\/p>\n<p style=\"text-align: center;\" align=\"LEFT\"><span style=\"font-size: small;\"><span style=\"color: #222222;\"><span style=\"font-family: Arial, Helvetica, sans-serif;\"><strong><\/strong><strong><img loading=\"lazy\" src=\"\/\/sia1.subirimagenes.net\/img\/2013\/12\/17\/131217014227936172.png\" alt=\"\" width=\"604\" height=\"346\" \/><\/strong><\/span><\/span><\/span><\/p>\n<p style=\"text-align: center;\" align=\"LEFT\"><span style=\"font-size: small;\"><span style=\"color: #222222;\"><span style=\"font-family: Arial, Helvetica, sans-serif;\"><strong><\/strong><strong>Mapa de anomal\u00edas de precipitaci\u00f3n seg\u00fan el modelo Europeo, para la semana del 23-29 de Diciembre.<\/strong><\/span><\/span><\/span><\/p>\n<p align=\"LEFT\"><span style=\"font-size: small;\"><span style=\"color: #222222;\"><span style=\"font-family: Arial, Helvetica, sans-serif;\">En el mapa de anomal\u00edas de precipitaci\u00f3n del modelo Europeo, <strong>Espa\u00f1a est\u00e1 entre lo normal y lo ligeramente h\u00famedo<\/strong>, por lo que cabr\u00eda esperar esa semana del 23-29 de Diciembre el paso de algunos frentes, afectando sobre todo a zonas del Noroeste peninsular, y extendi\u00e9ndose tambi\u00e9n al resto del pa\u00eds.<\/span><\/span><\/span><\/p>\n<p align=\"LEFT\"><span style=\"font-size: small;\"><span style=\"color: #222222;\"><span style=\"font-family: Arial, Helvetica, sans-serif;\">\u00c9ste mapa no hay que tom\u00e1rselo estrictamente, ya que s\u00f3lo es una orientaci\u00f3n. Veremos qu\u00e9 acaba pasando finalmente pero, parece claro un cambio en la circulaci\u00f3n atmosf\u00e9rica, que podr\u00eda tener consecuencias directas sobre Espa\u00f1a, en forma de mayor inestabilidad y precipitaciones abundantes en algunas zonas. Ya habr\u00e1 tiempo de concretar, toca estar atentos.<\/span><\/span><\/span><\/p>\n<p align=\"LEFT\"><span style=\"font-size: small;\"><strong><span style=\"color: #ffffff;\"><span style=\"font-family: Arial, Helvetica, sans-serif;\">.<\/span><\/span><\/strong><\/span><\/p>\n<p align=\"CENTER\"><span style=\"font-size: small;\"><strong><span style=\"color: #000000;\"><span style=\"font-family: Arial, Helvetica, sans-serif;\">Puedes seguir este blog a trav\u00e9s de la cuenta de Twitter <\/span><\/span><\/strong><strong><a href=\"https:\/\/twitter.com\/MeteoBadajoz\" target=\"_blank\" rel=\"external nofollow\"><span style=\"color: #ff0000;\"><span style=\"font-family: Arial, Helvetica, sans-serif;\">@MeteoBadajoz<\/span><\/span><\/a><\/strong><strong><span style=\"color: #000000;\"><span style=\"font-family: Arial, Helvetica, sans-serif;\">, o Facebook <\/span><\/span><\/strong><strong><a href=\"https:\/\/www.facebook.com\/pages\/MeteoBadajoz\/236436716399890\" target=\"_blank\" rel=\"external nofollow\"><span style=\"color: #ff0000;\"><span style=\"font-family: Arial, Helvetica, sans-serif;\">MeteoBadajoz<\/span><\/span><\/a><\/strong><strong><span style=\"color: #000000;\"><span style=\"font-family: Arial, Helvetica, sans-serif;\">, donde estar\u00e1s informado en todo momento de c\u00f3mo evolucionan los d\u00edas, as\u00ed como de noticias de inter\u00e9s meteorol\u00f3gico.<\/span><\/span><\/strong><\/span><\/p>\n<p align=\"CENTER\"><span style=\"font-size: small;\"><strong><span style=\"color: #000000;\"><span style=\"font-family: Arial, Helvetica, sans-serif;\"><span style=\"text-decoration: underline;\"><strong>Si el art\u00edculo te ha parecido interesante, puedes ayudar a divulgarlo a trav\u00e9s de las redes sociales, con ayuda de los botones para compartir.<\/strong><\/span><\/span><\/span><\/strong><\/span><\/p>\n<p align=\"CENTER\"><span style=\"font-size: small;\"><strong><span style=\"color: #000000;\"><span style=\"font-family: Arial, Helvetica, sans-serif;\">\u00a1\u00a1Gracias y un saludo a los lectores del blog!!<\/span><\/span><\/strong><\/span><\/p>\n<div><strong style=\"font-size: small; text-align: center;\"><span><span style=\"font-family: Arial, Helvetica, sans-serif;\"><br \/>\n<\/span><\/span><\/strong><\/div>\n<!-- AddThis Advanced Settings generic via filter on the_content --><!-- AddThis Share Buttons generic via filter on the_content -->","protected":false},"excerpt":{"rendered":"<p>\u00bb Lluvia, nieve, viento, descenso de las temperaturas,&#8230; \u00a1Se avecinan cambios desde el Atl\u00e1ntico en forma de frentes y precipitaciones, que afectar\u00e1n a casi toda Espa\u00f1a durante el pr\u00f3ximo jueves! Adem\u00e1s se observan lluvias durante las Fiestas de Navidad, sobre todo los d\u00edas 24 y 25 de diciembre. Situaci\u00f3n para el mi\u00e9rcoles 18 de diciembre [&hellip;]<!-- AddThis Advanced Settings generic via filter on get_the_excerpt --><!-- AddThis Share Buttons generic via filter on get_the_excerpt --><\/p>\n","protected":false},"author":75,"featured_media":0,"comment_status":"open","ping_status":"closed","sticky":false,"template":"","format":"standard","meta":[],"categories":[4,5],"tags":[6,12,15,16,33,36,44,47,83,90,91,102,106,117,143],"_links":{"self":[{"href":"https:\/\/blogs.hoy.es\/meteobadajoz\/wp-json\/wp\/v2\/posts\/543"}],"collection":[{"href":"https:\/\/blogs.hoy.es\/meteobadajoz\/wp-json\/wp\/v2\/posts"}],"about":[{"href":"https:\/\/blogs.hoy.es\/meteobadajoz\/wp-json\/wp\/v2\/types\/post"}],"author":[{"embeddable":true,"href":"https:\/\/blogs.hoy.es\/meteobadajoz\/wp-json\/wp\/v2\/users\/75"}],"replies":[{"embeddable":true,"href":"https:\/\/blogs.hoy.es\/meteobadajoz\/wp-json\/wp\/v2\/comments?post=543"}],"version-history":[{"count":0,"href":"https:\/\/blogs.hoy.es\/meteobadajoz\/wp-json\/wp\/v2\/posts\/543\/revisions"}],"wp:attachment":[{"href":"https:\/\/blogs.hoy.es\/meteobadajoz\/wp-json\/wp\/v2\/media?parent=543"}],"wp:term":[{"taxonomy":"category","embeddable":true,"href":"https:\/\/blogs.hoy.es\/meteobadajoz\/wp-json\/wp\/v2\/categories?post=543"},{"taxonomy":"post_tag","embeddable":true,"href":"https:\/\/blogs.hoy.es\/meteobadajoz\/wp-json\/wp\/v2\/tags?post=543"}],"curies":[{"name":"wp","href":"https:\/\/api.w.org\/{rel}","templated":true}]}}