{"id":544,"date":"2013-12-21T17:46:24","date_gmt":"2013-12-21T16:46:24","guid":{"rendered":"http:\/\/blogs.hoy.es\/meteobadajoz\/?p=544"},"modified":"2013-12-21T17:46:24","modified_gmt":"2013-12-21T16:46:24","slug":"el-invierno-comienza-con-la-llegada-de-un-temporal","status":"publish","type":"post","link":"https:\/\/blogs.hoy.es\/meteobadajoz\/2013\/12\/21\/el-invierno-comienza-con-la-llegada-de-un-temporal\/","title":{"rendered":"El invierno comienza con la llegada de un temporal"},"content":{"rendered":"<p align=\"LEFT\"><span style=\"font-size: large;\"><strong><span style=\"color: #000000;\"><span style=\"font-family: 'Segoe UI';\">\u00bb<\/span><\/span><span style=\"color: #000000;\"><span style=\"font-family: 'Segoe UI', sans-serif;\"> Este s\u00e1bado 21 de diciembre a las 18:11h (1 hora menos en Canarias) daremos la bienvenida al invierno 2013-2014, y lo har\u00e1 con la llegada del primer temporal de la estaci\u00f3n durante los pr\u00f3ximos d\u00edas. La situaci\u00f3n para esta Navidad se complica, y mucho.<\/span><\/span><\/strong><\/span><\/p>\n<p style=\"text-align: center;\" align=\"LEFT\"><span style=\"font-size: small;\"><strong><span style=\"color: #000000;\"><span style=\"font-family: Arial, Helvetica, sans-serif;\"><img loading=\"lazy\" class=\"aligncenter\" src=\"https:\/\/scontent-a-mad.xx.fbcdn.net\/hphotos-prn2\/s720x720\/1380098_652066681503556_306430361_n.png\" alt=\"\" width=\"648\" height=\"326\" \/>Precipitaciones previstas por el modelo Europeo (ECMWF) para el 24-25\/12\/2013<\/span><\/span><\/strong><\/span><\/p>\n<p align=\"LEFT\"><span style=\"color: #000000; font-size: small;\"><span style=\"font-family: Arial, Helvetica, sans-serif;\"><strong>S\u00e1bado 21 de Diciembre 2013.<\/strong><\/span><\/span><span style=\"font-size: small;\"><span style=\"font-family: Arial, Helvetica, sans-serif;\">\u00a0<\/span><\/span><span style=\"color: #000000;\"><span style=\"font-family: Arial, Helvetica, sans-serif;\">La situaci\u00f3n tiende a complicarse a lo largo de los pr\u00f3ximos d\u00edas en lo referido al tiempo en buena parte de Espa\u00f1a, por el acercamiento de una nueva borrasca atl\u00e1ntica al Noroeste peninsular. Como se ha venido anunciando en los \u00faltimos d\u00edas, el paso de un <strong>frente fr\u00edo bastante activo<\/strong>, protagonizar\u00e1 la situaci\u00f3n meteorol\u00f3gica para las jornadas festivas del 24 y 25 de diciembre de 2013. Avanzan las horas y los modelos no hacen m\u00e1s que confirmar la llegada de ese frente a partir de la tarde del lunes y, especialmente, durante el martes y mi\u00e9rcoles (24 y 25 respectivamente).<!--more--><\/span><\/span><\/p>\n<p align=\"LEFT\"><span style=\"font-size: small;\"><span style=\"color: #000000;\"><span style=\"font-family: Arial, Helvetica, sans-serif;\">El mapa superior refleja perfectamente la situaci\u00f3n prevista en cuanto a lluvias para esos dos d\u00edas, en los que se concentrar\u00e1n las mayores cantidades de lluvia prevista por la mayor\u00eda de los modelos meteorol\u00f3gicos. El modelo Europeo muestra una zona de <span style=\"color: #0000ff;\"><strong>+25 mm<\/strong><\/span> en dos ocasiones por el Oeste peninsular, as\u00ed que atenci\u00f3n a las lluvias que podr\u00edan ser bastante abundantes por esa zona. El frente se mover\u00e1 pr\u00e1cticamente de la misma forma en que lo hizo el de hace tan s\u00f3lo unos d\u00edas.<\/span><\/span><\/span><\/p>\n<p style=\"text-align: center;\" align=\"LEFT\"><img loading=\"lazy\" class=\"aligncenter\" src=\"https:\/\/scontent-a-mad.xx.fbcdn.net\/hphotos-frc3\/p843x403\/1472957_652084288168462_530653033_n.png\" alt=\"\" width=\"660\" height=\"339\" \/><\/p>\n<p style=\"text-align: center;\" align=\"LEFT\"><strong><span style=\"font-size: small;\"><span style=\"color: #000000;\"><span style=\"font-family: Arial, Helvetica, sans-serif;\">Situaci\u00f3n prevista para este pr\u00f3ximo martes y mi\u00e9rcoles, 24 y 25 de diciembre, en agua del Atl\u00e1ntico Norte &#8211; Modelo GFS<\/span><\/span><\/span><\/strong><\/p>\n<p align=\"LEFT\"><span style=\"font-size: small;\"><span style=\"color: #000000;\"><span style=\"font-family: Arial, Helvetica, sans-serif;\">Adem\u00e1s, tendremos que estar muy pendientes de un r\u00edo atmosf\u00e9rico de humedad que se configurar\u00e1 en esta situaci\u00f3n, que podr\u00eda ser lo que, de alguna manera, contribuya a que las lluvias puedan ser abundantes. Y es que entre el anticicl\u00f3n de las Azores y la profunda borrasca al Oeste de Europa, se canalizar\u00e1n masas de aire muy h\u00famedas, pr\u00e1cticamente desde el entorno del Golfo de M\u00e9xico, que <strong>aportar\u00e1n esa energ\u00eda extra<\/strong>, en forma de humedad, al frente de esta Nochebuena.<\/span><\/span><\/span><\/p>\n<p align=\"LEFT\"><span style=\"font-size: small;\"><span style=\"color: #000000;\"><span style=\"font-family: Arial, Helvetica, sans-serif;\">-Por tanto, <strong>habr\u00e1 que prestar mucha atenci\u00f3n a las <span style=\"text-decoration: underline;\">grandes acumulaciones de agua<\/span> que se podr\u00edan recoger en muchas zonas del Oeste, Centro, y Sur peninsular<\/strong>. A continuaci\u00f3n se detalla la evoluci\u00f3n del frente:<\/span><\/span><\/span><\/p>\n<p align=\"LEFT\"><span style=\"color: #ffffff;\">.<\/span><\/p>\n<p align=\"LEFT\"><span style=\"font-size: large;\"><strong><span style=\"color: #000000;\"><span style=\"font-family: Arial, Helvetica, sans-serif;\">&#8211; MARTES 24:<\/span><\/span><\/strong><\/span><\/p>\n<p align=\"LEFT\"><span style=\"font-size: small;\"><span style=\"color: #000000;\"><span style=\"font-family: Arial, Helvetica, sans-serif;\">-Ya durante las \u00faltimas horas del lunes, la parte delantera del frente comenzar\u00e1 a tocar tierra por Galicia y el Norte de Portugal, dejando por all\u00ed las primeras precipitaciones de cierta intensidad, mientras que en el resto notaremos un notable aumento de la nubosidad. Durante la madrugada del 23 al 24 (lunes-martes), y a lo largo de gran parte de la jornada del martes, <strong>las precipitaciones ser\u00e1n generosas, moderadas, y bastante persistentes<\/strong> por gran parte de la mitad occidental de pa\u00eds, extendi\u00e9ndose durante la tarde y la noche a puntos del Centro y Sur peninsular, tambi\u00e9n con car\u00e1cter persistente.<\/span><\/span><\/span><\/p>\n<p align=\"LEFT\"><span style=\"font-size: small;\"><span style=\"color: #000000;\"><span style=\"font-family: Arial, Helvetica, sans-serif;\">En la tarde del martes el viento soplar\u00e1 con rachas bastante significativas durante el paso del frente, con rachas m\u00e1ximas de <strong>70-80 km\/h en zonas llanas<\/strong>, e incluso en zonas altas de sierra (>1.200-1.500 metros) las rachas podr\u00e1n alcanzar los <strong>100-120 km\/h<\/strong>.<\/span><\/span><\/span><\/p>\n<p align=\"LEFT\"><span style=\"font-size: small;\"><span style=\"color: #000000;\"><span style=\"font-family: Arial, Helvetica, sans-serif;\">A lo largo de la madrugada del 24 al 25 (Nochebuena), el frente fr\u00edo continuar\u00e1 dejando precipitaciones por el Norte, Centro y Sur peninsular, con tendencia a remitir desde el Oeste a medida que avance la madrugada de Nochebuena, aunque <strong>se mantendr\u00eda el riesgo alto de chubascos<\/strong> en casi cualquier punto.<\/span><\/span><\/span><\/p>\n<p align=\"LEFT\"><span style=\"color: #ffffff;\">.<\/span><\/p>\n<p align=\"LEFT\"><strong><span style=\"font-size: large;\"><span style=\"color: #000000;\"><span style=\"font-family: Arial, Helvetica, sans-serif;\">&#8211; MI\u00c9RCOLES 25:<\/span><\/span><\/span><\/strong><\/p>\n<p style=\"text-align: center;\" align=\"LEFT\"><strong><span style=\"font-size: small;\"><span style=\"color: #000000;\"><span style=\"font-family: Arial, Helvetica, sans-serif;\"><img loading=\"lazy\" class=\"aligncenter\" src=\"https:\/\/scontent-a-mad.xx.fbcdn.net\/hphotos-prn1\/s720x720\/1488973_652067161503508_1925648533_n.png\" alt=\"\" width=\"648\" height=\"326\" \/>Simulaci\u00f3n de imagen infrarroja (IR) prevista para el d\u00eda 25 a las 12h &#8211; ECMWF<\/span><\/span><\/span><\/strong><\/p>\n<p align=\"LEFT\"><span style=\"font-size: small;\"><span style=\"color: #000000;\"><span style=\"font-family: Arial, Helvetica, sans-serif;\">-En esta jornada el frente ya habr\u00e1 terminado de cruzar gran parte de la Pen\u00ednsula Ib\u00e9rica, abandon\u00e1ndonos por el Sureste, y abri\u00e9ndose algunos claros por el Oeste peninsular. Pero la masa de aire fr\u00edo que viaja detr\u00e1s del frente (nuevamente de car\u00e1cter Polar Mar\u00edtima), entrar\u00e1 por el Oeste y Noroeste del pa\u00eds, acompa\u00f1ada de una gran cantidad de <em>chubascos postfrontales<\/em>, es decir; <strong>chubascos y\/o tormentas de cierta intensidad<\/strong>, que puntualmente podr\u00edan ir acompa\u00f1ados de granizo (por la presencia de mucho aire fr\u00edo), adem\u00e1s de los chubascos que se podr\u00edan formar sobre tierra, debido a la abundante inestabilidad.<\/span><\/span><\/span><\/p>\n<p align=\"LEFT\"><span style=\"font-size: small;\"><span style=\"color: #000000;\"><span style=\"font-family: Arial, Helvetica, sans-serif;\">La cota de nieve durante esta jornada ir\u00e1 bajando a lo largo del d\u00eda, a medida que entre la masa de aire fr\u00edo, aunque a\u00fan es pronto para concretar al respecto.<\/span><\/span><\/span><\/p>\n<p align=\"LEFT\"><span style=\"font-size: small;\"><span style=\"color: #000000;\"><span style=\"font-family: Arial, Helvetica, sans-serif;\">En principio <strong>no se espera que vaya a estar lloviendo durante todo el d\u00eda de Navidad<\/strong>, ya que veremos algunos claros intercalados entre el paso de chubascos. No obstante, las lluvias durante esta jornada volver\u00e1n a afectar a casi cualquier punto de la Pen\u00ednsula Ib\u00e9rica, por lo que <strong>ser\u00e1 una jornada de abundante inestabilidad<\/strong>, bastante fresca, y con <strong>mucho viento<\/strong>.<\/span><\/span><\/span><\/p>\n<p style=\"text-align: center;\" align=\"LEFT\"><img loading=\"lazy\" class=\"aligncenter\" src=\"\/\/sia1.subirimagenes.net\/img\/2013\/12\/21\/131221022811436057.png\" alt=\"\" width=\"655\" height=\"320\" \/><\/p>\n<p style=\"text-align: center;\" align=\"LEFT\"><strong><span style=\"font-size: small;\"><span style=\"color: #000000;\"><span style=\"font-family: Arial, Helvetica, sans-serif;\">Mapa de probabilidad de que se acumulen >20 mm en 24h &#8211; Modelo ECMWF<\/span><\/span><\/span><\/strong><\/p>\n<p align=\"LEFT\"><span style=\"font-size: small;\"><span style=\"color: #000000;\"><span style=\"font-family: Arial, Helvetica, sans-serif;\">Otra mapa que nos indica que las precipitaciones, m\u00e1s que probablemente, podr\u00e1n ser abundantes por el Oeste y Centro peninsular, es \u00e9ste del modelo Europeo, que nos indica la probabilidad de que se acumulen cantidades >20 mm en 24 horas, entre el martes 24 a las 12 h UTC y el mi\u00e9rcoles 25 a las 12h UTC. Como vemos, la probabilidad de que tales cantidades superen el umbral de los 20 mm se centra en puntos del Oeste, Centro y Sur peninsular, donde se muestra una amplia zona acotada con <strong>probabilidad superior al 65%<\/strong>. \u00c9sto nos lleva a pensar que las precipitaciones podr\u00e1n ser importantes, con <strong>acumulaciones significativas de lluvia<\/strong>, y eso sin contar con aquellas zonas bien orientadas al viento \u00c1brego de Suroeste que soplar\u00e1 en \u00e9sta situaci\u00f3n&#8230;<\/span><\/span><\/span><\/p>\n<p style=\"text-align: center;\" align=\"LEFT\"><img loading=\"lazy\" class=\"aligncenter\" src=\"https:\/\/scontent-b-mad.xx.fbcdn.net\/hphotos-prn2\/p843x403\/1463038_652086748168216_1644428142_n.png\" alt=\"\" width=\"658\" height=\"320\" \/><\/p>\n<p style=\"text-align: center;\" align=\"LEFT\"><strong><span style=\"font-size: small;\"><span style=\"color: #000000;\"><span style=\"font-family: Arial, Helvetica, sans-serif;\">Mapa de vientos previstos durante el paso del frente por el Oeste de Europa &#8211; Modelo GFS<\/span><\/span><\/span><\/strong><\/p>\n<p align=\"LEFT\"><span style=\"font-size: small;\"><span style=\"color: #000000;\"><span style=\"font-family: Arial, Helvetica, sans-serif;\">Y no s\u00f3lo hablaremos de &#8220;mal tiempo&#8221; la semana que viene en Espa\u00f1a, ya que buena parte del Oeste de Europa se va a ver afectada por esta situaci\u00f3n. Ya no s\u00f3lo por las lluvias, que tambi\u00e9n, sino sobre todo y especialmente por el viento, <strong>con rachas que podr\u00edan superar los 100-120 km\/h en zonas del Reino Unido, Francia, o en los Pa\u00edses Bajos<\/strong>.<\/span><\/span><\/span><\/p>\n<p align=\"LEFT\"><span style=\"font-size: small;\"><span style=\"color: #000000;\"><span style=\"font-family: Arial, Helvetica, sans-serif;\">As\u00ed pues, en principio se presentan unos <strong>d\u00edas festivos pasados por agua<\/strong>, con mucha inestabilidad, con precipitaciones que podr\u00e1n ser <strong>persistentes y muy generosas<\/strong>, <strong>rachas intensas de viento<\/strong>, posibles tormentas aisladas, e incluso algunas nevadas, aunque \u00e9stas s\u00f3lo restringidas a zonas medias y altas de monta\u00f1a.<\/span><\/span><\/span><\/p>\n<p align=\"LEFT\"><span style=\"color: #ffffff;\">.<\/span><\/p>\n<p align=\"CENTER\"><span style=\"font-size: small;\"><strong><span style=\"color: #000000;\"><span style=\"font-family: Arial, Helvetica, sans-serif;\">Puedes seguir este blog a trav\u00e9s de la cuenta de Twitter <\/span><\/span><\/strong><strong><a href=\"https:\/\/twitter.com\/MeteoBadajoz\" target=\"_blank\" rel=\"external nofollow\"><span style=\"color: #ff0000;\"><span style=\"font-family: Arial, Helvetica, sans-serif;\">@MeteoBadajoz<\/span><\/span><\/a><\/strong><strong><span style=\"color: #000000;\"><span style=\"font-family: Arial, Helvetica, sans-serif;\">, o Facebook <\/span><\/span><\/strong><strong><a href=\"https:\/\/www.facebook.com\/pages\/MeteoBadajoz\/236436716399890\" target=\"_blank\" rel=\"external nofollow\"><span style=\"color: #ff0000;\"><span style=\"font-family: Arial, Helvetica, sans-serif;\">MeteoBadajoz<\/span><\/span><\/a><\/strong><strong><span style=\"color: #000000;\"><span style=\"font-family: Arial, Helvetica, sans-serif;\">, donde estar\u00e1s informado en todo momento de c\u00f3mo evolucionan los d\u00edas, as\u00ed como de noticias de inter\u00e9s meteorol\u00f3gico.<\/span><\/span><\/strong><\/span><\/p>\n<p align=\"CENTER\"><span style=\"font-size: small;\"><strong><span style=\"color: #000000;\"><span style=\"font-family: Arial, Helvetica, sans-serif;\"><span style=\"text-decoration: underline;\"><strong>Si el art\u00edculo te ha parecido interesante, puedes ayudar a divulgarlo a trav\u00e9s de las redes sociales, con ayuda de los botones para compartir.<\/strong><\/span><\/span><\/span><\/strong><\/span><\/p>\n<p align=\"CENTER\"><span style=\"font-size: small;\"><strong><span style=\"color: #000000;\"><span style=\"font-family: Arial, Helvetica, sans-serif;\">\u00a1\u00a1Gracias y un saludo a los lectores del blog!!<\/span><\/span><\/strong><\/span><\/p>\n<!-- AddThis Advanced Settings generic via filter on the_content --><!-- AddThis Share Buttons generic via filter on the_content -->","protected":false},"excerpt":{"rendered":"<p>\u00bb Este s\u00e1bado 21 de diciembre a las 18:11h (1 hora menos en Canarias) daremos la bienvenida al invierno 2013-2014, y lo har\u00e1 con la llegada del primer temporal de la estaci\u00f3n durante los pr\u00f3ximos d\u00edas. La situaci\u00f3n para esta Navidad se complica, y mucho. Precipitaciones previstas por el modelo Europeo (ECMWF) para el 24-25\/12\/2013 [&hellip;]<!-- AddThis Advanced Settings generic via filter on get_the_excerpt --><!-- AddThis Share Buttons generic via filter on get_the_excerpt --><\/p>\n","protected":false},"author":75,"featured_media":0,"comment_status":"open","ping_status":"closed","sticky":false,"template":"","format":"standard","meta":[],"categories":[4,5],"tags":[6,33,44,55,70,83,105,122,124,143],"_links":{"self":[{"href":"https:\/\/blogs.hoy.es\/meteobadajoz\/wp-json\/wp\/v2\/posts\/544"}],"collection":[{"href":"https:\/\/blogs.hoy.es\/meteobadajoz\/wp-json\/wp\/v2\/posts"}],"about":[{"href":"https:\/\/blogs.hoy.es\/meteobadajoz\/wp-json\/wp\/v2\/types\/post"}],"author":[{"embeddable":true,"href":"https:\/\/blogs.hoy.es\/meteobadajoz\/wp-json\/wp\/v2\/users\/75"}],"replies":[{"embeddable":true,"href":"https:\/\/blogs.hoy.es\/meteobadajoz\/wp-json\/wp\/v2\/comments?post=544"}],"version-history":[{"count":0,"href":"https:\/\/blogs.hoy.es\/meteobadajoz\/wp-json\/wp\/v2\/posts\/544\/revisions"}],"wp:attachment":[{"href":"https:\/\/blogs.hoy.es\/meteobadajoz\/wp-json\/wp\/v2\/media?parent=544"}],"wp:term":[{"taxonomy":"category","embeddable":true,"href":"https:\/\/blogs.hoy.es\/meteobadajoz\/wp-json\/wp\/v2\/categories?post=544"},{"taxonomy":"post_tag","embeddable":true,"href":"https:\/\/blogs.hoy.es\/meteobadajoz\/wp-json\/wp\/v2\/tags?post=544"}],"curies":[{"name":"wp","href":"https:\/\/api.w.org\/{rel}","templated":true}]}}