{"id":549,"date":"2013-12-23T19:33:29","date_gmt":"2013-12-23T18:33:29","guid":{"rendered":"http:\/\/blogs.hoy.es\/meteobadajoz\/?p=549"},"modified":"2013-12-23T19:33:29","modified_gmt":"2013-12-23T18:33:29","slug":"temporal-atlantico-esta-nochebuena-en-espana","status":"publish","type":"post","link":"https:\/\/blogs.hoy.es\/meteobadajoz\/2013\/12\/23\/temporal-atlantico-esta-nochebuena-en-espana\/","title":{"rendered":"\u00a1Temporal atl\u00e1ntico esta Nochebuena en Espa\u00f1a!"},"content":{"rendered":"<p align=\"LEFT\"><span style=\"font-size: large;\"><strong><span style=\"color: #000000;\"><span style=\"font-family: 'Segoe UI';\">\u00bb<\/span><\/span><span style=\"color: #000000;\"><span style=\"font-family: 'Segoe UI', sans-serif;\"> Una profunda borrasca atl\u00e1ntica provocar\u00e1 un importante temporal de lluvia y viento en gran parte del Oeste de Europa, que afectar\u00e1 a Espa\u00f1a durante esta Nochebuena y Navidad. Se esperan vientos de 70-90 km\/h (como m\u00ednimo) y lluvias generosas y persistentes.<\/span><\/span><\/strong><\/span><\/p>\n<p style=\"text-align: center;\" align=\"CENTER\"><span style=\"font-size: small;\"><strong><span style=\"color: #000000;\"><span style=\"font-family: Arial, Helvetica, sans-serif;\"><img loading=\"lazy\" class=\"aligncenter\" src=\"\/\/sia1.subirimagenes.net\/img\/2013\/12\/23\/131223064842236473.gif\" alt=\"\" width=\"650\" height=\"340\" \/>Animaci\u00f3n de im\u00e1genes infrarrojas del Meteosat, modo RGB-Masas de aire, con el acercamiento de la profunda regi\u00f3n de bajas presiones al Oeste del continente Europeo.<\/span><\/span><\/strong><\/span><\/p>\n<p align=\"LEFT\"><span style=\"font-size: small;\"><span><span style=\"font-family: Arial, Helvetica, sans-serif;\"><span style=\"color: #222222;\">\u00bbPodemos dar ya por confirmada la llegada de este <\/span><strong style=\"color: #222222;\">primer temporal del invierno\u00a0<\/strong><span style=\"color: #222222;\">que, parad\u00f3jicamente, de fr\u00edo tendr\u00e1 poco, al menos por el Oeste y Sur peninsular, porque la nieve aparecer\u00e1 sobre todo en zonas medias y altas de monta\u00f1a, aunque bien es cierto que llegar\u00e1 a pr\u00e1cticamente todos los sistemas monta\u00f1osos de la Pen\u00ednsula Ib\u00e9rica. No obstante, lo m\u00e1s destacado de este temporal atl\u00e1ntico ser\u00e1n las <\/span><strong style=\"color: #222222;\">lluvias y las fuertes rachas de viento<\/strong><span style=\"color: #222222;\"> que se esperan al paso del frente, sobre todo durante la tarde del martes 24, y en la madrugada del 24 al 25, momento en el cual el frente cruzar\u00e1 la Pen\u00ednsula de Oeste a Este.<!--more--><\/span><\/span><\/span><\/span><\/p>\n<p align=\"LEFT\"><span style=\"font-size: small;\"><span style=\"color: #222222;\"><span style=\"font-family: Arial, Helvetica, sans-serif;\">Entramos ya en puro an\u00e1lisis de situaci\u00f3n, en la que encontramos la <strong>r\u00e1pida profundizaci\u00f3n de una borrasca en el Atl\u00e1ntico Norte<\/strong>, cuyo frente fr\u00edo asociado ser\u00e1 el que nos afecte esta Nochebuena. Cabe destacar que el centro de la borrasca se ubica a <strong>2.000 kil\u00f3metros de nosotros<\/strong> (al Oeste del Reino Unido), pero la presi\u00f3n en su centro es tan baja, que la extensi\u00f3n de dicha regi\u00f3n de bajas presiones ocupa pr\u00e1cticamente todo el Atl\u00e1ntico Norte.<\/span><\/span><\/span><\/p>\n<p align=\"LEFT\"><span style=\"font-size: small;\"><span style=\"color: #222222;\"><span style=\"font-family: Arial, Helvetica, sans-serif;\">Nos encontramos en una situaci\u00f3n en la que la borrasca a vigilar es una <strong>aut\u00e9ntica <em>borrasca de libro<\/em><\/strong>, es decir, de las que s\u00f3lo se forman en contadas ocasiones, y de las que -desgraciadamente- <strong>acabar\u00e1 dando que hablar durante las pr\u00f3ximas horas<\/strong>, no s\u00f3lo en Espa\u00f1a, sino tambi\u00e9n en buena parte del Oeste de Europa, dada su potencia y sus grandes dimensiones.<\/span><\/span><\/span><\/p>\n<p align=\"LEFT\"><span style=\"font-size: small;\"><span style=\"color: #222222;\"><span style=\"font-family: Arial, Helvetica, sans-serif;\">En la animaci\u00f3n que encabeza esta noticia vemos perfectamente esa gran masa nubosa que, en las \u00faltimas horas, se ha ido configurando en aguas del Atl\u00e1ntico Norte, y que ya tenemos a las puertas del Oeste del continente Europeo, como vemos, con ese aspecto espectacular de dicho frente. <strong>La situaci\u00f3n se presenta m\u00e1s que interesante, y el seguimiento al minuto de esta profunda borrasca ser\u00e1 clave para conocer perfectamente c\u00f3mo nos va a afectar<\/strong>.<\/span><\/span><\/span><\/p>\n<p style=\"text-align: center;\" align=\"CENTER\"><strong><span style=\"font-size: small;\"><span style=\"color: #222222;\"><span style=\"font-family: Arial, Helvetica, sans-serif;\"><img loading=\"lazy\" class=\"aligncenter\" src=\"\/\/sia1.subirimagenes.net\/img\/2013\/12\/23\/131223064054401439.png\" alt=\"\" width=\"598\" height=\"399\" \/>Mapa de avisos meteorol\u00f3gicos de AEMET &#8211; (Avisos provisionales para el martes 24)<\/span><\/span><\/span><\/strong><\/p>\n<p align=\"LEFT\"><span style=\"font-size: small;\"><span style=\"color: #222222;\"><span style=\"font-family: Arial, Helvetica, sans-serif;\">-La Agencia Estatal de Meteorolog\u00eda ya tiene activados gran cantidad de avisos por <strong>fen\u00f3menos meteorol\u00f3gicos adversos<\/strong> en gran parte de la Pen\u00ednsula. Avisos por lluvias que pueden acumular entre <strong>40 y 80 mm en 12 horas<\/strong> por el Oeste peninsular, y hasta <strong>110 mm en 12 horas<\/strong> en zonas del Noroeste, lo que nos da una idea del car\u00e1cter persistente de las precipitaciones. En cuanto a los vientos, los avisos son por rachas de <strong>70-90 km\/h<\/strong> por el Oeste, y hasta <strong>120-140 km\/h<\/strong> en \u00e1reas monta\u00f1osas del Norte peninsular. Aviso rojo tambi\u00e9n en Galicia por temporal mar\u00edtimo, con <strong>olas que podr\u00e1n superar los 8 metros<\/strong>.<\/span><\/span><\/span><\/p>\n<p align=\"LEFT\"><span style=\"font-size: small;\"><span style=\"color: #222222;\"><span style=\"font-family: Arial, Helvetica, sans-serif;\">Muy probablemente en las pr\u00f3ximas horas esos avisos se extender\u00e1n a m\u00e1s zonas, e incluso subir\u00e1n de nivel all\u00ed donde el organismo oficial considere oportuno.<\/span><\/span><\/span><\/p>\n<p style=\"text-align: center;\" align=\"CENTER\"><strong><span style=\"font-size: small;\"><span style=\"color: #222222;\"><span style=\"font-family: Arial, Helvetica, sans-serif;\"><img loading=\"lazy\" class=\"aligncenter\" src=\"\/\/sia1.subirimagenes.net\/img\/2013\/12\/23\/131223065512662838.gif\" alt=\"\" width=\"630\" height=\"370\" \/>Evoluci\u00f3n de las precipitaciones seg\u00fan el modelo HIRLAM de la AEMET<\/span><\/span><\/span><\/strong><\/p>\n<p align=\"LEFT\"><span style=\"font-size: small;\"><span style=\"color: #222222;\"><span style=\"font-family: Arial, Helvetica, sans-serif;\">-Tal y como vemos en la animaci\u00f3n superior, el frente comienza a afectar al Noroeste peninsular durante la ma\u00f1ana del martes 24 y, posteriormente, las lluvias se extienden por todo el Norte, Oeste y Centro peninsular durante la tarde de esa misma jornada, y en la madrugada del martes al mi\u00e9rcoles. Los modelos reflejan <strong>lluvias bastante importantes, moderadas, muy generosas y abundantes<\/strong>.<\/span><\/span><\/span><\/p>\n<p align=\"LEFT\"><span style=\"font-size: small;\"><span style=\"color: #222222;\"><span style=\"font-family: Arial, Helvetica, sans-serif;\">Tras el paso del frente, el mi\u00e9rcoles 25 (Navidad), la gran masa de aire fr\u00edo que viaja detr\u00e1s del frente se colar\u00e1 por el Oeste y Noroeste peninsular, <strong>reactivando nuevas precipitaciones en forma de chubascos, e incluso con posibles tormentas aisladas<\/strong>, que afectar\u00e1n nuevamente a muchas zonas del pa\u00eds, aunque sobre todo al Noroeste, Oeste, y Centro peninsular. Eso s\u00ed, esos chubascos dejar\u00e1n lluvias mucho menos persistentes y m\u00e1s irregulares que las precipitaciones asociadas al frente. Incluso durante el d\u00eda de Navidad <strong>veremos algunos claros por el Oeste<\/strong> de la Pen\u00ednsula, debido precisamente a la entrada del aire fr\u00edo.<\/span><\/span><\/span><\/p>\n<p align=\"LEFT\"><span style=\"font-size: small;\"><span style=\"color: #222222;\"><span style=\"font-family: Arial, Helvetica, sans-serif;\">Ser\u00e1 tras el paso del frente, y con la entrada del aire fr\u00edo, cuando comiencen a <strong>descender las temperaturas y las cotas de nieve<\/strong>. Habr\u00e1 mucha diferencia entre las cotas del nieve del Centro y Norte, con las que tendremos por el Sur peninsular. En principio, la cota de nieve por el Oeste rondar\u00e1 los 1.200 metros bajando hasta los 900-1.000 metros. Por el Centro y Norte peninsular la cota bajar\u00e1 a lo largo de la jornada hasta los 700-800 metros, y ser\u00e1 algo m\u00e1s alta hacia el Sur, donde estar\u00e1 por encima de los 1.100 metros.<\/span><\/span><\/span><\/p>\n<p style=\"text-align: center;\" align=\"CENTER\"><strong><span style=\"font-size: small;\"><span style=\"color: #222222;\"><span style=\"font-family: Arial, Helvetica, sans-serif;\"><img loading=\"lazy\" class=\"aligncenter\" src=\"\/\/sia1.subirimagenes.net\/img\/2013\/12\/23\/131223074515272794.png\" alt=\"\" width=\"652\" height=\"311\" \/>Meteograma para un punto del Oeste peninsular, destacando las rachas de viento a nivel de superficie, de casi 90 km\/h &#8211; Modelo GFS<\/span><\/span><\/span><\/strong><\/p>\n<p align=\"LEFT\"><span style=\"font-size: small;\"><span style=\"color: #222222;\"><span style=\"font-family: Arial, Helvetica, sans-serif;\">-Como ya se ha indicado anteriormente, el viento podr\u00e1 alcanzar <strong>rachas de m\u00e1s de 70 km\/h<\/strong> en amplias zonas de la Pen\u00ednsula, e incluso hasta los <strong>140 km\/h en la Cordillera Cant\u00e1brica<\/strong>. En zonas de sierra del Oeste peninsular tambi\u00e9n tendremos fuertes rachas de viento, de m\u00e1s de <strong>100-110 km\/h<\/strong>, siendo algo menos importantes en zonas llanas, con unos<strong> 80-90 km\/h<\/strong>, que a\u00fan as\u00ed siguen siendo<strong> rachas muy fuertes<\/strong>. Parece que ser\u00e1 justo antes del paso del frente cuando se registren las rachas m\u00e1s importantes.<\/span><\/span><\/span><\/p>\n<p align=\"LEFT\"><span style=\"font-size: small;\"><span style=\"color: #222222;\"><span style=\"font-family: Arial, Helvetica, sans-serif;\">Mucho <strong>cuidado con los desplazamientos por carretera<\/strong> en \u00e9stos d\u00edas porque el tiempo no acompa\u00f1ar\u00e1, no s\u00f3lo por las lluvias, sino tambi\u00e9n por el viento. <strong><span style=\"text-decoration: underline;\">En ciudad debemos procurar no dejar elementos poco pesados en balcones, ventanas o azoteas, el viento en ciudad se canaliza a trav\u00e9s de las calles y se acelera<\/span><\/strong>.<\/span><\/span><\/span><\/p>\n<p align=\"LEFT\"><span style=\"font-size: small;\"><span style=\"color: #222222;\"><span style=\"font-family: Arial, Helvetica, sans-serif;\">As\u00ed que, por favor, ante las rachas fuertes de viento que podr\u00edamos tener en muchas zonas de Espa\u00f1a, <span style=\"text-decoration: underline;\"><strong>balcones, ventanas y azoteas limpias de elementos decorativos o ligeros<\/strong><\/span>, que f\u00e1cilmente pueden ser lanzados por el viento. \u00a1Hagamos de la ciudad un sitio seguro en situaciones adversas! Por el bien de tod@s.<\/span><\/span><\/span><\/p>\n<p align=\"LEFT\"><span style=\"font-size: small;\"><span style=\"color: #222222;\"><span style=\"font-family: Arial, Helvetica, sans-serif;\">-As\u00ed pues, <strong>mucha precauci\u00f3n durante la pr\u00f3ximas horas<\/strong> porque el tiempo se presenta muy complicado en gran parte de Espa\u00f1a. La situaci\u00f3n ser\u00e1 seguida minuto a minuto a trav\u00e9s de la <span style=\"color: #ff0000;\"><strong><a href=\"https:\/\/www.facebook.com\/MeteoBadajoz\" target=\"_blank\" rel=\"external nofollow\"><span style=\"color: #ff0000;\">p\u00e1gina de Facebook de este blog<\/span><\/a><\/strong><\/span><span style=\"color: #000000;\">, o bien a trav\u00e9s de la<\/span><strong><span style=\"color: #ff0000;\"> <a href=\"https:\/\/twitter.com\/MeteoBadajoz\" target=\"_blank\" rel=\"external nofollow\"><span style=\"color: #ff0000;\">cuenta de Twitter<\/span><\/a><\/span><span style=\"color: #000000;\">.<\/span><\/strong><\/span><\/span><\/span><\/p>\n<p align=\"LEFT\"><span style=\"color: #ffffff;\">.<\/span><\/p>\n<p style=\"text-align: center;\" align=\"LEFT\"><span style=\"color: #000000;\"><strong style=\"font-family: Arial, Helvetica, sans-serif; font-size: small;\">\u00a1\u00a1Aprovecho tambi\u00e9n para desearles unas FELICES FIESTAS Y PR\u00d3SPERO A\u00d1O NUEVO a todos los lectores del blog!!<\/strong><\/span><\/p>\n<p align=\"LEFT\"><span style=\"color: #ffffff;\">.<\/span><\/p>\n<p align=\"CENTER\"><span style=\"font-size: small;\"><strong><span style=\"color: #000000;\"><span style=\"font-family: Arial, Helvetica, sans-serif;\"><span style=\"text-decoration: underline;\"><strong>Si el art\u00edculo te ha parecido interesante, puedes ayudar a divulgarlo a trav\u00e9s de las redes sociales, con ayuda de los botones para compartir.<\/strong><\/span><\/span><\/span><\/strong><\/span><\/p>\n<p align=\"CENTER\"><span style=\"font-size: small;\"><strong><span style=\"color: #000000;\"><span style=\"font-family: Arial, Helvetica, sans-serif;\">\u00a1\u00a1Gracias!!<\/span><\/span><\/strong><\/span><\/p>\n<!-- AddThis Advanced Settings generic via filter on the_content --><!-- AddThis Share Buttons generic via filter on the_content -->","protected":false},"excerpt":{"rendered":"<p>\u00bb Una profunda borrasca atl\u00e1ntica provocar\u00e1 un importante temporal de lluvia y viento en gran parte del Oeste de Europa, que afectar\u00e1 a Espa\u00f1a durante esta Nochebuena y Navidad. Se esperan vientos de 70-90 km\/h (como m\u00ednimo) y lluvias generosas y persistentes. Animaci\u00f3n de im\u00e1genes infrarrojas del Meteosat, modo RGB-Masas de aire, con el acercamiento [&hellip;]<!-- AddThis Advanced Settings generic via filter on get_the_excerpt --><!-- AddThis Share Buttons generic via filter on get_the_excerpt --><\/p>\n","protected":false},"author":75,"featured_media":0,"comment_status":"open","ping_status":"closed","sticky":false,"template":"","format":"standard","meta":[],"categories":[4,5],"tags":[6,12,27,33,36,55,83,85,90,91,105,106,124,143],"_links":{"self":[{"href":"https:\/\/blogs.hoy.es\/meteobadajoz\/wp-json\/wp\/v2\/posts\/549"}],"collection":[{"href":"https:\/\/blogs.hoy.es\/meteobadajoz\/wp-json\/wp\/v2\/posts"}],"about":[{"href":"https:\/\/blogs.hoy.es\/meteobadajoz\/wp-json\/wp\/v2\/types\/post"}],"author":[{"embeddable":true,"href":"https:\/\/blogs.hoy.es\/meteobadajoz\/wp-json\/wp\/v2\/users\/75"}],"replies":[{"embeddable":true,"href":"https:\/\/blogs.hoy.es\/meteobadajoz\/wp-json\/wp\/v2\/comments?post=549"}],"version-history":[{"count":0,"href":"https:\/\/blogs.hoy.es\/meteobadajoz\/wp-json\/wp\/v2\/posts\/549\/revisions"}],"wp:attachment":[{"href":"https:\/\/blogs.hoy.es\/meteobadajoz\/wp-json\/wp\/v2\/media?parent=549"}],"wp:term":[{"taxonomy":"category","embeddable":true,"href":"https:\/\/blogs.hoy.es\/meteobadajoz\/wp-json\/wp\/v2\/categories?post=549"},{"taxonomy":"post_tag","embeddable":true,"href":"https:\/\/blogs.hoy.es\/meteobadajoz\/wp-json\/wp\/v2\/tags?post=549"}],"curies":[{"name":"wp","href":"https:\/\/api.w.org\/{rel}","templated":true}]}}