{"id":553,"date":"2014-01-05T12:25:36","date_gmt":"2014-01-05T11:25:36","guid":{"rendered":"http:\/\/blogs.hoy.es\/meteobadajoz\/?p=553"},"modified":"2014-01-05T12:25:36","modified_gmt":"2014-01-05T11:25:36","slug":"cabalgatas-y-dia-de-reyes-con-cielos-nubosos-y-posibles-lluvias-debiles-en-extremadura","status":"publish","type":"post","link":"https:\/\/blogs.hoy.es\/meteobadajoz\/2014\/01\/05\/cabalgatas-y-dia-de-reyes-con-cielos-nubosos-y-posibles-lluvias-debiles-en-extremadura\/","title":{"rendered":"Cabalgatas y D\u00eda de Reyes con cielos nubosos y posibles lluvias d\u00e9biles en Extremadura"},"content":{"rendered":"<p align=\"LEFT\"><strong><span style=\"font-size: large;\"><span style=\"color: #000000;\"><span style=\"font-family: 'Segoe UI';\">\u00bb<\/span><\/span><span style=\"color: #000000;\"><span style=\"font-family: 'Segoe UI', sans-serif;\"> Este domingo y durante el D\u00eda de Reyes, los cielos permanecer\u00e1n nubosos y con riesgo de lluvias d\u00e9biles en muchas zonas de Extremadura. Llegar\u00e1n nuevas lluvias a lo largo de la pr\u00f3xima semana, sobre todo al Oeste y Norte de la regi\u00f3n.<\/span><\/span><\/span><\/strong><\/p>\n<p style=\"text-align: center;\" align=\"CENTER\"><span style=\"font-size: small;\"><strong><span style=\"color: #000000;\"><span style=\"font-family: Arial, Helvetica, sans-serif;\"><img loading=\"lazy\" class=\"aligncenter\" src=\"\/\/sia1.subirimagenes.net\/img\/2014\/01\/05\/140105120752591917.gif\" alt=\"\" width=\"617\" height=\"380\" \/>Precipitaciones previstas en la tarde del domingo 5 Enero 2014 &#8211; Modelo HIRLAM-AEMET<\/span><\/span><\/strong><\/span><\/p>\n<p align=\"LEFT\"><span style=\"font-size: small;\"><span style=\"color: #000000;\"><span style=\"font-family: Arial, Helvetica, sans-serif;\"><strong>Domingo 5 de Enero 2014.<\/strong> \u00a1Feliz a\u00f1o!\u00a0<\/span><\/span><span style=\"color: #222222;\"><span style=\"font-family: Arial, Helvetica, sans-serif;\">Despu\u00e9s del paso del primer temporal de lluvia y viento por la Pen\u00ednsula de este 2014, la situaci\u00f3n tiende a estabilizarse en muchas zonas de la Pen\u00ednsula durante este domingo, con el alejamiento de las lluvias, aunque los cielos no acaban de despejarse por completo. Hoy vamos a centrarnos en la predicci\u00f3n para esta tarde y ma\u00f1ana\u00a0<\/span><\/span><\/span><span style=\"color: #222222; font-family: Arial, Helvetica, sans-serif; font-size: small;\">en Extremadura, dada la importancia de las condiciones meteorol\u00f3gicas para las Cabalgatas de Reyes y el d\u00eda festivo.<\/span><\/p>\n<p align=\"LEFT\"><span style=\"font-size: small;\"><span style=\"color: #222222;\"><span style=\"font-family: Arial, Helvetica, sans-serif;\"><!--more--><\/span><\/span><\/span><\/p>\n<p align=\"LEFT\"><span style=\"font-size: small;\"><span style=\"color: #222222;\"><span style=\"font-family: Arial, Helvetica, sans-serif;\">Este domingo <strong>ser\u00e1 un d\u00eda de transici\u00f3n entre frentes<\/strong>, ya que a partir del lunes volver\u00e1n las lluvias a la mitad Oeste peninsular. Aunque hoy predominan las altas presiones sobre la Pen\u00ednsula ib\u00e9rica, s\u00f3lo el acercamiento del nuevo frente previsto para la jornada del lunes, har\u00e1 aumentar la nubosidad durante esta tarde por todo el Oeste, anunciando la llegada de nuevas lluvias. Ser\u00e1n nubes bajas que se colar\u00e1n desde el Atl\u00e1ntico, delante del frente (como las que ya hemos visto esta ma\u00f1ana en muchas zonas de la regi\u00f3n), y que a lo largo de esta tarde podr\u00edan acabar dejando <strong>algunas lloviznas de car\u00e1cter d\u00e9bil<\/strong> en las comarcas m\u00e1s occidentales de la regi\u00f3n, siendo algo m\u00e1s destacables en las comarcas del Norte de la provincia de C\u00e1ceres.<\/span><\/span><\/span><\/p>\n<p align=\"LEFT\"><span style=\"font-size: small;\"><span style=\"color: #222222;\"><span style=\"font-family: Arial, Helvetica, sans-serif;\">En el mapa que encabeza esta noticia se muestran las precipitaciones d\u00e9biles que cabe esperar para esta tarde en las zonas mencionadas anteriormente. Como vemos, esas manchas de color azul claro, indican precipitaciones muy poco significativas (0,5 &#8211; 1 litros\/<wbr>m\u00b2\u00a0), pero son suficientes para que podamos ver algunas lloviznas que no deber\u00edan dejar -ni mucho menos- grandes acumulados.<\/wbr><\/span><\/span><\/span><\/p>\n<p style=\"text-align: center;\" align=\"LEFT\"><span style=\"font-size: small;\"><span style=\"color: #222222;\"><span style=\"font-family: Arial, Helvetica, sans-serif;\"><strong><img loading=\"lazy\" class=\"aligncenter\" src=\"\/\/sia1.subirimagenes.net\/img\/2014\/01\/05\/140105112827203940.gif\" alt=\"\" width=\"600\" height=\"450\" \/>Evoluci\u00f3n de la nubosidad de tipo bajo seg\u00fan el modelo WRF<\/strong><\/span><\/span><\/span><\/p>\n<p style=\"text-align: left;\" align=\"LEFT\"><span style=\"font-size: small;\"><span style=\"color: #222222;\"><span style=\"font-family: Arial, Helvetica, sans-serif;\">En la animaci\u00f3n superior, que muestra la evoluci\u00f3n de las nubes bajas en la Pen\u00ednsula para las pr\u00f3ximas horas, vemos la l\u00ednea m\u00e1s gruesa que se acerca por el Oeste (que corresponde con el frente), y c\u00f3mo delante de \u00e9l se agrupa una gran cantidad de nubes bajas, que llegan desde el Atl\u00e1ntico, y que se adentran hasta el interior de la Pen\u00ednsula. Ser\u00e1n \u00e9stas nubes las responsables de dejarnos esas posibles lloviznas durante las pr\u00f3ximas horas.<\/span><\/span><\/span><\/p>\n<p align=\"LEFT\"><span style=\"font-size: small;\"><span style=\"color: #222222;\"><span style=\"font-family: Arial, Helvetica, sans-serif;\">Ya de cara al lunes, D\u00eda de Reyes, la situaci\u00f3n volver\u00e1 a estar dominada por la <strong>inestabilidad en muchas zonas del Oeste peninsular<\/strong>. La llegada del frente desde el Noroeste peninsular, reactivar\u00e1 nuevas precipitaciones desde primeras horas del d\u00eda por el Noroeste de C\u00e1ceres, extendi\u00e9ndose durante la tarde a todo el Norte y Oeste de la regi\u00f3n. En esta jornada hablaremos de lluvias que podr\u00edan ser <strong>moderadas y de car\u00e1cter continuo<\/strong>, y que podr\u00edan ser <strong>incluso abundantes en las comarcas del Norte de Extremadura<\/strong>. En \u00e9ste aspecto, la Agencia Estatal de Meteorolog\u00eda ya <span style=\"color: #0000ff;\"><strong><a href=\"http:\/\/www.aemet.es\/es\/eltiempo\/prediccion\/avisos?w=mna&#038;k=ext\" target=\"_blank\" rel=\"external nofollow\"><span style=\"color: #0000ff;\">ha activado el aviso amarillo en el Norte de C\u00e1ceres, por lluvias que podr\u00edan acumular hasta 40 litros\/<wbr>m\u00b2\u00a0en 12 horas<\/wbr><\/span><\/a><\/strong><\/span>, lo que nos da una idea de la persistencia de las precipitaciones durante \u00e9sta jornada, sobre todo durante la tarde.<\/span><\/span><\/span><\/p>\n<p align=\"LEFT\"><span style=\"font-size: small;\"><span style=\"color: #222222;\"><span style=\"font-family: Arial, Helvetica, sans-serif;\">Y es que el frente no acabar\u00e1 barriendo toda la regi\u00f3n, tal y como ha venido sucediendo en los \u00faltimos d\u00edas, sino que se quedar\u00e1 pr\u00e1cticamente parado al Oeste peninsular y, desde ah\u00ed, dejar\u00e1 <strong>precipitaciones moderadas y persistentes<\/strong> en las mismas zonas durante algunas horas.<\/span><\/span><\/span><\/p>\n<p align=\"LEFT\"><span style=\"font-size: small;\"><span style=\"color: #222222;\"><span style=\"font-family: Arial, Helvetica, sans-serif;\">As\u00ed pues, situaci\u00f3n relativamente estable durante este domingo por la tarde, aunque con muchas nubes y posibles precipitaciones d\u00e9biles por el Oeste y Norte de Extremadura. Ojo a los acumulados de agua durante este lunes, porque las lluvias volver\u00e1n a hacer acto de presencia en la regi\u00f3n, sobre todo por el Norte. Adem\u00e1s, todo acompa\u00f1ado de un ambiente bastante h\u00famedo y con un ascenso de las temperaturas, lo que nos dejar\u00e1 valores t\u00e9rmicos muy suaves, pr\u00e1cticamente sin heladas, y todo por estos vientos del Suroeste, templados y cargados de abundante humedad.<\/span><\/span><\/span><\/p>\n<p align=\"LEFT\"><span style=\"font-size: small;\"><span style=\"color: #222222;\"><span style=\"font-family: Arial, Helvetica, sans-serif;\">No obstante, llueva o no, siempre paraguas en mano para ir a las Cabalgatas, porque lo que s\u00ed veremos -y con seguridad- ser\u00e1 una \u00a1<strong>lluvia de caramelos<\/strong>!<\/span><\/span><\/span><\/p>\n<p align=\"LEFT\"><span style=\"font-size: small;\"><strong><span style=\"color: #ffffff;\"><span style=\"font-family: Arial, Helvetica, sans-serif;\">.<\/span><\/span><\/strong><\/span><\/p>\n<p align=\"CENTER\"><span style=\"font-size: small;\"><strong><span style=\"color: #000000;\"><span style=\"font-family: Arial, Helvetica, sans-serif;\">Puedes seguir este blog a trav\u00e9s de la cuenta de Twitter <\/span><\/span><\/strong><strong><a href=\"https:\/\/twitter.com\/MeteoBadajoz\" target=\"_blank\" rel=\"external nofollow\"><span style=\"color: #ff0000;\"><span style=\"font-family: Arial, Helvetica, sans-serif;\">@MeteoBadajoz<\/span><\/span><\/a><\/strong><strong><span style=\"color: #000000;\"><span style=\"font-family: Arial, Helvetica, sans-serif;\">, o Facebook <\/span><\/span><\/strong><strong><a href=\"https:\/\/www.facebook.com\/pages\/MeteoBadajoz\/236436716399890\" target=\"_blank\" rel=\"external nofollow\"><span style=\"color: #ff0000;\"><span style=\"font-family: Arial, Helvetica, sans-serif;\">MeteoBadajoz<\/span><\/span><\/a><\/strong><strong><span style=\"color: #000000;\"><span style=\"font-family: Arial, Helvetica, sans-serif;\">, donde estar\u00e1s informado en todo momento de c\u00f3mo evolucionan los d\u00edas, as\u00ed como de noticias de inter\u00e9s meteorol\u00f3gico.<\/span><\/span><\/strong><\/span><\/p>\n<p align=\"CENTER\"><span style=\"font-size: small;\"><strong><span style=\"color: #000000;\"><span style=\"font-family: Arial, Helvetica, sans-serif;\"><span style=\"text-decoration: underline;\"><strong>Si el art\u00edculo te ha parecido interesante, puedes ayudar a divulgarlo a trav\u00e9s de las redes sociales, con ayuda de los botones para compartir.<\/strong><\/span><\/span><\/span><\/strong><\/span><\/p>\n<p align=\"CENTER\"><span style=\"font-size: small;\"><strong><span style=\"color: #000000;\"><span style=\"font-family: Arial, Helvetica, sans-serif;\">\u00a1\u00a1Gracias y un saludo a los lectores del blog!!<\/span><\/span><\/strong><\/span><\/p>\n<!-- AddThis Advanced Settings generic via filter on the_content --><!-- AddThis Share Buttons generic via filter on the_content -->","protected":false},"excerpt":{"rendered":"<p>\u00bb Este domingo y durante el D\u00eda de Reyes, los cielos permanecer\u00e1n nubosos y con riesgo de lluvias d\u00e9biles en muchas zonas de Extremadura. Llegar\u00e1n nuevas lluvias a lo largo de la pr\u00f3xima semana, sobre todo al Oeste y Norte de la regi\u00f3n. Precipitaciones previstas en la tarde del domingo 5 Enero 2014 &#8211; Modelo [&hellip;]<!-- AddThis Advanced Settings generic via filter on get_the_excerpt --><!-- AddThis Share Buttons generic via filter on get_the_excerpt --><\/p>\n","protected":false},"author":75,"featured_media":0,"comment_status":"open","ping_status":"closed","sticky":false,"template":"","format":"standard","meta":[],"categories":[5],"tags":[7,26,59,83,85,91,122,124],"_links":{"self":[{"href":"https:\/\/blogs.hoy.es\/meteobadajoz\/wp-json\/wp\/v2\/posts\/553"}],"collection":[{"href":"https:\/\/blogs.hoy.es\/meteobadajoz\/wp-json\/wp\/v2\/posts"}],"about":[{"href":"https:\/\/blogs.hoy.es\/meteobadajoz\/wp-json\/wp\/v2\/types\/post"}],"author":[{"embeddable":true,"href":"https:\/\/blogs.hoy.es\/meteobadajoz\/wp-json\/wp\/v2\/users\/75"}],"replies":[{"embeddable":true,"href":"https:\/\/blogs.hoy.es\/meteobadajoz\/wp-json\/wp\/v2\/comments?post=553"}],"version-history":[{"count":0,"href":"https:\/\/blogs.hoy.es\/meteobadajoz\/wp-json\/wp\/v2\/posts\/553\/revisions"}],"wp:attachment":[{"href":"https:\/\/blogs.hoy.es\/meteobadajoz\/wp-json\/wp\/v2\/media?parent=553"}],"wp:term":[{"taxonomy":"category","embeddable":true,"href":"https:\/\/blogs.hoy.es\/meteobadajoz\/wp-json\/wp\/v2\/categories?post=553"},{"taxonomy":"post_tag","embeddable":true,"href":"https:\/\/blogs.hoy.es\/meteobadajoz\/wp-json\/wp\/v2\/tags?post=553"}],"curies":[{"name":"wp","href":"https:\/\/api.w.org\/{rel}","templated":true}]}}