{"id":558,"date":"2014-01-18T07:00:09","date_gmt":"2014-01-18T06:00:09","guid":{"rendered":"http:\/\/blogs.hoy.es\/meteobadajoz\/?p=558"},"modified":"2014-01-18T07:00:09","modified_gmt":"2014-01-18T06:00:09","slug":"fin-de-semana-inestable-con-lluvia-y-nieve-en-zonas-de-sierra-de-extremadura","status":"publish","type":"post","link":"https:\/\/blogs.hoy.es\/meteobadajoz\/2014\/01\/18\/fin-de-semana-inestable-con-lluvia-y-nieve-en-zonas-de-sierra-de-extremadura\/","title":{"rendered":"Fin de semana inestable, con lluvia y nieve en zonas de sierra de Extremadura"},"content":{"rendered":"<p align=\"LEFT\"><span style=\"font-size: large;\"><strong><span style=\"color: #000000;\"><span style=\"font-family: 'Segoe UI';\">\u00bb<\/span><\/span><span style=\"color: #000000;\"><span style=\"font-family: 'Segoe UI', sans-serif;\"> El fin de semana nos dejar\u00e1 el paso de un nuevo frente fr\u00edo desde el Oeste peninsular, que volver\u00e1 a dejarnos precipitaciones y nieve en zonas de sierra a partir de unos 800-1.000 metros. Se mantiene la inestabilidad durante los pr\u00f3ximos d\u00edas, y con descenso de las temperaturas.<\/span><\/span><\/strong><\/span><\/p>\n<p style=\"text-align: center;\" align=\"CENTER\"><span style=\"font-size: small;\"><strong><span style=\"color: #000000;\"><span style=\"font-family: Arial, Helvetica, sans-serif;\"><img loading=\"lazy\" class=\"aligncenter\" src=\"\/\/sia1.subirimagenes.net\/img\/2014\/01\/18\/140118014523322049.png\" alt=\"\" width=\"650\" height=\"370\" \/>Temperaturas a 850 hPa (1.500 metros) previstas para el domingo 19 de Enero 2014 \u2013 Modelo HIRLAM-AEMET<\/span><\/span><\/strong><\/span><\/p>\n<p align=\"LEFT\"><span style=\"font-size: small;\"><span style=\"color: #000000;\"><span style=\"font-family: Arial, Helvetica, sans-serif;\"><strong>S\u00e1bado 18 de Enero 2014.<\/strong><\/span><\/span><span style=\"color: #000000;\"><span style=\"font-family: Arial, Helvetica, sans-serif;\"> La inestabilidad contin\u00faa acompa\u00f1\u00e1ndonos desde hace ya varios d\u00edas, con el paso sucesivo de frentes fr\u00edos y bandas de lluvias, aunque con la novedad de que cada vez va llegando m\u00e1s aire fr\u00edo hacia las latitudes de la Pen\u00ednsula Ib\u00e9rica. Y<\/span><\/span><span style=\"color: #222222;\"><span style=\"font-family: Arial, Helvetica, sans-serif;\">a durante este viernes <span style=\"color: #ff0000;\"><a href=\"http:\/\/www.hoy.es\/20140116\/local\/lluvias-debiles-extremadura-201401160930.html\" target=\"_blank\" rel=\"external nofollow\"><span style=\"color: #ff0000;\">hemos visto algunas nevadas en zonas de sierra del Norte de la provincia de C\u00e1ceres<\/span><\/a><\/span>, e incluso posiblemente tambi\u00e9n hacia la sierra de Las Villuercas (aunque la nubosidad no ha permitido observar si finalmente lo ha hecho).<\/span><\/span><\/span><\/p>\n<p align=\"LEFT\"><span style=\"font-size: small;\"><span style=\"color: #222222;\"><span style=\"font-family: Arial, Helvetica, sans-serif;\">Pero a lo largo del fin de semana tendremos una nueva oportunidad de ver nieve en zonas de sierra, y a cotas no demasiado altas; tan s\u00f3lo a partir de unos 800 metros como m\u00ednimo en el Norte de Extremadura.<!--more--><\/span><\/span><\/span><\/p>\n<p align=\"LEFT\"><span style=\"font-size: small;\"><span style=\"color: #222222;\"><span style=\"font-family: Arial, Helvetica, sans-serif;\">En el mapa superior vemos representada la lengua de aire fr\u00edo que nos afectar\u00e1 este fin de semana, y que viene pr\u00e1cticamente desde el Atl\u00e1ntico Norte hacia la Pen\u00ednsula. Se trata de una masa de aire Polar Mar\u00edtima, por lo que adem\u00e1s de ser fr\u00eda, viene con bastante humedad y, por tanto, con precipitaciones. Este fin de semana <strong>la situaci\u00f3n se presenta bastante interesante<\/strong>, sobre todo para los amantes de la nieve, ya que podr\u00edamos verla m\u00e1s all\u00e1 de las zonas monta\u00f1osas, incluso por zonas del Interior peninsular, y tambi\u00e9n de nuevo en Extremadura, aunque <strong>no nos hagamos ilusiones, no ser\u00e1 nada excepcional<\/strong>.<\/span><\/span><\/span><\/p>\n<p align=\"LEFT\"><span style=\"font-size: small;\"><span style=\"color: #222222;\"><span style=\"font-family: Arial, Helvetica, sans-serif;\">El modelo Europeo viene mostrando mapas de nieve muy interesantes, con acumulados de entre 1 a 5 cm en puntos del Centro peninsular, y algo m\u00e1s destacables l\u00f3gicamente en \u00e1reas de monta\u00f1a. Eso s\u00ed, en las \u00faltimas actualizaciones del modelo, hemos podido comprobar que ha retirado gran parte de las precipitaciones en forma de nieve que inicialmente esperaba en la Meseta Sur (Centro y Sureste de Castilla La Mancha), pero las mantiene en el resto de zonas.<\/span><\/span><\/span><\/p>\n<p style=\"text-align: center;\" align=\"LEFT\"><strong><span style=\"font-size: small;\"><span style=\"color: #222222;\"><span style=\"font-family: Arial, Helvetica, sans-serif;\"><img loading=\"lazy\" class=\"aligncenter\" src=\"https:\/\/fbcdn-sphotos-a-a.akamaihd.net\/hphotos-ak-ash3\/s720x720\/1044162_666587846718106_486693899_n.png\" alt=\"\" width=\"648\" height=\"326\" \/>Comparaci\u00f3n entre dos salidas distintas del modelo Europeo con los mapas de nieve &#8211; ECMWF<\/span><\/span><\/span><\/strong><\/p>\n<p style=\"text-align: center;\" align=\"LEFT\"><span style=\"color: #ffffff;\">.<\/span><\/p>\n<p style=\"text-align: center;\" align=\"LEFT\"><span style=\"text-decoration: underline; font-size: xx-large;\"><strong><span style=\"color: #222222;\"><span style=\"font-family: Arial, Helvetica, sans-serif;\">\u00a0 Predicci\u00f3n en Extremadura \u00a0<\/span><\/span><\/strong><\/span><\/p>\n<p align=\"LEFT\"><span style=\"font-size: small;\"><span style=\"color: #222222;\"><span style=\"font-family: Arial, Helvetica, sans-serif;\"><br \/>\n<strong style=\"font-size: large; color: #000000; font-family: Georgia, 'Times New Roman', 'Bitstream Charter', Times, serif;\"><span style=\"color: #222222;\"><span style=\"font-family: Arial, Helvetica, sans-serif;\">-S\u00e1bado 18 de Enero:<\/span><\/span><\/strong><\/span><\/span><\/span><\/p>\n<p align=\"LEFT\"><span style=\"font-size: small;\"><span style=\"color: #222222;\"><span style=\"font-family: Arial, Helvetica, sans-serif;\">Ser\u00e1 una jornada de transici\u00f3n entre la inestabilidad que tuvimos el viernes y la llegada de un nuevo frente desde el Oeste. La ma\u00f1ana ser\u00e1 bastante nubosa en gran parte de la regi\u00f3n, y todav\u00eda se mantendr\u00e1 el <strong>riesgo de lluvias en todas las comarcas<\/strong>, aunque ser\u00edan d\u00e9biles y de car\u00e1cter disperso, lloviznas de poca duraci\u00f3n. A lo largo de la ma\u00f1ana, tanto la nubosidad como el riesgo de lluvias ir\u00edan a menos, qued\u00e1ndonos con cielos m\u00e1s despejados hacia el mediod\u00eda, aunque la nubosidad no desaparecer\u00e1 por completo.<\/span><\/span><\/span><\/p>\n<p align=\"LEFT\"><span style=\"font-size: small;\"><span style=\"color: #222222;\"><span style=\"font-family: Arial, Helvetica, sans-serif;\">De cara a la tarde, el acercamiento del nuevo frente fr\u00edo para la madrugada del s\u00e1bado al domingo, volver\u00e1 a dejar un progresivo <strong>aumento de la nubosidad desde el Oeste<\/strong>, con cielos cada vez m\u00e1s nubosos por todo el Oeste de la regi\u00f3n, e incluso cubiertos hacia el final del d\u00eda, cuando las lluvias ya empezar\u00e1n a afectar a todo el Oeste de Extremadura.<\/span><\/span><\/span><\/p>\n<p align=\"LEFT\"><span style=\"font-size: small;\"><span style=\"color: #222222;\"><span style=\"font-family: Arial, Helvetica, sans-serif;\">En esta jornada la cota de nieve se mover\u00e1 entre los 800-1.000 metros en el Norte de la regi\u00f3n, y los 1.000-1.100 metros en el Sur. Durante el s\u00e1bado, en principio, s\u00f3lo cabe esperar <strong>nevadas en las sierras del Norte de la provincia de C\u00e1ceres<\/strong>.<\/span><\/span><\/span><\/p>\n<p align=\"LEFT\"><span style=\"font-size: large;\"><strong><span style=\"color: #222222;\"><span style=\"font-family: Arial, Helvetica, sans-serif;\">-Domingo 19 de Enero:<\/span><\/span><\/strong><\/span><\/p>\n<p align=\"LEFT\"><span style=\"font-size: small;\"><span style=\"color: #222222;\"><span style=\"font-family: Arial, Helvetica, sans-serif;\">A lo largo de la madrugada del s\u00e1bado al domingo, el frente que a \u00faltimas horas del s\u00e1bado entraba por el Oeste peninsular, ir\u00e1 barriendo Extremadura de Oeste a Este, con <strong>precipitaciones m\u00e1s significativas y abundantes hacia el Sur de la provincia de Badajoz<\/strong> y algo m\u00e1s d\u00e9biles en el resto. Ser\u00e1n lluvias d\u00e9biles\/moderadas y de car\u00e1cter persistente, sobre todo hacia el Suroeste de la regi\u00f3n, pero ser\u00e1n probables en cualquier punto de la mitad Oeste peninsular. No se descarta que de madrugada se pueden producir <strong>nevadas en todas las sierras del Norte de C\u00e1ceres<\/strong> y, de forma puntual, en <strong>zonas altas de la Sierra de San Pedro<\/strong> (hacia el Oeste de C\u00e1ceres), en Las Villuercas, y ya veremos si al final acaba cayendo alg\u00fan copo hacia zonas de sierras del Sur de la provincia de Badajoz.<\/span><\/span><\/span><\/p>\n<p align=\"LEFT\"><span style=\"font-size: small;\"><span style=\"color: #222222;\"><span style=\"font-family: Arial, Helvetica, sans-serif;\">El domingo por la ma\u00f1ana, todav\u00eda encontrar\u00edamos precipitaciones d\u00e9biles y cielos muy nubosos por las comarcas m\u00e1s orientales (Tentud\u00eda, Campi\u00f1a Sur, La Serena, La Siberia&#8230;), con <strong>tendencia a remitir durante la tarde<\/strong>, con la apertura de muchos claros desde el Oeste.<\/span><\/span><\/span><\/p>\n<p align=\"LEFT\"><span style=\"font-size: small;\"><span style=\"color: #222222;\"><span style=\"font-family: Arial, Helvetica, sans-serif;\">El cambio de vientos a Noroeste, permitir\u00e1 que la tarde del domingo acabe siendo bastante soleada en muchas zonas de Extremadura, sobre todo cuanto m\u00e1s Oeste nos encontremos. Adem\u00e1s, ese viento soplar\u00e1 con rachas m\u00e1ximas de unos 45-50 km\/h, por lo que ser\u00e1 una <strong>jornada ventosa y con sensaci\u00f3n t\u00e9rmica bastante baja<\/strong>.<\/span><\/span><\/span><\/p>\n<p align=\"LEFT\"><span style=\"font-size: small;\"><span style=\"color: #222222;\"><span style=\"font-family: Arial, Helvetica, sans-serif;\">-La cota de nieve durante esta jornada se situar\u00e1 alrededor de los 700-800 metros durante la noche y primeras horas del d\u00eda en el Norte de C\u00e1ceres, mientras que en el resto la cota se mover\u00e1 entre 800-1.000 metros. Por la tarde, a pesar de que las precipitaciones tienden a remitir, la presencia del aire fr\u00edo podr\u00eda generar algunos chubascos dispersos, y de ser as\u00ed la cota estar\u00e1 en los 800-1.000 metros en el Norte de Extremadura, y cada vez m\u00e1s alta por el Sur, en los 1.000-1.200 metros.<\/span><\/span><\/span><\/p>\n<p align=\"LEFT\"><span style=\"font-size: small;\"><span style=\"color: #222222;\"><span style=\"font-family: Arial, Helvetica, sans-serif;\">Con ese viento del Noroeste lo que suele ocurrir es que la nubosidad se acumula en la cara Norte de la Sierra de Gata y de Gredos, y es all\u00ed donde se producir\u00edan <strong>algunas nevadas<\/strong> a lo largo de la tarde.<\/span><\/span><\/span><\/p>\n<p align=\"LEFT\"><span style=\"font-size: small;\"><span style=\"color: #222222;\"><span style=\"font-family: Arial, Helvetica, sans-serif;\">-En principio los modelos <strong>no reflejan nevadas en el Sur de Badajoz<\/strong> durante estos d\u00edas, pero s\u00ed es cierto que en determinados momentos la cota ser\u00e1 suficientemente baja como para ver algo de nieve por el Sur, eso s\u00ed, siempre y cuando coincida con precipitaci\u00f3n. Es decir, en teor\u00eda no deber\u00eda nevar en el Sur de Extremadura, pero <strong>tampoco habr\u00eda que descartarlo<\/strong>. En cualquier caso no ser\u00eda una nevada demasiado copiosa, habr\u00e1 que estar atentos a c\u00f3mo se desarrolle la situaci\u00f3n.<\/span><\/span><\/span><\/p>\n<p align=\"LEFT\"><span style=\"font-size: small;\"><strong><span style=\"color: #ffffff;\"><span style=\"font-family: Arial, Helvetica, sans-serif;\">.<\/span><\/span><\/strong><\/span><\/p>\n<p align=\"CENTER\"><span style=\"font-size: small;\"><strong><span style=\"color: #000000;\"><span style=\"font-family: Arial, Helvetica, sans-serif;\">Puedes seguir este blog a trav\u00e9s de la cuenta de Twitter <\/span><\/span><\/strong><strong><a href=\"https:\/\/twitter.com\/MeteoBadajoz\" target=\"_blank\" rel=\"external nofollow\"><span style=\"color: #ff0000;\"><span style=\"font-family: Arial, Helvetica, sans-serif;\">@MeteoBadajoz<\/span><\/span><\/a><\/strong><strong><span style=\"color: #000000;\"><span style=\"font-family: Arial, Helvetica, sans-serif;\">, o Facebook <\/span><\/span><\/strong><strong><a href=\"https:\/\/www.facebook.com\/pages\/MeteoBadajoz\/236436716399890\" target=\"_blank\" rel=\"external nofollow\"><span style=\"color: #ff0000;\"><span style=\"font-family: Arial, Helvetica, sans-serif;\">MeteoBadajoz<\/span><\/span><\/a><\/strong><strong><span style=\"color: #000000;\"><span style=\"font-family: Arial, Helvetica, sans-serif;\">, donde estar\u00e1s informado en todo momento de c\u00f3mo evolucionan los d\u00edas, as\u00ed como de noticias de inter\u00e9s meteorol\u00f3gico.<\/span><\/span><\/strong><\/span><\/p>\n<p align=\"CENTER\"><span style=\"font-size: small;\"><strong><span style=\"color: #000000;\"><span style=\"font-family: Arial, Helvetica, sans-serif;\"><span style=\"text-decoration: underline;\"><strong>Si el art\u00edculo te ha parecido interesante, puedes ayudar a divulgarlo a trav\u00e9s de las redes sociales, con ayuda de los botones para compartir.<\/strong><\/span><\/span><\/span><\/strong><\/span><\/p>\n<p align=\"CENTER\"><span style=\"font-size: small;\"><strong><span style=\"color: #000000;\"><span style=\"font-family: Arial, Helvetica, sans-serif;\">\u00a1\u00a1Gracias y un saludo a los lectores del blog!!<\/span><\/span><\/strong><\/span><\/p>\n<!-- AddThis Advanced Settings generic via filter on the_content --><!-- AddThis Share Buttons generic via filter on the_content -->","protected":false},"excerpt":{"rendered":"<p>\u00bb El fin de semana nos dejar\u00e1 el paso de un nuevo frente fr\u00edo desde el Oeste peninsular, que volver\u00e1 a dejarnos precipitaciones y nieve en zonas de sierra a partir de unos 800-1.000 metros. Se mantiene la inestabilidad durante los pr\u00f3ximos d\u00edas, y con descenso de las temperaturas. Temperaturas a 850 hPa (1.500 metros) [&hellip;]<!-- AddThis Advanced Settings generic via filter on get_the_excerpt --><!-- AddThis Share Buttons generic via filter on get_the_excerpt --><\/p>\n","protected":false},"author":75,"featured_media":0,"comment_status":"open","ping_status":"closed","sticky":false,"template":"","format":"standard","meta":[],"categories":[5],"tags":[7,12,33,44,59,73,83,85,90,91,106,126],"_links":{"self":[{"href":"https:\/\/blogs.hoy.es\/meteobadajoz\/wp-json\/wp\/v2\/posts\/558"}],"collection":[{"href":"https:\/\/blogs.hoy.es\/meteobadajoz\/wp-json\/wp\/v2\/posts"}],"about":[{"href":"https:\/\/blogs.hoy.es\/meteobadajoz\/wp-json\/wp\/v2\/types\/post"}],"author":[{"embeddable":true,"href":"https:\/\/blogs.hoy.es\/meteobadajoz\/wp-json\/wp\/v2\/users\/75"}],"replies":[{"embeddable":true,"href":"https:\/\/blogs.hoy.es\/meteobadajoz\/wp-json\/wp\/v2\/comments?post=558"}],"version-history":[{"count":0,"href":"https:\/\/blogs.hoy.es\/meteobadajoz\/wp-json\/wp\/v2\/posts\/558\/revisions"}],"wp:attachment":[{"href":"https:\/\/blogs.hoy.es\/meteobadajoz\/wp-json\/wp\/v2\/media?parent=558"}],"wp:term":[{"taxonomy":"category","embeddable":true,"href":"https:\/\/blogs.hoy.es\/meteobadajoz\/wp-json\/wp\/v2\/categories?post=558"},{"taxonomy":"post_tag","embeddable":true,"href":"https:\/\/blogs.hoy.es\/meteobadajoz\/wp-json\/wp\/v2\/tags?post=558"}],"curies":[{"name":"wp","href":"https:\/\/api.w.org\/{rel}","templated":true}]}}