{"id":559,"date":"2014-01-25T12:30:36","date_gmt":"2014-01-25T11:30:36","guid":{"rendered":"http:\/\/blogs.hoy.es\/meteobadajoz\/?p=559"},"modified":"2014-01-25T12:30:36","modified_gmt":"2014-01-25T11:30:36","slug":"la-nieve-del-norte-de-extremadura-vista-desde-el-espacio-a-traves-de-los-satelites-de-la-nasa","status":"publish","type":"post","link":"https:\/\/blogs.hoy.es\/meteobadajoz\/2014\/01\/25\/la-nieve-del-norte-de-extremadura-vista-desde-el-espacio-a-traves-de-los-satelites-de-la-nasa\/","title":{"rendered":"La nieve del Norte de Extremadura, vista desde el espacio a trav\u00e9s de los sat\u00e9lites de la NASA"},"content":{"rendered":"<p align=\"LEFT\"><span style=\"font-size: large;\"><strong><span style=\"color: #000000;\"><span style=\"font-family: 'Segoe UI';\">\u00bb<\/span><\/span><span style=\"color: #000000;\"><span style=\"font-family: 'Segoe UI', sans-serif;\">\u00a0Los cielos despejados est\u00e1n permitiendo que las \u00faltimas nevadas ca\u00eddas en el Norte de C\u00e1ceres y en todo el Sistema Central, sean claramente visibles desde el espacio con ayuda de los sat\u00e9lites meteorol\u00f3gicos de la NASA.<\/span><\/span><\/strong><\/span><\/p>\n<p style=\"text-align: center;\" align=\"CENTER\"><span style=\"font-size: small;\"><strong><span style=\"color: #000000;\"><span style=\"font-family: Arial, Helvetica, sans-serif;\"><img loading=\"lazy\" class=\"aligncenter\" src=\"\/\/sia1.subirimagenes.net\/img\/2014\/01\/24\/140124070341564373.png\" alt=\"\" width=\"621\" height=\"333\" \/>Imagen de alta resoluci\u00f3n del sat\u00e9lite AQUA de la NASA &#8211; Jueves 23 de Enero 2014<\/span><\/span><\/strong><\/span><\/p>\n<p align=\"LEFT\"><span style=\"font-size: small;\"><span style=\"color: #000000;\"><span style=\"font-family: Arial, Helvetica, sans-serif;\"><strong>S\u00e1bado 25 de Enero 2014.<\/strong><\/span><\/span><span style=\"color: #000000;\"><span style=\"font-family: Arial, Helvetica, sans-serif;\"> D<\/span><\/span><span style=\"color: #222222;\"><span style=\"font-family: Arial, Helvetica, sans-serif;\">urante los \u00faltimos d\u00edas, el paso de algunos frentes y lineas de inestabilidad desde el Oeste peninsular, unido a la presencia de aire fr\u00edo en niveles medios y altos de la Troposfera, han ayudado a que se produzcan <strong>nevadas en las principales zonas de monta\u00f1a<\/strong> de la Pen\u00ednsula Ib\u00e9rica, a partir de cotas no demasiado altas. Nieve que podemos observar a simple vista y desde bien lejos en d\u00edas de cielo despejado y con buena visibilidad, pero que tambi\u00e9n se hacen muy visibles desde las alturas.<!--more--><\/span><\/span><\/span><\/p>\n<p align=\"LEFT\"><span style=\"font-size: small;\"><span style=\"color: #222222;\"><span style=\"font-family: Arial, Helvetica, sans-serif;\">El cielo despejado que estamos teniendo en todo el Centro y Suroeste peninsular durante los \u00faltimos d\u00edas, est\u00e1 permitiendo la captura de im\u00e1genes espectaculares a trav\u00e9s de los sat\u00e9lites meteorol\u00f3gicos de la NASA. Im\u00e1genes tan espectaculares como la que encabeza esta noticia, correspondiente a la parte m\u00e1s occidental del Sistema Central, y que muestra <strong>la presencia de bastante nieve<\/strong> en toda la zona. En ella quedan reflejadas los l\u00edmites administrativos de Extremadura, as\u00ed como algunas localidades de la provincia de C\u00e1ceres.<\/span><\/span><\/span><\/p>\n<p align=\"LEFT\"><span style=\"font-size: small;\"><span style=\"color: #222222;\"><span style=\"font-family: Arial, Helvetica, sans-serif;\">En estas im\u00e1genes de color natural, a veces se hace complicado diferenciar las zonas con nieve, de las zonas donde encontramos nubosidad, y por ello \u00e9ste sat\u00e9lite tambi\u00e9n genera otra imagen en falso color que resalta aquellas zonas donde la temperatura es muy baja; es decir, donde encontramos <strong>cristales de hielo<\/strong>.<\/span><\/span><\/span><\/p>\n<p align=\"LEFT\"><span style=\"font-size: small;\"><span style=\"color: #222222;\"><span style=\"font-family: Arial, Helvetica, sans-serif;\">En la siguiente imagen vemos perfectamente, en color turquesa, la nieve ca\u00edda en los \u00faltimos d\u00edas en todo el Sistema Central, e incluso tambi\u00e9n la que encontramos (o encontr\u00e1bamos) en la Sierra de Gata, hacia el extremo m\u00e1s septentrional de la provincia de C\u00e1ceres.<\/span><\/span><\/span><\/p>\n<p style=\"text-align: center;\" align=\"CENTER\"><span style=\"font-size: small;\"><strong><span style=\"color: #000000;\"><span style=\"font-family: Arial, Helvetica, sans-serif;\"><img loading=\"lazy\" class=\"aligncenter\" src=\"\/\/sia1.subirimagenes.net\/img\/2014\/01\/24\/140124071423488102.png\" alt=\"\" width=\"623\" height=\"336\" \/>Imagen de alta resoluci\u00f3n del sat\u00e9lite AQUA de la NASA &#8211; Jueves 23 de Enero 2014<\/span><\/span><\/strong><\/span><\/p>\n<p align=\"LEFT\"><span style=\"font-size: small;\"><span style=\"color: #222222;\"><span style=\"font-family: Arial, Helvetica, sans-serif;\">Cabe destacar que hay bastante diferencia entre un primer momento en que se despejan los cielos tras las nevadas del \u00faltimo episodio, y la imagen mostrada anteriormente. Tras varios d\u00edas de cielos cubiertos en toda la zona, la primera imagen con cielo despejado del Norte de Extremadura muestra <strong>nieve en otras zonas donde poco despu\u00e9s no la tenemos<\/strong>. Se nota mucho por ejemplo en la provincia de \u00c1vila, en la cara Norte de la Sierra de Gredos, donde encontr\u00e1bamos nieve en cotas relativamente bajas durante el pasado fin de semana, pero a lo largo de la semana, el cielo despejado y la propia insolaci\u00f3n diurna han provocado que parte de esa nieve se pierda, quedando <strong>restringida a cotas algo m\u00e1s altas<\/strong>, pero en cantidades igualmente destacables.<\/span><\/span><\/span><\/p>\n<p align=\"LEFT\"><span style=\"font-size: small;\"><span style=\"color: #222222;\"><span style=\"font-family: Arial, Helvetica, sans-serif;\">Lo comentado anteriormente podemos observarlo perfectamente en esta animaci\u00f3n, que compara la nieve ca\u00edda en el entorno de Gredos entre los d\u00edas 20 y 23 de Enero 2014 (nieve en color turquesa):<\/span><\/span><\/span><\/p>\n<p style=\"text-align: center;\" align=\"CENTER\"><span><strong><span><span><span style=\"font-family: Arial, Helvetica, sans-serif; font-size: x-small;\"><img loading=\"lazy\" class=\"aligncenter\" src=\"\/\/sia1.subirimagenes.net\/img\/2014\/01\/24\/140124074718666877.gif\" alt=\"\" width=\"640\" height=\"360\" \/><span style=\"font-size: small; color: #000000;\">Im\u00e1genes visibles de alta resoluci\u00f3n del sat\u00e9lite AQUA de la NASA, tomadas durante los d\u00edas Lunes y Jueves, 20 y 23 de Enero 2014 respectivamente<\/span><\/span><\/span><\/span><\/strong><\/span><\/p>\n<p style=\"text-align: left;\" align=\"CENTER\"><span style=\"font-size: small; color: #000000;\"><span style=\"font-family: Arial, Helvetica, sans-serif;\">Otra elemento a\u00a0mencionar\u00a0es, por supuesto, la <strong>abundante vegetaci\u00f3n<\/strong> que predomina ya en buena parte de la mitad Oeste peninsular, fruto\u00a0de la gran humedad aportada por los sucesivos frentes que nos han cruzado a lo largo de las \u00faltimas semanas, y que dejan im\u00e1genes satelitales tal espectaculares como la que se muestra a continuaci\u00f3n.<\/span><\/span><\/p>\n<p style=\"text-align: center;\" align=\"CENTER\"><span style=\"font-size: small; color: #000000;\"><span style=\"font-family: Arial, Helvetica, sans-serif;\"><strong><span style=\"font-family: Arial, Helvetica, sans-serif;\"><img loading=\"lazy\" class=\"aligncenter\" src=\"\/\/sia1.subirimagenes.net\/img\/2014\/01\/24\/14012408562840090.png\" alt=\"\" width=\"650\" height=\"371\" \/>Imagen visible de alta resoluci\u00f3n del sat\u00e9lite AQUA de la NASA<\/span><\/strong><\/span><\/span><\/p>\n<p style=\"text-align: left;\" align=\"CENTER\"><span style=\"font-size: small; color: #000000;\"><span style=\"font-family: Arial, Helvetica, sans-serif;\"><span style=\"font-family: Arial, Helvetica, sans-serif;\">En ella vemos muy bien definida la zona de la <em>Tierra de Barros<\/em>, en la provincia de Badajoz, con esos tonos marrones y rojizos de su suelo arcilloso, en contraste con la provincia de C\u00e1ceres, que se muestra mucho m\u00e1s &#8220;salvaje&#8221;, con tonalidades verdosas que reflejan la gran cantidad de vegetaci\u00f3n que tenemos en nuestra tierra. Espectacular tambi\u00e9n el color azul del Oc\u00e9ano Atl\u00e1ntico, y esos flujos de sedimentos que recorren las costas del Suroeste de la Pen\u00ednsula Ib\u00e9rica.<\/span><\/span><\/span><\/p>\n<p style=\"text-align: left;\" align=\"CENTER\"><span style=\"font-size: small; color: #000000;\"><span style=\"font-family: Arial, Helvetica, sans-serif;\"><span style=\"font-family: Arial, Helvetica, sans-serif;\">-\u00c9stas y otras muchas im\u00e1genes est\u00e1n cada d\u00eda disponibles en un apartado de la <span style=\"color: #ff0000;\"><a href=\"http:\/\/goo.gl\/Vd7X5r\" target=\"_blank\" rel=\"external nofollow\"><span style=\"color: #ff0000;\">Web de la NASA<\/span><\/a><\/span>, donde no s\u00f3lo tenemos im\u00e1genes en alta resoluci\u00f3n de Espa\u00f1a, sino casi de cualquier punto del planeta.<\/span><\/span><\/span><\/p>\n<p align=\"LEFT\"><span style=\"font-size: small;\"><strong><span style=\"color: #ffffff;\"><span style=\"font-family: Arial, Helvetica, sans-serif;\">.<\/span><\/span><\/strong><\/span><\/p>\n<p align=\"CENTER\"><span style=\"font-size: small;\"><strong><span style=\"color: #000000;\"><span style=\"font-family: Arial, Helvetica, sans-serif;\">Puedes seguir este blog a trav\u00e9s de la cuenta de Twitter <\/span><\/span><\/strong><strong><a href=\"https:\/\/twitter.com\/MeteoBadajoz\" target=\"_blank\" rel=\"external nofollow\"><span style=\"color: #ff0000;\"><span style=\"font-family: Arial, Helvetica, sans-serif;\">@MeteoBadajoz<\/span><\/span><\/a><\/strong><strong><span style=\"color: #000000;\"><span style=\"font-family: Arial, Helvetica, sans-serif;\">, o Facebook <\/span><\/span><\/strong><strong><a href=\"https:\/\/www.facebook.com\/pages\/MeteoBadajoz\/236436716399890\" target=\"_blank\" rel=\"external nofollow\"><span style=\"color: #ff0000;\"><span style=\"font-family: Arial, Helvetica, sans-serif;\">MeteoBadajoz<\/span><\/span><\/a><\/strong><strong><span style=\"color: #000000;\"><span style=\"font-family: Arial, Helvetica, sans-serif;\">, donde estar\u00e1s informado en todo momento de c\u00f3mo evolucionan los d\u00edas, as\u00ed como de noticias de inter\u00e9s meteorol\u00f3gico.<\/span><\/span><\/strong><\/span><\/p>\n<p align=\"CENTER\"><span style=\"font-size: small;\"><strong><span style=\"color: #000000;\"><span style=\"font-family: Arial, Helvetica, sans-serif;\"><span style=\"text-decoration: underline;\"><strong>Si el art\u00edculo te ha parecido interesante, puedes ayudar a divulgarlo a trav\u00e9s de las redes sociales, con ayuda de los botones para compartir.<\/strong><\/span><\/span><\/span><\/strong><\/span><\/p>\n<p align=\"CENTER\"><span style=\"font-size: small;\"><strong><span style=\"color: #000000;\"><span style=\"font-family: Arial, Helvetica, sans-serif;\">\u00a1\u00a1Gracias y un saludo a los lectores del blog!!<\/span><\/span><\/strong><\/span><\/p>\n<!-- AddThis Advanced Settings generic via filter on the_content --><!-- AddThis Share Buttons generic via filter on the_content -->","protected":false},"excerpt":{"rendered":"<p>\u00bb\u00a0Los cielos despejados est\u00e1n permitiendo que las \u00faltimas nevadas ca\u00eddas en el Norte de C\u00e1ceres y en todo el Sistema Central, sean claramente visibles desde el espacio con ayuda de los sat\u00e9lites meteorol\u00f3gicos de la NASA. Imagen de alta resoluci\u00f3n del sat\u00e9lite AQUA de la NASA &#8211; Jueves 23 de Enero 2014 S\u00e1bado 25 de [&hellip;]<!-- AddThis Advanced Settings generic via filter on get_the_excerpt --><!-- AddThis Share Buttons generic via filter on get_the_excerpt --><\/p>\n","protected":false},"author":75,"featured_media":0,"comment_status":"open","ping_status":"closed","sticky":false,"template":"","format":"standard","meta":[],"categories":[4,5],"tags":[7,14,23,59,74,85,104,106,108,134],"_links":{"self":[{"href":"https:\/\/blogs.hoy.es\/meteobadajoz\/wp-json\/wp\/v2\/posts\/559"}],"collection":[{"href":"https:\/\/blogs.hoy.es\/meteobadajoz\/wp-json\/wp\/v2\/posts"}],"about":[{"href":"https:\/\/blogs.hoy.es\/meteobadajoz\/wp-json\/wp\/v2\/types\/post"}],"author":[{"embeddable":true,"href":"https:\/\/blogs.hoy.es\/meteobadajoz\/wp-json\/wp\/v2\/users\/75"}],"replies":[{"embeddable":true,"href":"https:\/\/blogs.hoy.es\/meteobadajoz\/wp-json\/wp\/v2\/comments?post=559"}],"version-history":[{"count":0,"href":"https:\/\/blogs.hoy.es\/meteobadajoz\/wp-json\/wp\/v2\/posts\/559\/revisions"}],"wp:attachment":[{"href":"https:\/\/blogs.hoy.es\/meteobadajoz\/wp-json\/wp\/v2\/media?parent=559"}],"wp:term":[{"taxonomy":"category","embeddable":true,"href":"https:\/\/blogs.hoy.es\/meteobadajoz\/wp-json\/wp\/v2\/categories?post=559"},{"taxonomy":"post_tag","embeddable":true,"href":"https:\/\/blogs.hoy.es\/meteobadajoz\/wp-json\/wp\/v2\/tags?post=559"}],"curies":[{"name":"wp","href":"https:\/\/api.w.org\/{rel}","templated":true}]}}