{"id":564,"date":"2014-02-04T09:03:32","date_gmt":"2014-02-04T08:03:32","guid":{"rendered":"http:\/\/blogs.hoy.es\/meteobadajoz\/?p=564"},"modified":"2014-02-04T09:03:32","modified_gmt":"2014-02-04T08:03:32","slug":"posible-ciclogenesis-explosiva-en-proceso","status":"publish","type":"post","link":"https:\/\/blogs.hoy.es\/meteobadajoz\/2014\/02\/04\/posible-ciclogenesis-explosiva-en-proceso\/","title":{"rendered":"Posible Ciclog\u00e9nesis Explosiva en proceso sobre el Atl\u00e1ntico, que afectar\u00e1 a Espa\u00f1a el pr\u00f3ximo jueves"},"content":{"rendered":"<p align=\"LEFT\"><span style=\"font-size: large;\"><strong><span style=\"color: #000000;\"><span style=\"font-family: 'Segoe UI';\">\u00bb<\/span><\/span><span style=\"color: #000000;\"><span style=\"font-family: 'Segoe UI', sans-serif;\"> La situaci\u00f3n se complica, y mucho, durante los pr\u00f3ximos d\u00edas, especialmente en el Oeste y Norte de la Pen\u00ednsula Ib\u00e9rica, por el acercamiento de una profunda borrasca, que dejar\u00e1 precipitaciones abundantes y rachas de viento muy fuertes.<\/span><\/span><\/strong><\/span><\/p>\n<p style=\"text-align: center;\" align=\"CENTER\"><strong><span style=\"color: #000000;\"><span style=\"font-family: Arial, Helvetica, sans-serif;\"><span><img loading=\"lazy\" class=\"aligncenter\" src=\"\/\/sia1.subirimagenes.net\/img\/2014\/02\/04\/140204125303325672.png\" alt=\"\" width=\"630\" height=\"330\" \/>An\u00e1lisis de la situaci\u00f3n prevista para los pr\u00f3ximos d\u00edas, con la descripci\u00f3n y evoluci\u00f3n de la borrasca<\/span><\/span><\/span><\/strong><\/p>\n<p align=\"LEFT\"><span style=\"color: #000000;\"><span style=\"font-family: Arial, Helvetica, sans-serif;\"><strong>Martes 4 de Febrero 2014.<\/strong><\/span><span style=\"font-family: Arial, Helvetica, sans-serif;\"> Como ya se ha venido anunciando en la \u00faltima entrada de este blog, la primera semana de Febrero 2014 es (y ser\u00e1) <strong>muy inestable en muchas zonas de la Pen\u00ednsula Ib\u00e9rica<\/strong>, debido b\u00e1sicamente a la retirada del anticicl\u00f3n de las Azores, y la llegada de borrascas y frentes asociados que ir\u00e1n entrando sucesivamente desde el Oeste peninsular.<!--more--><\/span><\/span><\/p>\n<p align=\"LEFT\"><span style=\"font-family: Arial, Helvetica, sans-serif; color: #000000;\">En lo que queda de semana, seguiremos bajo una situaci\u00f3n de clara inestabilidad, con <strong>entrada de nuevos frentes desde el Oeste<\/strong>, y tiempo en general muy nuboso, inestable, y con <strong>rachas fuertes de viento<\/strong>. Pero el \u201cplato fuerte\u201d podr\u00eda llegarnos de cara al jueves por el Noroeste peninsular, momento en el cual una <strong>profunda borrasca pasar\u00e1 frente a las costas de Galicia<\/strong>, provocando un <strong>temporal de lluvia y viento<\/strong> en gran parte de la Pen\u00ednsula, siendo especialmente efectivo en el Oeste y Noroeste peninsular durante el jueves.<\/span><\/p>\n<p align=\"LEFT\"><span style=\"font-family: Arial, Helvetica, sans-serif; color: #000000;\">Ya incluso este martes tendremos el acercamiento de otra borrasca, que tambi\u00e9n provocar\u00e1 una situaci\u00f3n de vientos intensos en todo el Oeste y Norte peninsular, pero la del jueves parece que pasar\u00e1 algo m\u00e1s cerca de nosotros.\u00a0<\/span><\/p>\n<p align=\"LEFT\"><span style=\"font-family: Arial, Helvetica, sans-serif; color: #000000;\">Esa borrasca (que vemos muy bien representada en el mapa que encabeza esta noticia), a medida que se acerque a la Pen\u00ednsula Ib\u00e9rica, se <strong>profundizar\u00e1 muy r\u00e1pidamente<\/strong>, pudiendo ser catalogada como <strong>ciclog\u00e9nesis explosiva<\/strong>; es decir, la presi\u00f3n en su centro descender\u00e1 m\u00e1s de 20 hPa &#8211;<em>hectopascales<\/em>&#8211; en menos de 24 horas. En algunos modelos, a fecha de hoy, incluso se observa que el descenso de presi\u00f3n podr\u00eda ser mayor a <strong>25 hPa en 24 horas<\/strong>, por lo que tiene m\u00e1s que merecido el t\u00e9rmino &#8220;explosiva&#8221;, haciendo menci\u00f3n a que su formaci\u00f3n es m\u00e1s r\u00e1pida de lo normal.<\/span><\/p>\n<p style=\"text-align: center;\" align=\"CENTER\"><span style=\"color: #000000;\"><strong><span style=\"font-family: Arial, Helvetica, sans-serif;\"><img loading=\"lazy\" class=\"aligncenter\" src=\"\/\/sia1.subirimagenes.net\/img\/2014\/02\/04\/140204125244649669.png\" alt=\"\" width=\"630\" height=\"320\" \/>Imagen de sat\u00e9lite GOES-East, el lunes 3 de Febrero 2014 a las 23h (hora espa\u00f1ola)<\/span><\/strong><\/span><\/p>\n<p align=\"LEFT\"><span style=\"font-family: Arial, Helvetica, sans-serif; color: #000000;\">Merece la pena destacar tambi\u00e9n que, esa misma borrasca del jueves, ha salido en los \u00faltimos d\u00edas, nada m\u00e1s y nada menos que desde el Golfo de M\u00e9xico&#8230; \u00a1A m\u00e1s de <strong>6.000 km de Espa\u00f1a<\/strong>! All\u00ed, y en todo el Este de Norteam\u00e9rica, la <strong>colisi\u00f3n de las masas de aire fr\u00edo polar y c\u00e1lido subtropical<\/strong>, favorecen la g\u00e9nesis (formaci\u00f3n) de borrascas que, posteriormente, cruzan el Atl\u00e1ntico camino de Europa.<\/span><\/p>\n<p align=\"LEFT\"><span style=\"color: #000000;\"><span style=\"font-family: Arial, Helvetica, sans-serif;\">En la imagen superior vemos la ubicaci\u00f3n de la borrasca durante este pasado lunes por la noche, momento en el cual afectaba a los estados m\u00e1s orientales de EE.UU, incluso dejando un episodio de nevadas intensas. Esa misma borrasca ser\u00e1 la que en las inmediatas jornadas atravesar\u00e1 el Atl\u00e1ntico, hasta alcanzar la Pen\u00ednsula Ib\u00e9rica.<\/span><strong><\/strong><\/span><\/p>\n<p><span style=\"color: #000000;\"><strong><span style=\"font-family: Arial, Helvetica, sans-serif;\">-Cabe destacar que, a\u00fan trat\u00e1ndose de una situaci\u00f3n a corto plazo, adelantarse a los movimientos de estas peque\u00f1as pero muy potentes borrascas es pr\u00e1cticamente un reto, por lo que habr\u00e1 que estar muy atentos a las informaciones de \u00faltima hora sobre las actualizaciones de los modelos y, en definitiva, a todo lo relacionado con las predicciones meteorol\u00f3gicas. Tampoco hay que alarmarse, puesto que este tipo de borrascas las hemos tenido en m\u00e1s de una ocasi\u00f3n, y es \u00e9poca de ello. Pero, ante todo, PRUDENCIA, los vientos podr\u00e1n ser intensos, sobre todo en las regiones del Norte y Noroeste peninsular, con rachas que ampliamente superar\u00e1n los 100 km\/h.<\/span><\/strong><\/span><\/p>\n<p style=\"text-align: center;\"><span style=\"color: #000000;\"><strong><span style=\"font-family: Arial, Helvetica, sans-serif;\"><img loading=\"lazy\" class=\"aligncenter\" src=\"\/\/sia1.subirimagenes.net\/img\/2014\/02\/04\/140204091004956703.png\" alt=\"\" width=\"630\" height=\"390\" \/>Situaci\u00f3n prevista para el jueves 6 a las 09h (Presi\u00f3n y viento a nivel de superficie) &#8211; Modelo GFS<\/span><\/strong><\/span><\/p>\n<p><span style=\"color: #000000;\"><span style=\"font-family: Arial, Helvetica, sans-serif;\">En el resto de la mitad Oeste, en principio,<\/span><strong><span style=\"font-family: Arial, Helvetica, sans-serif;\"> rachas de\u00a070-90 km\/h<\/span><\/strong><span style=\"font-family: Arial, Helvetica, sans-serif;\">, que tambi\u00e9n es mucho. Lo bueno es que esta situaci\u00f3n s\u00f3lo<\/span><strong><span style=\"font-family: Arial, Helvetica, sans-serif;\"> durar\u00e1 unas horas<\/span><\/strong><span style=\"font-family: Arial, Helvetica, sans-serif;\">, puesto que la borrasca viaja a gran velocidad, aunque ni mucho menos ser\u00e1 la \u00faltima que nos visite esta semana, porque a medio plazo los modelos contin\u00faan apuntando a una <strong>clara tendencia inestable y muy lluviosa<\/strong>.<\/span><\/span><\/p>\n<p><span style=\"color: #000000;\"><span style=\"font-family: Arial, Helvetica, sans-serif;\">Las precipitaciones tambi\u00e9n podr\u00e1n ser destacables al paso del frente fr\u00edo asociado a la borrasca, siendo generosas y m\u00e1s abundantes<\/span><span style=\"font-family: Arial, Helvetica, sans-serif;\">\u00a0en aquellas zonas bien orientadas a los vientos del Suroeste.<\/span><strong><span style=\"font-family: Arial, Helvetica, sans-serif;\"> De todo modos, insisto, \u00e9sto son par\u00e1metros que poco a poco podr\u00e1n ser m\u00e1s concretados a medida que avancen las horas, y vayamos viendo c\u00f3mo se va configurando la borrasca.<\/span><\/strong><\/span><\/p>\n<p><span><strong><span style=\"font-family: Arial, Helvetica, sans-serif;\"><span style=\"color: #000000;\">*Para seguir atentamente la situaci\u00f3n, puedes hacerlo<\/span> <span style=\"color: #ff0000;\"><a href=\"https:\/\/www.facebook.com\/MeteoBadajoz\" target=\"_blank\" rel=\"external nofollow\"><span style=\"color: #ff0000;\">a trav\u00e9s de la p\u00e1gina de Facebook<\/span><\/a><\/span><span style=\"color: #000000;\">, donde se publicar\u00e1 todo lo referido a esta situaci\u00f3n especial.<\/span><\/span><\/strong><strong><\/strong><\/span><\/p>\n<p align=\"LEFT\"><span style=\"color: #ffffff;\"><strong><span style=\"font-family: Arial, Helvetica, sans-serif;\">.<\/span><\/strong><\/span><\/p>\n<p align=\"CENTER\"><strong><span style=\"color: #000000;\"><span style=\"font-family: Arial, Helvetica, sans-serif;\"><span>Puedes seguir cada situaci\u00f3n a trav\u00e9s de la cuenta de Twitter <\/span><\/span><\/span><\/strong><strong><a href=\"https:\/\/twitter.com\/MeteoBadajoz\" target=\"_blank\" rel=\"external nofollow\"><span style=\"color: #ff0000;\"><span style=\"font-family: Arial, Helvetica, sans-serif;\"><span>@MeteoBadajoz<\/span><\/span><\/span><\/a><\/strong><strong><span style=\"color: #000000;\"><span style=\"font-family: Arial, Helvetica, sans-serif;\"><span>, o Facebook <\/span><\/span><\/span><\/strong><strong><a href=\"https:\/\/www.facebook.com\/pages\/MeteoBadajoz\/236436716399890\" target=\"_blank\" rel=\"external nofollow\"><span style=\"color: #ff0000;\"><span style=\"font-family: Arial, Helvetica, sans-serif;\"><span>MeteoBadajoz<\/span><\/span><\/span><\/a><\/strong><strong><span style=\"color: #000000;\"><span style=\"font-family: Arial, Helvetica, sans-serif;\"><span>, donde estar\u00e1s informado en todo momento de c\u00f3mo evolucionan los d\u00edas, as\u00ed como de noticias de inter\u00e9s meteorol\u00f3gico.<\/span><\/span><\/span><\/strong><\/p>\n<p align=\"CENTER\"><strong><span style=\"color: #000000;\"><span style=\"font-family: Arial, Helvetica, sans-serif;\"><span><span style=\"text-decoration: underline;\"><strong>Si el art\u00edculo te ha parecido interesante, puedes ayudar a divulgarlo a trav\u00e9s de las redes sociales, con ayuda de los botones para compartir.<\/strong><\/span><\/span><\/span><\/span><\/strong><\/p>\n<p align=\"CENTER\"><strong><span style=\"color: #000000;\"><span style=\"font-family: Arial, Helvetica, sans-serif;\"><span>\u00a1\u00a1Gracias y un saludo a los lectores del blog!!<\/span><\/span><\/span><\/strong><\/p>\n<!-- AddThis Advanced Settings generic via filter on the_content --><!-- AddThis Share Buttons generic via filter on the_content -->","protected":false},"excerpt":{"rendered":"<p>\u00bb La situaci\u00f3n se complica, y mucho, durante los pr\u00f3ximos d\u00edas, especialmente en el Oeste y Norte de la Pen\u00ednsula Ib\u00e9rica, por el acercamiento de una profunda borrasca, que dejar\u00e1 precipitaciones abundantes y rachas de viento muy fuertes. An\u00e1lisis de la situaci\u00f3n prevista para los pr\u00f3ximos d\u00edas, con la descripci\u00f3n y evoluci\u00f3n de la borrasca [&hellip;]<!-- AddThis Advanced Settings generic via filter on get_the_excerpt --><!-- AddThis Share Buttons generic via filter on get_the_excerpt --><\/p>\n","protected":false},"author":75,"featured_media":0,"comment_status":"open","ping_status":"closed","sticky":false,"template":"","format":"standard","meta":[],"categories":[4,5],"tags":[7,33,36,66,83,90,91,124,143],"_links":{"self":[{"href":"https:\/\/blogs.hoy.es\/meteobadajoz\/wp-json\/wp\/v2\/posts\/564"}],"collection":[{"href":"https:\/\/blogs.hoy.es\/meteobadajoz\/wp-json\/wp\/v2\/posts"}],"about":[{"href":"https:\/\/blogs.hoy.es\/meteobadajoz\/wp-json\/wp\/v2\/types\/post"}],"author":[{"embeddable":true,"href":"https:\/\/blogs.hoy.es\/meteobadajoz\/wp-json\/wp\/v2\/users\/75"}],"replies":[{"embeddable":true,"href":"https:\/\/blogs.hoy.es\/meteobadajoz\/wp-json\/wp\/v2\/comments?post=564"}],"version-history":[{"count":0,"href":"https:\/\/blogs.hoy.es\/meteobadajoz\/wp-json\/wp\/v2\/posts\/564\/revisions"}],"wp:attachment":[{"href":"https:\/\/blogs.hoy.es\/meteobadajoz\/wp-json\/wp\/v2\/media?parent=564"}],"wp:term":[{"taxonomy":"category","embeddable":true,"href":"https:\/\/blogs.hoy.es\/meteobadajoz\/wp-json\/wp\/v2\/categories?post=564"},{"taxonomy":"post_tag","embeddable":true,"href":"https:\/\/blogs.hoy.es\/meteobadajoz\/wp-json\/wp\/v2\/tags?post=564"}],"curies":[{"name":"wp","href":"https:\/\/api.w.org\/{rel}","templated":true}]}}