{"id":575,"date":"2014-03-01T07:00:57","date_gmt":"2014-03-01T06:00:57","guid":{"rendered":"http:\/\/blogs.hoy.es\/meteobadajoz\/?p=575"},"modified":"2014-03-01T07:00:57","modified_gmt":"2014-03-01T06:00:57","slug":"primer-finde-marzo-con-lluvias","status":"publish","type":"post","link":"https:\/\/blogs.hoy.es\/meteobadajoz\/2014\/03\/01\/primer-finde-marzo-con-lluvias\/","title":{"rendered":"Primer fin de semana de Marzo con lluvias y viento"},"content":{"rendered":"<p align=\"LEFT\"><span style=\"font-size: large;\"><strong><span style=\"color: #000000;\"><span style=\"font-family: 'Segoe UI';\">\u00bb<\/span><\/span><span style=\"color: #000000;\"><span style=\"font-family: 'Segoe UI', sans-serif;\"> Se confirman las predicciones para este inicio del Carnaval 2014, con precipitaciones en muchas zonas de Espa\u00f1a, y rachas de viento moderadas o fuertes. La noche del s\u00e1bado al domingo se presenta con riesgo de algunas lluvias, aunque bastante d\u00e9biles.<\/span><\/span><\/strong><\/span><\/p>\n<p style=\"text-align: center;\" align=\"CENTER\"><strong><span style=\"color: #000000;\"><span style=\"font-family: Arial, Helvetica, sans-serif;\"><span><img loading=\"lazy\" class=\"aligncenter\" style=\"border: 0px; margin-top: 0px; margin-bottom: 0px;\" title=\"An\u00e1lisis y precipitaciones previstas para el s\u00e1bado 1\/3\/2014, 12h UTC \u2013 Modelo HIRLAM-AEMET\" src=\"\/\/nsae01.casimages.net\/img\/2014\/03\/01\/140301121841713104.png\" alt=\"\" width=\"615\" height=\"315\" \/>An\u00e1lisis y precipitaciones previstas para el s\u00e1bado 1\/3\/2014, 12h UTC \u2013 Modelo HIRLAM-AEMET<\/span><\/span><\/span><\/strong><\/p>\n<p align=\"LEFT\"><span style=\"color: #000000;\"><span style=\"font-family: Arial, Helvetica, sans-serif;\"><span><strong>S\u00e1bado 1 de Marzo 2014.<\/strong><\/span><\/span><\/span><span style=\"color: #000000;\"><span style=\"font-family: Arial, Helvetica, sans-serif;\"> Como ya se indic\u00f3 en la \u00faltima entrada de este blog, la continuidad de la inestabilidad durante estos \u00faltimos d\u00edas de Febrero e inicios de Marzo est\u00e1 siendo m\u00e1s que confirmada, con la entrada de abundante nubosidad desde el Oeste y Noroeste peninsular, que por lo general no aporta precipitaciones demasiado abundantes, pero s\u00ed un <strong>ambiente bastante nuboso y h\u00famedo<\/strong>.<!--more--><\/span><\/span><\/p>\n<p align=\"LEFT\"><span style=\"color: #000000;\"><span style=\"font-family: Arial, Helvetica, sans-serif;\">Durante este primer fin de semana de Marzo la situaci\u00f3n no cambia, nuevamente con la entrada de frentes por el Noroeste peninsular, que repartir\u00e1n <strong>precipitaciones por muchas zonas de la Pen\u00ednsula<\/strong>, siendo m\u00e1s intensas y abundantes cuanto m\u00e1s al Norte, y m\u00e1s d\u00e9biles y dispersas en puntos del Interior y Sur peninsular.<\/span><\/span><\/p>\n<p align=\"LEFT\"><span style=\"color: #000000;\"><span style=\"font-family: Arial, Helvetica, sans-serif;\">En el mapa superior queda reflejada la situaci\u00f3n para este inicio de Marzo, marcado por las precipitaciones, y por la presencia de ese <em>r\u00edo atmosf\u00e9rico de humedad<\/em> que atraviesa el Atl\u00e1ntico hasta alcanzar las costas occidentales de Europa, acompa\u00f1ado de <strong>frentes y lineas de inestabilidad<\/strong>, que son responsables de dejarnos este ambiente tan nuboso.<\/span><\/span><\/p>\n<p align=\"LEFT\"><span style=\"color: #ffffff;\">.<\/span><\/p>\n<p align=\"LEFT\"><span style=\"text-decoration: underline;\"><strong><span style=\"color: #000000; font-size: x-large;\"><span style=\"font-family: Arial, Helvetica, sans-serif;\">-Predicci\u00f3n \u00a0<\/span><\/span><\/strong><\/span><\/p>\n<p align=\"LEFT\"><span style=\"text-decoration: underline; font-size: medium;\"><strong><span style=\"color: #000000;\"><span style=\"font-family: Arial, Helvetica, sans-serif;\">S\u00e1bado 1 de Marzo:<\/span><\/span><\/strong><\/span><\/p>\n<p align=\"LEFT\"><span style=\"color: #000000;\"><span style=\"font-family: Arial, Helvetica, sans-serif;\">-Este s\u00e1bado se presenta bastante inestable desde primeras horas del d\u00eda, principalmente por las lluvias y las rachas de viento. En Extremadura no van a ser lluvias demasiado abundantes ni intensas, pero s\u00ed ser\u00e1n <strong>constantes y localmente moderadas<\/strong> en alg\u00fan momento del d\u00eda. El riesgo de lluvias ser\u00e1 <strong>muy elevado durante gran parte de la jornada<\/strong>.<\/span><\/span><\/p>\n<p align=\"LEFT\"><span style=\"color: #000000;\"><span style=\"font-family: Arial, Helvetica, sans-serif;\">Parece que ser\u00e1 sobre todo durante la ma\u00f1ana cuando las precipitaciones podr\u00e1n estar m\u00e1s presentes en la regi\u00f3n, pero en las horas centrales del d\u00eda podr\u00eda producirse una <strong>peque\u00f1a tregua en las lluvias<\/strong>, aunque no en el estado del cielo, que se mantendr\u00e1 bastante cubierto.<\/span><\/span><\/p>\n<p align=\"LEFT\"><span style=\"color: #000000;\"><span style=\"font-family: Arial, Helvetica, sans-serif;\">Posteriormente, durante la tarde, parece que volver\u00e1n a generalizarse las precipitaciones desde el Oeste, aunque siempre siendo de car\u00e1cter d\u00e9bil, muy posiblemente <strong>en forma de lloviznas<\/strong>. De cara a la noche (madrugada del s\u00e1bado al domingo) las lluvias <strong>tendr\u00edan que ir remitiendo<\/strong>, pero seguiremos con\u00a0<strong>cielos muy nubosos y a\u00fan con riesgo de chubascos d\u00e9biles<\/strong>, pero en general precipitaciones poco importantes, o al menos ser\u00edan m\u00e1s d\u00e9biles que las que tengamos durante el d\u00eda.<\/span><\/span><\/p>\n<p style=\"text-align: center;\" align=\"CENTER\"><strong><span style=\"color: #000000;\"><span style=\"font-family: Arial, Helvetica, sans-serif;\"><span><img loading=\"lazy\" class=\"aligncenter\" style=\"border: 0px; margin-top: 0px; margin-bottom: 0px;\" title=\"Mapa de rachas m\u00e1ximas previstas para la tarde del s\u00e1bado 1\/3\/2014 \u2013 Modelo WRF-Meteociel\" src=\"\/\/nsae01.casimages.net\/img\/2014\/03\/01\/140301121959295698.png\" alt=\"\" width=\"615\" height=\"315\" \/>Mapa de rachas m\u00e1ximas previstas para la tarde del s\u00e1bado 1\/3\/2014 \u2013 Modelo WRF-Meteociel<\/span><\/span><\/span><\/strong><\/p>\n<p align=\"LEFT\"><span style=\"color: #000000;\"><span style=\"font-family: Arial, Helvetica, sans-serif;\">El viento tambi\u00e9n ser\u00e1 protagonista este s\u00e1bado en la regi\u00f3n, sobre todo durante la tarde, con rachas m\u00e1ximas de m\u00e1s de 50-60 km\/h en zonas llanas, que incluso pueden alcanzar los 80 km\/h en zonas de sierra del Norte y Este de Extremadura, as\u00ed que <strong>jornada desapacible<\/strong> con lluvias y viento.<\/span><\/span><\/p>\n<p align=\"LEFT\"><span style=\"color: #ffffff;\">.<\/span><\/p>\n<p align=\"LEFT\"><span style=\"text-decoration: underline;\"><span style=\"font-size: medium;\"><strong><span style=\"color: #000000;\"><span style=\"font-family: Arial, Helvetica, sans-serif;\">Domingo 2 de Marzo 2014:<\/span><\/span><\/strong><\/span><\/span><\/p>\n<p align=\"LEFT\"><span style=\"color: #000000;\"><span style=\"font-family: Arial, Helvetica, sans-serif;\">-Durante el domingo la situaci\u00f3n ser\u00e1 algo menos lluviosa, pero todav\u00eda con bastante nubosidad de tipo bajo durante gran parte del d\u00eda debido a la abundante humedad, y con riesgo de precipitaciones d\u00e9biles; lloviznas.<\/span><\/span><\/p>\n<p align=\"LEFT\"><span style=\"color: #000000;\"><span style=\"font-family: Arial, Helvetica, sans-serif;\">En la tarde del domingo ya podr\u00edamos notar los primeros cambios, en forma de t\u00edmidos claros por el Oeste, anunciando una <strong>notable mejor\u00eda en la situaci\u00f3n meteorol\u00f3gica<\/strong>, y una pr\u00f3xima semana marcada por la estabilidad, pr\u00e1cticamente desde el inicio de la misma, aunque durante el lunes todav\u00eda tendremos los restos de la inestabilidad que nos cruce a lo largo del fin de semana.<\/span><\/span><\/p>\n<p align=\"LEFT\"><span style=\"color: #000000;\"><span style=\"font-family: Arial, Helvetica, sans-serif;\">Y es que la semana que viene, si se cumplen los pron\u00f3sticos, ser\u00e1 una semana de <strong>cielos despejados y de temperaturas en ascenso<\/strong>, en el caso de las m\u00e1ximas, con valores que pasar\u00e1n de los 20\u00baC en algunas zonas de Extremadura, e incluso para finales de la pr\u00f3xima semana, las m\u00e1ximas en las Vegas del Guadiana podr\u00edan rondar los \u00a123\u00baC!.<\/span><\/span><\/p>\n<p align=\"LEFT\"><span style=\"color: #000000;\"><span style=\"font-family: Arial, Helvetica, sans-serif;\">Unos valores t\u00e9rmicos que todav\u00eda est\u00e1n por definir, pero lo que parece seguro es que el fin de semana se presenta bastante inestable en este inicio de Marzo 2014. En los pr\u00f3ximos d\u00edas intentaremos actualizar la informaci\u00f3n mensual de los modelos estacionales, y analizar las predicciones para este Marzo.<\/span><\/span><\/p>\n<p align=\"LEFT\"><span style=\"color: #ffffff;\"><strong><span style=\"font-family: Arial, Helvetica, sans-serif;\">.<\/span><\/strong><\/span><\/p>\n<p align=\"CENTER\"><strong><span style=\"color: #000000;\"><span style=\"font-family: Arial, Helvetica, sans-serif;\"><span>Puedes seguir cada situaci\u00f3n a trav\u00e9s de la cuenta de Twitter <\/span><\/span><\/span><\/strong><strong><a href=\"https:\/\/twitter.com\/MeteoBadajoz\" target=\"_blank\" rel=\"external nofollow\"><span style=\"color: #ff0000;\"><span style=\"font-family: Arial, Helvetica, sans-serif;\"><span>@MeteoBadajoz<\/span><\/span><\/span><\/a><\/strong><strong><span style=\"color: #000000;\"><span style=\"font-family: Arial, Helvetica, sans-serif;\"><span>, o Facebook <\/span><\/span><\/span><\/strong><strong><a href=\"https:\/\/www.facebook.com\/pages\/MeteoBadajoz\/236436716399890\" target=\"_blank\" rel=\"external nofollow\"><span style=\"color: #ff0000;\"><span style=\"font-family: Arial, Helvetica, sans-serif;\"><span>MeteoBadajoz<\/span><\/span><\/span><\/a><\/strong><strong><span style=\"color: #000000;\"><span style=\"font-family: Arial, Helvetica, sans-serif;\"><span>, donde estar\u00e1s informado en todo momento de c\u00f3mo evolucionan los d\u00edas, as\u00ed como de noticias de inter\u00e9s meteorol\u00f3gico.<\/span><\/span><\/span><\/strong><\/p>\n<p align=\"CENTER\"><strong><span style=\"color: #000000;\"><span style=\"font-family: Arial, Helvetica, sans-serif;\"><span><span style=\"text-decoration: underline;\"><strong>Si el art\u00edculo te ha parecido interesante, puedes ayudar a divulgarlo a trav\u00e9s de las redes sociales, con ayuda de los botones para compartir.<\/strong><\/span><\/span><\/span><\/span><\/strong><\/p>\n<p align=\"CENTER\"><strong><span style=\"color: #000000;\"><span style=\"font-family: Arial, Helvetica, sans-serif;\"><span>\u00a1\u00a1Gracias y un saludo a los lectores del blog!!<\/span><\/span><\/span><\/strong><\/p>\n<!-- AddThis Advanced Settings generic via filter on the_content --><!-- AddThis Share Buttons generic via filter on the_content -->","protected":false},"excerpt":{"rendered":"<p>\u00bb Se confirman las predicciones para este inicio del Carnaval 2014, con precipitaciones en muchas zonas de Espa\u00f1a, y rachas de viento moderadas o fuertes. La noche del s\u00e1bado al domingo se presenta con riesgo de algunas lluvias, aunque bastante d\u00e9biles. An\u00e1lisis y precipitaciones previstas para el s\u00e1bado 1\/3\/2014, 12h UTC \u2013 Modelo HIRLAM-AEMET S\u00e1bado [&hellip;]<!-- AddThis Advanced Settings generic via filter on get_the_excerpt --><!-- AddThis Share Buttons generic via filter on get_the_excerpt --><\/p>\n","protected":false},"author":75,"featured_media":0,"comment_status":"open","ping_status":"closed","sticky":false,"template":"","format":"standard","meta":[],"categories":[4,5],"tags":[7,33,41,66,83,85,90,91,122,124,126],"_links":{"self":[{"href":"https:\/\/blogs.hoy.es\/meteobadajoz\/wp-json\/wp\/v2\/posts\/575"}],"collection":[{"href":"https:\/\/blogs.hoy.es\/meteobadajoz\/wp-json\/wp\/v2\/posts"}],"about":[{"href":"https:\/\/blogs.hoy.es\/meteobadajoz\/wp-json\/wp\/v2\/types\/post"}],"author":[{"embeddable":true,"href":"https:\/\/blogs.hoy.es\/meteobadajoz\/wp-json\/wp\/v2\/users\/75"}],"replies":[{"embeddable":true,"href":"https:\/\/blogs.hoy.es\/meteobadajoz\/wp-json\/wp\/v2\/comments?post=575"}],"version-history":[{"count":0,"href":"https:\/\/blogs.hoy.es\/meteobadajoz\/wp-json\/wp\/v2\/posts\/575\/revisions"}],"wp:attachment":[{"href":"https:\/\/blogs.hoy.es\/meteobadajoz\/wp-json\/wp\/v2\/media?parent=575"}],"wp:term":[{"taxonomy":"category","embeddable":true,"href":"https:\/\/blogs.hoy.es\/meteobadajoz\/wp-json\/wp\/v2\/categories?post=575"},{"taxonomy":"post_tag","embeddable":true,"href":"https:\/\/blogs.hoy.es\/meteobadajoz\/wp-json\/wp\/v2\/tags?post=575"}],"curies":[{"name":"wp","href":"https:\/\/api.w.org\/{rel}","templated":true}]}}