{"id":578,"date":"2014-03-04T16:44:08","date_gmt":"2014-03-04T15:44:08","guid":{"rendered":"http:\/\/blogs.hoy.es\/meteobadajoz\/?p=578"},"modified":"2014-03-04T16:44:08","modified_gmt":"2014-03-04T15:44:08","slug":"marzo-2014","status":"publish","type":"post","link":"https:\/\/blogs.hoy.es\/meteobadajoz\/2014\/03\/04\/marzo-2014\/","title":{"rendered":"Marzo 2014 en la Pen\u00ednsula podr\u00eda ser seco, pero normal en cuanto a temperaturas"},"content":{"rendered":"<p align=\"LEFT\"><span style=\"font-size: medium; color: #000000;\"><strong><span style=\"font-family: 'Segoe UI';\">\u00bb<\/span><span style=\"font-family: 'Segoe UI', sans-serif;\"> Los modelos estacionales anuncian un mes de Marzo marcado por la escasez de lluvia en zonas del Oeste y Sur peninsular, aunque con precipitaciones por encima de lo normal en el Norte. En cuanto a las temperaturas, a nivel general estar\u00edan dentro de la media, aunque ligeramente inferiores por el Suroeste.<\/span><\/strong><\/span><\/p>\n<p style=\"text-align: center;\" align=\"CENTER\"><span style=\"color: #000000;\"><strong><span style=\"font-family: Arial, Helvetica, sans-serif;\"><img loading=\"lazy\" class=\"aligncenter\" style=\"border: 0px; margin-top: 0px; margin-bottom: 0px;\" title=\"An\u00e1lisis de situaci\u00f3n la primera quincena de marzo 2014 en Europa\" src=\"\/\/nsae01.casimages.net\/img\/2014\/03\/04\/14030401005528852.png\" alt=\"\" width=\"630\" height=\"299\" \/>An\u00e1lisis de situaci\u00f3n en la primera quincena de marzo 2014 en Europa &#8211; \u00a9\u00a0MeteoBadajoz<\/span><\/strong><\/span><\/p>\n<p align=\"CENTER\"><span style=\"color: #000000;\"><strong><span style=\"font-family: Arial, Helvetica, sans-serif;\"><a href=\"http:\/\/nsae01.casimages.net\/img\/2014\/03\/04\/14030401005528852.png\" target=\"_blank\" rel=\"external nofollow\"><img loading=\"lazy\" class=\"alignnone\" style=\"border: 0px; margin: 0px;\" src=\"\/\/nsae01.casimages.net\/img\/2014\/03\/01\/140301015614656383.gif\" alt=\"\" width=\"20\" height=\"20\" \/>Ampliar mapa superior<\/a><\/span><\/strong><\/span><\/p>\n<p align=\"LEFT\"><span style=\"color: #000000;\"><span style=\"font-family: Arial, Helvetica, sans-serif;\"><strong>Martes 4 de Marzo 2014.\u00a0<\/strong><\/span><span style=\"font-family: Arial, Helvetica, sans-serif;\">Hemos comenzado el mes de marzo con una situaci\u00f3n bastante inestable en muchas zonas de Espa\u00f1a, incluso con el paso de otro temporal mar\u00edtimo y de viento que ha afectado sobre todo al Norte peninsular, pero a partir de este mi\u00e9rcoles, si se cumplen los pron\u00f3sticos, iniciaremos un <strong>periodo de tregua en gran parte de Europa<\/strong>, que podr\u00eda durar al menos durante la primera quincena del mes de Marzo.<!--more--><\/span><\/span><\/p>\n<p align=\"LEFT\"><span style=\"font-family: Arial, Helvetica, sans-serif; color: #000000;\">Una tregua de nos dejar\u00e1 cielos bastante m\u00e1s soleados y, sobre todo, un ambiente m\u00e1s suave y no tan fresco como durante las \u00faltimas semanas.<\/span><\/p>\n<p align=\"LEFT\"><span style=\"font-family: Arial, Helvetica, sans-serif; color: #000000;\">-El an\u00e1lisis gr\u00e1fico que encabeza este art\u00edculo muestra la situaci\u00f3n meteorol\u00f3gica que dominar\u00e1 en Europa durante la primera quincena del mes, con la formaci\u00f3n de un <strong>anticicl\u00f3n en latitudes altas<\/strong> (al Norte-Este de Europa) y una clara uni\u00f3n entre ese anticicl\u00f3n y el de las Azores. Entre esos dos centros de alta presi\u00f3n, una masa de <strong>aire c\u00e1lido a niveles medios y altos<\/strong> de la Troposfera asciende a trav\u00e9s del Oeste y Centro del continente, dejando <strong>temperaturas notablemente superiores<\/strong> a las que cabr\u00eda esperar para la \u00e9poca del a\u00f1o en la que estamos.<\/span><\/p>\n<p align=\"LEFT\"><span style=\"font-family: Arial, Helvetica, sans-serif; color: #000000;\">Por otra parte, en el Mediterr\u00e1neo, parece que seguiremos encontrando una peque\u00f1a porci\u00f3n de aire fr\u00edo aislada de la circulaci\u00f3n general, que se refleja en superficie en forma de una d\u00e9bil regi\u00f3n de bajas presiones sobre el sector Central y Este del Mediterr\u00e1neo, adem\u00e1s, por esas zonas, con precipitaciones abundantes.<\/span><\/p>\n<p align=\"LEFT\"><span style=\"font-family: Arial, Helvetica, sans-serif; color: #000000;\">Pero centr\u00e9monos en la Pen\u00ednsula Ib\u00e9rica, porque el ascenso de esas masas de aire c\u00e1lido nos afectar\u00edan pr\u00e1cticamente de lleno, dej\u00e1ndonos <strong>temperaturas primaverales en las horas centrales del d\u00eda<\/strong>, super\u00e1ndose incluso los 20-22\u00baC en los principales valles del Oeste y Sur peninsular, y temperaturas m\u00ednimas m\u00e1s bajas que en jornadas anteriores debido a la ausencia de nubosidad, pero <strong>tampoco ser\u00e1n especialmente fr\u00edas<\/strong> a nivel general.<\/span><\/p>\n<p align=\"LEFT\"><span style=\"font-family: Arial, Helvetica, sans-serif; color: #000000;\">-A continuaci\u00f3n vamos a analizar las predicciones estacionales para este mes, de la mano del modelo americano <strong>CFS<\/strong> (<strong>C<\/strong>limate <strong>F<\/strong>orecast <strong>S<\/strong>ystem), comparando los mapas de anomal\u00eda de temperatura y precipitaci\u00f3n para las pr\u00f3ximas semanas, y extrayendo algunas conclusiones. \u00c9stas y otras predicciones pueden ser consultadas en el <strong><span style=\"text-decoration: underline; color: #ff0000;\"><a href=\"https:\/\/blogs.hoy.es\/meteobadajoz\/modelos\/#.UxXw-vl5OSp\" target=\"_blank\"><span style=\"color: #ff0000; text-decoration: underline;\">nuevo apartado de &#8220;modelos meteorol\u00f3gicos&#8221; del blog<\/span><\/a><\/span><\/strong>.<\/span><\/p>\n<p align=\"LEFT\"><span style=\"color: #ffffff;\">.<\/span><\/p>\n<p align=\"LEFT\"><span style=\"text-decoration: underline;\"><span style=\"font-size: large; color: #000000; text-decoration: underline;\"><strong><span style=\"font-family: Arial, Helvetica, sans-serif;\">-Antes de nada&#8230; \u00bfSon fiables las predicciones estacionales? \u00a0\u00a0<\/span><\/strong><\/span><\/span><\/p>\n<p><span style=\"color: #000000;\"><strong><span style=\"font-family: Arial, Helvetica, sans-serif;\">&#8211;<\/span><\/strong><span style=\"font-family: Arial, Helvetica, sans-serif;\">Inicialmente, es muy importante insistir en la\u00a0<\/span><strong><span style=\"font-family: Arial, Helvetica, sans-serif;\">baja fiabilidad de los modelos estacionales<\/span><\/strong><span style=\"font-family: Arial, Helvetica, sans-serif;\">. <\/span><span style=\"font-family: Arial, Helvetica, sans-serif;\">Como ya se ha comentado en m\u00e1s de una ocasi\u00f3n -y no me cansar\u00e9 de repetirlo-, los modelos utilizados para predicciones a tan largo plazo, <strong>no tienen nada que ver con los modelos meteorol\u00f3gicos usados para elaborar la predicci\u00f3n diaria<\/strong>, ya que los modelos estacionales, adem\u00e1s de tener en cuenta t<\/span><span style=\"font-family: Arial, Helvetica, sans-serif;\">odos los datos de la interacci\u00f3n oc\u00e9ano-atm\u00f3sfera-Tierra, usan <\/span><strong><span style=\"font-family: Arial, Helvetica, sans-serif;\">datos p<\/span><\/strong><span style=\"font-family: Arial, Helvetica, sans-serif;\"><strong>robabil\u00edsticos<\/strong> que determinan la tendencia general de la estaci\u00f3n del a\u00f1o correspondiente.<\/span><\/span><\/p>\n<p><span style=\"font-family: Arial, Helvetica, sans-serif; color: #000000;\">Es decir, estos modelos tienen en cuenta situaciones anteriores, ya vividas a\u00f1os atr\u00e1s, estableciendo una tendencia m\u00e1s probable, en funci\u00f3n de los patrones atmosf\u00e9ricos que hayan marcado las semanas previas al mes y\/o meses de predicci\u00f3n.<\/span><\/p>\n<p><span style=\"font-family: Arial, Helvetica, sans-serif; color: #000000;\">Adem\u00e1s, estos modelos se encuentran actualmente en pleno desarrollo, en fase de experimentaci\u00f3n, por lo que <strong>su fiabilidad suele ser bastante baja<\/strong>, aunque en numerosas ocasiones se han cumplido algunas de estas predicciones.<\/span><\/p>\n<p><span style=\"font-family: Arial, Helvetica, sans-serif; color: #000000;\">A pesar de todo, los modelos estacionales s\u00ed pueden ayudarnos a marcar <strong>tendencias para un mes vista<\/strong>. No conviene hacer p\u00fablicas las predicciones estacionales de cualquier modelo, porque actualmente no representan un m\u00e9todo fiable de predicci\u00f3n a muy largo plazo, ya que todav\u00eda no se tiene del todo conseguido, aunque, insisto, s\u00ed para ver tendencias a s\u00f3lo un mes vista. Eso s\u00ed, pretender predecir a m\u00e1s de un mes vista, es pr\u00e1cticamente hablar por hablar&#8230;<\/span><\/p>\n<p><span style=\"color: #ffffff;\">.<\/span><\/p>\n<p><span style=\"text-decoration: underline;\"><span style=\"font-family: Arial, Helvetica, sans-serif; font-size: large; color: #000000; text-decoration: underline;\"><strong>-An\u00e1lisis de los mapas de anomal\u00edas y conclusiones \u00a0\u00a0<\/strong><\/span><\/span><\/p>\n<p><span style=\"font-family: Arial, Helvetica, sans-serif; color: #000000;\">As\u00ed pues, nos adentramos de lleno en los mapas de anomal\u00eda de precipitaci\u00f3n y temperatura del modelo americano, y a partir de esos mapas vamos a intentar \u201cadivinar\u201d las posibles situaciones que puedan marcar el mes de marzo 2014.<\/span><\/p>\n<p style=\"text-align: center;\" align=\"CENTER\"><span style=\"font-family: Arial, Helvetica, sans-serif; color: #000000;\"><strong><img loading=\"lazy\" class=\"aligncenter\" style=\"border: 0px; margin-top: 0px; margin-bottom: 0px;\" title=\"Anomal\u00edas de temperatura (izquierda) y precipitaci\u00f3n (derecha), seg\u00fan el modelo CFS de la NOAA\" src=\"\/\/nsae01.casimages.net\/img\/2014\/03\/04\/140304012029147370.png\" alt=\"\" width=\"660\" height=\"300\" \/>Anomal\u00edas de temperatura (izquierda) y precipitaci\u00f3n (derecha), seg\u00fan el modelo CFS de la NOAA<\/strong><\/span><\/p>\n<p align=\"CENTER\"><span style=\"font-family: Arial, Helvetica, sans-serif; color: #000000;\"><strong><a href=\"http:\/\/nsae01.casimages.net\/img\/2014\/03\/04\/140304012029147370.png\" target=\"_blank\" rel=\"external nofollow\"><img loading=\"lazy\" class=\"alignnone\" style=\"border: 0px; margin: 0px;\" src=\"\/\/nsae01.casimages.net\/img\/2014\/03\/01\/140301015614656383.gif\" alt=\"\" width=\"20\" height=\"20\" \/>Ampliar mapa superior<\/a><\/strong><\/span><\/p>\n<p><span style=\"font-family: Arial, Helvetica, sans-serif; color: #000000;\">-Como podemos comprobar en la pareja de mapas superiores, a nivel general, en Europa, el mes de marzo 2014 parece que podr\u00eda tener un car\u00e1cter <strong>extraordinariamente c\u00e1lido en todo el Norte del continente<\/strong>, con anomal\u00edas de temperatura muy elevadas, lo cual nos indica que por esas zonas las temperaturas se quedar\u00e1n muy por encima de la media, con una anomal\u00eda de m\u00e1s de \u00a14\u00baC!; ojo, de media.<\/span><\/p>\n<p><span style=\"font-family: Arial, Helvetica, sans-serif; color: #000000;\">En el resto de Europa se observa una cierta <strong>normalizaci\u00f3n de las temperaturas<\/strong> a medida que descendemos en latitud, e incluso nos encontramos con una ligera <strong>anomal\u00eda negativa<\/strong> (temperaturas por debajo de lo normal) hacia el Norte de \u00c1frica.<\/span><\/p>\n<p><span style=\"font-family: Arial, Helvetica, sans-serif; color: #000000;\">En Espa\u00f1a, por lo general, temperaturas <strong>dentro de lo que es normal<\/strong>, salvo una ligera anomal\u00eda negativa (marzo m\u00e1s fresco) hacia el Suroeste de la Pen\u00ednsula Ib\u00e9rica.<\/span><\/p>\n<p><span style=\"font-family: Arial, Helvetica, sans-serif; color: #000000;\">-En cuanto al mapa de anomal\u00edas de precipitaci\u00f3n, observamos una extensa regi\u00f3n de <strong>anomal\u00eda negativa<\/strong> de precipitaci\u00f3n (marzo seco) hacia el Este y Centro de Europa, y anomal\u00edas de precipitaci\u00f3n positivas, o incluso muy positivas (marzo lluvioso) hacia el Mediterr\u00e1neo oriental.<\/span><\/p>\n<p><span style=\"font-family: Arial, Helvetica, sans-serif; color: #000000;\">En el resto de Europa, las anomal\u00edas positivas\/negativas se distribuyen irregularmente por todo el continente sin relaci\u00f3n aparente, aunque predomina un <strong>posible marzo lluvioso hacia los pa\u00edses del Oeste y Norte de Europa<\/strong>.<\/span><\/p>\n<p><span style=\"font-family: Arial, Helvetica, sans-serif; color: #000000;\">En Espa\u00f1a, marzo 2014 podr\u00eda acabar siendo <strong>muy seco en todo el Oeste, Centro y Sur peninsular<\/strong>, mientras que en el resto las precipitaciones estar\u00edan dentro de la media, excepto por el Norte, donde se observa una <strong>anomal\u00eda positiva de precipitaci\u00f3n<\/strong> (marzo lluvioso en el Cant\u00e1brico oriental).<\/span><\/p>\n<p><span style=\"color: #ffffff;\">.<\/span><\/p>\n<p><span style=\"font-family: Arial, Helvetica, sans-serif; font-size: large; color: #000000;\"><strong>\u00bfQu\u00e9 puede haber detr\u00e1s de esas simples anomal\u00edas?<\/strong><\/span><\/p>\n<p><span style=\"font-family: Arial, Helvetica, sans-serif; color: #000000;\">Probablemente, lo que el modelo nos est\u00e1 diciendo es que, entre esa uni\u00f3n comentada anteriormente del anticicl\u00f3n del Este de Europa y el de las Azores, quiz\u00e1s al final se acabe configurando un <strong>bloqueo anticicl\u00f3nico hacia el Norte-Este de Europa<\/strong>, con una masa de aire c\u00e1lido asociado, que podr\u00eda ser la raz\u00f3n de que muestre anomal\u00edas de temperatura superficial tan elevadas, y un mes marcado por la <strong>escasa precipitaci\u00f3n<\/strong> en esas zonas.<\/span><\/p>\n<p><span style=\"font-family: Arial, Helvetica, sans-serif; color: #000000;\">Eso no significa que por all\u00ed vayan a tener temperaturas calurosas, ni mucho menos, sino m\u00e1s bien menos fr\u00edo del que cabr\u00eda esperar climatol\u00f3gicamente para un mes de marzo en aquellas zonas.<\/span><\/p>\n<p><span style=\"font-family: Arial, Helvetica, sans-serif; color: #000000;\">La formaci\u00f3n de ese supuesto bloqueo anticicl\u00f3nico en el Norte o Este de Europa, con aire c\u00e1lido en niveles medios y altos podr\u00eda suponer que, por el flanco Sur de dicho anticicl\u00f3n, se puedan ir colando algunos <strong>embolsamientos de aire fr\u00edo<\/strong> (o bien procedentes del Atl\u00e1ntico, o bien por circulaci\u00f3n retr\u00f3grada, de Este a Oeste por el Mediterr\u00e1neo), y sean los causantes de dichas <strong>precipitaciones en la cuenca mediterr\u00e1nea<\/strong>, y de unos valores de <strong>temperatura ligeramente por debajo de lo normal<\/strong> en el Mediterr\u00e1neo o hacia el Norte de \u00c1frica.<\/span><\/p>\n<p><span style=\"font-family: Arial, Helvetica, sans-serif; color: #000000;\">En referencia a \u00e9sto, los principales modelos de predicci\u00f3n (no los estacionales) vienen mostrando en sus \u00faltimas actualizaciones la formaci\u00f3n de un <strong>anticicl\u00f3n en latitudes altas<\/strong> (Norte o Este de Europa), extendi\u00e9ndose hacia el Interior del continente, y el paso de peque\u00f1os <strong>embolsamientos de aire fr\u00edo por el Centro-Sur de Europa<\/strong>, desfilando sobre el Mediterr\u00e1neo, y dejando por all\u00ed <strong>precipitaciones abundantes<\/strong>.<\/span><\/p>\n<p style=\"text-align: center;\" align=\"CENTER\"><span style=\"font-family: Arial, Helvetica, sans-serif; color: #000000;\"><strong><img loading=\"lazy\" class=\"aligncenter\" style=\"border: 0px; margin-top: 0px; margin-bottom: 0px;\" title=\"Comparativa entre la situaci\u00f3n en febrero 2014 (arriba) y marzo 2014 (abajo)\" src=\"\/\/nsae01.casimages.net\/img\/2014\/03\/04\/140304125402831336.png\" alt=\"\" width=\"660\" height=\"950\" \/>Comparativa entre la situaci\u00f3n en febrero 2014 (arriba) y marzo 2014 (abajo) &#8211; Modelo GFS<\/strong><\/span><\/p>\n<p><span style=\"font-family: Arial, Helvetica, sans-serif; color: #000000;\">Por otra parte, se observa un claro <strong>cambio de patr\u00f3n atmosf\u00e9rico con respecto a las pasadas semanas<\/strong>, en las que han predominado el paso sucesivo de borrascas atl\u00e1nticas y frentes por todo el Oeste de Europa, que afectaron tambi\u00e9n a Espa\u00f1a en numerosas ocasiones. En la figura superior vemos dos situaciones meteorol\u00f3gicas muy distintas:<\/span><\/p>\n<ul>\n<li><span style=\"font-family: Arial, Helvetica, sans-serif; color: #000000;\"><strong>1\u00ba.<\/strong> Por un lado, el primer mapa corresponde a la situaci\u00f3n de la <em>Corriente en Chorro<\/em> o <em>Chorro Polar<\/em> durante el inicio del pasado mes de febrero 2014, marcado por esa <strong>circulaci\u00f3n zonal<\/strong>, que impulsaba las borrascas de Oeste a Este. Eso nos dejaba en una situaci\u00f3n dominada por el <strong>paso sucesivo de frentes y borrascas<\/strong> que llegaban continuamente al Oeste de Europa.<\/span><\/li>\n<\/ul>\n<ul>\n<li><span style=\"color: #000000;\"><strong style=\"font-family: Arial, Helvetica, sans-serif;\">2\u00ba<\/strong><span style=\"font-family: Arial, Helvetica, sans-serif;\">. Por otro lado, en el segundo mapa, vemos representada la situaci\u00f3n para los pr\u00f3ximos d\u00edas, y como vemos, el <em>Chorro Polar<\/em> est\u00e1 claramente m\u00e1s desviado hacia el Norte-Noreste. Las borrascas, por tanto, seguir\u00e1n llegando al Oeste de Europa, pero a partir de ahora ser\u00e1n <strong>desviadas hacia el Noreste<\/strong>, camino del Norte de Europa. Quiz\u00e1s por eso el modelo estacional muestra anomal\u00edas de precipitaci\u00f3n positivas (marzo h\u00famedo) hacia el Oeste y Norte de Europa.<\/span><\/span><\/li>\n<\/ul>\n<p><span style=\"color: #ffffff;\">.<\/span><\/p>\n<p><span style=\"font-family: Arial, Helvetica, sans-serif; font-size: large; color: #000000;\"><strong>\u00bfQu\u00e9 cabe esperar en la Pen\u00ednsula Ib\u00e9rica?<\/strong><\/span><\/p>\n<p><span style=\"font-family: Arial, Helvetica, sans-serif; font-size: small; color: #000000;\">En principio, la primera quincena del mes de marzo en Espa\u00f1a parece que <strong>ser\u00e1 bastante m\u00e1s estable<\/strong> que la situaci\u00f3n que llevamos arrastrando desde hace semanas, y <strong>con temperaturas m\u00e1s altas<\/strong>\u00a0(en el caso de las m\u00e1ximas). Llega el anticicl\u00f3n, y llega para quedarse durante al menos 5-7 d\u00edas, aunque con algunas excepciones.<\/span><\/p>\n<p style=\"text-align: center;\"><strong><span style=\"font-family: Arial, Helvetica, sans-serif; color: #000000;\"><img loading=\"lazy\" class=\"aligncenter\" style=\"border: 0px; margin-top: 0px; margin-bottom: 0px;\" title=\"Anomal\u00edas de temperatura superficial previstas para la primera semana de marzo 2014 en Europa\" src=\"\/\/nsae01.casimages.net\/img\/2014\/03\/04\/140304010124195264.png\" alt=\"\" width=\"630\" height=\"382\" \/>Anomal\u00edas de temperatura previstas para la primera semana de marzo 2014 en Europa &#8211; GFS &#038; CFS<\/span><\/strong><\/p>\n<p style=\"text-align: center;\"><strong><span style=\"font-family: Arial, Helvetica, sans-serif; color: #000000;\"><a href=\"http:\/\/nsae01.casimages.net\/img\/2014\/03\/04\/140304010124195264.png\" target=\"_blank\" rel=\"external nofollow\"><img loading=\"lazy\" class=\"alignnone\" style=\"border: 0px; margin: 0px;\" src=\"\/\/nsae01.casimages.net\/img\/2014\/03\/01\/140301015614656383.gif\" alt=\"\" width=\"20\" height=\"20\" \/>Ampliar mapa superior<\/a><\/span><\/strong><\/p>\n<p><span style=\"font-family: Arial, Helvetica, sans-serif; color: #000000;\">Durante esta primera mitad del mes, Espa\u00f1a estar\u00e1 entre ese \u201cpuente\u201d de altas presiones que unir\u00e1 el anticicl\u00f3n de las Azores y el del Este de Europa, y bajo una <strong>masa de aire c\u00e1lido impulsada desde el Norte de \u00c1frica<\/strong>. Vean en el mapa superior c\u00f3mo van a ser las temperaturas durante esta primera semana de Marzo, sobre todo hacia el fin de semana, con <strong>temperaturas muy por encima de lo normal<\/strong> en gran parte de Europa, y sobre todo en el Noroeste peninsular y en puntos del Interior-Norte del continente.<\/span><\/p>\n<p><span style=\"font-family: Arial, Helvetica, sans-serif; color: #000000;\">Por otro lado, el hecho de que no vayamos a tener la presencia del anticicl\u00f3n sobre la vertical de la Pen\u00ednsula Ib\u00e9rica, supone un <strong>mayor riesgo de ser afectados por algunos frentes<\/strong>, o por esos <strong>embolsamientos de aire fr\u00edo<\/strong> \u201cperdidos\u201d que atravesar\u00e1n Europa desde el Atl\u00e1ntico hacia el Mediterr\u00e1neo, y que f\u00e1cilmente\u00a0podr\u00edan afectar a Espa\u00f1a, sobre todo a las regiones del Norte, de ah\u00ed esa ligera anomal\u00eda positiva de precipitaci\u00f3n (marzo h\u00famedo) en el Norte peninsular.<\/span><\/p>\n<p><span style=\"font-family: Arial, Helvetica, sans-serif; color: #000000;\">Aunque marzo pueda mostrarse muy seco en el Suroeste peninsular en estos mapas de anomal\u00eda, <strong>no significa que no vaya a llover<\/strong> en todo el mes, sino que lo har\u00e1 menos de lo habitual. Al fin y al cabo, no son mas que probabilidades, y no es de extra\u00f1ar que al final el mes acabe siendo totalmente distinto a lo esperado por \u00e9stos modelos, de hecho ya ha pasado en numerosas ocasiones.<\/span><\/p>\n<p><span style=\"font-family: Arial, Helvetica, sans-serif; color: #000000;\">Veremos qu\u00e9 acaba sucediendo finalmente, pero parece seguro que durante la primera quincena se formar\u00e1 ese <strong>bloqueo anticicl\u00f3nico<\/strong> hacia el Norte-Este de Europa. Mientras, por el Sur de Europa, aunque tambi\u00e9n estaremos influenciados por las altas presiones, tendremos el paso de algunos embolsamientos de aire fr\u00edo que <strong>podr\u00edan afectar a la Pen\u00ednsula<\/strong>; \u00bfde qu\u00e9 manera? eso est\u00e1 a\u00fan por determinar.<\/span><\/p>\n<p align=\"LEFT\"><span style=\"color: #ffffff;\"><strong><span style=\"font-family: Arial, Helvetica, sans-serif;\">.<\/span><\/strong><\/span><\/p>\n<p align=\"CENTER\"><strong><span style=\"color: #000000;\"><span style=\"font-family: Arial, Helvetica, sans-serif;\"><span>Puedes seguir cada situaci\u00f3n a trav\u00e9s de la cuenta de Twitter <\/span><\/span><\/span><\/strong><strong><a href=\"https:\/\/twitter.com\/MeteoBadajoz\" target=\"_blank\" rel=\"external nofollow\"><span style=\"color: #ff0000;\"><span style=\"font-family: Arial, Helvetica, sans-serif;\"><span>@MeteoBadajoz<\/span><\/span><\/span><\/a><\/strong><strong><span style=\"color: #000000;\"><span style=\"font-family: Arial, Helvetica, sans-serif;\"><span>, o Facebook <\/span><\/span><\/span><\/strong><strong><a href=\"https:\/\/www.facebook.com\/pages\/MeteoBadajoz\/236436716399890\" target=\"_blank\" rel=\"external nofollow\"><span style=\"color: #ff0000;\"><span style=\"font-family: Arial, Helvetica, sans-serif;\"><span>MeteoBadajoz<\/span><\/span><\/span><\/a><\/strong><strong><span style=\"color: #000000;\"><span style=\"font-family: Arial, Helvetica, sans-serif;\"><span>, donde estar\u00e1s informado en todo momento de c\u00f3mo evolucionan los d\u00edas, as\u00ed como de noticias de inter\u00e9s meteorol\u00f3gico.<\/span><\/span><\/span><\/strong><\/p>\n<p align=\"CENTER\"><strong><span style=\"color: #000000;\"><span style=\"font-family: Arial, Helvetica, sans-serif;\"><span><span style=\"text-decoration: underline;\"><strong>Si el art\u00edculo te ha parecido interesante, puedes ayudar a divulgarlo a trav\u00e9s de las redes sociales, con ayuda de los botones para compartir.<\/strong><\/span><\/span><\/span><\/span><\/strong><\/p>\n<p align=\"CENTER\"><strong><span style=\"color: #000000;\"><span style=\"font-family: Arial, Helvetica, sans-serif;\"><span>\u00a1\u00a1Gracias y un saludo a los lectores del blog!!<\/span><\/span><\/span><\/strong><\/p>\n<!-- AddThis Advanced Settings generic via filter on the_content --><!-- AddThis Share Buttons generic via filter on the_content -->","protected":false},"excerpt":{"rendered":"<p>\u00bb Los modelos estacionales anuncian un mes de Marzo marcado por la escasez de lluvia en zonas del Oeste y Sur peninsular, aunque con precipitaciones por encima de lo normal en el Norte. En cuanto a las temperaturas, a nivel general estar\u00edan dentro de la media, aunque ligeramente inferiores por el Suroeste. An\u00e1lisis de situaci\u00f3n [&hellip;]<!-- AddThis Advanced Settings generic via filter on get_the_excerpt --><!-- AddThis Share Buttons generic via filter on get_the_excerpt --><\/p>\n","protected":false},"author":75,"featured_media":0,"comment_status":"open","ping_status":"closed","sticky":false,"template":"","format":"standard","meta":[],"categories":[4],"tags":[7,11,12,16,18,33,47,93,102,127],"_links":{"self":[{"href":"https:\/\/blogs.hoy.es\/meteobadajoz\/wp-json\/wp\/v2\/posts\/578"}],"collection":[{"href":"https:\/\/blogs.hoy.es\/meteobadajoz\/wp-json\/wp\/v2\/posts"}],"about":[{"href":"https:\/\/blogs.hoy.es\/meteobadajoz\/wp-json\/wp\/v2\/types\/post"}],"author":[{"embeddable":true,"href":"https:\/\/blogs.hoy.es\/meteobadajoz\/wp-json\/wp\/v2\/users\/75"}],"replies":[{"embeddable":true,"href":"https:\/\/blogs.hoy.es\/meteobadajoz\/wp-json\/wp\/v2\/comments?post=578"}],"version-history":[{"count":0,"href":"https:\/\/blogs.hoy.es\/meteobadajoz\/wp-json\/wp\/v2\/posts\/578\/revisions"}],"wp:attachment":[{"href":"https:\/\/blogs.hoy.es\/meteobadajoz\/wp-json\/wp\/v2\/media?parent=578"}],"wp:term":[{"taxonomy":"category","embeddable":true,"href":"https:\/\/blogs.hoy.es\/meteobadajoz\/wp-json\/wp\/v2\/categories?post=578"},{"taxonomy":"post_tag","embeddable":true,"href":"https:\/\/blogs.hoy.es\/meteobadajoz\/wp-json\/wp\/v2\/tags?post=578"}],"curies":[{"name":"wp","href":"https:\/\/api.w.org\/{rel}","templated":true}]}}