{"id":584,"date":"2014-03-16T18:07:40","date_gmt":"2014-03-16T17:07:40","guid":{"rendered":"http:\/\/blogs.hoy.es\/meteobadajoz\/?p=584"},"modified":"2014-03-16T18:07:40","modified_gmt":"2014-03-16T17:07:40","slug":"tardes-tormentosas","status":"publish","type":"post","link":"https:\/\/blogs.hoy.es\/meteobadajoz\/2014\/03\/16\/tardes-tormentosas\/","title":{"rendered":"En los pr\u00f3ximos d\u00edas, tardes tormentosas!"},"content":{"rendered":"<h2 align=\"LEFT\"><strong><span style=\"color: #000000;\"><span style=\"font-family: 'Segoe UI';\">\u00bb<\/span><\/span><span style=\"color: #000000;\"><span style=\"font-family: 'Segoe UI', sans-serif;\"> Tras una primera quincena de marzo marcada por la estabilidad, llegan cambios para los pr\u00f3ximos d\u00edas, en forma de chubascos tormentosos por la tarde en puntos del interior peninsular, que podr\u00edan ir acompa\u00f1ados de algunos episodios de granizo.<\/span><\/span><\/strong><\/h2>\n<p style=\"text-align: center;\" align=\"CENTER\"><strong><span style=\"color: #000000;\"><span style=\"font-family: Arial, Helvetica, sans-serif;\"><span><em><img loading=\"lazy\" class=\"aligncenter\" src=\"\/\/nsae01.casimages.net\/img\/2014\/03\/16\/140316022855926876.png\" alt=\"\" width=\"630\" height=\"380\" \/>C\u00famulo Congestu<\/em>\u00a0el pasado 27 de Junio de 2010, desde Badajoz capital &#8211;\u00a0\u00a9 Javier Pi\u00f1ero Fuentes<\/span><\/span><\/span><\/strong><\/p>\n<p align=\"LEFT\"><span style=\"color: #000000;\"><span style=\"font-family: Arial, Helvetica, sans-serif;\"><span><strong>Domingo 16 de Marzo 2014.<\/strong><\/span><\/span><\/span><span style=\"color: #000000;\"><span style=\"font-family: Arial, Helvetica, sans-serif;\"> Como ya se coment\u00f3 en el <a href=\"https:\/\/blogs.hoy.es\/meteobadajoz\/2014\/03\/04\/marzo-2014\/\" target=\"_blank\">an\u00e1lisis mensual de Marzo 2014<\/a>, la primera quincena del mes ha estado marcada por la estabilidad, con el <strong>reforzamiento del anticicl\u00f3n<\/strong> de las Azores, y su desplazamiento hacia el Interior de Europa, dejando una situaci\u00f3n de clara <strong>estabilidad durante varias jornadas<\/strong> consecutivas en amplias zonas del continente, y por supuesto tambi\u00e9n en Espa\u00f1a.<!--more--><\/span><\/span><\/p>\n<p align=\"LEFT\"><span style=\"color: #000000;\"><span style=\"font-family: Arial, Helvetica, sans-serif;\">La excepci\u00f3n la tuvimos durante el pasado jueves, cuando un embolsamiento de aire fr\u00edo se acercaba desde el Este peninsular, <strong>reactivando algunos chubascos<\/strong> en zonas del Este y Sureste peninsular, y en \u00e1reas de sierra del interior. Pero bien es cierto que lo que finalmente sucedi\u00f3 no tuvo <strong>nada que ver<\/strong> con lo que estaba previsto (<a href=\"https:\/\/blogs.hoy.es\/meteobadajoz\/2014\/03\/10\/segunda-semana-consecutiva-de-buen-tiempo\/\" target=\"_blank\">analizado en la \u00faltima entrada<\/a>), al menos en Extremadura.<\/span><\/span><\/p>\n<p align=\"LEFT\"><span style=\"color: #000000;\"><span style=\"font-family: Arial, Helvetica, sans-serif;\">Y es que el movimiento de esa masa de aire fr\u00edo, as\u00ed como la irrupci\u00f3n de una masa de aire h\u00famedo desde el Mediterr\u00e1neo hacia el interior peninsular, y las temperaturas tan c\u00e1lidas de los \u00faltimos d\u00edas, provocaron que los chubascos fueran <strong>m\u00e1s intensos y generalizados de lo previsto<\/strong>.<\/span><\/span><\/p>\n<p align=\"LEFT\"><span style=\"color: #000000;\"><span style=\"font-family: Arial, Helvetica, sans-serif;\">En Extremadura, las precipitaciones se fueron desplazando desde el Noreste de la provincia de C\u00e1ceres, hacia el Sur de la regi\u00f3n. En algunos momentos, esos chubascos descargaban <strong>con cierta intensidad<\/strong> incluso fuera de las zonas de sierra. Para muchos fue toda una sorpresa, ya que no estaba previsto que los chubascos afectaran a zonas llanas, y mucho menos a las comarcas orientales de la regi\u00f3n.<\/span><\/span><\/p>\n<p align=\"LEFT\"><span style=\"color: #000000;\"><span style=\"font-family: Arial, Helvetica, sans-serif;\">Pero la naturaleza caprichosa de los chubascos no entiende de predicciones, y finalmente se repartieron por bastantes zonas de la regi\u00f3n. As\u00ed lo seguimos a trav\u00e9s de Twitter:<\/span><\/span><\/p>\n<blockquote class=\"twitter-tweet\" lang=\"es\"><p>Como estaba previsto, tarde de CHUBASCOS en el Norte y Este de la regi\u00f3n, aunque son m\u00e1s generosos de lo previsto! <a href=\"http:\/\/t.co\/IivCjbb7fR\" rel=\"external nofollow\">pic.twitter.com\/IivCjbb7fR<\/a> \u2014 MeteoBadajoz (@MeteoBadajoz) <a href=\"https:\/\/twitter.com\/MeteoBadajoz\/statuses\/444163102100049921\" rel=\"external nofollow\">marzo 13, 2014<\/a><\/p><\/blockquote>\n<p>&nbsp;<\/p>\n<blockquote class=\"twitter-tweet\" lang=\"es\" data-conversation=\"none\"><p>Hacia las comarcas del Norte, Centro y Este de la provincia de <a href=\"https:\/\/twitter.com\/search?q=%23C%C3%A1ceres&#038;src=hash\" rel=\"external nofollow\">#C\u00e1ceres<\/a> los cielos se muestran bastante nubosos: <a href=\"http:\/\/t.co\/x2nNSKkt0f\" rel=\"external nofollow\">pic.twitter.com\/x2nNSKkt0f<\/a> \u2014 MeteoBadajoz (@MeteoBadajoz) <a href=\"https:\/\/twitter.com\/MeteoBadajoz\/statuses\/444169146956144640\" rel=\"external nofollow\">marzo 13, 2014<\/a><\/p><\/blockquote>\n<blockquote class=\"twitter-tweet\" lang=\"es\"><p>Alguna c\u00e1mara de la DGT en la A-5 por la provincia de <a href=\"https:\/\/twitter.com\/search?q=%23C%C3%A1ceres&#038;src=hash\" rel=\"external nofollow\">#C\u00e1ceres<\/a>, mostrando algunas gotas de esos chubascos! <a href=\"http:\/\/t.co\/T2TV4sTp0W\" rel=\"external nofollow\">pic.twitter.com\/T2TV4sTp0W<\/a> \u2014 MeteoBadajoz (@MeteoBadajoz) <a href=\"https:\/\/twitter.com\/MeteoBadajoz\/statuses\/444173357555015680\" rel=\"external nofollow\">marzo 13, 2014<\/a><\/p><\/blockquote>\n<p>&nbsp;<\/p>\n<blockquote class=\"twitter-tweet\" lang=\"es\"><p>Lo de los chubascos de hoy se nos ha ido de las manos&#8230; :P Llueve en <a href=\"https:\/\/twitter.com\/search?q=%23Badajoz&#038;src=hash\" rel=\"external nofollow\">#Badajoz<\/a>! No siempre se acierta, y menos con los chubascos. \u2014 MeteoBadajoz (@MeteoBadajoz) <a href=\"https:\/\/twitter.com\/MeteoBadajoz\/statuses\/444198911813877760\" rel=\"external nofollow\">marzo 13, 2014<\/a><\/p><\/blockquote>\n<p>&nbsp;<\/p>\n<blockquote class=\"twitter-tweet\" lang=\"es\"><p>Insisto en que el tremendo chaparr\u00f3n que est\u00e1 cayendo ahora mismo en <a href=\"https:\/\/twitter.com\/search?q=%23Badajoz&#038;src=hash\" rel=\"external nofollow\">#Badajoz<\/a> NO estaba previsto! <a href=\"https:\/\/twitter.com\/search?q=%23MeteoSorpresa&#038;src=hash\" rel=\"external nofollow\">#MeteoSorpresa<\/a>!! :D \u2014 MeteoBadajoz (@MeteoBadajoz) <a href=\"https:\/\/twitter.com\/MeteoBadajoz\/statuses\/444200140719796225\" rel=\"external nofollow\">marzo 13, 2014<\/a><\/p><\/blockquote>\n<p>&nbsp;<\/p>\n<blockquote class=\"twitter-tweet\" lang=\"es\"><p>Los chubascos cogieron fuerza al elevarse la masa de aire h\u00famedo en las sierras del interior-Oeste de Extremadura: <a href=\"http:\/\/t.co\/VPEqt8nzjA\" rel=\"external nofollow\">pic.twitter.com\/VPEqt8nzjA<\/a> \u2014 MeteoBadajoz (@MeteoBadajoz) <a href=\"https:\/\/twitter.com\/MeteoBadajoz\/statuses\/444213995319209984\" rel=\"external nofollow\">marzo 13, 2014<\/a><\/p><\/blockquote>\n<p align=\"LEFT\"><span style=\"color: #ffffff;\">.<\/span><\/p>\n<p align=\"LEFT\"><span style=\"color: #000000;\"><span style=\"font-family: Arial, Helvetica, sans-serif;\">Una vez pasada esa jornada de inestabilidad, el fin de semana nos dej\u00f3 -y nos est\u00e1 dejando- una <strong>situaci\u00f3n mucho m\u00e1s estable<\/strong>, con cielos poco nubosos y temperaturas que, en la mayor\u00eda de municipios, pasan de los 18-20\u00baC, e incluso en las Vegas del Guadiana pasamos de los 24-25\u00baC.<\/span><\/span><\/p>\n<p align=\"LEFT\"><span style=\"color: #000000;\"><span style=\"font-family: Arial, Helvetica, sans-serif;\">Unas temperaturas que poco van a variar durante los pr\u00f3ximos d\u00edas, ya que seguiremos bajo los efectos del anticicl\u00f3n, y de la masa de aire c\u00e1lido que lo acompa\u00f1a, e incluso <strong>las m\u00e1ximas pueden subir<\/strong> un poco m\u00e1s durante el inicio de la semana, super\u00e1ndose los 25-26\u00baC en las Vegas del Guadiana.<\/span><\/span><\/p>\n<p align=\"LEFT\"><span style=\"color: #ffffff;\">.<\/span><\/p>\n<p><span style=\"text-decoration: underline;\"><span style=\"font-family: Arial, Helvetica, sans-serif; font-size: large; color: #000000;\"><strong>Y a partir de ahora \u00bfqu\u00e9 nos cabe esperar? \u00a0<\/strong><\/span><\/span><\/p>\n<p align=\"LEFT\"><span style=\"color: #000000;\"><span style=\"font-family: Arial, Helvetica, sans-serif;\">Atendiendo a las \u00faltimas actualizaciones de los modelos, la tendencia a medio plazo muestra una <strong>mayor probabilidad de chubascos<\/strong> durante las pr\u00f3ximas tardes, debido al acercamiento de algunos embolsamientos de aire fr\u00edo en capas altas de la Troposfera, as\u00ed como un progresivo debilitamiento del anticicl\u00f3n.<\/span><\/span><\/p>\n<p align=\"LEFT\"><span style=\"color: #000000;\"><span style=\"font-family: Arial, Helvetica, sans-serif;\">-Ya saben que cuando encontramos grandes <strong>diferencias de temperaturas<\/strong> entre diferentes capas (con calor en superficie + aire fr\u00edo en altura), <strong>aumenta la inestabilidad<\/strong> y la probabilidad de ver los conocidos \u201c<em>chubascos de tarde<\/em>\u201d.<\/span><\/span><\/p>\n<p align=\"LEFT\"><span style=\"font-family: Arial, Helvetica, sans-serif; color: #000000;\">Eso es precisamente lo que va a suceder durante los pr\u00f3ximos d\u00edas; se nos cuela algo de aire fr\u00edo en altura, junto con la acumulaci\u00f3n de calor de estos \u00faltimos d\u00edas y la entrada de vientos de Oeste que aporten humedad, tendremos un mayor riesgo de chubascos, principalmente en \u00e1reas de sierra, aunque tampoco habr\u00eda que descartarlos del resto de zonas.<\/span><\/p>\n<p style=\"text-align: center;\" align=\"LEFT\"><strong><span style=\"color: #000000;\"><span style=\"font-family: Arial, Helvetica, sans-serif;\"><img loading=\"lazy\" class=\"aligncenter\" style=\"border: 0px; margin-top: 0px; margin-bottom: 0px;\" src=\"\/\/nsae01.casimages.net\/img\/2014\/03\/16\/14031602151425024.png\" alt=\"\" width=\"630\" height=\"515\" \/>Precipitaciones previstas entre el domingo 16 y el jueves 20 de marzo 2014 &#8211; Modelo GFS<\/span><\/span><\/strong><\/p>\n<p align=\"LEFT\"><span style=\"color: #000000;\"><span style=\"font-family: Arial, Helvetica, sans-serif;\">As\u00ed lo muestran los modelos, tomando como ejemplo el mapa superior, en el que podemos ver con claridad c\u00f3mo se intuye la formaci\u00f3n de algunos chubascos a partir de las horas centrales del d\u00eda, y especialmente durante la tarde. N\u00f3tese la forma con la que se dibujan esas manchas de precipitaci\u00f3n, con forma alargada y abarcando los principales sistemas monta\u00f1osos del interior peninsular.<\/span><\/span><\/p>\n<p align=\"LEFT\"><span style=\"color: #000000;\"><span style=\"font-family: Arial, Helvetica, sans-serif;\">En las \u00faltimas actualizaciones de los modelos, parece que el mayor riesgo de tormentas se acabar\u00eda centrando hacia el Interior-Oeste de la Pen\u00ednsula, y especialmente en Extremadura.<\/span><\/span><\/p>\n<p align=\"LEFT\"><span style=\"color: #000000;\"><span style=\"font-family: Arial, Helvetica, sans-serif;\">Es una situaci\u00f3n t\u00edpica de la primavera y verano, en la que el Sol calienta de forma intensa el suelo y las masas de aire en contacto con \u00e9l, y sirve de alimento, junto con la humedad, para la formaci\u00f3n de <strong>nubes de evoluci\u00f3n<\/strong> (<em>C\u00famulos > C\u00famulos Congestus\u00a0<\/em>>\u00a0<em>Cumulonimbos<\/em>), que a lo largo de la tarde acaban convirti\u00e9ndose en tormentas.<\/span><\/span><\/p>\n<p align=\"LEFT\"><span style=\"color: #000000;\"><span style=\"font-family: Arial, Helvetica, sans-serif;\">Eso s\u00ed, esa situaci\u00f3n de tormentas tan s\u00f3lo durar\u00e1 un par de d\u00edas, ya que <strong>de cara al fin de semana volver\u00e1 el invierno<\/strong>, por una <strong>importante irrupci\u00f3n de aire fr\u00edo<\/strong> en la Pen\u00ednsula que, adem\u00e1s de fr\u00edo, nos dejar\u00e1 algunas nevadas<strong>.<\/strong> Y todo a pesar de que el pr\u00f3ximo jueves 20 de marzo comienza la primavera, a las\u00a017:57h.<\/span><\/span><\/p>\n<p align=\"LEFT\"><span style=\"color: #000000;\"><span style=\"font-family: Arial, Helvetica, sans-serif;\">As\u00ed pues, posiblemente estamos ante <strong>la primera situaci\u00f3n tormentosa de la temporada<\/strong>, con cielos poco nubosos durante la ma\u00f1ana, pero a partir de la tarde, formaci\u00f3n de grandes nubes de desarrollo vertical, que acaban descargando chubascos localmente tormentosos y acompa\u00f1ados de granizo.<\/span><\/span><\/p>\n<p align=\"LEFT\"><span style=\"color: #ffffff;\"><strong><span style=\"font-family: Arial, Helvetica, sans-serif;\">.<\/span><\/strong><\/span><\/p>\n<p align=\"CENTER\"><strong><span style=\"color: #000000;\"><span style=\"font-family: Arial, Helvetica, sans-serif;\"><span>Puedes seguir cada situaci\u00f3n a trav\u00e9s de la cuenta de Twitter <\/span><\/span><\/span><\/strong><strong><a href=\"https:\/\/twitter.com\/MeteoBadajoz\" target=\"_blank\" rel=\"external nofollow\"><span style=\"color: #ff0000;\"><span style=\"font-family: Arial, Helvetica, sans-serif;\"><span>@MeteoBadajoz<\/span><\/span><\/span><\/a><\/strong><strong><span style=\"color: #000000;\"><span style=\"font-family: Arial, Helvetica, sans-serif;\"><span>, o Facebook <\/span><\/span><\/span><\/strong><strong><a href=\"https:\/\/www.facebook.com\/pages\/MeteoBadajoz\/236436716399890\" target=\"_blank\" rel=\"external nofollow\"><span style=\"color: #ff0000;\"><span style=\"font-family: Arial, Helvetica, sans-serif;\"><span>MeteoBadajoz<\/span><\/span><\/span><\/a><\/strong><strong><span style=\"color: #000000;\"><span style=\"font-family: Arial, Helvetica, sans-serif;\"><span>, donde estar\u00e1s informado en todo momento de c\u00f3mo evolucionan los d\u00edas, as\u00ed como de noticias de inter\u00e9s meteorol\u00f3gico.<\/span><\/span><\/span><\/strong><\/p>\n<p align=\"CENTER\"><strong><span style=\"color: #000000;\"><span style=\"font-family: Arial, Helvetica, sans-serif;\"><span><span style=\"text-decoration: underline;\"><strong>Si el art\u00edculo te ha parecido interesante, puedes ayudar a divulgarlo a trav\u00e9s de las redes sociales, con ayuda de los botones para compartir.<\/strong><\/span><\/span><\/span><\/span><\/strong><\/p>\n<p align=\"CENTER\"><strong><span style=\"color: #000000;\"><span style=\"font-family: Arial, Helvetica, sans-serif;\"><span>\u00a1\u00a1Gracias y un saludo a los lectores del blog!!<\/span><\/span><\/span><\/strong><\/p>\n<!-- AddThis Advanced Settings generic via filter on the_content --><!-- AddThis Share Buttons generic via filter on the_content -->","protected":false},"excerpt":{"rendered":"<p>\u00bb Tras una primera quincena de marzo marcada por la estabilidad, llegan cambios para los pr\u00f3ximos d\u00edas, en forma de chubascos tormentosos por la tarde en puntos del interior peninsular, que podr\u00edan ir acompa\u00f1ados de algunos episodios de granizo. C\u00famulo Congestu\u00a0el pasado 27 de Junio de 2010, desde Badajoz capital &#8211;\u00a0\u00a9 Javier Pi\u00f1ero Fuentes Domingo [&hellip;]<!-- AddThis Advanced Settings generic via filter on get_the_excerpt --><!-- AddThis Share Buttons generic via filter on get_the_excerpt --><\/p>\n","protected":false},"author":75,"featured_media":0,"comment_status":"open","ping_status":"closed","sticky":false,"template":"","format":"standard","meta":[],"categories":[4,5],"tags":[7,11,12,18,26,44,85,93,102,147],"_links":{"self":[{"href":"https:\/\/blogs.hoy.es\/meteobadajoz\/wp-json\/wp\/v2\/posts\/584"}],"collection":[{"href":"https:\/\/blogs.hoy.es\/meteobadajoz\/wp-json\/wp\/v2\/posts"}],"about":[{"href":"https:\/\/blogs.hoy.es\/meteobadajoz\/wp-json\/wp\/v2\/types\/post"}],"author":[{"embeddable":true,"href":"https:\/\/blogs.hoy.es\/meteobadajoz\/wp-json\/wp\/v2\/users\/75"}],"replies":[{"embeddable":true,"href":"https:\/\/blogs.hoy.es\/meteobadajoz\/wp-json\/wp\/v2\/comments?post=584"}],"version-history":[{"count":0,"href":"https:\/\/blogs.hoy.es\/meteobadajoz\/wp-json\/wp\/v2\/posts\/584\/revisions"}],"wp:attachment":[{"href":"https:\/\/blogs.hoy.es\/meteobadajoz\/wp-json\/wp\/v2\/media?parent=584"}],"wp:term":[{"taxonomy":"category","embeddable":true,"href":"https:\/\/blogs.hoy.es\/meteobadajoz\/wp-json\/wp\/v2\/categories?post=584"},{"taxonomy":"post_tag","embeddable":true,"href":"https:\/\/blogs.hoy.es\/meteobadajoz\/wp-json\/wp\/v2\/tags?post=584"}],"curies":[{"name":"wp","href":"https:\/\/api.w.org\/{rel}","templated":true}]}}