{"id":587,"date":"2014-03-19T10:29:47","date_gmt":"2014-03-19T09:29:47","guid":{"rendered":"http:\/\/blogs.hoy.es\/meteobadajoz\/?p=587"},"modified":"2014-03-19T10:29:47","modified_gmt":"2014-03-19T09:29:47","slug":"riesgo-de-tormentas","status":"publish","type":"post","link":"https:\/\/blogs.hoy.es\/meteobadajoz\/2014\/03\/19\/riesgo-de-tormentas\/","title":{"rendered":"Se dispara el riesgo de tormentas en Extremadura"},"content":{"rendered":"<h2 align=\"LEFT\"><strong><span style=\"color: #000000;\"><span style=\"font-family: 'Segoe UI';\">\u00bb<\/span><\/span><span style=\"color: #000000;\"><span style=\"font-family: 'Segoe UI', sans-serif;\"> D\u00edas marcados por los cielos poco nubosos durante las primeras horas del d\u00eda, pero a partir del mediod\u00eda, crecimiento de la nubosidad que deriva en chubascos y algunas tormentas, y con ligero descenso de las temperaturas.<\/span><\/span><\/strong><\/h2>\n<p style=\"text-align: center;\" align=\"CENTER\"><strong><span style=\"color: #000000;\"><span style=\"font-family: Arial, Helvetica, sans-serif;\"><span><img loading=\"lazy\" class=\"aligncenter\" src=\"\/\/nsae01.casimages.net\/img\/2014\/03\/19\/140319012836585155.png\" alt=\"\" width=\"630\" height=\"375\" \/>Riesgo de tormentas en el Oeste peninsular<\/span><\/span><\/span><\/strong><strong><span style=\"color: #000000;\"><span style=\"font-family: Arial, Helvetica, sans-serif;\"><span> (NO oficial \u2013 Experimental) &#8211; <\/span><\/span><\/span><\/strong><strong><span style=\"color: #000000;\"><span style=\"font-family: Arial, Helvetica, sans-serif;\"><span>\u00a9<\/span><\/span><\/span><\/strong><strong><span style=\"color: #000000;\"><span style=\"font-family: Arial, Helvetica, sans-serif;\"><span> MeteoBadajoz<\/span><\/span><\/span><\/strong><\/p>\n<p align=\"LEFT\"><span style=\"color: #000000;\"><span style=\"font-family: Arial, Helvetica, sans-serif;\"><span><strong>Mi\u00e9rcoles 19 de Marzo 2014.<\/strong><\/span><\/span><\/span><span style=\"color: #000000;\"><span style=\"font-family: Arial, Helvetica, sans-serif;\"> Despu\u00e9s de muchas jornadas consecutivas de cielos poco nubosos y temperaturas bastante c\u00e1lidas para la \u00e9poca, ese calor que hemos ido almacenando <strong>debe liberarse<\/strong> de alguna manera, y qu\u00e9 mejor forma que mediante la <strong>formaci\u00f3n de tormentas!<\/strong><!--more--><\/span><\/span><\/p>\n<p align=\"LEFT\"><span style=\"color: #000000;\"><span style=\"font-family: Arial, Helvetica, sans-serif;\">Durante este mi\u00e9rcoles y jueves vamos a tener un <strong>breve episodio de tormentas<\/strong>, que afectar\u00e1 a zonas del interior y Oeste peninsular, siendo Extremadura la regi\u00f3n que, posiblemente, se vea m\u00e1s afectada por \u00e9stos fen\u00f3menos.<\/span><\/span><\/p>\n<p align=\"LEFT\"><span style=\"color: #000000;\"><span style=\"font-family: Arial, Helvetica, sans-serif;\">Y es que el calor acumulado en superficie de estos \u00faltimos d\u00edas, genera una peque\u00f1a borrasca sobre la Pen\u00ednsula Ib\u00e9rica, que t\u00edpicamente aparece en los meses c\u00e1lidos, y que es conocida como <strong><em>baja t\u00e9rmica<\/em><\/strong>. Al generarse esa peque\u00f1a borrasca, en todo el Oeste peninsular se imponen vientos de Oeste y Noroeste, que provocan un ligero descenso de las temperaturas. Pero adem\u00e1s de eso, ese viento de Oeste y Noroeste nos aporta mucha humedad; humedad que, junto con <strong>algo de aire fr\u00edo en altura<\/strong>, sirve de alimento para la formaci\u00f3n de tormentas.<\/span><\/span><\/p>\n<p align=\"LEFT\"><span style=\"color: #000000;\"><span style=\"font-family: Arial, Helvetica, sans-serif;\">Empezamos ya a entrar poco a poco en una \u00e9poca de grandes contrastes, en que en Sol calienta de forma m\u00e1s efectiva la superficie terrestre, y las masas de aire c\u00e1lido van ganando terreno, aunque en altura seguimos encontrando masas de aire muy fr\u00edo. Esa situaci\u00f3n <strong>genera mucha inestabilidad<\/strong>, y nos lleva a hablar, en muchas ocasiones, de las <em><strong>nubes de evoluci\u00f3n<\/strong><\/em>.<\/span><\/span><\/p>\n<p align=\"LEFT\"><span style=\"color: #000000;\"><span style=\"font-family: Arial, Helvetica, sans-serif;\">Con nubes de evoluci\u00f3n se hace referencia a aquellas nubes (de origen convectivo) que comienzan a crecer en las \u00faltimas horas de la ma\u00f1ana, y que a medida que avanza la tarde van ganado cuerpo y acaban produciendo <strong>enormes nubes de gran desarrollo vertical<\/strong>, aquellas que llamamos <em><strong>Cumulonimbus<\/strong><\/em>.<\/span><\/span><\/p>\n<p align=\"LEFT\"><span style=\"color: #000000;\"><span style=\"font-family: Arial, Helvetica, sans-serif;\">Merece la pena hacer una breve menci\u00f3n de c\u00f3mo se desarrollan esas nubes de evoluci\u00f3n, o lo que es lo mismo, las etapas de formaci\u00f3n de una tormenta:<\/span><\/span><\/p>\n<p style=\"text-align: center;\" align=\"LEFT\"><strong><span style=\"color: #000000;\"><span style=\"font-family: Arial, Helvetica, sans-serif;\"><img loading=\"lazy\" class=\"aligncenter\" src=\"\/\/nsae01.casimages.net\/img\/2014\/03\/19\/140319013620209110.png\" alt=\"\" width=\"625\" height=\"348\" \/>Etapas por las que pasa la formaci\u00f3n de una tormenta com\u00fan<strong>\u00a0&#8211;\u00a0<\/strong><strong>\u00a9<\/strong><strong>\u00a0MeteoBadajoz<\/strong><\/span><\/span><\/strong><\/p>\n<p align=\"LEFT\"><span style=\"color: #000000;\"><span style=\"font-family: Arial, Helvetica, sans-serif;\">Pero nos centramos ahora en lo que nos espera para la pr\u00f3ximos horas, porque <strong>la situaci\u00f3n se complica<\/strong>, debido a esos posibles chubascos y\/o tormentas. Como muestra el mapa que encabeza esta entrada, para este mi\u00e9rcoles, el riesgo de tormentas <strong>abarca casi cualquier punto de la mitad Oeste<\/strong> peninsular, pero sobre todo y especialmente en zonas de sierra, como en Sierra Morena, el Sistema Central, Las Villuercas, e incluso en las sierras centrales de Extremadura y Portugal.<\/span><\/span><\/p>\n<p align=\"LEFT\"><span style=\"color: #000000;\"><span style=\"font-family: Arial, Helvetica, sans-serif;\">Por lo general, la ma\u00f1ana ser\u00e1 soleada, aunque con algunas nubes altas que reflejan la presencia de inestabilidad en capas altas, pero no ser\u00e1 hasta las \u00faltimas horas de la ma\u00f1ana y las primeras de la tarde cuando veremos c\u00f3mo crece, de forma descontrolada, esa nubosidad de gran desarrollo vertical, que acabar\u00e1n formando los esperados chubascos y tormentas.\u00a0<\/span><\/span><\/p>\n<p align=\"LEFT\"><span style=\"color: #000000;\"><span style=\"font-family: Arial, Helvetica, sans-serif;\"><span>-Para predecir la aparici\u00f3n de tormentas, existen varios \u00edndices de inestabilidad que son calculados por muchos modelos meteorol\u00f3gicos, y que nos indican la <strong>probabilidad de tormentas<\/strong>, y tambi\u00e9n la <strong>severidad<\/strong> que \u00e9stas puedan tener. En el caso de hoy, nos vamos a centrar en el <strong><em>\u00edndice CAPE<\/em><\/strong>, que en los modelos lo podemos ver expresado en <em>Julios\/Kilogramo<\/em>. De forma muy simple, este \u00edndice se podr\u00eda definir como: <em>\u201cla energ\u00eda disponible en la atm\u00f3sfera para la formaci\u00f3n de tormentas\u201c<\/em>.<\/span><\/span><\/span><\/p>\n<p align=\"LEFT\"><span style=\"color: #000000;\"><span style=\"font-family: Arial, Helvetica, sans-serif;\"><span>En d\u00edas calurosos (como los que hemos tenido en los \u00faltimos d\u00edas), este \u00edndice se dispara, debido a que el calor es el principal ingrediente para que se d\u00e9 la convecci\u00f3n y, por ello, se vuelve m\u00e1s probable la aparici\u00f3n de chubascos y tormentas, de forma que, <strong>cuanto m\u00e1s calor, m\u00e1s energ\u00eda disponible<\/strong>.<\/span><\/span><\/span><\/p>\n<p align=\"LEFT\"><span style=\"color: #000000;\"><span style=\"font-family: Arial, Helvetica, sans-serif;\"><span>En algunas ocasiones, se han producido fort\u00edsimas tormentas con un <strong>alto grado de severidad<\/strong>, acompa\u00f1adas de fen\u00f3menos severos como fuertes vientos, intensas precipitaciones con un tama\u00f1o de granizo bastante considerable, fen\u00f3menos torn\u00e1dicos, etc, que curiosamente han ocurrido bajo <strong>condiciones no demasiado inestables<\/strong>, convirti\u00e9ndose en toda una sorpresa para muchos\u2026 lo cual nos ense\u00f1a que no siempre que haya valores altos de \u00e9ste u otros \u00edndices de inestabilidad, se vayan a dar con seguridad episodios de tormentas severas, ya que \u00e9stas dependen de otros muchos factores.<\/span><\/span><\/span><\/p>\n<p style=\"text-align: center;\" align=\"LEFT\"><span style=\"color: #000000;\"><span style=\"font-family: Arial, Helvetica, sans-serif;\"><span><strong><img loading=\"lazy\" class=\"aligncenter\" src=\"\/\/nsae01.casimages.net\/img\/2014\/03\/19\/140319020418137819.png\" alt=\"\" width=\"594\" height=\"496\" \/>Valores de CAPE previstos para el mi\u00e9rcoles 19 de marzo 2014, a las 18h \u2013 Modelo WRF<\/strong><\/span><\/span><\/span><\/p>\n<p align=\"LEFT\"><span style=\"color: #000000;\"><span style=\"font-family: Arial, Helvetica, sans-serif;\"><span>El mapa superior muestra los valores previstos de CAPE para la tarde de este mi\u00e9rcoles y, como vemos, numerosas zonas del centro y sobre todo el Oeste peninsular presentan valores de 700-1000 J\/Kg (que es una cantidad medianamente decente de energ\u00eda), y <strong>n\u00facleos de hasta 1.500 J\/Kg<\/strong>. As\u00ed, lo que este mapa nos indica es que <strong>la probabilidad de chubascos y tormentas ser\u00e1 elevada<\/strong> en los principales sistemas monta\u00f1osos del centro y especialmente el Oeste de la Pen\u00ednsula. Adem\u00e1s, se observa perfectamente que \u00e9stos valores elevados aparecen sobre todo en \u00e1reas monta\u00f1osas: Sierra Morena, Las Villuercas, Sistema Central&#8230; aunque tambi\u00e9n en zonas llanas.<\/span><\/span><\/span><\/p>\n<p style=\"text-align: center;\" align=\"LEFT\"><span style=\"color: #000000;\"><span style=\"font-family: Arial, Helvetica, sans-serif;\"><span><strong><\/strong><strong><img loading=\"lazy\" class=\"aligncenter\" src=\"\/\/nsae01.casimages.net\/img\/2014\/03\/19\/140319020429279373.png\" alt=\"\" width=\"594\" height=\"496\" \/>Precipitaciones previstas para el\u00a0<\/strong><strong>mi\u00e9rcoles 19 de marzo 2014, a las 18h \u2013 Modelo WRF<\/strong><br \/>\n<\/span><\/span><\/span><\/p>\n<p align=\"LEFT\"><span style=\"color: #000000;\"><span style=\"font-family: Arial, Helvetica, sans-serif;\">Si todo eso lo miramos desde el punto de vista de las precipitaciones, observamos que, all\u00ed donde los valores de CAPE eran elevados, efectivamente el modelo refleja la aparici\u00f3n de algunos chubascos, aunque no\u00a0sucede\u00a0lo mismo en todas las zonas, ya que existen otros \u00edndices que\u00a0miden la <strong><em>inhibici\u00f3n convectiva<\/em><\/strong>, que evita la convecci\u00f3n, de forma que al final, aunque haya mucho CAPE, si tenemos mucha inhibici\u00f3n, no se puede dar la convecci\u00f3n y, por tanto, no se desarrolla nada.<\/span><\/span><\/p>\n<p align=\"LEFT\"><span style=\"color: #000000;\"><span style=\"font-family: Arial, Helvetica, sans-serif;\">Como vemos, los chubascos afectar\u00e1n principalmente a las <strong>\u00e1reas de sierra<\/strong>, pero a lo largo de la tarde se ir\u00e1n desplazando hacia otras comarcas, pudiendo afectar de forma m\u00e1s d\u00e9bil y dispersa incluso a zonas de las Vegas del Guadiana, ya de cara a las \u00faltimas horas de la tarde (no mostrado en el mapa superior).<\/span><\/span><\/p>\n<p align=\"LEFT\"><span style=\"color: #000000;\"><span style=\"font-family: Arial, Helvetica, sans-serif;\">Adem\u00e1s, todo el Sureste de la provincia de Badajoz, junto con el Norte de C\u00f3rdoba, y el Suroeste de Ciudad Real, son zonas que <strong>podr\u00edan verse muy afectadas por las tormentas<\/strong>, ya que los modelos muestran que ser\u00e1 all\u00ed donde m\u00e1s consigan desarrollarse.<\/span><\/span><\/p>\n<p align=\"LEFT\"><span style=\"color: #000000;\"><span style=\"font-family: Arial, Helvetica, sans-serif;\">En cuanto a la intensidad, los chubascos <strong>ser\u00e1n moderados<\/strong> y localmente podr\u00edan ser de <strong>car\u00e1cter tormentoso<\/strong>, con fuertes desplomes puntuales de temperatura, e incluso, dependiendo del grado de organizaci\u00f3n, hasta con <strong>posibles granizadas<\/strong>, pero todo eso ya quedar\u00e1 en manos del seguimiento a trav\u00e9s de radares de precipitaci\u00f3n e im\u00e1genes de sat\u00e9lite.<\/span><\/span><\/p>\n<p align=\"LEFT\"><span style=\"color: #000000;\"><span style=\"font-family: Arial, Helvetica, sans-serif;\">Adem\u00e1s, durante la madrugada del mi\u00e9rcoles al jueves, podr\u00edamos encontrar todav\u00eda los restos de las tormentas de la pasada tarde, dejando <strong>precipitaciones en puntos del interior de Extremadura<\/strong>, as\u00ed que habr\u00e1 que estar atentos a la tarde-noche de este mi\u00e9rcoles por si tenemos <strong>espect\u00e1culo de rayos<\/strong> all\u00ed donde los chubascos sean m\u00e1s fuertes y duraderos.<\/span><\/span><\/p>\n<p align=\"LEFT\"><span style=\"color: #000000;\"><span style=\"font-family: Arial, Helvetica, sans-serif;\">De cara al jueves la situaci\u00f3n volver\u00eda a estar marcada por la inestabilidad durante la tarde, aunque el riesgo de chubascos y tormentas <strong>se ir\u00e1 restringiendo cada vez m\u00e1s hacia el Norte<\/strong>, de forma que el jueves afectar\u00edan en menor medida a Extremadura, y algo m\u00e1s al resto de regiones del interior peninsular. Y para el fin de semana, como ya se coment\u00f3 al final de la entrada anterior, <strong>volver\u00e1 a visitarnos el invierno<\/strong>, a pesar de entrar en la primavera este pr\u00f3ximo jueves!<\/span><\/span><\/p>\n<p align=\"LEFT\"><span style=\"color: #000000;\"><span style=\"font-family: Arial, Helvetica, sans-serif;\">Ya analizaremos lo del fin de semana, \u00a0de momento nos quedamos con ese riesgo importante de tormentas durante las pr\u00f3ximas dos tardes, que aunque s\u00f3lo aparezcan asociadas a zonas de sierra, en su desplazamiento s\u00ed que podr\u00edan afectar a otras zonas de la regi\u00f3n.<\/span><\/span><\/p>\n<p align=\"LEFT\"><span style=\"color: #ffffff;\"><strong><span style=\"font-family: Arial, Helvetica, sans-serif;\">.<\/span><\/strong><\/span><\/p>\n<p align=\"CENTER\"><strong><span style=\"color: #000000;\"><span style=\"font-family: Arial, Helvetica, sans-serif;\"><span>Puedes seguir cada situaci\u00f3n a trav\u00e9s de la cuenta de Twitter <\/span><\/span><\/span><\/strong><strong><a href=\"https:\/\/twitter.com\/MeteoBadajoz\" target=\"_blank\" rel=\"external nofollow\"><span style=\"color: #ff0000;\"><span style=\"font-family: Arial, Helvetica, sans-serif;\"><span>@MeteoBadajoz<\/span><\/span><\/span><\/a><\/strong><strong><span style=\"color: #000000;\"><span style=\"font-family: Arial, Helvetica, sans-serif;\"><span>, o Facebook <\/span><\/span><\/span><\/strong><strong><a href=\"https:\/\/www.facebook.com\/pages\/MeteoBadajoz\/236436716399890\" target=\"_blank\" rel=\"external nofollow\"><span style=\"color: #ff0000;\"><span style=\"font-family: Arial, Helvetica, sans-serif;\"><span>MeteoBadajoz<\/span><\/span><\/span><\/a><\/strong><strong><span style=\"color: #000000;\"><span style=\"font-family: Arial, Helvetica, sans-serif;\"><span>, donde estar\u00e1s informado en todo momento de c\u00f3mo evolucionan los d\u00edas, as\u00ed como de noticias de inter\u00e9s meteorol\u00f3gico.<\/span><\/span><\/span><\/strong><\/p>\n<p align=\"CENTER\"><strong><span style=\"color: #000000;\"><span style=\"font-family: Arial, Helvetica, sans-serif;\"><span><span style=\"text-decoration: underline;\"><strong>Si el art\u00edculo te ha parecido interesante, puedes ayudar a divulgarlo a trav\u00e9s de las redes sociales, con ayuda de los botones para compartir.<\/strong><\/span><\/span><\/span><\/span><\/strong><\/p>\n<p align=\"CENTER\"><strong><span style=\"color: #000000;\"><span style=\"font-family: Arial, Helvetica, sans-serif;\"><span>\u00a1\u00a1Gracias y un saludo a los lectores del blog!!<\/span><\/span><\/span><\/strong><\/p>\n<!-- AddThis Advanced Settings generic via filter on the_content --><!-- AddThis Share Buttons generic via filter on the_content -->","protected":false},"excerpt":{"rendered":"<p>\u00bb D\u00edas marcados por los cielos poco nubosos durante las primeras horas del d\u00eda, pero a partir del mediod\u00eda, crecimiento de la nubosidad que deriva en chubascos y algunas tormentas, y con ligero descenso de las temperaturas. Riesgo de tormentas en el Oeste peninsular (NO oficial \u2013 Experimental) &#8211; \u00a9 MeteoBadajoz Mi\u00e9rcoles 19 de Marzo [&hellip;]<!-- AddThis Advanced Settings generic via filter on get_the_excerpt --><!-- AddThis Share Buttons generic via filter on get_the_excerpt --><\/p>\n","protected":false},"author":75,"featured_media":0,"comment_status":"open","ping_status":"closed","sticky":false,"template":"","format":"standard","meta":[],"categories":[4,5],"tags":[7,12,44,83,85,91,93,122,147],"_links":{"self":[{"href":"https:\/\/blogs.hoy.es\/meteobadajoz\/wp-json\/wp\/v2\/posts\/587"}],"collection":[{"href":"https:\/\/blogs.hoy.es\/meteobadajoz\/wp-json\/wp\/v2\/posts"}],"about":[{"href":"https:\/\/blogs.hoy.es\/meteobadajoz\/wp-json\/wp\/v2\/types\/post"}],"author":[{"embeddable":true,"href":"https:\/\/blogs.hoy.es\/meteobadajoz\/wp-json\/wp\/v2\/users\/75"}],"replies":[{"embeddable":true,"href":"https:\/\/blogs.hoy.es\/meteobadajoz\/wp-json\/wp\/v2\/comments?post=587"}],"version-history":[{"count":0,"href":"https:\/\/blogs.hoy.es\/meteobadajoz\/wp-json\/wp\/v2\/posts\/587\/revisions"}],"wp:attachment":[{"href":"https:\/\/blogs.hoy.es\/meteobadajoz\/wp-json\/wp\/v2\/media?parent=587"}],"wp:term":[{"taxonomy":"category","embeddable":true,"href":"https:\/\/blogs.hoy.es\/meteobadajoz\/wp-json\/wp\/v2\/categories?post=587"},{"taxonomy":"post_tag","embeddable":true,"href":"https:\/\/blogs.hoy.es\/meteobadajoz\/wp-json\/wp\/v2\/tags?post=587"}],"curies":[{"name":"wp","href":"https:\/\/api.w.org\/{rel}","templated":true}]}}