{"id":588,"date":"2014-03-24T00:20:50","date_gmt":"2014-03-23T23:20:50","guid":{"rendered":"http:\/\/blogs.hoy.es\/meteobadajoz\/?p=588"},"modified":"2014-03-24T00:20:50","modified_gmt":"2014-03-23T23:20:50","slug":"llega-un-frente","status":"publish","type":"post","link":"https:\/\/blogs.hoy.es\/meteobadajoz\/2014\/03\/24\/llega-un-frente\/","title":{"rendered":"Comenzamos la semana con la llegada de un frente"},"content":{"rendered":"<h2 align=\"LEFT\"><strong><span style=\"color: #000000;\"><span style=\"font-family: 'Segoe UI';\">\u00bb<\/span><\/span><span style=\"color: #000000;\"><span style=\"font-family: 'Segoe UI', sans-serif;\"> Este lunes nos cruza un nuevo frente desde el oeste, dejando precipitaciones d\u00e9biles que no acumular\u00e1n cantidades significativas de lluvia. Las temperaturas incluso tienden a subir antes de la llegada del fren<\/span><\/span><span style=\"color: #000000;\"><span style=\"font-family: 'Segoe UI', sans-serif;\">te<\/span><\/span><span style=\"color: #000000;\"><span style=\"font-family: 'Segoe UI', sans-serif;\">. A medio plazo \u00a1posible tendencia inestable!<\/span><\/span><\/strong><\/h2>\n<p style=\"text-align: center;\" align=\"CENTER\"><strong><span style=\"color: #000000;\"><span style=\"font-family: Arial, Helvetica, sans-serif;\"><span><img loading=\"lazy\" class=\"aligncenter\" src=\"\/\/nsae01.casimages.net\/img\/2014\/03\/23\/140323114850413905.png\" alt=\"\" width=\"622\" height=\"313\" \/>Predicci\u00f3n para este lunes 24 de marzo de 2014 &#8211; <\/span><\/span><\/span><\/strong><strong><span style=\"color: #000000;\"><span style=\"font-family: Arial, Helvetica, sans-serif;\"><span>\u00a9<\/span><\/span><\/span><\/strong><strong><span style=\"color: #000000;\"><span style=\"font-family: Arial, Helvetica, sans-serif;\"><span> MeteoBadajoz<\/span><\/span><\/span><\/strong><\/p>\n<p align=\"LEFT\"><span style=\"color: #000000;\"><span style=\"font-family: Arial, Helvetica, sans-serif;\"><span><strong>Lunes 24 de Marzo 2014. <\/strong><\/span><\/span><\/span><span style=\"color: #000000;\"><span style=\"font-family: Arial, Helvetica, sans-serif;\"><span>El inicio de esta primera semana completa de la reci\u00e9n estrenada primavera 2014, viene marcada por las precipitaciones debido<\/span><\/span><\/span><span style=\"color: #000000;\"><span style=\"font-family: Arial, Helvetica, sans-serif;\"> al paso de un frente, por lo que cabe esperar un <\/span><\/span><strong><span style=\"color: #000000;\"><span style=\"font-family: Arial, Helvetica, sans-serif;\">progresivo empeoramiento del tiempo<\/span><\/span><\/strong><span style=\"color: #000000;\"><span style=\"font-family: Arial, Helvetica, sans-serif;\"> a medida que avance la jornada, de oeste a este. Lo vemos a continuaci\u00f3n:<!--more--><\/span><\/span><\/p>\n<p align=\"LEFT\"><span style=\"color: #000000;\"><span style=\"font-family: Arial, Helvetica, sans-serif;\">-Durante la ma\u00f1ana nos cruzar\u00e1 primero el frente c\u00e1lido, de forma que ya despertaremos con <strong>cielos bastante nubosos<\/strong> en muchas zonas del oeste y norte de la regi\u00f3n, y con las <strong>primeras lluvias entrando por el noroeste<\/strong> de la provincia de C\u00e1ceres. En las horas centrales del d\u00eda la nubosidad ya cubrir\u00e1 todo el oeste peninsular, y las precipitaciones se ir\u00e1n extendiendo al resto de comarcas del oeste y centro de Extremadura. Lluvias poco importantes, <strong>d\u00e9biles o localmente moderadas<\/strong>, pero constantes durante alg\u00fan momento del d\u00eda.<\/span><\/span><\/p>\n<p align=\"LEFT\"><span style=\"color: #000000;\"><span style=\"font-family: Arial, Helvetica, sans-serif;\">-Por la tarde las lluvias ir\u00e1n remitiendo, e incluso <strong>se abrir\u00e1n bastantes claros por el oeste<\/strong> de la regi\u00f3n, aunque seguiremos hablando de una tarde inestable y algo lluviosa por las comarcas del este y sureste, donde tardar\u00e1n en remitir las precipitaciones.<\/span><\/span><\/p>\n<p align=\"LEFT\"><span style=\"color: #000000;\"><span style=\"font-family: Arial, Helvetica, sans-serif;\">-En cuanto a las temperaturas, el frente fr\u00edo nos afectar\u00e1 sobre todo en las horas centrales del d\u00eda, y el aire fr\u00edo que viaja detr\u00e1s de \u00e9l no provocar\u00e1 el l\u00f3gico descenso t\u00e9rmico hasta las \u00faltimas horas de la jornada, por lo que las m\u00e1ximas de este lunes no van a sufrir demasiados cambios, e <strong>incluso subir\u00e1n<\/strong> por el aire c\u00e1lido que se agrupa delante del frente.<\/span><\/span><\/p>\n<p align=\"LEFT\"><span style=\"color: #000000;\"><span style=\"font-family: Arial, Helvetica, sans-serif;\">As\u00ed que tenemos por delante unas 24h marcadas por la inestabilidad, aunque no se acumular\u00e1n grandes cantidades de lluvia (al menos en Extremadura). Durante el resto de la semana, el regreso del anticicl\u00f3n desde el oeste volver\u00e1 a dejarnos una <strong>situaci\u00f3n algo m\u00e1s estable<\/strong>, aunque no del todo.<\/span><\/span><\/p>\n<p align=\"LEFT\"><span style=\"color: #000000;\"><span style=\"font-family: Arial, Helvetica, sans-serif;\">Y es que el martes y el mi\u00e9rcoles todav\u00eda tendremos algunas precipitaciones d\u00e9biles pase\u00e1ndose por la regi\u00f3n, pero ser\u00edan m\u00e1s dispersas que las del lunes. Eso s\u00ed, a partir del martes, y sobre todo de cara al fin de semana, la tendencia apunta hacia un <strong>ambiente m\u00e1s fr\u00edo<\/strong>, y con <strong>m\u00e1s precipitaciones<\/strong> a nivel general.<\/span><\/span><\/p>\n<p style=\"text-align: center;\" align=\"LEFT\"><strong><span style=\"color: #000000;\"><span style=\"font-family: Arial, Helvetica, sans-serif;\"><img loading=\"lazy\" class=\"aligncenter\" src=\"\/\/nsae01.casimages.net\/img\/2014\/03\/24\/140324121505152089.png\" alt=\"\" width=\"614\" height=\"410\" \/>Situaci\u00f3n prevista a medio plazo (pr\u00f3ximo fin de semana) por el modelo Europeo<\/span><\/span><\/strong><\/p>\n<p align=\"LEFT\"><span style=\"color: #000000;\"><span style=\"font-family: Arial, Helvetica, sans-serif;\">Si se cumplen los pron\u00f3sticos, a medio plazo podr\u00eda configurarse una situaci\u00f3n de <strong>bloqueo anticicl\u00f3nico en latitudes altas<\/strong> (desde Escandinavia hasta Groenlandia), y eso permitir\u00eda el paso de borrascas por latitudes m\u00e1s bajas, <strong>afectando de lleno al oeste<\/strong> de la Pen\u00ednsula Ib\u00e9rica (una vez m\u00e1s en este a\u00f1o), y dej\u00e1ndonos una situaci\u00f3n nuevamente marcada por la sucesi\u00f3n de varios frentes atl\u00e1nticos, con <strong>abundantes precipitaciones<\/strong>.<\/span><\/span><\/p>\n<p align=\"LEFT\"><span style=\"color: #000000;\"><span style=\"font-family: Arial, Helvetica, sans-serif;\">Es una configuraci\u00f3n bastante interesante, aunque un tanto &#8220;peligrosa&#8221;, sobre todo para los del oeste y norte peninsular, donde tenemos los embalses bastante llenos despu\u00e9s de un invierno tan activo en cuanto a la llegada de borrascas y frentes!<\/span><\/span><\/p>\n<p align=\"LEFT\"><span style=\"color: #000000;\"><span style=\"font-family: Arial, Helvetica, sans-serif;\">Veremos si se acaba cumpliendo o no, pero de momento esta semana nos cruza un nuevo frente que tan s\u00f3lo dejar\u00e1 precipitaciones d\u00e9biles, serenas, de las que vienen bien para mantener los suelos h\u00famedos. Toca estar atentos de esas predicciones a medio plazo, que apuntan a un retorno de la inestabilidad generalizada.<\/span><\/span><\/p>\n<p align=\"LEFT\"><span style=\"color: #ffffff;\"><strong><span style=\"font-family: Arial, Helvetica, sans-serif;\">.<\/span><\/strong><\/span><\/p>\n<p align=\"CENTER\"><strong><span style=\"color: #000000;\"><span style=\"font-family: Arial, Helvetica, sans-serif;\"><span>Puedes seguir cada situaci\u00f3n a trav\u00e9s de la cuenta de Twitter <\/span><\/span><\/span><\/strong><strong><a href=\"https:\/\/twitter.com\/MeteoBadajoz\" target=\"_blank\" rel=\"external nofollow\"><span style=\"color: #ff0000;\"><span style=\"font-family: Arial, Helvetica, sans-serif;\"><span>@MeteoBadajoz<\/span><\/span><\/span><\/a><\/strong><strong><span style=\"color: #000000;\"><span style=\"font-family: Arial, Helvetica, sans-serif;\"><span>, o Facebook <\/span><\/span><\/span><\/strong><strong><a href=\"https:\/\/www.facebook.com\/pages\/MeteoBadajoz\/236436716399890\" target=\"_blank\" rel=\"external nofollow\"><span style=\"color: #ff0000;\"><span style=\"font-family: Arial, Helvetica, sans-serif;\"><span>MeteoBadajoz<\/span><\/span><\/span><\/a><\/strong><strong><span style=\"color: #000000;\"><span style=\"font-family: Arial, Helvetica, sans-serif;\"><span>, donde estar\u00e1s informado en todo momento de c\u00f3mo evolucionan los d\u00edas, as\u00ed como de noticias de inter\u00e9s meteorol\u00f3gico.<\/span><\/span><\/span><\/strong><\/p>\n<p align=\"CENTER\"><strong><span style=\"color: #000000;\"><span style=\"font-family: Arial, Helvetica, sans-serif;\"><span><span style=\"text-decoration: underline;\"><strong>Si el art\u00edculo te ha parecido interesante, puedes ayudar a divulgarlo a trav\u00e9s de las redes sociales, con ayuda de los botones para compartir.<\/strong><\/span><\/span><\/span><\/span><\/strong><\/p>\n<p align=\"CENTER\"><strong><span style=\"color: #000000;\"><span style=\"font-family: Arial, Helvetica, sans-serif;\"><span>\u00a1\u00a1Gracias y un saludo a los lectores del blog!!<\/span><\/span><\/span><\/strong><\/p>\n<p align=\"CENTER\"><span style=\"color: #ffffff;\">.<\/span><\/p>\n<p style=\"text-align: center;\" align=\"CENTER\"><span style=\"color: #808080;\"><span style=\"font-family: Arial, Helvetica, sans-serif;\">Por Javier Pi\u00f1ero Fuentes &#8211; \u00a9 MeteoBadajoz 2014<\/span><\/span><\/p>\n<p style=\"text-align: center;\" align=\"CENTER\"><span style=\"color: #808080; font-family: arial, sans-serif;\">meteobadajoz@gmail.com<\/span><\/p>\n<!-- AddThis Advanced Settings generic via filter on the_content --><!-- AddThis Share Buttons generic via filter on the_content -->","protected":false},"excerpt":{"rendered":"<p>\u00bb Este lunes nos cruza un nuevo frente desde el oeste, dejando precipitaciones d\u00e9biles que no acumular\u00e1n cantidades significativas de lluvia. Las temperaturas incluso tienden a subir antes de la llegada del frente. A medio plazo \u00a1posible tendencia inestable! Predicci\u00f3n para este lunes 24 de marzo de 2014 &#8211; \u00a9 MeteoBadajoz Lunes 24 de Marzo [&hellip;]<!-- AddThis Advanced Settings generic via filter on get_the_excerpt --><!-- AddThis Share Buttons generic via filter on get_the_excerpt --><\/p>\n","protected":false},"author":75,"featured_media":0,"comment_status":"open","ping_status":"closed","sticky":false,"template":"","format":"standard","meta":[],"categories":[5],"tags":[7,71,83,90,102,122,128],"_links":{"self":[{"href":"https:\/\/blogs.hoy.es\/meteobadajoz\/wp-json\/wp\/v2\/posts\/588"}],"collection":[{"href":"https:\/\/blogs.hoy.es\/meteobadajoz\/wp-json\/wp\/v2\/posts"}],"about":[{"href":"https:\/\/blogs.hoy.es\/meteobadajoz\/wp-json\/wp\/v2\/types\/post"}],"author":[{"embeddable":true,"href":"https:\/\/blogs.hoy.es\/meteobadajoz\/wp-json\/wp\/v2\/users\/75"}],"replies":[{"embeddable":true,"href":"https:\/\/blogs.hoy.es\/meteobadajoz\/wp-json\/wp\/v2\/comments?post=588"}],"version-history":[{"count":0,"href":"https:\/\/blogs.hoy.es\/meteobadajoz\/wp-json\/wp\/v2\/posts\/588\/revisions"}],"wp:attachment":[{"href":"https:\/\/blogs.hoy.es\/meteobadajoz\/wp-json\/wp\/v2\/media?parent=588"}],"wp:term":[{"taxonomy":"category","embeddable":true,"href":"https:\/\/blogs.hoy.es\/meteobadajoz\/wp-json\/wp\/v2\/categories?post=588"},{"taxonomy":"post_tag","embeddable":true,"href":"https:\/\/blogs.hoy.es\/meteobadajoz\/wp-json\/wp\/v2\/tags?post=588"}],"curies":[{"name":"wp","href":"https:\/\/api.w.org\/{rel}","templated":true}]}}