{"id":591,"date":"2014-03-26T19:37:19","date_gmt":"2014-03-26T18:37:19","guid":{"rendered":"http:\/\/blogs.hoy.es\/meteobadajoz\/?p=591"},"modified":"2014-03-26T19:37:19","modified_gmt":"2014-03-26T18:37:19","slug":"en-proceso-un-posible-tren-de-frentes-atlanticos","status":"publish","type":"post","link":"https:\/\/blogs.hoy.es\/meteobadajoz\/2014\/03\/26\/en-proceso-un-posible-tren-de-frentes-atlanticos\/","title":{"rendered":"Est\u00e1 en proceso un posible tren de frentes atl\u00e1nticos hacia la Pen\u00ednsula"},"content":{"rendered":"<h2 align=\"LEFT\"><strong><span style=\"color: #000000;\"><span style=\"font-family: 'Segoe UI';\">\u00bb<\/span><\/span><span style=\"color: #000000;\"><span style=\"font-family: 'Segoe UI', sans-serif;\"> Los modelos vienen mostrando cambios muy significativos para los pr\u00f3ximos d\u00edas, con la llegada de borrascas al oeste peninsular y entrada de frentes. Marzo llega a su fin y estamos ante un nuevo cambio de patr\u00f3n atmosf\u00e9rico!<\/span><\/span><\/strong><\/h2>\n<p style=\"text-align: center;\" align=\"CENTER\"><strong><span style=\"color: #000000;\"><span style=\"font-family: Arial, Helvetica, sans-serif;\"><span><img loading=\"lazy\" class=\"aligncenter\" src=\"\/\/nsae01.casimages.net\/img\/2014\/03\/26\/140326071149895357.png\" alt=\"\" width=\"630\" height=\"350\" \/>An\u00e1lisis de situaci\u00f3n para este fin de semana (anomal\u00edas geopotencial 500 hPa) &#8211; Modelo GFS<\/span><\/span><\/span><\/strong><\/p>\n<p align=\"LEFT\"><span style=\"color: #000000;\"><span style=\"font-family: Arial, Helvetica, sans-serif;\"><span><strong>Mi\u00e9rcoles 26 de Marzo 2014. <\/strong><\/span><\/span><\/span><span style=\"color: #000000;\"><span style=\"font-family: Arial, Helvetica, sans-serif;\"><span>Much\u00edsima atenci\u00f3n durante los pr\u00f3ximos d\u00edas porque si se cumplen las actuales salidas de los modelos, nos esperan <strong>bastantes d\u00edas continuados de precipitaciones generosas y abundantes por amplias zonas del oeste y sur peninsular<\/strong>, asociadas a la entrada de varios frentes atl\u00e1nticos.<\/span><\/span><\/span><\/p>\n<p align=\"LEFT\"><span style=\"color: #000000;\"><span style=\"font-family: Arial, Helvetica, sans-serif;\"><span>El cambio de estaci\u00f3n lo notamos ya en que <strong>pasamos de un extremo a otro en cuesti\u00f3n de horas<\/strong>, y si por ejemplo la pasada semana ten\u00edamos temperaturas de m\u00e1s de 20-23\u00baC, esta semana toca \u201c<em>mal tiempo<\/em>\u201d, con ambiente fresco e incluso fr\u00edo, y la llegada de algunas precipitaciones. Lluvias, las de estos d\u00edas, que nada tienen que ver con las que anuncian los principales modelos meteorol\u00f3gicos a partir de este pr\u00f3ximo fin de semana&#8230;<!--more--><\/span><\/span><\/span><\/p>\n<p align=\"LEFT\"><span style=\"color: #000000;\"><span style=\"font-family: Arial, Helvetica, sans-serif;\"><span>-Pasan los meses y este a\u00f1o el fr\u00edo de verdad parece que no llega, y nos metemos ya en primavera, una estaci\u00f3n de <strong>grandes cambios de tiempo en poco tiempo<\/strong> -valga la redundancia-, y que viene protagonizada por una <strong>mayor ondulaci\u00f3n del chorro polar<\/strong> y, por tanto, con transportes de aire c\u00e1lido hacia latitudes altas, as\u00ed como irrupciones polares tard\u00edas hacia latitudes bajas.<\/span><\/span><\/span><\/p>\n<p align=\"LEFT\"><span style=\"color: #000000;\"><span style=\"font-family: Arial, Helvetica, sans-serif;\"><span>Un c\u00f3ctel meteorol\u00f3gico que hace que la primavera, junto con el oto\u00f1o, sean las \u00e9pocas del a\u00f1o en que <strong>m\u00e1s cuesta hacer predicci\u00f3n a m\u00e1s de 4 d\u00edas vista<\/strong>, debido a la extrema variabilidad a lo largo y ancho del planeta.<\/span><\/span><\/span><\/p>\n<p align=\"LEFT\"><span style=\"color: #000000;\"><span style=\"font-family: Arial, Helvetica, sans-serif;\"><span>Durante los pr\u00f3ximos d\u00edas, ser\u00e1 precisamente uno de esos transportes de aire c\u00e1lido hacia latitudes altas el que alimente la formaci\u00f3n de un <strong>bloqueo anticicl\u00f3nico<\/strong> (entre Escandinavia y Groenlandia), que propiciar\u00e1 el descenso en latitud de borrascas a trav\u00e9s del Atl\u00e1ntico, hacia la Pen\u00ednsula Ib\u00e9rica. Todo ello aparece ilustrado en el mapa que encabeza esta entrada.<\/span><\/span><\/span><\/p>\n<p style=\"text-align: center;\" align=\"CENTER\"><strong><span style=\"color: #000000;\"><span style=\"font-family: Arial, Helvetica, sans-serif;\"><span><img loading=\"lazy\" class=\"aligncenter\" src=\"\/\/nsae01.casimages.net\/img\/2014\/03\/26\/140326055733202896.png\" alt=\"\" width=\"630\" height=\"315\" \/>Comparativa entre el mi\u00e9rcoles 26 y el jueves 27 de marzo 2014 (proceso de ciclog\u00e9nesis) &#8211; Modelo IFS<\/span><\/span><\/span><\/strong><\/p>\n<p align=\"LEFT\"><span style=\"color: #000000;\"><span style=\"font-family: Arial, Helvetica, sans-serif;\">La primera borrasca en afectarnos de este nuevo episodio de lluvias, se formar\u00e1 durante este mi\u00e9rcoles frente a las costas de Portugal, y en el caso del modelo europeo, al\u00a0principio\u00a0parec\u00eda que la ca\u00edda de presi\u00f3n en el centro de la borrasca ser\u00eda de unos -28 hPa\u00a0(hectopascales) en 24 horas, lo que popularmente conocemos como \u201c<em><strong>Ciclog\u00e9nesis Explosiva<\/strong><\/em>\u201d, pero finalmente ha acabado rebajando esa extrema profundizaci\u00f3n, y ya <strong>no alcanza las caracter\u00edsticas propias<\/strong> para hablar de ese t\u00e9rmino tan usado.<\/span><\/span><\/p>\n<p align=\"LEFT\"><span style=\"color: #000000;\"><span style=\"font-family: Arial, Helvetica, sans-serif;\"><span>A pesar de ello <strong>se mantienen las precipitaciones<\/strong>, y a nosotros nos afectar\u00e1 el frente fr\u00edo que entrar\u00eda en la tarde-noche del jueves por el oeste peninsular, pero NO tendr\u00edamos fuertes rachas de viento como cabr\u00eda esperar con este tipo de borrascas, ya que NO nos afectar\u00e1 de lleno.<\/span><\/span><\/span><\/p>\n<p align=\"LEFT\"><span style=\"color: #000000;\"><span style=\"font-family: Arial, Helvetica, sans-serif;\"><span>Como vemos en los dos mapas superiores, este mi\u00e9rcoles encontrar\u00edamos la borrasca en plena formaci\u00f3n, as\u00ed como la <em>frontog\u00e9nesis<\/em> (formaci\u00f3n del frente) de su frente fr\u00edo asociado. Y de cara al jueves, <strong>la borrasca se situar\u00e1 frente a Portugal<\/strong>, con una presi\u00f3n m\u00e1s baja que horas antes, y ya con un frente fr\u00edo muy bien definido y enroscado al centro de la baja.<\/span><\/span><\/span><\/p>\n<p align=\"LEFT\"><span style=\"color: #000000;\"><span style=\"font-family: Arial, Helvetica, sans-serif;\"><span>En la tarde del jueves <strong>las primeras lluvias del frente<\/strong> entrar\u00edan por la costa central de Portugal, y se ir\u00e1n extendiendo al resto durante la madrugada del jueves-viernes. Inicialmente parece que <strong>el frente avanzar\u00e1 lentamente<\/strong>, ya que se junta el desplazamiento de la borrasca hacia el sur, con el propio giro cicl\u00f3nico de la nubosidad, aunque de cara al viernes las lluvias acabar\u00edan afectando a todo el suroeste peninsular.<\/span><\/span><\/span><\/p>\n<p style=\"text-align: center;\" align=\"CENTER\"><strong><span><span><span style=\"font-family: Arial, Helvetica, sans-serif;\"><img loading=\"lazy\" class=\"aligncenter\" src=\"\/\/nsae01.casimages.net\/img\/2014\/03\/26\/140326123635977471.png\" alt=\"\" width=\"630\" height=\"312\" \/><span style=\"color: #000000;\">An\u00e1lisis viernes 28 de marzo (en color amarillo las zonas donde son probables lluvias d\u00e9biles-moderadas; en color naranja las zonas donde son probables lluvias moderadas-intensas y\u00a0ocasionalmente\u00a0acompa\u00f1adas de tormenta)<\/span><\/span><\/span><\/span><\/strong><\/p>\n<p align=\"LEFT\"><span style=\"color: #000000;\"><span style=\"font-family: Arial, Helvetica, sans-serif;\"><span>El comportamiento del frente fr\u00edo asociado a una borrasca al suroeste peninsular es casi siempre el mismo; una <strong>l\u00ednea de precipitaci\u00f3n intensa<\/strong> llega a la costa de Portugal, y \u00e9sta se desgasta por su parte central a medida que avanza hacia el interior. Mientras, el tramo sur del frente suele adentrarse en el Golfo de C\u00e1diz <strong>manteniendo la misma (o m\u00e1s) intensidad<\/strong>, y afectando de forma directa a las costas del sur de Portugal, y a las provincias de Huelva, Sevilla, C\u00f3rdoba y C\u00e1diz, donde descarga con mayor intensidad.<\/span><\/span><\/span><\/p>\n<p align=\"LEFT\"><span style=\"color: #000000;\"><span style=\"font-family: Arial, Helvetica, sans-serif;\"><span>En Extremadura, el jueves, lo m\u00e1s probable es que al principio las precipitaciones <strong>afecten s\u00f3lo al oeste y sur de la provincia de Badajoz<\/strong> y ocasionalmente al resto de la regi\u00f3n, ya que de Sierra Morena hacia arriba el frente queda bastante desgastado, y suele haber mucha nubosidad y pocas precipitaciones.<\/span><\/span><\/span><\/p>\n<p align=\"LEFT\"><span style=\"color: #000000;\"><span style=\"font-family: Arial, Helvetica, sans-serif;\"><span>No obstante, de cara al viernes, parece que las lluvias <strong>podr\u00edan afectar a otras muchas zonas donde al principio no lo hicieron<\/strong>, como el este y norte de Extremadura, oeste de Castilla La Mancha, o el interior de Andaluc\u00eda, incluso siendo localmente moderadas, pero con \u00e9sta primera borrasca no cabe esperar gran cantidad de lluvia por Extremadura.<\/span><\/span><\/span><\/p>\n<p align=\"LEFT\"><span style=\"color: #000000;\"><span style=\"font-family: Arial, Helvetica, sans-serif;\"><span>La inestabilidad asociada a ese centro de bajas presiones tambi\u00e9n <strong>nos acompa\u00f1ar\u00e1 durante el s\u00e1bado<\/strong>, mientras se mantenga la borrasca transitando por el Sur peninsular, aunque con tendencia a ir remitiendo las precipitaciones. Peque\u00f1a tregua durante la noche del s\u00e1bado al domingo, y en la ma\u00f1ana del domingo, pero por la tarde <strong>volver\u00e1 a entrar otro frente fr\u00edo por Portugal<\/strong>, y \u00e9ste s\u00ed ser\u00e1 m\u00e1s efectivo por el oeste peninsular.<\/span><\/span><\/span><\/p>\n<p align=\"LEFT\"><span style=\"color: #000000;\"><span style=\"font-family: Arial, Helvetica, sans-serif;\"><span>Y es que esta borrasca del jueves-viernes ser\u00e1 la que abrir\u00e1 la puerta a la llegada de <strong>varios frentes atl\u00e1nticos por el oeste<\/strong>, que desde el domingo por la tarde, y hasta pr\u00e1cticamente mediados de la pr\u00f3xima semana, <strong>barrer\u00e1n el oeste peninsular con precipitaciones abundantes<\/strong>, generalizadas, y m\u00e1s cuantiosas en zonas de sierra bien expuestas al viento \u00c1brego de Poniente y Suroeste que dominar\u00e1 en los pr\u00f3ximos d\u00edas.<\/span><\/span><\/span><\/p>\n<p style=\"text-align: center;\" align=\"CENTER\"><strong><span style=\"color: #000000;\"><span style=\"font-family: Arial, Helvetica, sans-serif;\"><span><img loading=\"lazy\" class=\"aligncenter\" src=\"\/\/nsae01.casimages.net\/img\/2014\/03\/26\/140326072555906711.png\" alt=\"\" width=\"630\" height=\"396\" \/>Acumulados de precipitaci\u00f3n en Europa desde el 26 de marzo, al 3 de abril 2014 &#8211; Modelo GFS<\/span><\/span><\/span><\/strong><\/p>\n<p align=\"LEFT\"><span style=\"color: #000000;\"><span style=\"font-family: Arial, Helvetica, sans-serif;\">En el mapa superior vemos las acumulaciones de lluvia totales desde hoy y hasta comienzos del pr\u00f3ximo mes de abril, y como pueden comprobar, los frentes prometen ser bastante activos y numerosos. Habr\u00e1 que estar pendientes tambi\u00e9n de la formaci\u00f3n de un <\/span><em style=\"color: #000000; font-family: Arial, Helvetica, sans-serif;\"><strong>R\u00edo Atmosf\u00e9rico de Humedad<\/strong><\/em><span style=\"font-family: Arial, Helvetica, sans-serif;\">, que como ya hemos visto en otras ocasiones, consisten en aut\u00e9nticas &#8220;autopistas&#8221; atmosf\u00e9ricas que\u00a0transportan\u00a0<strong>masas de aire c\u00e1lidas, con gran contenido de humedad y con mucha energ\u00eda de origen tropical<\/strong>, que suelen estar detr\u00e1s de muchos episodios de lluvias abundantes en regiones del Oeste de Europa, ocurridos a lo largo de la historia.<\/span><\/span><\/p>\n<p align=\"LEFT\"><span style=\"color: #000000;\"><span style=\"font-family: Arial, Helvetica, sans-serif;\">As\u00ed que tocar\u00e1 estar muy atentos a las pr\u00f3ximas actualizaciones de los modelos, porque parece que <strong>iniciamos otra &#8220;fase h\u00fameda&#8221;<\/strong> despu\u00e9s de un invierno bastante movido en lo meteorol\u00f3gico por el oeste del continente.<\/span><\/span><\/p>\n<p align=\"LEFT\"><em><span style=\"color: #000000;\"><span style=\"font-family: Arial, Helvetica, sans-serif;\">Nota: llamadme loco, pero teniendo los embalses en Extremadura <strong>casi al 90%<\/strong> (dato del 25\/03\/2014), y viendo las predicciones que actualmente manejan los principales modelos, habr\u00eda que plantearse hacer hueco para tanta agua, no vaya a ser que se repita <a href=\"https:\/\/blogs.hoy.es\/meteobadajoz\/2013\/04\/07\/la-crecida-del-guadiana-visible-desde-el-espacio\/#.UzMQa_l5OSo\" target=\"_blank\">lo del a\u00f1o pasado por \u00e9stas mismas fechas<\/a>; muchos embalses desembalsando de urgencia, r\u00edos desbordados, Guadiana con una crecida bestial, etc&#8230;<\/span><\/span><\/em><\/p>\n<p align=\"LEFT\"><span style=\"color: #ffffff;\">.<\/span><\/p>\n<p align=\"CENTER\"><span style=\"color: #808080;\"><span style=\"font-family: Arial, Helvetica, sans-serif;\">Por Javier Pi\u00f1ero Fuentes &#8211; \u00a9 MeteoBadajoz 2014<\/span><\/span><\/p>\n<p align=\"CENTER\"><span style=\"color: #808080;\"><span style=\"font-family: arial, sans-serif;\">meteobadajoz@gmail.com<\/span><\/span><\/p>\n<p align=\"LEFT\"><span style=\"color: #ffffff;\"><strong><span style=\"font-family: Arial, Helvetica, sans-serif;\">.<\/span><\/strong><\/span><\/p>\n<p align=\"CENTER\"><strong><span style=\"color: #000000;\"><span style=\"font-family: Arial, Helvetica, sans-serif;\"><span>Puedes seguir cada situaci\u00f3n a trav\u00e9s de la cuenta de Twitter <\/span><\/span><\/span><\/strong><strong><a href=\"https:\/\/twitter.com\/MeteoBadajoz\" target=\"_blank\" rel=\"external nofollow\"><span style=\"color: #ff0000;\"><span style=\"font-family: Arial, Helvetica, sans-serif;\"><span>@MeteoBadajoz<\/span><\/span><\/span><\/a><\/strong><strong><span style=\"color: #000000;\"><span style=\"font-family: Arial, Helvetica, sans-serif;\"><span>, o Facebook <\/span><\/span><\/span><\/strong><strong><a href=\"https:\/\/www.facebook.com\/pages\/MeteoBadajoz\/236436716399890\" target=\"_blank\" rel=\"external nofollow\"><span style=\"color: #ff0000;\"><span style=\"font-family: Arial, Helvetica, sans-serif;\"><span>MeteoBadajoz<\/span><\/span><\/span><\/a><\/strong><strong><span style=\"color: #000000;\"><span style=\"font-family: Arial, Helvetica, sans-serif;\"><span>, donde estar\u00e1s informado en todo momento de c\u00f3mo evolucionan los d\u00edas, as\u00ed como de noticias de inter\u00e9s meteorol\u00f3gico.<\/span><\/span><\/span><\/strong><\/p>\n<p align=\"CENTER\"><strong><span style=\"color: #000000;\"><span style=\"font-family: Arial, Helvetica, sans-serif;\"><span><span style=\"text-decoration: underline;\"><strong>Si el art\u00edculo te ha parecido interesante, puedes ayudar a divulgarlo a trav\u00e9s de las redes sociales, con ayuda de los botones para compartir.<\/strong><\/span><\/span><\/span><\/span><\/strong><\/p>\n<p align=\"CENTER\"><strong><span style=\"color: #000000;\"><span style=\"font-family: Arial, Helvetica, sans-serif;\"><span>\u00a1\u00a1Gracias y un saludo a los lectores del blog!!<\/span><\/span><\/span><\/strong><\/p>\n<!-- AddThis Advanced Settings generic via filter on the_content --><!-- AddThis Share Buttons generic via filter on the_content -->","protected":false},"excerpt":{"rendered":"<p>\u00bb Los modelos vienen mostrando cambios muy significativos para los pr\u00f3ximos d\u00edas, con la llegada de borrascas al oeste peninsular y entrada de frentes. Marzo llega a su fin y estamos ante un nuevo cambio de patr\u00f3n atmosf\u00e9rico! An\u00e1lisis de situaci\u00f3n para este fin de semana (anomal\u00edas geopotencial 500 hPa) &#8211; Modelo GFS Mi\u00e9rcoles 26 [&hellip;]<!-- AddThis Advanced Settings generic via filter on get_the_excerpt --><!-- AddThis Share Buttons generic via filter on get_the_excerpt --><\/p>\n","protected":false},"author":75,"featured_media":0,"comment_status":"open","ping_status":"closed","sticky":false,"template":"","format":"standard","meta":[],"categories":[4,5],"tags":[7,15,36,83,90,91,93,102,122,128],"_links":{"self":[{"href":"https:\/\/blogs.hoy.es\/meteobadajoz\/wp-json\/wp\/v2\/posts\/591"}],"collection":[{"href":"https:\/\/blogs.hoy.es\/meteobadajoz\/wp-json\/wp\/v2\/posts"}],"about":[{"href":"https:\/\/blogs.hoy.es\/meteobadajoz\/wp-json\/wp\/v2\/types\/post"}],"author":[{"embeddable":true,"href":"https:\/\/blogs.hoy.es\/meteobadajoz\/wp-json\/wp\/v2\/users\/75"}],"replies":[{"embeddable":true,"href":"https:\/\/blogs.hoy.es\/meteobadajoz\/wp-json\/wp\/v2\/comments?post=591"}],"version-history":[{"count":0,"href":"https:\/\/blogs.hoy.es\/meteobadajoz\/wp-json\/wp\/v2\/posts\/591\/revisions"}],"wp:attachment":[{"href":"https:\/\/blogs.hoy.es\/meteobadajoz\/wp-json\/wp\/v2\/media?parent=591"}],"wp:term":[{"taxonomy":"category","embeddable":true,"href":"https:\/\/blogs.hoy.es\/meteobadajoz\/wp-json\/wp\/v2\/categories?post=591"},{"taxonomy":"post_tag","embeddable":true,"href":"https:\/\/blogs.hoy.es\/meteobadajoz\/wp-json\/wp\/v2\/tags?post=591"}],"curies":[{"name":"wp","href":"https:\/\/api.w.org\/{rel}","templated":true}]}}