{"id":593,"date":"2014-03-31T10:26:37","date_gmt":"2014-03-31T09:26:37","guid":{"rendered":"http:\/\/blogs.hoy.es\/meteobadajoz\/?p=593"},"modified":"2014-03-31T10:26:37","modified_gmt":"2014-03-31T09:26:37","slug":"comienza-una-semana-de-lluvias-muy-abundantes","status":"publish","type":"post","link":"https:\/\/blogs.hoy.es\/meteobadajoz\/2014\/03\/31\/comienza-una-semana-de-lluvias-muy-abundantes\/","title":{"rendered":"Comienza una semana de lluvias muy abundantes"},"content":{"rendered":"<h2 align=\"LEFT\"><strong><span style=\"color: #000000;\"><span style=\"font-family: 'Segoe UI';\">\u00bb<\/span><\/span><span style=\"color: #000000;\"><span style=\"font-family: 'Segoe UI', sans-serif;\"> Se confirman los cambios que ven\u00edan reflejando los modelos; tenemos por delante varios d\u00edas seguidos de precipitaciones generosas, muy abundantes, y localmente intensas por todo el oeste y sur peninsular.<\/span><\/span><\/strong><\/h2>\n<p style=\"text-align: center;\" align=\"CENTER\"><strong><span style=\"color: #000000;\"><span style=\"font-family: Arial, Helvetica, sans-serif;\"><span><img loading=\"lazy\" class=\"aligncenter\" src=\"\/\/nsae01.casimages.net\/img\/2014\/03\/31\/140331021204296214.png\" alt=\"\" width=\"625\" height=\"349\" \/>Situaci\u00f3n de <em>\u00c1bregos<\/em> prevista para el inicio de esta semana &#8211; Mapa de vientos a 500 hPa &#8211; Modelo GFS<\/span><\/span><\/span><\/strong><\/p>\n<p align=\"LEFT\"><span style=\"color: #000000;\"><span style=\"font-family: Arial, Helvetica, sans-serif;\"><span><strong>Lunes 31 de Marzo 2014. <\/strong><\/span><\/span><\/span><span style=\"color: #000000;\"><span style=\"font-family: Arial, Helvetica, sans-serif;\"><span>Tras el paso de la borrasca de este \u00faltimo fin de semana de marzo, queda abierto un pasillo de vientos de gran recorrido mar\u00edtimo a trav\u00e9s del Atl\u00e1ntico, que arrastra varias <strong>masas nubosas cargadas de precipitaciones<\/strong>, y que tiene como final y como zona de impacto la mitad oeste de la pen\u00ednsula.<!--more--><\/span><\/span><\/span><\/p>\n<p align=\"LEFT\"><span style=\"color: #000000;\"><span style=\"font-family: Arial, Helvetica, sans-serif;\"><span>Las l\u00edneas de inestabilidad que nos crucen en los pr\u00f3ximos d\u00edas ser\u00e1n bastante activas, pero especialmente tendremos que estar pendientes del frente que nos cruce durante este pr\u00f3ximo martes, porque ir\u00e1 asociado a una <strong>profunda borrasca atl\u00e1ntica<\/strong> ubicada frente a las costas occidentales de la pen\u00ednsula, y ser\u00e1 un frente <strong>posiblemente acompa\u00f1ado de algunas tormentas<\/strong>.<\/span><\/span><\/span><\/p>\n<p align=\"LEFT\"><span style=\"color: #000000;\"><span style=\"font-family: Arial, Helvetica, sans-serif;\"><span>Se presentan d\u00edas de cielos bastante nubosos y precipitaciones generosas, abundantes y, por momentos, localmente intensas y acompa\u00f1adas de <strong>rachas fuertes de viento<\/strong>.<\/span><\/span><\/span><\/p>\n<p align=\"LEFT\"><span style=\"color: #000000;\"><span style=\"font-family: Arial, Helvetica, sans-serif;\"><span>En el mapa superior queda reflejada la <strong>situaci\u00f3n de viento del sur y suroeste (<em>\u00c1brego<\/em>)<\/strong> que nos va a afectar a partir de este lunes, con precipitaciones que entrar\u00e1n por el suroeste peninsular, y afectar\u00e1n de forma generalizada a muchas zonas, siendo\u00a0<strong>moderadas y persistentes<\/strong>.\u00a0Hay modelos que anuncian precipitaciones totales de m\u00e1s de <strong>100 litros\/m\u00b2 en muchas zonas del oeste peninsular<\/strong> durante esta semana, e incluso m\u00e1s de <strong>200-250 litros\/m\u00b2 en zonas de sierra<\/strong> bien orientadas a ese flujo constante de suroeste que nos va a acompa\u00f1ar durante esta situaci\u00f3n.<\/span><\/span><\/span><\/p>\n<p align=\"LEFT\"><span style=\"color: #000000;\"><span style=\"font-family: Arial, Helvetica, sans-serif;\"><span>Sierras del norte de C\u00e1ceres, (cara sur de Gredos, Sierra de Gata), as\u00ed como zonas del norte, centro y sur de Portugal, oeste de Extremadura y Andaluc\u00eda, ser\u00e1n las zonas <strong>donde m\u00e1s agua se podr\u00eda recoger en los pr\u00f3ximos d\u00edas<\/strong>.<\/span><\/span><\/span><\/p>\n<p style=\"text-align: center;\" align=\"LEFT\"><span style=\"color: #000000;\"><span style=\"font-family: Arial, Helvetica, sans-serif;\"><span><strong><img loading=\"lazy\" class=\"aligncenter\" src=\"\/\/nsae01.casimages.net\/img\/2014\/03\/31\/1403310214335764.png\" alt=\"\" width=\"630\" height=\"460\" \/>Precipitaciones previstas,\u00a0<\/strong><strong>con posible estructura convectiva asociada al frente\u00a0&#8211; martes 2 de abril &#8211; Modelo WRF<\/strong><\/span><\/span><\/span><\/p>\n<p align=\"LEFT\"><span style=\"color: #000000;\"><span style=\"font-family: Arial, Helvetica, sans-serif;\">Al margen de las grandes cantidades de lluvia que prev\u00e9n por lo general la mayor\u00eda de modelos, si echamos un vistazo a modelos de mayor resoluci\u00f3n, los cuales muchas veces nos ayudan a\u00a0predecir la formaci\u00f3n de <strong>estructuras convectivas<\/strong>, que no son observables en modelos de resoluci\u00f3n global (como GFS, ECMWF, UKMO&#8230;), observamos que el frente de este martes podr\u00eda venir acompa\u00f1ado de una <strong>l\u00ednea de precipitaciones intensas<\/strong> entrando por el oeste de Portugal, y llegando a alcanzar el oeste de Extremadura y Andaluc\u00eda.<\/span><\/span><\/p>\n<p align=\"LEFT\"><span style=\"color: #000000;\"><span style=\"font-family: Arial, Helvetica, sans-serif;\">Si eso se cumple, posiblemente estar\u00edamos hablando de una estructura convectiva (es decir, <strong>tormentosa<\/strong>) asociada dentro del propio frente, que ir\u00eda barriendo Portugal, y posteriormente entrar\u00eda por el oeste de Extremadura. Siendo una supuesta estructura convectiva, lo m\u00e1s probable es que se trate de <strong>precipitaciones intensas<\/strong>, que acumulen gran cantidad de\u00a0precipitaci\u00f3n\u00a0en poco tiempo y, quiz\u00e1s, con algo de <strong>aparato\u00a0el\u00e9ctrico<\/strong>.<\/span><\/span><\/p>\n<p align=\"LEFT\"><span style=\"color: #000000;\"><span style=\"font-family: Arial, Helvetica, sans-serif;\">Es decir, el frente del martes no s\u00f3lo se caracterizar\u00e1 por dejarnos precipitaciones <strong>generosas, abundantes y persistentes<\/strong> durante varias horas, sino que tambi\u00e9n podr\u00edan ser <strong>localmente intensas y acompa\u00f1adas de tormentas<\/strong>.<\/span><\/span><\/p>\n<p align=\"LEFT\"><span style=\"color: #000000;\"><span style=\"font-family: Arial, Helvetica, sans-serif;\"><span>Bien es cierto que a\u00fan trat\u00e1ndose de una situaci\u00f3n a muy pocas horas vista, los modelos muestran muchas diferencias de una actualizaci\u00f3n a otra, e incluso tambi\u00e9n entre los propios modelos, por lo que las zonas donde m\u00e1s agua se registre, <strong>pueden variar<\/strong> en funci\u00f3n de lo activo que realmente acabe siendo el frente, y si realmente entra por donde reflejan actualmente los modelos.<\/span><\/span><\/span><\/p>\n<p align=\"LEFT\"><span style=\"color: #000000;\"><span style=\"font-family: Arial, Helvetica, sans-serif;\"><span>Pero lo que parece seguro es que<strong> las precipitaciones est\u00e1n aseguradas durante gran parte de la semana<\/strong> (al menos hasta el jueves) en muchas regiones del oeste y sur de nuestro pa\u00eds, y especialmente en Portugal, donde el impacto de estos frentes es tambi\u00e9n muy efectivo en cuanto a precipitaciones.<\/span><\/span><\/span><\/p>\n<p align=\"LEFT\"><span style=\"color: #000000;\"><span style=\"font-family: Arial, Helvetica, sans-serif;\"><span>Habr\u00e1 que seguir minuto a minuto la evoluci\u00f3n de esas posibles tormentas, que ya incluso este lunes podr\u00edamos ver aparecer las primeras tormentas por el oeste.<\/span><\/span><\/span><\/p>\n<p align=\"LEFT\"><span style=\"color: #ffffff;\">.<\/span><\/p>\n<p align=\"CENTER\"><span style=\"color: #808080;\">Por Javier Pi\u00f1ero Fuentes &#8211; \u00a9 MeteoBadajoz 2014<\/span><\/p>\n<p align=\"CENTER\"><span style=\"color: #808080;\">meteobadajoz@gmail.com<\/span><\/p>\n<p align=\"LEFT\"><span style=\"color: #ffffff;\"><strong><span style=\"font-family: Arial, Helvetica, sans-serif;\">.<\/span><\/strong><\/span><\/p>\n<p align=\"CENTER\"><strong><span style=\"color: #000000;\"><span style=\"font-family: Arial, Helvetica, sans-serif;\"><span>Puedes seguir cada situaci\u00f3n a trav\u00e9s de la cuenta de Twitter <\/span><\/span><\/span><\/strong><strong><a href=\"https:\/\/twitter.com\/MeteoBadajoz\" target=\"_blank\" rel=\"external nofollow\"><span style=\"color: #ff0000;\"><span style=\"font-family: Arial, Helvetica, sans-serif;\"><span>@MeteoBadajoz<\/span><\/span><\/span><\/a><\/strong><strong><span style=\"color: #000000;\"><span style=\"font-family: Arial, Helvetica, sans-serif;\"><span>, o Facebook <\/span><\/span><\/span><\/strong><strong><a href=\"https:\/\/www.facebook.com\/pages\/MeteoBadajoz\/236436716399890\" target=\"_blank\" rel=\"external nofollow\"><span style=\"color: #ff0000;\"><span style=\"font-family: Arial, Helvetica, sans-serif;\"><span>MeteoBadajoz<\/span><\/span><\/span><\/a><\/strong><strong><span style=\"color: #000000;\"><span style=\"font-family: Arial, Helvetica, sans-serif;\"><span>, donde estar\u00e1s informado en todo momento de c\u00f3mo evolucionan los d\u00edas, as\u00ed como de noticias de inter\u00e9s meteorol\u00f3gico.<\/span><\/span><\/span><\/strong><\/p>\n<p align=\"CENTER\"><strong><span style=\"color: #000000;\"><span style=\"font-family: Arial, Helvetica, sans-serif;\"><span><span style=\"text-decoration: underline;\"><strong>Si el art\u00edculo te ha parecido interesante, puedes ayudar a divulgarlo a trav\u00e9s de las redes sociales, con ayuda de los botones para compartir.<\/strong><\/span><\/span><\/span><\/span><\/strong><\/p>\n<p align=\"CENTER\"><strong><span style=\"color: #000000;\"><span style=\"font-family: Arial, Helvetica, sans-serif;\"><span>\u00a1\u00a1Gracias y un saludo a los lectores del blog!!<\/span><\/span><\/span><\/strong><\/p>\n<!-- AddThis Advanced Settings generic via filter on the_content --><!-- AddThis Share Buttons generic via filter on the_content -->","protected":false},"excerpt":{"rendered":"<p>\u00bb Se confirman los cambios que ven\u00edan reflejando los modelos; tenemos por delante varios d\u00edas seguidos de precipitaciones generosas, muy abundantes, y localmente intensas por todo el oeste y sur peninsular. Situaci\u00f3n de \u00c1bregos prevista para el inicio de esta semana &#8211; Mapa de vientos a 500 hPa &#8211; Modelo GFS Lunes 31 de Marzo [&hellip;]<!-- AddThis Advanced Settings generic via filter on get_the_excerpt --><!-- AddThis Share Buttons generic via filter on get_the_excerpt --><\/p>\n","protected":false},"author":75,"featured_media":0,"comment_status":"open","ping_status":"closed","sticky":false,"template":"","format":"standard","meta":[],"categories":[4,5],"tags":[7,36,47,83,91,93,122,128,143,147],"_links":{"self":[{"href":"https:\/\/blogs.hoy.es\/meteobadajoz\/wp-json\/wp\/v2\/posts\/593"}],"collection":[{"href":"https:\/\/blogs.hoy.es\/meteobadajoz\/wp-json\/wp\/v2\/posts"}],"about":[{"href":"https:\/\/blogs.hoy.es\/meteobadajoz\/wp-json\/wp\/v2\/types\/post"}],"author":[{"embeddable":true,"href":"https:\/\/blogs.hoy.es\/meteobadajoz\/wp-json\/wp\/v2\/users\/75"}],"replies":[{"embeddable":true,"href":"https:\/\/blogs.hoy.es\/meteobadajoz\/wp-json\/wp\/v2\/comments?post=593"}],"version-history":[{"count":0,"href":"https:\/\/blogs.hoy.es\/meteobadajoz\/wp-json\/wp\/v2\/posts\/593\/revisions"}],"wp:attachment":[{"href":"https:\/\/blogs.hoy.es\/meteobadajoz\/wp-json\/wp\/v2\/media?parent=593"}],"wp:term":[{"taxonomy":"category","embeddable":true,"href":"https:\/\/blogs.hoy.es\/meteobadajoz\/wp-json\/wp\/v2\/categories?post=593"},{"taxonomy":"post_tag","embeddable":true,"href":"https:\/\/blogs.hoy.es\/meteobadajoz\/wp-json\/wp\/v2\/tags?post=593"}],"curies":[{"name":"wp","href":"https:\/\/api.w.org\/{rel}","templated":true}]}}