{"id":596,"date":"2014-04-14T10:10:51","date_gmt":"2014-04-14T09:10:51","guid":{"rendered":"http:\/\/blogs.hoy.es\/meteobadajoz\/?p=596"},"modified":"2014-04-14T10:10:51","modified_gmt":"2014-04-14T09:10:51","slug":"semana-santa-con-tiempo-variable-e-inseguro","status":"publish","type":"post","link":"https:\/\/blogs.hoy.es\/meteobadajoz\/2014\/04\/14\/semana-santa-con-tiempo-variable-e-inseguro\/","title":{"rendered":"Semana Santa con tiempo variable e inseguro"},"content":{"rendered":"<h2 align=\"LEFT\"><strong><span style=\"color: #000000;\"><span style=\"font-size: x-large;\"><span style=\"font-family: 'Segoe UI';\">\u00bb<\/span><\/span><span style=\"color: #000000;\"><span style=\"font-size: large;\"><span style=\"font-family: 'Segoe UI', sans-serif;\"> Semana Santa 2014 con tiempo relativamente estable (salvo algunos d\u00edas), pero con tendencia a complicarse la situaci\u00f3n de cara al pr\u00f3ximo fin de semana, con lluvias y ambiente algo m\u00e1s fresco.<\/span><\/span><\/span><\/span><\/strong><\/h2>\n<p style=\"text-align: center;\" align=\"CENTER\"><span style=\"color: #000000;\"><span style=\"font-family: Arial, Helvetica, sans-serif;\"><strong><img loading=\"lazy\" class=\"aligncenter\" src=\"\/\/nsae01.casimages.net\/img\/2014\/04\/14\/140414100404843532.gif\" alt=\"\" width=\"568\" height=\"315\" \/>Evoluci\u00f3n de las temperaturas a 500 hPa (5.500 metros de altitud) para las pr\u00f3ximas jornadas &#8211; Modelo GFS<\/strong><\/span><\/span><\/p>\n<p align=\"LEFT\"><span style=\"color: #000000;\"><span style=\"font-family: Arial, Helvetica, sans-serif;\"><strong>Lunes 14 de Abril 2014. <\/strong>Ya l<\/span><span style=\"font-family: Arial, Helvetica, sans-serif;\">leg\u00f3 la Semana Santa, la\u00a0\u00e9poca de m\u00e1xima demanda de informaci\u00f3n meteorol\u00f3gica, y parece que este a\u00f1o,\u00a0por lo general, ser\u00e1 relativamente estable (al menos los primeros d\u00edas), pero con ciertos detalles que m\u00e1s adelante veremos, y que est\u00e1n relacionados con un mayor\u00a0<strong>riesgo de chubascos-tormentas por la tarde<\/strong>, sobre todo en zonas de sierra.<!--more--><\/span><\/span><\/p>\n<p align=\"LEFT\"><span style=\"font-family: Arial, Helvetica, sans-serif; color: #000000;\">Pero la Semana Santa es tambi\u00e9n la \u00e9poca <strong>m\u00e1s temida por profesionales y aficionados a la meteorolog\u00eda<\/strong>, en la que no se entiende de <em>incertidumbres<\/em>, y en la que se piden <strong>predicciones para momentos muy concretos, y a varios d\u00edas vista<\/strong>&#8230;<\/span><\/p>\n<p align=\"LEFT\"><span style=\"font-family: Arial, Helvetica, sans-serif; color: #000000;\">-En primer lugar, quiero mostrar mi \u201cmalestar\u201d general sobre el tema de las predicciones en Semana Santa. A los que dedicamos mucho tiempo a una ciencia como la meteorolog\u00eda, <strong>no nos molesta que la gente nos pregunte<\/strong> acerca del tiempo que va a hacer para un determinado momento, bien por una fiesta como la Semana Santa, o bien por otros motivos de \u00edndole personal, pero s\u00ed es bastante molesto que te pregunten el tiempo para una jornada <strong>a 7 d\u00edas vista (o m\u00e1s)<\/strong>, y que incluso te lleguen a decir <strong>la hora concreta a la que est\u00e1 interesado\/a<\/strong>.<\/span><\/p>\n<p align=\"LEFT\"><span style=\"color: #000000;\"><span style=\"font-family: Arial, Helvetica, sans-serif;\">Muchas veces, antes de Semana Santa, te piden <strong>una predicci\u00f3n para dentro de \u00a12 semanas!<\/strong>, y a pesar de que te dicen que <em>entienden la dificultad de predecir a tantos d\u00edas vista<\/em>, te dicen eso de: \u201c<em>pero m\u00e1s o menos \u00bfc\u00f3mo va a estar?<\/em>\u201d&#8230; \u00a1Es que lo que te diga hoy ser\u00e1 <strong>totalmente distinto ma\u00f1ana<\/strong>! A 2 semanas vista (por poner un ejemplo) <strong>no se puede saber el tiempo<\/strong>.<\/span><\/span><\/p>\n<p align=\"LEFT\"><span style=\"color: #000000;\"><span style=\"font-family: Arial, Helvetica, sans-serif;\">Nosotros entendemos perfectamente que la mayor\u00eda de la gente <strong>no entiende la gran dificultad<\/strong> que supone hacer una predicci\u00f3n a varios d\u00edas vista, y siempre tratamos (al menos yo) de hablarles sobre \u00e9sta dificultad. Pero despu\u00e9s de hacerlo, normalmente te dicen que lo han entendido, pero poco despu\u00e9s, nuevamente te preguntan sobre una predicci\u00f3n del mismo tipo, <strong>llegando a especificar ciertas horas de un d\u00eda que igual ni aparece todav\u00eda en los modelos<\/strong>&#8230;<\/span><\/span><\/p>\n<p align=\"LEFT\"><span style=\"color: #000000;\"><span style=\"font-family: Arial, Helvetica, sans-serif;\">Estamos de acuerdo en que la gente est\u00e1 muy interesada en el tiempo de estos d\u00edas, pero al igual como hay que entender esa parte de esfuerzo y de ilusi\u00f3n que tienen los que participan activamente en Semana Santa, tambi\u00e9n hay que entender la parte nuestra, la de <strong>la dificultad de lo que muchos pretenden saber<\/strong>, y la <strong>responsabilidad<\/strong> que te dejan, y que luego encima no puedes fallar!<\/span><\/span><\/p>\n<p align=\"LEFT\"><span style=\"color: #000000;\"><span style=\"font-family: Arial, Helvetica, sans-serif;\">Y si fallas dicen: &#8220;<em>Buah&#8230; siempre fall\u00e1is&#8230;<\/em>&#8221; \u00a1Pues no, mire usted, es que no es tan f\u00e1cil! La gente por lo general es muy injusta con los del tiempo&#8230;<\/span><\/span><\/p>\n<p align=\"LEFT\"><span style=\"color: #000000;\"><span style=\"font-family: Arial, Helvetica, sans-serif;\">As\u00ed que desde aqu\u00ed pido un poco de <strong>prudencia, calma y compresi\u00f3n<\/strong> a la hora de preguntar sobre el tiempo, porque la mayor\u00eda no entiende esa dificultad, y se piensan que \u00e9sto simplemente se sabe mirando un mapa de simbolitos o una simple p\u00e1gina web del tiempo, y \u00a1<strong>NO<\/strong>!, los aficionados vamos m\u00e1s all\u00e1, tratamos con <strong>mapas que la gente corriente no entender\u00eda<\/strong>, mapas en bruto, como los que se muestran por aqu\u00ed en muchas ocasiones, y que intento acercar a la gente corriente.<\/span><\/span><\/p>\n<p align=\"LEFT\"><span style=\"color: #000000;\"><span style=\"font-family: Arial, Helvetica, sans-serif;\">Por cierto que, <strong>no os fi\u00e9is de las predicciones que lanzan las p\u00e1ginas webs, aplicaciones m\u00f3viles, etc&#8230;<\/strong>, porque son todo <strong>predicciones autom\u00e1ticas!<\/strong> S\u00e9 que muchas veces incluso aciertan, pero donde est\u00e9 la opini\u00f3n de alguien que sabe del tema, que se quite lo dem\u00e1s, y sobre todo si son cosas concretas a pocas horas vista&#8230; (Seguro que no me vais a hacer caso y las vais a seguir mirando!<\/span><\/span><span style=\"font-family: Arial, Helvetica, sans-serif;\">).<\/span><\/p>\n<p align=\"LEFT\"><span style=\"color: #000000;\"><span style=\"font-family: Arial, Helvetica, sans-serif;\">Dicho \u00e9sto, nos metemos ya en predicci\u00f3n para los pr\u00f3ximos d\u00edas, porque <strong>tenemos por delante jornadas algo inestables<\/strong>, en forma de chubascos y tormentas, como respuesta al calor de estos \u00faltimos d\u00edas.<\/span><\/span><\/p>\n<p align=\"LEFT\"><span style=\"color: #ffffff;\">.<\/span><\/p>\n<h2 align=\"LEFT\"><span style=\"color: #000000;\"><span style=\"font-size: x-large;\"><span style=\"font-family: Arial, Helvetica, sans-serif;\"><strong>La gran pregunta: \u00bfC\u00f3mo ser\u00e1 la Semana Santa?<\/strong><\/span><\/span><\/span><\/h2>\n<p><span style=\"color: #ffffff;\">.<\/span><\/p>\n<p align=\"LEFT\"><span style=\"color: #000000;\"><span style=\"font-family: Arial, Helvetica, sans-serif;\">En l\u00edneas generales, parece que la empezaremos con <strong>tiempo relativamente estable<\/strong>, con cielos poco nubosos y temperaturas todav\u00eda algo calurosas, pero a medida que avance la semana <strong>se podr\u00eda producir un progresivo empeoramiento del tiempo<\/strong>, y quiz\u00e1s con un <strong>descenso importante de las temperaturas<\/strong> en gran parte del pa\u00eds de cara al fin de semana, aunque \u00e9sto \u00faltimo no est\u00e1 del todo claro, ya que los modelos est\u00e1n mostr\u00e1ndose <strong>bastante cambiantes<\/strong> en las \u00faltimas actualizaciones, pero parece claro que existe una clara <strong>tendencia inestable<\/strong> para la segunda mitad de la semana.<\/span><\/span><\/p>\n<p align=\"LEFT\"><span style=\"color: #000000;\"><span style=\"font-family: Arial, Helvetica, sans-serif;\">No obstante, aunque estos primeros d\u00edas est\u00e9n en general marcados por el anticicl\u00f3n, tendremos que estar pendientes de los <strong>chubascos y las posibles tormentas que podr\u00edan formarse<\/strong> en las principales zonas de sierra de la pen\u00ednsula, que tambi\u00e9n los veremos por Extremadura, sobre todo por el norte.<\/span><\/span><\/p>\n<p align=\"LEFT\"><span style=\"color: #000000;\"><span style=\"font-family: Arial, Helvetica, sans-serif;\">-As\u00ed pues, a modo de resumen desde este lunes y hasta el pr\u00f3ximo viernes, ojo, con mucha incertidumbre, sobre todo a medida que nos alejemos de la fecha actual:<\/span><\/span><\/p>\n<p align=\"LEFT\"><span style=\"color: #ffffff;\">.<\/span><\/p>\n<p align=\"LEFT\"><span style=\"color: #000000;\"><span style=\"font-size: medium;\"><span style=\"font-family: Arial, Helvetica, sans-serif;\"><span style=\"text-decoration: underline;\"><strong>-Lunes Santo (14 de abril):<\/strong><\/span><\/span><\/span><\/span><\/p>\n<p align=\"LEFT\"><span style=\"color: #000000;\"><span style=\"font-family: Arial, Helvetica, sans-serif;\">El acercamiento de una peque\u00f1a borrasca que circula cerca de Canarias, nos dejar\u00e1 un <strong>notable aumento de la nubosidad desde el sur<\/strong>, con bastantes nubes de tipo medio y alto y algunas <strong>precipitaciones d\u00e9biles y muy dispersas<\/strong> por las comarcas del oeste y norte de la regi\u00f3n, pero muy poca cosa en general.<\/span><\/span><\/p>\n<p align=\"LEFT\"><span style=\"color: #000000;\"><span style=\"font-family: Arial, Helvetica, sans-serif;\">Por la tarde-noche la nubosidad poco a poco ir\u00e1 a menos desde el sur de la regi\u00f3n, y tambi\u00e9n el riesgo de precipitaciones, aunque en zonas de sierra del norte y noroeste de la regi\u00f3n podr\u00edamos ver algunos chubascos, pero no deber\u00edan de afectar al resto.<\/span><\/span><\/p>\n<p align=\"LEFT\"><span style=\"color: #000000;\"><span style=\"font-size: medium;\"><span style=\"font-family: Arial, Helvetica, sans-serif;\"><span style=\"text-decoration: underline;\"><strong>-Martes Santo (15 de abril):<\/strong><\/span><\/span><\/span><\/span><\/p>\n<p align=\"LEFT\"><span style=\"color: #000000;\"><span style=\"font-family: Arial, Helvetica, sans-serif;\">El martes volver\u00eda a ser una <strong>jornada bastante estable<\/strong>, con cielos en general poco nubosos, aunque con tendencia a aumentar la nubosidad nuevamente desde el sur, pero <strong>sin precipitaciones<\/strong>.<\/span><\/span><\/p>\n<p align=\"LEFT\"><span style=\"color: #000000;\"><span style=\"font-family: Arial, Helvetica, sans-serif;\">Por la tarde, de nuevo, crecimiento de <strong>nubes de evoluci\u00f3n en zonas de sierra<\/strong>, que podr\u00edan dejar escapar algunos <strong>chubascos y\/o tormentas<\/strong> especialmente hacia el norte y noroeste de la provincia de C\u00e1ceres, pero ser\u00edan fen\u00f3menos <strong>bastante aislados y sin llegar a afectar a zonas llanas<\/strong>.<\/span><\/span><\/p>\n<p align=\"LEFT\"><span style=\"color: #000000;\"><span style=\"font-family: Arial, Helvetica, sans-serif;\">En la tarde-noche esos chubascos deber\u00edan remitir a medida que el calor que los alimenta vaya cada vez a menos con la llegada de la noche.<\/span><\/span><\/p>\n<p align=\"LEFT\"><span style=\"color: #000000;\"><span style=\"font-size: medium;\"><span style=\"font-family: Arial, Helvetica, sans-serif;\"><span style=\"text-decoration: underline;\"><strong>-Mi\u00e9rcoles Santo (16 de abril):<\/strong><\/span><\/span><\/span><\/span><\/p>\n<p align=\"LEFT\"><span style=\"color: #000000;\"><span style=\"font-family: Arial, Helvetica, sans-serif;\">Parece que comenzar\u00edamos la jornada del mi\u00e9rcoles con <strong>algunas nieblas en las zonas t\u00edpicas<\/strong> (Vegas del Guadiana y Valle del Tajo) pero sobre todo por las comarcas m\u00e1s occidentales de la regi\u00f3n. Esas nieblas levantar\u00e1n a medida que avance la ma\u00f1ana del mi\u00e9rcoles, qued\u00e1ndose una tarde de cielos poco nubosos.<\/span><\/span><\/p>\n<p align=\"LEFT\"><span style=\"color: #000000;\"><span style=\"font-family: Arial, Helvetica, sans-serif;\">Por otro lado, durante esta jornada, entrar\u00edan <strong>muchas nubes de tipo medio y alto<\/strong> (de las que no dejan lluvias) desde el suroeste peninsular, que con el transcurso de las horas ir\u00edan a menos.<\/span><\/span><\/p>\n<p align=\"LEFT\"><span style=\"color: #000000;\"><span style=\"font-size: medium;\"><span style=\"font-family: Arial, Helvetica, sans-serif;\"><span style=\"text-decoration: underline;\"><strong>-Jueves Santo (17 de abril):<\/strong><\/span><\/span><\/span><\/span><\/p>\n<p align=\"LEFT\"><span style=\"color: #000000;\"><span style=\"font-family: Arial, Helvetica, sans-serif;\">El jueves ser\u00e1 una jornada por lo general bastante estable, con predominio de cielos poco nubosos, aunque volveremos a encontrar algunas <strong>nubes de evoluci\u00f3n en \u00e1reas de sierra<\/strong> que podr\u00eda acabar dejando algunos chubascos. Esos chubascos ser\u00edan m\u00e1s probables hacia el entorno de Gredos y de forma m\u00e1s dispersa en la Sierra de Gata, pero nada demasiado significativo.<\/span><\/span><\/p>\n<p align=\"LEFT\"><span style=\"color: #000000;\"><span style=\"font-family: Arial, Helvetica, sans-serif;\">En el resto de la regi\u00f3n podr\u00edamos encontrar algunos <strong>intervalos nubosos de nubes medias y altas<\/strong>, pero sin mayores consecuencias.<\/span><\/span><\/p>\n<p align=\"LEFT\"><span style=\"color: #000000;\"><span style=\"font-size: medium;\"><span style=\"font-family: Arial, Helvetica, sans-serif;\"><span style=\"text-decoration: underline;\"><strong>-Viernes Santo (18 de abril):<\/strong><\/span><\/span><\/span><\/span><\/p>\n<p align=\"LEFT\"><span style=\"color: #000000;\"><span style=\"font-family: Arial, Helvetica, sans-serif;\">A partir de esta jornada ya empezamos a hablar de mucha incertidumbre&#8230; A fecha de hoy, el viernes Santo podr\u00eda ser un <strong>d\u00eda marcado por la formaci\u00f3n de chubascos y\/o tormentas de forma algo m\u00e1s generalizada<\/strong> que en jornadas anteriores, llegando a aparecer incluso fuera de las zonas de sierra y, por tanto, con m\u00e1s probabilidad de que esos posibles chubascos <strong>afecten al entorno de las grandes ciudades<\/strong> de la regi\u00f3n. No obstante, a\u00fan quedan bastantes d\u00edas y las cosa todav\u00eda puede cambiar, pero bien es cierto que esa <strong>tendencia inestable<\/strong> de la segunda mitad de la Semana Santa llevaba vi\u00e9ndose en los modelos desde hace bastantes d\u00edas.<\/span><\/span><\/p>\n<p align=\"LEFT\"><span style=\"color: #000000;\"><span style=\"font-family: Arial, Helvetica, sans-serif;\">Llegar\u00edan cambios desde el Atl\u00e1ntico, como se muestra en la animaci\u00f3n que encabeza esta entrada, <strong>por el acercamiento de una borrasca y masa de aire fr\u00edo<\/strong> que de momento el viernes no afectar\u00e1 a la pen\u00ednsula de forma directa, pero s\u00ed vamos a notar su acercamiento con ese <strong>incremento del riesgo de chubascos durante el viernes<\/strong>.<\/span><\/span><\/p>\n<p align=\"LEFT\"><span style=\"color: #000000;\"><span style=\"font-family: Arial, Helvetica, sans-serif;\">De esta forma, comenzar\u00edamos el viernes con ambiente poco nubosos en general, aunque con intervalos de nubes medias y altas, sin precipitaciones. A partir de las horas centrales del d\u00eda notar\u00edamos cada vez m\u00e1s movimiento, con el crecimiento de <strong>nubes de evoluci\u00f3n en los principales sistemas monta\u00f1osos de la regi\u00f3n<\/strong>, y con <strong>la formaci\u00f3n de numerosos chubascos-tormentas<\/strong> sobre todo en las sierras del centro y norte de la regi\u00f3n, aunque tampoco se descartan del resto de la regi\u00f3n. Chubascos que podr\u00edan ser <strong>moderados y localmente tormentosos, quiz\u00e1s con alg\u00fan episodio de granizo<\/strong>. Tendremos que irlo siguiendo.<\/span><\/span><\/p>\n<p align=\"LEFT\"><span style=\"color: #000000;\"><span style=\"font-family: Arial, Helvetica, sans-serif;\">En la tarde-noche esos chubascos deber\u00edan de ir remitiendo, debido a lo comentado anteriormente; disminuci\u00f3n del calor acumulado durante el d\u00eda, a medida que nos metemos en la noche.<\/span><\/span><\/p>\n<p align=\"LEFT\"><span style=\"color: #000000;\"><span style=\"font-size: medium;\"><span style=\"font-family: Arial, Helvetica, sans-serif;\"><span style=\"text-decoration: underline;\"><strong>-Fin de semana &#8211; S\u00e1bado de Gloria y Domingo de Resurrecci\u00f3n (19-20 de abril):<\/strong><\/span><\/span><\/span><\/span><\/p>\n<p align=\"LEFT\"><span style=\"color: #000000;\"><span style=\"font-family: Arial, Helvetica, sans-serif;\">Much\u00edsima incertidumbre durante estos d\u00edas&#8230; Parece que <strong>ser\u00e1 en el fin de semana cuando se centrar\u00eda la mayor inestabilidad en nuestra regi\u00f3n<\/strong> (sobre todo el domingo), y en gran parte del pa\u00eds. La borrasca que coment\u00e1bamos anteriormente se nos acercar\u00eda desde el oeste, con un aumento claro de la nubosidad y la <strong>formaci\u00f3n de chubascos-tormentas casi de forma generalizada<\/strong> en muchas zonas de la pen\u00ednsula.<\/span><\/span><\/p>\n<p align=\"LEFT\"><span style=\"color: #000000;\"><span style=\"font-family: Arial, Helvetica, sans-serif;\">Situaci\u00f3n de inestabilidad, sin duda <strong>ayudada por la acumulaci\u00f3n de calor<\/strong> de estos \u00faltimos d\u00edas, y debido al acercamiento de una masa de aire fr\u00edo desde el Atl\u00e1ntico, que podr\u00eda provocar un <strong>descenso acusado de las temperaturas<\/strong>, con ambiente no tan c\u00e1lido como durante estos primeros d\u00edas de la semana (m\u00e1ximas de unos 19-20\u00baC).<\/span><\/span><\/p>\n<p align=\"LEFT\"><span style=\"color: #000000;\"><span style=\"font-size: medium;\"><span style=\"font-family: Arial, Helvetica, sans-serif;\"><span style=\"text-decoration: underline;\"><strong>-Inicio de la pr\u00f3xima semana:<\/strong><\/span><\/span><\/span><\/span><\/p>\n<p align=\"LEFT\"><span style=\"color: #000000;\"><span style=\"font-family: Arial, Helvetica, sans-serif;\">Y ya de cara la la pr\u00f3xima semana (lunes de Pascua, y ya es adelantar mucho), con <strong>much\u00edsima m\u00e1s incertidumbre si cabe<\/strong>, la situaci\u00f3n parece que estar\u00eda <strong>marcada por la inestabilidad<\/strong>, con <strong>precipitaciones d\u00e9biles-moderadas<\/strong>, <strong>generalizadas<\/strong> y quiz\u00e1s <strong>localmente abundantes<\/strong> en zonas del oeste peninsular, provocado por el descolgamiento de una masa de aire fr\u00edo desde el Atl\u00e1ntico Norte que continuar\u00e1 con el descenso t\u00e9rmico iniciado durante el fin de semana.<\/span><\/span><\/p>\n<p align=\"LEFT\"><span style=\"color: #000000;\"><span style=\"font-family: Arial, Helvetica, sans-serif;\">Resumiendo: la Semana Santa 2014 parece que comenzar\u00e1 con tiempo relativamente estable (aunque con excepciones), pero a partir del fin de semana <strong>la situaci\u00f3n parece que se complica<\/strong>, con la <strong>llegada de precipitaciones y con un descenso notable de las temperaturas<\/strong>.<\/span><\/span><\/p>\n<p align=\"LEFT\"><span style=\"color: #000000;\"><span style=\"font-family: Arial, Helvetica, sans-serif;\">Iremos actualizando toda esta informaci\u00f3n durante los pr\u00f3ximos d\u00edas.<\/span><\/span><\/p>\n<p align=\"LEFT\"><span style=\"color: #ffffff;\"><span style=\"font-family: Arial, Helvetica, sans-serif;\"><span>.<\/span><\/span><\/span><\/p>\n<p align=\"CENTER\"><span style=\"color: #808080;\"><span style=\"font-family: Arial, Helvetica, sans-serif;\">Por Javier Pi\u00f1ero Fuentes &#8211; \u00a9 MeteoBadajoz 2014<\/span><\/span><\/p>\n<p align=\"CENTER\"><span style=\"color: #808080;\"><span style=\"font-family: arial, sans-serif;\">meteobadajoz@gmail.com<\/span><\/span><\/p>\n<p align=\"LEFT\"><strong><span style=\"color: #ffffff;\"><span style=\"font-family: Arial, Helvetica, sans-serif;\"><span>.<\/span><\/span><\/span><\/strong><\/p>\n<p align=\"CENTER\"><strong><span style=\"color: #000000;\"><span style=\"font-family: Arial, Helvetica, sans-serif;\"><span>Puedes seguir cada situaci\u00f3n a trav\u00e9s de la cuenta de Twitter <\/span><\/span><\/span><\/strong><strong><a href=\"https:\/\/twitter.com\/MeteoBadajoz\" target=\"_blank\" rel=\"external nofollow\"><span style=\"color: #ff0000;\"><span style=\"font-family: Arial, Helvetica, sans-serif;\"><span>@MeteoBadajoz<\/span><\/span><\/span><\/a><\/strong><strong><span style=\"color: #000000;\"><span style=\"font-family: Arial, Helvetica, sans-serif;\"><span>, o Facebook <\/span><\/span><\/span><\/strong><strong><a href=\"https:\/\/www.facebook.com\/pages\/MeteoBadajoz\/236436716399890\" target=\"_blank\" rel=\"external nofollow\"><span style=\"color: #ff0000;\"><span style=\"font-family: Arial, Helvetica, sans-serif;\"><span>MeteoBadajoz<\/span><\/span><\/span><\/a><\/strong><strong><span style=\"color: #000000;\"><span style=\"font-family: Arial, Helvetica, sans-serif;\"><span>, donde estar\u00e1s informado en todo momento de c\u00f3mo evolucionan los d\u00edas, as\u00ed como de noticias de inter\u00e9s meteorol\u00f3gico.<\/span><\/span><\/span><\/strong><\/p>\n<p align=\"CENTER\"><strong><span style=\"color: #000000;\"><span style=\"font-family: Arial, Helvetica, sans-serif;\"><span><span style=\"text-decoration: underline;\"><strong>Si el art\u00edculo te ha parecido interesante, puedes ayudar a divulgarlo a trav\u00e9s de las redes sociales, con ayuda de los botones para compartir.<\/strong><\/span><\/span><\/span><\/span><\/strong><\/p>\n<p align=\"CENTER\"><strong><span style=\"color: #000000;\"><span style=\"font-family: Arial, Helvetica, sans-serif;\"><span>\u00a1\u00a1Gracias y un saludo a los lectores del blog!!<\/span><\/span><\/span><\/strong><\/p>\n<!-- AddThis Advanced Settings generic via filter on the_content --><!-- AddThis Share Buttons generic via filter on the_content -->","protected":false},"excerpt":{"rendered":"<p>\u00bb Semana Santa 2014 con tiempo relativamente estable (salvo algunos d\u00edas), pero con tendencia a complicarse la situaci\u00f3n de cara al pr\u00f3ximo fin de semana, con lluvias y ambiente algo m\u00e1s fresco. Evoluci\u00f3n de las temperaturas a 500 hPa (5.500 metros de altitud) para las pr\u00f3ximas jornadas &#8211; Modelo GFS Lunes 14 de Abril 2014. [&hellip;]<!-- AddThis Advanced Settings generic via filter on get_the_excerpt --><!-- AddThis Share Buttons generic via filter on get_the_excerpt --><\/p>\n","protected":false},"author":75,"featured_media":0,"comment_status":"open","ping_status":"closed","sticky":false,"template":"","format":"standard","meta":[],"categories":[5],"tags":[7,9,12,83,102,122,124,128,147],"_links":{"self":[{"href":"https:\/\/blogs.hoy.es\/meteobadajoz\/wp-json\/wp\/v2\/posts\/596"}],"collection":[{"href":"https:\/\/blogs.hoy.es\/meteobadajoz\/wp-json\/wp\/v2\/posts"}],"about":[{"href":"https:\/\/blogs.hoy.es\/meteobadajoz\/wp-json\/wp\/v2\/types\/post"}],"author":[{"embeddable":true,"href":"https:\/\/blogs.hoy.es\/meteobadajoz\/wp-json\/wp\/v2\/users\/75"}],"replies":[{"embeddable":true,"href":"https:\/\/blogs.hoy.es\/meteobadajoz\/wp-json\/wp\/v2\/comments?post=596"}],"version-history":[{"count":0,"href":"https:\/\/blogs.hoy.es\/meteobadajoz\/wp-json\/wp\/v2\/posts\/596\/revisions"}],"wp:attachment":[{"href":"https:\/\/blogs.hoy.es\/meteobadajoz\/wp-json\/wp\/v2\/media?parent=596"}],"wp:term":[{"taxonomy":"category","embeddable":true,"href":"https:\/\/blogs.hoy.es\/meteobadajoz\/wp-json\/wp\/v2\/categories?post=596"},{"taxonomy":"post_tag","embeddable":true,"href":"https:\/\/blogs.hoy.es\/meteobadajoz\/wp-json\/wp\/v2\/tags?post=596"}],"curies":[{"name":"wp","href":"https:\/\/api.w.org\/{rel}","templated":true}]}}