{"id":599,"date":"2014-04-15T17:54:47","date_gmt":"2014-04-15T16:54:47","guid":{"rendered":"http:\/\/blogs.hoy.es\/meteobadajoz\/?p=599"},"modified":"2014-04-15T17:54:47","modified_gmt":"2014-04-15T16:54:47","slug":"prediccion-especial-miercoles-santo","status":"publish","type":"post","link":"https:\/\/blogs.hoy.es\/meteobadajoz\/2014\/04\/15\/prediccion-especial-miercoles-santo\/","title":{"rendered":"PREDICCI\u00d3N ESPECIAL: Mi\u00e9rcoles Santo"},"content":{"rendered":"<p align=\"LEFT\"><strong><span style=\"color: #000000;\"><span style=\"font-family: 'Segoe UI';\">\u00bb<\/span><\/span><span style=\"color: #000000;\"><span style=\"font-size: large;\"><span style=\"font-family: 'Segoe UI', sans-serif;\"> El Mi\u00e9rcoles Santo transcurrir\u00e1 en Extremadura con cielo cubierto y nieblas a primeras horas del d\u00eda en las Vegas del Guadiana, aunque con una tarde algo m\u00e1s soleada y c\u00e1lida.<\/span><\/span><\/span><\/strong><\/p>\n<p style=\"text-align: center;\" align=\"CENTER\"><strong><span style=\"color: #000000;\"><span style=\"font-family: Arial, Helvetica, sans-serif;\"><span><img loading=\"lazy\" class=\"aligncenter\" src=\"\/\/nsae01.casimages.net\/img\/2014\/04\/15\/14041506480138638.png\" alt=\"\" width=\"630\" height=\"325\" \/>Predicci\u00f3n meteorol\u00f3gica para este Mi\u00e9rcoles Santo en Extremadura (mapa NO oficial) &#8211; <\/span><\/span><\/span><\/strong><strong><span style=\"color: #000000;\"><span style=\"font-family: Arial, Helvetica, sans-serif;\"><span>\u00a9 <\/span><\/span><\/span><\/strong><strong><span style=\"color: #000000;\"><span style=\"font-family: Arial, Helvetica, sans-serif;\"><span>MeteoBadajoz<\/span><\/span><\/span><\/strong><\/p>\n<p align=\"LEFT\"><span style=\"color: #000000;\"><span style=\"font-family: Arial, Helvetica, sans-serif;\"><span><strong>Martes 15 de Abril 2014. <\/strong><\/span><\/span><\/span><span style=\"color: #000000;\"><span style=\"font-family: Arial, Helvetica, sans-serif;\"><span>Tenemos por delante un mi\u00e9rcoles marcado por la estabilidad y por unas temperaturas igualmente agradables, como las de estos \u00faltimos d\u00edas, aunque con peque\u00f1as excepciones que a continuaci\u00f3n comentaremos.<!--more--><\/span><\/span><\/span><\/p>\n<p align=\"LEFT\"><span style=\"color: #000000;\"><span style=\"font-family: Arial, Helvetica, sans-serif;\"><span>-Durante la noche del Martes Santo al Mi\u00e9rcoles Santo, podr\u00edamos tener la entrada de <\/span><\/span><\/span><span style=\"color: #000000;\"><span style=\"font-family: Arial, Helvetica, sans-serif;\"><span><strong>muchas nubes de tipo bajo<\/strong><\/span><\/span><\/span><span style=\"color: #000000;\"><span style=\"font-family: Arial, Helvetica, sans-serif;\"><span> desde el oeste y suroeste de Portugal, que podr\u00edan alcanzar las comarcas del oeste de Extremadura, dej\u00e1ndonos una <\/span><\/span><\/span><span style=\"color: #000000;\"><span style=\"font-family: Arial, Helvetica, sans-serif;\"><span><strong>situaci\u00f3n de cielos cubiertos y nieblas<\/strong><\/span><\/span><\/span><span style=\"color: #000000;\"><span style=\"font-family: Arial, Helvetica, sans-serif;\"><span> en las primeras horas del Mi\u00e9rcoles Santo.<\/span><\/span><\/span><\/p>\n<p align=\"LEFT\"><span style=\"color: #000000;\"><span style=\"font-family: Arial, Helvetica, sans-serif;\"><span><img loading=\"lazy\" class=\"alignleft\" src=\"\/\/nsae01.casimages.net\/img\/2014\/04\/15\/140415065111129408.png\" alt=\"\" width=\"318\" height=\"218\" \/>En la tarde de este martes ya hemos visto c\u00f3mo entraba parte de ese banco de nubes bajas por el sur de Portugal, pero el viento del sureste a evitado su entrada en la regi\u00f3n. Sin embargo, durante la madrugada del martes-mi\u00e9rcoles, ese flujo de viento cambia a suroeste, y ello provocar\u00e1 que esas nubes bajas <\/span><\/span><\/span><span style=\"color: #000000;\"><span style=\"font-family: Arial, Helvetica, sans-serif;\"><span><strong>acaben entrando por el oeste y suroeste de la provincia de Badajoz<\/strong><\/span><\/span><\/span><span style=\"color: #000000;\"><span style=\"font-family: Arial, Helvetica, sans-serif;\"><span>.<\/span><\/span><\/span><\/p>\n<p align=\"LEFT\"><span style=\"color: #000000;\"><span style=\"font-family: Arial, Helvetica, sans-serif;\"><span>Ese aporte de humedad permitir\u00e1 que se formen extensas nieblas este mi\u00e9rcoles a primeras horas del d\u00eda, pudiendo afectar<\/span><\/span><\/span><span style=\"color: #000000;\"><span style=\"font-family: Arial, Helvetica, sans-serif;\"><span><strong> especialmente a las Vegas del Guadiana<\/strong><\/span><\/span><\/span><span style=\"color: #000000;\"><span style=\"font-family: Arial, Helvetica, sans-serif;\"><span>, y de forma puntual al Valle del Tajo. Nieblas que pronto deber\u00edan levantar, dej\u00e1ndonos una tarde de intervalos nubosos, pero <\/span><\/span><\/span><span style=\"color: #000000;\"><span style=\"font-family: Arial, Helvetica, sans-serif;\"><span><strong>sin precipitaciones<\/strong><\/span><\/span><\/span><span style=\"color: #000000;\"><span style=\"font-family: Arial, Helvetica, sans-serif;\"><span>.<\/span><\/span><\/span><\/p>\n<p align=\"LEFT\"><span style=\"color: #000000;\"><span style=\"font-family: Arial, Helvetica, sans-serif;\"><span>En el mapa de s\u00edmbolos que encabeza esta entrada, vemos que el term\u00f3metro de las m\u00ednimas no experimenta grandes cambios, por lo que seguiremos hablando de un <\/span><\/span><\/span><span style=\"color: #000000;\"><span style=\"font-family: Arial, Helvetica, sans-serif;\"><span><strong>ambiente suave o ligeramente fresco a primeras horas<\/strong><\/span><\/span><\/span><span style=\"color: #000000;\"><span style=\"font-family: Arial, Helvetica, sans-serif;\"><span> de la ma\u00f1ana.<\/span><\/span><\/span><\/p>\n<p align=\"LEFT\"><span style=\"color: #000000;\"><span style=\"font-family: Arial, Helvetica, sans-serif;\"><span>-Por la tarde tendremos el paso de <\/span><\/span><\/span><span style=\"color: #000000;\"><span style=\"font-family: Arial, Helvetica, sans-serif;\"><span><strong>algunas nubes de tipo alto<\/strong><\/span><\/span><\/span><span style=\"color: #000000;\"><span style=\"font-family: Arial, Helvetica, sans-serif;\"><span>, que \u201cvelar\u00e1n\u201d los cielos de gran parte de la regi\u00f3n, y adem\u00e1s volveremos a ver algunas nubes de evoluci\u00f3n en zonas de sierra; nubes que s\u00f3lo dejar\u00edan escapar <\/span><\/span><\/span><span style=\"color: #000000;\"><span style=\"font-family: Arial, Helvetica, sans-serif;\"><span><strong>algunos chubascos y\/o tormentas hacia el entorno de la Sierra de Gredos<\/strong><\/span><\/span><\/span><span style=\"color: #000000;\"><span style=\"font-family: Arial, Helvetica, sans-serif;\"><span>. En el resto algunas nubes de evoluci\u00f3n, mezcladas con esas nubes altas, pero <\/span><\/span><\/span><span style=\"color: #000000;\"><span style=\"font-family: Arial, Helvetica, sans-serif;\"><span><strong>sin mayores consecuencias<\/strong><\/span><\/span><\/span><span style=\"color: #000000;\"><span style=\"font-family: Arial, Helvetica, sans-serif;\"><span>.<\/span><\/span><\/span><\/p>\n<p align=\"LEFT\"><span style=\"color: #000000;\"><span style=\"font-family: Arial, Helvetica, sans-serif;\"><span>En cuanto a las temperaturas m\u00e1ximas, parece que <\/span><\/span><\/span><span style=\"color: #000000;\"><span style=\"font-family: Arial, Helvetica, sans-serif;\"><span><strong>tienden a subir ligeramente<\/strong><\/span><\/span><\/span><span style=\"color: #000000;\"><span style=\"font-family: Arial, Helvetica, sans-serif;\"><span>, sobre todo hacia las comarcas del este de la regi\u00f3n, qued\u00e1ndose pr\u00e1cticamente sin cambios hacia el oeste y sur de Extremadura. Puede que incluso las <\/span><\/span><\/span><span style=\"color: #000000;\"><span style=\"font-family: Arial, Helvetica, sans-serif;\"><span>nieblas hagan que las m\u00e1ximas se queden algo m\u00e1s cortas, pero igualmente ser\u00e1n temperaturas agradables.<\/span><\/span><\/span><\/p>\n<p style=\"text-align: center;\" align=\"LEFT\"><strong><span style=\"color: #000000;\"><span style=\"font-family: Arial, Helvetica, sans-serif;\"><img loading=\"lazy\" class=\"aligncenter\" src=\"\/\/nsae01.casimages.net\/img\/2014\/04\/15\/140415064021475573.png\" alt=\"\" width=\"630\" height=\"375\" \/>Predicci\u00f3n en Badajoz pr\u00f3ximos 6 d\u00edas (evoluci\u00f3n de las T\u00bas m\u00e1ximas\/m\u00ednimas y tiempo en general) &#8211;\u00a0<strong>\u00a9\u00a0<\/strong><strong>MeteoBadajoz<\/strong><\/span><\/span><\/strong><\/p>\n<p align=\"LEFT\"><span style=\"color: #000000;\"><span style=\"font-family: Arial, Helvetica, sans-serif;\"><span>Poniendo como ejemplo la ciudad de Badajoz, de cara a los pr\u00f3ximos 6 d\u00edas (desde este mi\u00e9rcoles y hasta el pr\u00f3ximo lunes), tenemos por delante unos <strong>primeros d\u00edas de la semana bastante estables<\/strong>, en general con cielos poco nubosos y temperaturas muy agradables, aunque con esas nubes de evoluci\u00f3n y <strong>chubascos-tormentas aisladas en \u00e1reas de sierra<\/strong> del centro-norte de Extremadura que, en principio, NO afectar\u00edan a Badajoz capital hasta el viernes o s\u00e1bado.<\/span><\/span><\/span><\/p>\n<p><span style=\"color: #000000;\">En cambio, <strong><span style=\"color: #ff0000;\"><a href=\"https:\/\/blogs.hoy.es\/meteobadajoz\/2014\/04\/14\/semana-santa-con-tiempo-variable-e-inseguro\/#.U01fcPl_uSo\" target=\"_blank\"><span style=\"color: #ff0000;\">como ya se coment\u00f3 en la \u00faltima entrada del blog<\/span><\/a><\/span><\/strong>, de cara a la segunda mitad de la semana <strong>la situaci\u00f3n comenzar\u00eda a complicarse<\/strong>, cada vez con <strong>mayor nubosidad y riesgo de chubascos y tormentas<\/strong>. Llegaremos al fin de semana y al inicio de la pr\u00f3xima semana (y ya es mucho adelantar) con precipitaciones <strong>casi generalizadas<\/strong>, localmente intensas, y acompa\u00f1adas de tormentas, as\u00ed como un <strong>descenso importante de las temperaturas<\/strong>, pero para eso a\u00fan queda&#8230;<\/span><\/p>\n<p><span style=\"color: #000000;\">De momento, cielos poco nubosos y temperaturas superiores a los 25\u00baC en muchas zonas de la regi\u00f3n.\u00a0<strong>Disfruten!<\/strong><\/span><\/p>\n<p align=\"LEFT\"><span style=\"color: #ffffff;\"><span style=\"font-family: Arial, Helvetica, sans-serif;\"><span>.<\/span><\/span><\/span><\/p>\n<p align=\"CENTER\"><span style=\"color: #808080;\"><span style=\"font-family: Arial, Helvetica, sans-serif;\">Por Javier Pi\u00f1ero Fuentes &#8211; \u00a9 MeteoBadajoz 2014<\/span><\/span><\/p>\n<p align=\"CENTER\"><span style=\"color: #808080;\"><span style=\"font-family: arial, sans-serif;\">meteobadajoz@gmail.com<\/span><\/span><\/p>\n<p align=\"LEFT\"><strong><span style=\"color: #ffffff;\"><span style=\"font-family: Arial, Helvetica, sans-serif;\"><span>.<\/span><\/span><\/span><\/strong><\/p>\n<p align=\"CENTER\"><strong><span style=\"color: #000000;\"><span style=\"font-family: Arial, Helvetica, sans-serif;\"><span>Puedes seguir cada situaci\u00f3n a trav\u00e9s de la cuenta de Twitter <\/span><\/span><\/span><\/strong><strong><a href=\"https:\/\/twitter.com\/MeteoBadajoz\" target=\"_blank\" rel=\"external nofollow\"><span style=\"color: #ff0000;\"><span style=\"font-family: Arial, Helvetica, sans-serif;\"><span>@MeteoBadajoz<\/span><\/span><\/span><\/a><\/strong><strong><span style=\"color: #000000;\"><span style=\"font-family: Arial, Helvetica, sans-serif;\"><span>, o Facebook <\/span><\/span><\/span><\/strong><strong><a href=\"https:\/\/www.facebook.com\/pages\/MeteoBadajoz\/236436716399890\" target=\"_blank\" rel=\"external nofollow\"><span style=\"color: #ff0000;\"><span style=\"font-family: Arial, Helvetica, sans-serif;\"><span>MeteoBadajoz<\/span><\/span><\/span><\/a><\/strong><strong><span style=\"color: #000000;\"><span style=\"font-family: Arial, Helvetica, sans-serif;\"><span>, donde estar\u00e1s informado en todo momento de c\u00f3mo evolucionan los d\u00edas, as\u00ed como de noticias de inter\u00e9s meteorol\u00f3gico.<\/span><\/span><\/span><\/strong><\/p>\n<p align=\"CENTER\"><strong><span style=\"color: #000000;\"><span style=\"font-family: Arial, Helvetica, sans-serif;\"><span><span style=\"text-decoration: underline;\"><strong>Si el art\u00edculo te ha parecido interesante, puedes ayudar a divulgarlo a trav\u00e9s de las redes sociales, con ayuda de los botones para compartir.<\/strong><\/span><\/span><\/span><\/span><\/strong><\/p>\n<p align=\"CENTER\"><strong><span style=\"color: #000000;\"><span style=\"font-family: Arial, Helvetica, sans-serif;\"><span>\u00a1\u00a1Gracias y un saludo a los lectores del blog!!<\/span><\/span><\/span><\/strong><\/p>\n<!-- AddThis Advanced Settings generic via filter on the_content --><!-- AddThis Share Buttons generic via filter on the_content -->","protected":false},"excerpt":{"rendered":"<p>\u00bb El Mi\u00e9rcoles Santo transcurrir\u00e1 en Extremadura con cielo cubierto y nieblas a primeras horas del d\u00eda en las Vegas del Guadiana, aunque con una tarde algo m\u00e1s soleada y c\u00e1lida. Predicci\u00f3n meteorol\u00f3gica para este Mi\u00e9rcoles Santo en Extremadura (mapa NO oficial) &#8211; \u00a9 MeteoBadajoz Martes 15 de Abril 2014. Tenemos por delante un mi\u00e9rcoles [&hellip;]<!-- AddThis Advanced Settings generic via filter on get_the_excerpt --><!-- AddThis Share Buttons generic via filter on get_the_excerpt --><\/p>\n","protected":false},"author":75,"featured_media":0,"comment_status":"open","ping_status":"closed","sticky":false,"template":"","format":"standard","meta":[],"categories":[5],"tags":[7,26,44,62,124,128,132,147],"_links":{"self":[{"href":"https:\/\/blogs.hoy.es\/meteobadajoz\/wp-json\/wp\/v2\/posts\/599"}],"collection":[{"href":"https:\/\/blogs.hoy.es\/meteobadajoz\/wp-json\/wp\/v2\/posts"}],"about":[{"href":"https:\/\/blogs.hoy.es\/meteobadajoz\/wp-json\/wp\/v2\/types\/post"}],"author":[{"embeddable":true,"href":"https:\/\/blogs.hoy.es\/meteobadajoz\/wp-json\/wp\/v2\/users\/75"}],"replies":[{"embeddable":true,"href":"https:\/\/blogs.hoy.es\/meteobadajoz\/wp-json\/wp\/v2\/comments?post=599"}],"version-history":[{"count":0,"href":"https:\/\/blogs.hoy.es\/meteobadajoz\/wp-json\/wp\/v2\/posts\/599\/revisions"}],"wp:attachment":[{"href":"https:\/\/blogs.hoy.es\/meteobadajoz\/wp-json\/wp\/v2\/media?parent=599"}],"wp:term":[{"taxonomy":"category","embeddable":true,"href":"https:\/\/blogs.hoy.es\/meteobadajoz\/wp-json\/wp\/v2\/categories?post=599"},{"taxonomy":"post_tag","embeddable":true,"href":"https:\/\/blogs.hoy.es\/meteobadajoz\/wp-json\/wp\/v2\/tags?post=599"}],"curies":[{"name":"wp","href":"https:\/\/api.w.org\/{rel}","templated":true}]}}