{"id":6,"date":"2013-01-13T13:00:00","date_gmt":"2013-01-13T13:00:00","guid":{"rendered":"http:\/\/blogs.hoy.es\/meteobadajoz\/2013\/01\/13\/enero-2013-podria-acabar-con-registros-de-precipitacion-superiores-a-lo-normal-en-gran-parte-de-la-peninsula\/"},"modified":"2013-01-13T13:00:00","modified_gmt":"2013-01-13T13:00:00","slug":"enero-2013-podria-acabar-con-registros-de-precipitacion-superiores-a-lo-normal-en-gran-parte-de-la-peninsula","status":"publish","type":"post","link":"https:\/\/blogs.hoy.es\/meteobadajoz\/2013\/01\/13\/enero-2013-podria-acabar-con-registros-de-precipitacion-superiores-a-lo-normal-en-gran-parte-de-la-peninsula\/","title":{"rendered":"Enero 2013 podr\u00eda acabar con registros de precipitaci\u00f3n superiores a lo normal en gran parte de la Pen\u00ednsula."},"content":{"rendered":"<div style=\"clear: both; text-align: center;\"><\/div>\n<div style=\"clear: both; text-align: center;\"><a href=\"http:\/\/1.bp.blogspot.com\/-V9JjqppG4Fw\/UPKnDfIuNDI\/AAAAAAAAFZU\/nKsoWD-u8cI\/s1600\/bitmap.png\" rel=\"external nofollow\"><img loading=\"lazy\" src=\"\/\/1.bp.blogspot.com\/-V9JjqppG4Fw\/UPKnDfIuNDI\/AAAAAAAAFZU\/nKsoWD-u8cI\/s640\/bitmap.png\" alt=\"\" width=\"640\" height=\"298\" border=\"0\" \/><\/a><\/div>\n<p><span style=\"font-family: Helvetica Neue, Arial, Helvetica, sans-serif;\">Si os parece, volvemos a retomar el estado de los modelos estacionales porque en los \u00faltimos d\u00edas han sufrido cambios en algunos aspectos que a continuaci\u00f3n os cuento.<\/span><br \/>\n<span style=\"font-family: Helvetica Neue, Arial, Helvetica, sans-serif;\"><br \/>\n<\/span><span style=\"font-family: Helvetica Neue, Arial, Helvetica, sans-serif;\">Como\u00a0comentaba\u00a0en el <a href=\"http:\/\/meteo-badajoz.blogspot.com.es\/2013\/01\/un-vistazo-como-vendra-el-mes-de-enero.html\" target=\"_blank\" rel=\"external nofollow\"><strong><span style=\"color: red;\">primer an\u00e1lisis<\/span><\/strong><\/a>, el modelo estacional CFS de la NOAA mostraba claros s\u00edntomas de que el mes de enero iba a ser m\u00e1s h\u00famedo de lo normal por el oeste y noroeste peninsular, mientras que ser\u00eda seco o muy seco en el resto, sobre todo en la costa mediterr\u00e1nea y en el noreste peninsular. Pues bien, en la \u00faltima actualizaci\u00f3n del modelo (y desde varias actualizaciones anteriores), este modelo viene mostrando de nuevo un mes de enero muy h\u00famedo, pero <strong>\u00a1en casi toda la Pen\u00ednsula!<\/strong>, con anomal\u00edas de precipitaci\u00f3n muy positivas (<strong>+lluvioso<\/strong>), lo que indica que el mes nos dejar\u00e1 registros de lluvia superiores a lo habitual en gran parte del territorio nacional.<!--more--><\/span><span style=\"font-family: Helvetica Neue, Arial, Helvetica, sans-serif;\">Pero lo cierto es que estamos a punto de acabar ya con la primera quincena del mes de enero y todav\u00eda no hemos tenido un episodio serio de lluvias abundantes y generalizadas, por eso las precipitaciones totales a\u00fan son m\u00e1s bien escasas. Todav\u00eda estamos a la espera de futuros cambios, cambios que (como llevo diciendo desde primeros de enero) sigo creyendo que llegar\u00e1n especialmente de cara a finales de enero y principios de febrero. Quiz\u00e1s a partir del 20 o 25 de enero podamos hablar ya de importantes cambios. Ahora mismo lo \u00fanico que sabemos es que se divisa un cambio de\u00a0tendencia\u00a0a medio plazo, en forma de una mayor inestabilidad afectando a la Pen\u00ednsula y Baleares, de forma muy generalizada.<\/span><br \/>\n<span style=\"font-family: Helvetica Neue, Arial, Helvetica, sans-serif;\"><br \/>\n<\/span><\/p>\n<div style=\"clear: both; text-align: center;\"><a href=\"http:\/\/4.bp.blogspot.com\/-EqsH8vLs9Ng\/UPKnyrVy-4I\/AAAAAAAAFZc\/vfBa4R-kxlM\/s1600\/1212.PNG\" rel=\"external nofollow\"><img loading=\"lazy\" src=\"\/\/4.bp.blogspot.com\/-EqsH8vLs9Ng\/UPKnyrVy-4I\/AAAAAAAAFZc\/vfBa4R-kxlM\/s640\/1212.PNG\" alt=\"\" width=\"640\" height=\"462\" border=\"0\" \/><\/a><\/div>\n<p><span style=\"font-family: Helvetica Neue, Arial, Helvetica, sans-serif;\">En la imagen superior, observamos el mapa de anomal\u00edas de precipitaci\u00f3n previstos para el mes de enero de 2013 en Europa. Como vemos, existe una extensa zona de anomal\u00edas muy positivas (+lluvioso) ocupando todo el oeste, centro y sur peninsular, lo que nos est\u00e1 indicando que los supuestos cambios llegar\u00e1n, muy probablemente, por el oeste y suroeste de la Pen\u00ednsula. En el resto tambi\u00e9n se observan ciertas anomal\u00edas positivas, pero en la costa mediterr\u00e1nea espa\u00f1ola las anomal\u00edas no son positivas, sino que son negativas&#8230; \u00c9sto es debido a que, posiblemente, lo que queda de mes de enero estar\u00e1 marcado por una configuraci\u00f3n de oestes y suroestes, es decir, lo que comentaba antes, entrada de frentes y borrascas por el oeste y suroeste, que apenas dejan lluvias en las regiones mediterr\u00e1neas.<\/span><br \/>\n<span style=\"font-family: Helvetica Neue, Arial, Helvetica, sans-serif;\"><br \/>\n<\/span><span style=\"font-family: Helvetica Neue, Arial, Helvetica, sans-serif;\">En cuanto al resto de Europa y zonas cercanas, como vemos, anomal\u00edas negativas (+seco) en pr\u00e1cticamente todo el noroeste y norte del continente europeo e incluso en zonas \u00e1rticas, probablemente por la presencia de anticiclones en altas latitudes que permitan el paso de borrascas por latitudes m\u00e1s bajas, de hecho, es lo que empiezan a ver los modelos num\u00e9ricos a medio plazo.\u00a0<\/span><span style=\"font-family: 'Helvetica Neue', Arial, Helvetica, sans-serif;\">Tambi\u00e9n observamos anomal\u00edas positivas en \u00e1reas del centro y este de Europa, por all\u00ed en estas \u00faltimas semanas con el acercamiento de algunas borrascas y, sobre todo, con la presencia de mucho fr\u00edo en todas las regiones orientales de Europa, y as\u00ed parece que va a continuar.<\/span><br \/>\n<span style=\"font-family: Helvetica Neue, Arial, Helvetica, sans-serif;\"><br \/>\n<\/span><\/p>\n<div style=\"clear: both; text-align: center;\"><a href=\"http:\/\/4.bp.blogspot.com\/-CETqylm9vgE\/UPKuOf0iMsI\/AAAAAAAAFas\/xMIXl6VVjHc\/s1600\/bitmap2.png\" rel=\"external nofollow\"><img loading=\"lazy\" src=\"\/\/4.bp.blogspot.com\/-CETqylm9vgE\/UPKuOf0iMsI\/AAAAAAAAFas\/xMIXl6VVjHc\/s640\/bitmap2.png\" alt=\"\" width=\"640\" height=\"462\" border=\"0\" \/><\/a><\/div>\n<p><span style=\"font-family: Helvetica Neue, Arial, Helvetica, sans-serif;\">En cuanto a las temperaturas, espectaculares anomal\u00edas negativas (+fr\u00edo) al norte, y aunque menos importantes, las anomal\u00edas positivas (+&#8221;calor&#8221;) en el sur del continente. Tanto en el mapa de anomal\u00edas de precipitaci\u00f3n, como el de las temperaturas, se diferencian claramente zonas totalmente opuestas unas con otras, con fuertes\u00a0contrastes\u00a0 En la Pen\u00ednsula no aparecen anomal\u00edas, por lo que cabr\u00eda esperar un mes de enero normal.<\/span><br \/>\n<span style=\"font-family: Helvetica Neue, Arial, Helvetica, sans-serif;\"><br \/>\n<\/span><span style=\"font-family: Helvetica Neue, Arial, Helvetica, sans-serif;\">Es normal que por estas fechas haga fr\u00edo en el norte y centro de Europa, pero viendo esas anomal\u00edas parece que enero ser\u00e1 bastante m\u00e1s fr\u00edo, y es que hacia finales de mes los modelos anuncian un posible desalojo muy fr\u00edo (invasi\u00f3n de aire fr\u00edo) que afectar\u00e1 a gran parte del continente, un desalojo del que tendremos que estar muy pendientes porque (a d\u00eda de hoy) ser\u00eda bastante potente, aunque a\u00fan nos queda bastante lejos.<\/span><br \/>\n<span style=\"font-family: Helvetica Neue, Arial, Helvetica, sans-serif;\"><br \/>\n<\/span><span style=\"font-family: Helvetica Neue, Arial, Helvetica, sans-serif;\">As\u00ed pues, en este nuevo repaso de c\u00f3mo podr\u00eda acabar enero, hemos visto que en la Pen\u00ednsula podr\u00e1 ser muy h\u00famedo en todo el oeste, centro y sur, y algo seco en las costas mediterr\u00e1neas. Todo con temperaturas que estar\u00edan en la media.<\/span><br \/>\n<span style=\"font-family: Helvetica Neue, Arial, Helvetica, sans-serif;\"><br \/>\n<\/span><span style=\"font-family: Helvetica Neue, Arial, Helvetica, sans-serif;\">Pod\u00e9is seguir la evoluci\u00f3n del modelo CFS en la <a href=\"http:\/\/meteo-badajoz.blogspot.com.es\/p\/modelos_7.html\" target=\"_blank\" rel=\"external nofollow\"><strong><span style=\"color: red;\">p\u00e1gina de modelos\u00a0de este blog<\/span><\/strong><\/a>. Os espero en la pr\u00f3xima actualizaci\u00f3n, quiz\u00e1s ya mirando al mes de febrero!<\/span><br \/>\n<span style=\"font-family: Helvetica Neue, Arial, Helvetica, sans-serif;\"><br \/>\n<\/span><span style=\"font-family: Helvetica Neue, Arial, Helvetica, sans-serif;\">Un saludo.<\/span><\/p>\n<!-- AddThis Advanced Settings generic via filter on the_content --><!-- AddThis Share Buttons generic via filter on the_content -->","protected":false},"excerpt":{"rendered":"<p>Si os parece, volvemos a retomar el estado de los modelos estacionales porque en los \u00faltimos d\u00edas han sufrido cambios en algunos aspectos que a continuaci\u00f3n os cuento. Como\u00a0comentaba\u00a0en el primer an\u00e1lisis, el modelo estacional CFS de la NOAA mostraba claros s\u00edntomas de que el mes de enero iba a ser m\u00e1s h\u00famedo de lo [&hellip;]<!-- AddThis Advanced Settings generic via filter on get_the_excerpt --><!-- AddThis Share Buttons generic via filter on get_the_excerpt --><\/p>\n","protected":false},"author":3,"featured_media":0,"comment_status":"open","ping_status":"closed","sticky":false,"template":"","format":"standard","meta":[],"categories":[3],"tags":[],"_links":{"self":[{"href":"https:\/\/blogs.hoy.es\/meteobadajoz\/wp-json\/wp\/v2\/posts\/6"}],"collection":[{"href":"https:\/\/blogs.hoy.es\/meteobadajoz\/wp-json\/wp\/v2\/posts"}],"about":[{"href":"https:\/\/blogs.hoy.es\/meteobadajoz\/wp-json\/wp\/v2\/types\/post"}],"author":[{"embeddable":true,"href":"https:\/\/blogs.hoy.es\/meteobadajoz\/wp-json\/wp\/v2\/users\/3"}],"replies":[{"embeddable":true,"href":"https:\/\/blogs.hoy.es\/meteobadajoz\/wp-json\/wp\/v2\/comments?post=6"}],"version-history":[{"count":0,"href":"https:\/\/blogs.hoy.es\/meteobadajoz\/wp-json\/wp\/v2\/posts\/6\/revisions"}],"wp:attachment":[{"href":"https:\/\/blogs.hoy.es\/meteobadajoz\/wp-json\/wp\/v2\/media?parent=6"}],"wp:term":[{"taxonomy":"category","embeddable":true,"href":"https:\/\/blogs.hoy.es\/meteobadajoz\/wp-json\/wp\/v2\/categories?post=6"},{"taxonomy":"post_tag","embeddable":true,"href":"https:\/\/blogs.hoy.es\/meteobadajoz\/wp-json\/wp\/v2\/tags?post=6"}],"curies":[{"name":"wp","href":"https:\/\/api.w.org\/{rel}","templated":true}]}}