{"id":600,"date":"2014-04-17T07:00:22","date_gmt":"2014-04-17T05:00:22","guid":{"rendered":"http:\/\/blogs.hoy.es\/meteobadajoz\/?p=600"},"modified":"2014-04-17T07:00:22","modified_gmt":"2014-04-17T05:00:22","slug":"prediccion-especial-jueves-santo","status":"publish","type":"post","link":"https:\/\/blogs.hoy.es\/meteobadajoz\/2014\/04\/17\/prediccion-especial-jueves-santo\/","title":{"rendered":"PREDICCI\u00d3N ESPECIAL: Jueves Santo"},"content":{"rendered":"<h2 align=\"LEFT\"><strong><span style=\"color: #000000;\"><span style=\"font-size: large;\"><span style=\"font-family: 'Segoe UI';\">\u00bb<\/span><\/span><span style=\"color: #000000;\"><span style=\"font-size: large;\"><span style=\"font-family: 'Segoe UI', sans-serif;\"> Jueves Santo de cielos poco nubosos y temperaturas en ascenso; pasaremos de los 25-27\u00baC en muchas zonas de Extremadura, y nos acercaremos a los 30\u00baC en las Vegas del Guadiana.<\/span><\/span><\/span><\/span><\/strong><\/h2>\n<p style=\"text-align: center;\" align=\"CENTER\"><strong><span style=\"color: #000000;\"><span style=\"font-family: Arial, Helvetica, sans-serif;\"><span><img loading=\"lazy\" class=\"aligncenter\" src=\"\/\/nsae01.casimages.net\/img\/2014\/04\/17\/14041702355756262.png\" alt=\"\" width=\"630\" height=\"325\" \/>Predicci\u00f3n meteorol\u00f3gica para este Jueves Santo en Extremadura (mapa NO oficial) &#8211; <\/span><\/span><\/span><\/strong><strong><span style=\"color: #000000;\"><span style=\"font-family: Arial, Helvetica, sans-serif;\"><span>\u00a9 <\/span><\/span><\/span><\/strong><strong><span style=\"color: #000000;\"><span style=\"font-family: Arial, Helvetica, sans-serif;\"><span>MeteoBadajoz<\/span><\/span><\/span><\/strong><\/p>\n<p align=\"LEFT\"><span style=\"color: #000000;\"><span style=\"font-family: Arial, Helvetica, sans-serif;\"><span><strong>Jueves 17 de Abril 2014. <\/strong><\/span><\/span><\/span><span style=\"color: #000000;\"><span style=\"font-family: Arial, Helvetica, sans-serif;\"><span>Jornada del jueves pr\u00e1cticamente calcada a la de los \u00faltimos d\u00edas, con cielos por lo general bastante despejados, aunque con <strong>m\u00e1s nubes de evoluci\u00f3n<\/strong>, y algunos chubascos en zonas de sierra. En el resto mucho Sol, y <strong>temperaturas calurosas<\/strong>.<!--more--><\/span><\/span><\/span><\/p>\n<p align=\"LEFT\"><span style=\"color: #000000;\"><span style=\"font-family: Arial, Helvetica, sans-serif;\"><span>-La ma\u00f1ana del jueves estar\u00e1 <strong>marcada por los cielos despejados<\/strong> en la mayor parte de la regi\u00f3n, aunque a medida que avance la ma\u00f1ana podr\u00edamos ver crecer las primeras <strong>nubes de evoluci\u00f3n<\/strong> hacia zonas de sierra del norte, este y sur de la regi\u00f3n, que de momento no dejar\u00edan precipitaciones.<\/span><\/span><\/span><\/p>\n<p align=\"LEFT\"><span style=\"color: #000000;\"><span style=\"font-family: Arial, Helvetica, sans-serif;\"><span>Las temperaturas m\u00ednimas <strong>suben ligeramente<\/strong> en Extremadura, por lo que amaneceremos con temperaturas algo m\u00e1s suaves.<\/span><\/span><\/span><\/p>\n<p align=\"LEFT\"><span style=\"color: #000000;\"><span style=\"font-family: Arial, Helvetica, sans-serif;\"><span>-Durante la tarde continuar\u00edamos hablando de una situaci\u00f3n bastante estable, aunque con la novedad de que podr\u00edamos ver <strong>m\u00e1s nubes de evoluci\u00f3n<\/strong> hacia las comarcas del interior de la provincia de Badajoz, donde incluso <strong>no se descartar\u00eda alg\u00fan chubasco<\/strong>, que en cualquier caso ser\u00eda muy local y aislado. Veremos chubascos tambi\u00e9n, y alguna tormenta, hacia el entorno de Gredos (provincia de \u00c1vila sobre todo) y de forma puntual alg\u00fan chubasco tambi\u00e9n en Las Villuercas, pero <strong>no afectar\u00edan m\u00e1s all\u00e1 de las zonas de sierra<\/strong>.<\/span><\/span><\/span><\/p>\n<p style=\"text-align: center;\" align=\"CENTER\"><strong><span style=\"color: #000000;\"><span style=\"font-family: Arial, Helvetica, sans-serif;\"><span><img loading=\"lazy\" class=\"aligncenter\" src=\"\/\/nsae01.casimages.net\/img\/2014\/04\/17\/140417024411543143.png\" alt=\"\" width=\"630\" height=\"344\" \/>Temperaturas m\u00e1ximas previstas para este Jueves Santo en el suroeste peninsular \u2013 Modelo GFS<\/span><\/span><\/span><\/strong><\/p>\n<p align=\"LEFT\"><span style=\"color: #000000;\"><span style=\"font-family: Arial, Helvetica, sans-serif;\"><span>En cuanto a las temperaturas m\u00e1ximas, en Extremadura <strong>veremos c\u00f3mo suben algo m\u00e1s los valores m\u00e1ximos<\/strong> respecto a estos \u00faltimos d\u00edas (de +1 a +2\u00baC), por lo que seguiremos hablando de una tarde agradable, incluso calurosa, ya que las m\u00e1ximas <strong>podr\u00e1n alcanzar los 30\u00baC en toda la Vega del Guadiana<\/strong>, tal y como muestra el mapa superior.<\/span><\/span><\/span><\/p>\n<p align=\"LEFT\"><span style=\"color: #000000;\"><span style=\"font-family: Arial, Helvetica, sans-serif;\"><span>Y para la madrugada del jueves al viernes, situaci\u00f3n nuevamente marcada por la estabilidad, con cielos despejados y temperaturas que oscilar\u00e1n entre los 11-13\u00baC; as\u00ed que <strong>ambiente fresquito de madrugada<\/strong>. Recomendable coger algo de abrigo.<\/span><\/span><\/span><\/p>\n<p align=\"LEFT\"><span style=\"color: #000000;\"><span style=\"font-family: Arial, Helvetica, sans-serif;\">Y todo <strong>a la espera de un importante cambio de tiempo de cara al fin de semana<\/strong>, protagonizado por el acercamiento de una borrasca, que dejar\u00e1 precipitaciones\u00a0abundantes y generalizadas el domingo por todo el suroeste peninsular,\u00a0aunque\u00a0ya este viernes veremos cada vez m\u00e1s chubascos\u00a0fruto\u00a0del calor, y por el acercamiento de esa borrasca prevista para el fin de semana.<\/span><\/span><\/p>\n<p align=\"LEFT\"><span style=\"font-family: Arial, Helvetica, sans-serif; color: #000000;\">Seguiremos <strong>actualizando toda esta informaci\u00f3n<\/strong> como cada d\u00eda en esta Semana Santa 2014.<\/span><\/p>\n<p align=\"LEFT\"><span style=\"color: #ffffff;\"><span style=\"font-family: Arial, Helvetica, sans-serif;\"><span>.<\/span><\/span><\/span><\/p>\n<p align=\"CENTER\"><span style=\"color: #808080;\"><span style=\"font-family: Arial, Helvetica, sans-serif;\">Por Javier Pi\u00f1ero Fuentes &#8211; \u00a9 MeteoBadajoz 2014<\/span><\/span><\/p>\n<p align=\"CENTER\"><span style=\"color: #808080;\"><span style=\"font-family: arial, sans-serif;\">meteobadajoz@gmail.com<\/span><\/span><\/p>\n<p align=\"LEFT\"><strong><span style=\"color: #ffffff;\"><span style=\"font-family: Arial, Helvetica, sans-serif;\"><span>.<\/span><\/span><\/span><\/strong><\/p>\n<p align=\"CENTER\"><strong><span style=\"color: #000000;\"><span style=\"font-family: Arial, Helvetica, sans-serif;\"><span>Puedes seguir cada situaci\u00f3n a trav\u00e9s de la cuenta de Twitter <\/span><\/span><\/span><\/strong><strong><a href=\"https:\/\/twitter.com\/MeteoBadajoz\" target=\"_blank\" rel=\"external nofollow\"><span style=\"color: #ff0000;\"><span style=\"font-family: Arial, Helvetica, sans-serif;\"><span>@MeteoBadajoz<\/span><\/span><\/span><\/a><\/strong><strong><span style=\"color: #000000;\"><span style=\"font-family: Arial, Helvetica, sans-serif;\"><span>, o Facebook <\/span><\/span><\/span><\/strong><strong><a href=\"https:\/\/www.facebook.com\/pages\/MeteoBadajoz\/236436716399890\" target=\"_blank\" rel=\"external nofollow\"><span style=\"color: #ff0000;\"><span style=\"font-family: Arial, Helvetica, sans-serif;\"><span>MeteoBadajoz<\/span><\/span><\/span><\/a><\/strong><strong><span style=\"color: #000000;\"><span style=\"font-family: Arial, Helvetica, sans-serif;\"><span>, donde estar\u00e1s informado en todo momento de c\u00f3mo evolucionan los d\u00edas, as\u00ed como de noticias de inter\u00e9s meteorol\u00f3gico.<\/span><\/span><\/span><\/strong><\/p>\n<p align=\"CENTER\"><strong><span style=\"color: #000000;\"><span style=\"font-family: Arial, Helvetica, sans-serif;\"><span><span style=\"text-decoration: underline;\"><strong>Si el art\u00edculo te ha parecido interesante, puedes ayudar a divulgarlo a trav\u00e9s de las redes sociales, con ayuda de los botones para compartir.<\/strong><\/span><\/span><\/span><\/span><\/strong><\/p>\n<p align=\"CENTER\"><strong><span style=\"color: #000000;\"><span style=\"font-family: Arial, Helvetica, sans-serif;\"><span>\u00a1\u00a1Gracias y un saludo a los lectores del blog!!<\/span><\/span><\/span><\/strong><\/p>\n<!-- AddThis Advanced Settings generic via filter on the_content --><!-- AddThis Share Buttons generic via filter on the_content -->","protected":false},"excerpt":{"rendered":"<p>\u00bb Jueves Santo de cielos poco nubosos y temperaturas en ascenso; pasaremos de los 25-27\u00baC en muchas zonas de Extremadura, y nos acercaremos a los 30\u00baC en las Vegas del Guadiana. Predicci\u00f3n meteorol\u00f3gica para este Jueves Santo en Extremadura (mapa NO oficial) &#8211; \u00a9 MeteoBadajoz Jueves 17 de Abril 2014. Jornada del jueves pr\u00e1cticamente calcada [&hellip;]<!-- AddThis Advanced Settings generic via filter on get_the_excerpt --><!-- AddThis Share Buttons generic via filter on get_the_excerpt --><\/p>\n","protected":false},"author":75,"featured_media":0,"comment_status":"open","ping_status":"closed","sticky":false,"template":"","format":"standard","meta":[],"categories":[5],"tags":[7,26,44,62,124,128,132],"_links":{"self":[{"href":"https:\/\/blogs.hoy.es\/meteobadajoz\/wp-json\/wp\/v2\/posts\/600"}],"collection":[{"href":"https:\/\/blogs.hoy.es\/meteobadajoz\/wp-json\/wp\/v2\/posts"}],"about":[{"href":"https:\/\/blogs.hoy.es\/meteobadajoz\/wp-json\/wp\/v2\/types\/post"}],"author":[{"embeddable":true,"href":"https:\/\/blogs.hoy.es\/meteobadajoz\/wp-json\/wp\/v2\/users\/75"}],"replies":[{"embeddable":true,"href":"https:\/\/blogs.hoy.es\/meteobadajoz\/wp-json\/wp\/v2\/comments?post=600"}],"version-history":[{"count":0,"href":"https:\/\/blogs.hoy.es\/meteobadajoz\/wp-json\/wp\/v2\/posts\/600\/revisions"}],"wp:attachment":[{"href":"https:\/\/blogs.hoy.es\/meteobadajoz\/wp-json\/wp\/v2\/media?parent=600"}],"wp:term":[{"taxonomy":"category","embeddable":true,"href":"https:\/\/blogs.hoy.es\/meteobadajoz\/wp-json\/wp\/v2\/categories?post=600"},{"taxonomy":"post_tag","embeddable":true,"href":"https:\/\/blogs.hoy.es\/meteobadajoz\/wp-json\/wp\/v2\/tags?post=600"}],"curies":[{"name":"wp","href":"https:\/\/api.w.org\/{rel}","templated":true}]}}