{"id":601,"date":"2014-04-18T07:01:58","date_gmt":"2014-04-18T05:01:58","guid":{"rendered":"http:\/\/blogs.hoy.es\/meteobadajoz\/?p=601"},"modified":"2014-04-18T07:01:58","modified_gmt":"2014-04-18T05:01:58","slug":"prediccion-especial-viernes-santo","status":"publish","type":"post","link":"https:\/\/blogs.hoy.es\/meteobadajoz\/2014\/04\/18\/prediccion-especial-viernes-santo\/","title":{"rendered":"PREDICCI\u00d3N ESPECIAL: Viernes Santo"},"content":{"rendered":"<h2 align=\"LEFT\"><strong><span style=\"color: #000000;\"><span style=\"font-family: 'Segoe UI';\">\u00bb<\/span><\/span><span style=\"color: #000000;\"><span style=\"font-size: large;\"><span style=\"font-family: 'Segoe UI', sans-serif;\"> Temperaturas algo m\u00e1s bajas y m\u00e1s nubosidad de evoluci\u00f3n por la tarde, incluso con riesgo de algunos chubascos localmente moderados.<\/span><\/span><\/span><\/strong><\/h2>\n<p style=\"text-align: center;\" align=\"CENTER\"><strong><span style=\"color: #000000;\"><span style=\"font-family: Arial, Helvetica, sans-serif;\"><span><img loading=\"lazy\" class=\"aligncenter\" src=\"\/\/nsae01.casimages.net\/img\/2014\/04\/18\/1404180250561675.png\" alt=\"\" width=\"630\" height=\"325\" \/>Predicci\u00f3n meteorol\u00f3gica para este Viernes Santo en Extremadura (mapa NO oficial) &#8211; <\/span><\/span><\/span><\/strong><strong><span style=\"color: #000000;\"><span style=\"font-family: Arial, Helvetica, sans-serif;\"><span>\u00a9 <\/span><\/span><\/span><\/strong><strong><span style=\"color: #000000;\"><span style=\"font-family: Arial, Helvetica, sans-serif;\"><span>MeteoBadajoz<\/span><\/span><\/span><\/strong><\/p>\n<p align=\"LEFT\"><span style=\"color: #000000;\"><span style=\"font-family: Arial, Helvetica, sans-serif;\"><span><strong>Viernes 18 de Abril 2014. <\/strong><\/span><\/span><\/span><span style=\"color: #000000;\"><span style=\"font-family: Arial, Helvetica, sans-serif;\"><span>Durante este viernes continuaremos bajo los afectos de las altas presiones, aunque con novedades en el estado del cielo a partir del mediod\u00eda, con m\u00e1s nubes y la formaci\u00f3n de <strong>algunos chubascos y\/o tormentas<\/strong>, principalmente en zonas de sierra, aunque no se descartan tampoco en el resto de la regi\u00f3n.<!--more--><\/span><\/span><\/span><\/p>\n<p align=\"LEFT\"><span style=\"color: #000000;\"><span style=\"font-family: Arial, Helvetica, sans-serif;\"><span>-Y es que tras una ma\u00f1ana de cielos poco nubosos, algunos bancos de nieblas en las Vegas del Guadiana, y una madrugada-primeras horas del d\u00eda <strong>algo m\u00e1s c\u00e1lida<\/strong> que en jornadas anteriores, a partir de las horas centrales del d\u00eda tendremos un <strong>importante aumento de la nubosidad<\/strong> en las principales zonas de sierra de toda la regi\u00f3n, con nubes de evoluci\u00f3n que de cara a la tarde acabar\u00e1n produciendo algunos <strong>chubascos-tormentas<\/strong>\u00a0sobre todo hacia el interior-oeste y norte de Extremadura.<\/span><\/span><\/span><\/p>\n<p align=\"LEFT\"><span style=\"color: #000000;\"><span style=\"font-family: Arial, Helvetica, sans-serif;\"><span>En el resto de la regi\u00f3n, si bien el riesgo de chubascos es menos probable, <strong>tampoco habr\u00eda que descartarlos<\/strong> por completo. Cabe destacar tambi\u00e9n que podr\u00edan aparecer algunos chubascos hacia el interior de Portugal, y que \u00e9stos podr\u00edan tambi\u00e9n afectar a las comarcas m\u00e1s occidentales de la regi\u00f3n.<\/span><\/span><\/span><\/p>\n<p align=\"LEFT\"><span style=\"color: #000000;\"><span style=\"font-family: Arial, Helvetica, sans-serif;\"><span>Chubascos <strong>d\u00e9biles o localmente moderados<\/strong> y acompa\u00f1ados de algunas tormentas, que de cara a la noche deber\u00edan remitir. En cuanto a las temperaturas m\u00e1ximas, <strong>ligero descenso<\/strong> despu\u00e9s de un Jueves Santo marcado por temperaturas calurosas, en el que incluso <strong>rozamos la marca de los 32\u00baC<\/strong> en la estaci\u00f3n de AEMET en Badajoz capital.<\/span><\/span><\/span><\/p>\n<p align=\"LEFT\"><span style=\"color: #000000;\"><span style=\"font-family: Arial, Helvetica, sans-serif;\"><span>Temperaturas algo m\u00e1s bajas, pero <strong>igualmente calurosas<\/strong>! Calor que servir\u00e1 como alimento, junto con la humedad, para la formaci\u00f3n de esos chubascos que aparecer\u00edan por la tarde. As\u00ed que tocar\u00e1 estar atentos de qu\u00e9 zonas son las que finalmente se ven afectadas por esos chubascos.<\/span><\/span><\/span><\/p>\n<p align=\"LEFT\"><span style=\"color: #ffffff;\"><span style=\"font-family: Arial, Helvetica, sans-serif;\"><span>.<\/span><\/span><\/span><\/p>\n<p align=\"CENTER\"><span style=\"color: #808080;\"><span style=\"font-family: Arial, Helvetica, sans-serif;\">Por Javier Pi\u00f1ero Fuentes &#8211; \u00a9 MeteoBadajoz 2014<\/span><\/span><\/p>\n<p align=\"CENTER\"><span style=\"color: #808080;\"><span style=\"font-family: arial, sans-serif;\">meteobadajoz@gmail.com<\/span><\/span><\/p>\n<p align=\"LEFT\"><strong><span style=\"color: #ffffff;\"><span style=\"font-family: Arial, Helvetica, sans-serif;\"><span>.<\/span><\/span><\/span><\/strong><\/p>\n<p align=\"CENTER\"><strong><span style=\"color: #000000;\"><span style=\"font-family: Arial, Helvetica, sans-serif;\"><span>Puedes seguir cada situaci\u00f3n a trav\u00e9s de la cuenta de Twitter <\/span><\/span><\/span><\/strong><strong><a href=\"https:\/\/twitter.com\/MeteoBadajoz\" target=\"_blank\" rel=\"external nofollow\"><span style=\"color: #ff0000;\"><span style=\"font-family: Arial, Helvetica, sans-serif;\"><span>@MeteoBadajoz<\/span><\/span><\/span><\/a><\/strong><strong><span style=\"color: #000000;\"><span style=\"font-family: Arial, Helvetica, sans-serif;\"><span>, o Facebook <\/span><\/span><\/span><\/strong><strong><a href=\"https:\/\/www.facebook.com\/pages\/MeteoBadajoz\/236436716399890\" target=\"_blank\" rel=\"external nofollow\"><span style=\"color: #ff0000;\"><span style=\"font-family: Arial, Helvetica, sans-serif;\"><span>MeteoBadajoz<\/span><\/span><\/span><\/a><\/strong><strong><span style=\"color: #000000;\"><span style=\"font-family: Arial, Helvetica, sans-serif;\"><span>, donde estar\u00e1s informado en todo momento de c\u00f3mo evolucionan los d\u00edas, as\u00ed como de noticias de inter\u00e9s meteorol\u00f3gico.<\/span><\/span><\/span><\/strong><\/p>\n<p align=\"CENTER\"><strong><span style=\"color: #000000;\"><span style=\"font-family: Arial, Helvetica, sans-serif;\"><span><span style=\"text-decoration: underline;\"><strong>Si el art\u00edculo te ha parecido interesante, puedes ayudar a divulgarlo a trav\u00e9s de las redes sociales, con ayuda de los botones para compartir.<\/strong><\/span><\/span><\/span><\/span><\/strong><\/p>\n<p align=\"CENTER\"><strong><span style=\"color: #000000;\"><span style=\"font-family: Arial, Helvetica, sans-serif;\"><span>\u00a1\u00a1Gracias y un saludo a los lectores del blog!!<\/span><\/span><\/span><\/strong><\/p>\n<!-- AddThis Advanced Settings generic via filter on the_content --><!-- AddThis Share Buttons generic via filter on the_content -->","protected":false},"excerpt":{"rendered":"<p>\u00bb Temperaturas algo m\u00e1s bajas y m\u00e1s nubosidad de evoluci\u00f3n por la tarde, incluso con riesgo de algunos chubascos localmente moderados. Predicci\u00f3n meteorol\u00f3gica para este Viernes Santo en Extremadura (mapa NO oficial) &#8211; \u00a9 MeteoBadajoz Viernes 18 de Abril 2014. Durante este viernes continuaremos bajo los afectos de las altas presiones, aunque con novedades en [&hellip;]<!-- AddThis Advanced Settings generic via filter on get_the_excerpt --><!-- AddThis Share Buttons generic via filter on get_the_excerpt --><\/p>\n","protected":false},"author":75,"featured_media":0,"comment_status":"open","ping_status":"closed","sticky":false,"template":"","format":"standard","meta":[],"categories":[5],"tags":[7,9,44,83,124,128,132,147],"_links":{"self":[{"href":"https:\/\/blogs.hoy.es\/meteobadajoz\/wp-json\/wp\/v2\/posts\/601"}],"collection":[{"href":"https:\/\/blogs.hoy.es\/meteobadajoz\/wp-json\/wp\/v2\/posts"}],"about":[{"href":"https:\/\/blogs.hoy.es\/meteobadajoz\/wp-json\/wp\/v2\/types\/post"}],"author":[{"embeddable":true,"href":"https:\/\/blogs.hoy.es\/meteobadajoz\/wp-json\/wp\/v2\/users\/75"}],"replies":[{"embeddable":true,"href":"https:\/\/blogs.hoy.es\/meteobadajoz\/wp-json\/wp\/v2\/comments?post=601"}],"version-history":[{"count":0,"href":"https:\/\/blogs.hoy.es\/meteobadajoz\/wp-json\/wp\/v2\/posts\/601\/revisions"}],"wp:attachment":[{"href":"https:\/\/blogs.hoy.es\/meteobadajoz\/wp-json\/wp\/v2\/media?parent=601"}],"wp:term":[{"taxonomy":"category","embeddable":true,"href":"https:\/\/blogs.hoy.es\/meteobadajoz\/wp-json\/wp\/v2\/categories?post=601"},{"taxonomy":"post_tag","embeddable":true,"href":"https:\/\/blogs.hoy.es\/meteobadajoz\/wp-json\/wp\/v2\/tags?post=601"}],"curies":[{"name":"wp","href":"https:\/\/api.w.org\/{rel}","templated":true}]}}