{"id":603,"date":"2014-04-19T07:12:52","date_gmt":"2014-04-19T05:12:52","guid":{"rendered":"http:\/\/blogs.hoy.es\/meteobadajoz\/?p=603"},"modified":"2014-04-19T07:12:52","modified_gmt":"2014-04-19T05:12:52","slug":"fin-de-semana-inestable-y-bastante-mas-fresco","status":"publish","type":"post","link":"https:\/\/blogs.hoy.es\/meteobadajoz\/2014\/04\/19\/fin-de-semana-inestable-y-bastante-mas-fresco\/","title":{"rendered":"Fin de semana inestable y bastante m\u00e1s fresco"},"content":{"rendered":"<h2 align=\"LEFT\"><strong><span style=\"color: #000000;\"><span style=\"font-family: 'Segoe UI';\">\u00bb<\/span><\/span><span style=\"color: #000000;\"><span style=\"font-size: large;\"><span style=\"font-family: 'Segoe UI', sans-serif;\"> Progresivo empeoramiento del tiempo en las pr\u00f3ximas horas, con cielos muy nubosos en toda la regi\u00f3n, lluvias casi generalizadas, y un descenso notable de las temperaturas.<\/span><\/span><\/span><\/strong><\/h2>\n<p style=\"text-align: center;\" align=\"CENTER\"><strong><span style=\"color: #000000;\"><span style=\"font-family: Arial, Helvetica, sans-serif;\"><span><img loading=\"lazy\" class=\"aligncenter\" src=\"\/\/nsae01.casimages.net\/img\/2014\/04\/19\/140419020004820349.png\" alt=\"\" width=\"630\" height=\"325\" \/>Predicci\u00f3n meteorol\u00f3gica para este s\u00e1bado y domingo en Extremadura (mapa NO oficial) &#8211; <\/span><\/span><\/span><\/strong><strong><span style=\"color: #000000;\"><span style=\"font-family: Arial, Helvetica, sans-serif;\"><span>\u00a9 <\/span><\/span><\/span><\/strong><strong><span style=\"color: #000000;\"><span style=\"font-family: Arial, Helvetica, sans-serif;\"><span>MeteoBadajoz<\/span><\/span><\/span><\/strong><\/p>\n<p align=\"LEFT\"><span style=\"color: #000000;\"><span style=\"font-family: Arial, Helvetica, sans-serif;\"><span><strong>S\u00e1bado 19 de Abril 2014. <\/strong><\/span><\/span><\/span><span style=\"color: #000000;\"><span style=\"font-family: Arial, Helvetica, sans-serif;\"><span>Como ya se llevaba anunciando desde hace varios d\u00edas, el fin de semana promete dejarnos un <strong>importante cambio de tiempo con respecto a estos \u00faltimos d\u00edas<\/strong>, no s\u00f3lo en el estado del cielo, sino que tambi\u00e9n en cuanto a las temperaturas.<!--more--><\/span><\/span><\/span><\/p>\n<p align=\"LEFT\"><span style=\"color: #000000;\"><span style=\"font-family: Arial, Helvetica, sans-serif;\"><span>Y es que llegan cambios desde el Atl\u00e1ntico (una vez m\u00e1s), por el acercamiento de una borrasca que llevaba d\u00edas basculando muy cerca del archipi\u00e9lago de las Azores, y que finalmente <strong>acabar\u00e1 entrando por el suroeste peninsular<\/strong>. No es una borrasca demasiado profunda, pero lo suficientemente bien organizada como para dejarnos cielos nubosos y <strong>precipitaciones d\u00e9biles o moderadas en muchas zonas de la pen\u00ednsula<\/strong>, empezando por las regiones del suroeste.<\/span><\/span><\/span><\/p>\n<p align=\"LEFT\"><span style=\"color: #000000;\"><span style=\"font-family: Arial, Helvetica, sans-serif;\"><span>-Este s\u00e1bado de momento no veremos a\u00fan precipitaciones generalizadas, pero s\u00ed cada vez m\u00e1s nubosidad de diversos tipos, que anuncian el acercamiento de esa borrasca. De nuevo en zonas de sierra veremos aparecer <strong>algunos chubascos y\/o tormentas<\/strong>, sobre todo hacia las comarcas del este y norte de la regi\u00f3n. En el resto algunas nubes de tipo medio y alto, pero sin mayores consecuencias.<\/span><\/span><\/span><\/p>\n<p align=\"LEFT\"><span style=\"color: #000000;\"><span style=\"font-family: Arial, Helvetica, sans-serif;\"><span>Las temperaturas este s\u00e1bado <strong>bajan ya de forma acusada<\/strong> en algunas zonas de la regi\u00f3n, pero a\u00fan as\u00ed seguiremos hablando de m\u00e1ximas que rondar\u00e1n los 20-22\u00baC.<\/span><\/span><\/span><\/p>\n<p style=\"text-align: center;\" align=\"CENTER\"><strong><span style=\"color: #000000;\"><span style=\"font-family: Arial, Helvetica, sans-serif;\"><span><img loading=\"lazy\" class=\"aligncenter\" src=\"\/\/nsae01.casimages.net\/img\/2014\/04\/19\/140419020652566044.png\" alt=\"\" width=\"630\" height=\"400\" \/>Precipitaciones previstas para el domingo 20 de abril a las 18h \u2013 Modelo ECMWF<\/span><\/span><\/span><\/strong><\/p>\n<p align=\"LEFT\"><span style=\"color: #000000;\"><span style=\"font-family: Arial, Helvetica, sans-serif;\"><span>-Ser\u00e1 sobre todo de cara al domingo, y desde primeras horas de la ma\u00f1ana, cuando empezaremos a registrar las primeras lluvias por el suroeste de Extremadura. Lluvias que a lo largo de la jornada <strong>se ir\u00e1n extendiendo a pr\u00e1cticamente cualquier punto<\/strong> de la regi\u00f3n, siendo m\u00e1s generosas, localmente intensas y acompa\u00f1adas de tormentas cuanto m\u00e1s al sur. En el resto ambiente nuboso y precipitaciones d\u00e9biles o moderadas en alg\u00fan momento del d\u00eda.<\/span><\/span><\/span><\/p>\n<p align=\"LEFT\"><span style=\"color: #000000;\"><span style=\"font-family: Arial, Helvetica, sans-serif;\"><span>Las precipitaciones parece que tambi\u00e9n se mantendr\u00edan durante la jornada del lunes, aunque <strong>de forma mucho m\u00e1s dispersa<\/strong>, y con cielos menos nubosos.<\/span><\/span><\/span><\/p>\n<p align=\"LEFT\"><span style=\"color: #000000;\"><span style=\"font-family: Arial, Helvetica, sans-serif;\"><span>Durante el domingo registraremos un nuevo descenso en los valores m\u00e1ximos, qued\u00e1ndonos ya <strong>por debajo de los 20\u00baC en pr\u00e1cticamente toda la regi\u00f3n<\/strong>. Domingo de ambiente nuboso y <strong>bastante m\u00e1s fresco<\/strong> que en jornadas anteriores.<\/span><\/span><\/span><\/p>\n<p style=\"text-align: center;\" align=\"CENTER\"><strong><span style=\"color: #000000;\"><span style=\"font-family: Arial, Helvetica, sans-serif;\"><span><img loading=\"lazy\" class=\"aligncenter\" src=\"\/\/nsae01.casimages.net\/img\/2014\/04\/19\/140419020111750413.png\" alt=\"\" width=\"630\" height=\"380\" \/>Variaci\u00f3n de las temperaturas m\u00e1ximas para este s\u00e1bado y domingo en la Pen\u00ednsula Ib\u00e9rica &#8211; AEMET<\/span><\/span><\/span><\/strong><\/p>\n<p align=\"LEFT\"><span style=\"color: #000000;\"><span style=\"font-family: Arial, Helvetica, sans-serif;\"><span>Olv\u00eddense de las temperaturas calurosas de los \u00faltimos d\u00edas, porque bajan, y mucho! <strong>No es que vaya a volver el fr\u00edo<\/strong>, o al menos no como si se tratara de una situaci\u00f3n de invierno, pero es que estaban tan altas estos d\u00edas (25-30\u00baC), que el descenso de este fin de semana <strong>normalizar\u00e1 las temperaturas<\/strong> a valores m\u00e1s propios de la \u00e9poca del a\u00f1o en la que nos encontramos.<\/span><\/span><\/span><\/p>\n<p align=\"LEFT\"><span style=\"color: #000000;\"><span style=\"font-family: Arial, Helvetica, sans-serif;\"><span>En Badajoz ya hemos tenido este viernes hasta \u00a1<strong>10\u00baC menos que el jueves<\/strong>!; tras los 32\u00baC del jueves, el viernes nos dej\u00f3 un registro de 22\u00baC de m\u00e1xima como consecuencia de las nubes bajas, que por cierto aguantaron m\u00e1s de lo esperado, y eso \u201carrastr\u00f3\u201d a las m\u00e1ximas hacia valores notablemente m\u00e1s bajos que el d\u00eda anterior.<\/span><\/span><\/span><\/p>\n<p align=\"LEFT\"><span style=\"color: #000000;\"><span style=\"font-family: Arial, Helvetica, sans-serif;\"><span>De hecho, fue curioso ver c\u00f3mo las temperaturas <strong>se disparaban<\/strong> all\u00ed donde los cielos estaban despejados, mientras que ese manto de nubes bajas nos dejaba <strong>temperaturas algo m\u00e1s frescas<\/strong>, y m\u00e1ximas a las que les costaba subir. Tweet del viernes:<\/span><\/span><\/span><\/p>\n<blockquote class=\"twitter-tweet\" lang=\"es\"><p>Mucho est\u00e1n aguantando las nubes bajas por el oeste de <a href=\"https:\/\/twitter.com\/search?q=%23Extremadura&#038;src=hash\" rel=\"external nofollow\">#Extremadura<\/a>, y eso ya se nota en las temperaturas! Mirad: <a href=\"http:\/\/t.co\/vwv1w1N4pH\" rel=\"external nofollow\">pic.twitter.com\/vwv1w1N4pH<\/a><\/p>\n<p>\u2014 MeteoBadajoz (@MeteoBadajoz) <a href=\"https:\/\/twitter.com\/MeteoBadajoz\/statuses\/457112402874482688\" rel=\"external nofollow\">abril 18, 2014<\/a><\/p><\/blockquote>\n<p>&nbsp;<\/p>\n<p><span style=\"font-family: Arial, Helvetica, sans-serif; color: #000000;\">-Para comprobar de qu\u00e9 manera bajan las temperaturas, partiremos de las m\u00e1ximas registradas el pasado jueves en Badajoz (32\u00baC), y miraremos de cara a los pr\u00f3ximos d\u00edas. El panorama que nos espera es de <strong>cada vez m\u00e1s inestabilidad<\/strong> (sobre todo durante el fin de semana), y <strong>ambiente m\u00e1s fresco<\/strong>. El siguiente gr\u00e1fico puede servir casi para cualquier punto de la regi\u00f3n, porque en esencia refleja muy bien la tendencia de los pr\u00f3ximos d\u00edas:<\/span><\/p>\n<p style=\"text-align: center;\" align=\"CENTER\"><strong><span style=\"color: #000000;\"><span style=\"font-family: Arial, Helvetica, sans-serif;\"><span><img loading=\"lazy\" class=\"aligncenter\" src=\"\/\/nsae01.casimages.net\/img\/2014\/04\/19\/140419020302237436.png\" alt=\"\" width=\"630\" height=\"400\" \/>Avance para los pr\u00f3ximos d\u00edas en Badajoz capital (temperaturas y estado del cielo)<\/span><\/span><\/span><\/strong><strong><span style=\"color: #000000;\"><span style=\"font-family: Arial, Helvetica, sans-serif;\"><span> &#8211; <\/span><\/span><\/span><\/strong><strong><span style=\"color: #000000;\"><span style=\"font-family: Arial, Helvetica, sans-serif;\"><span>\u00a9 <\/span><\/span><\/span><\/strong><strong><\/strong><strong><span style=\"color: #000000;\"><span style=\"font-family: Arial, Helvetica, sans-serif;\"><span>MeteoBadajoz<\/span><\/span><\/span><\/strong><\/p>\n<p align=\"LEFT\"><span style=\"color: #000000;\"><span style=\"font-family: Arial, Helvetica, sans-serif;\"><span>Los modelos <strong>no tienen muy claro<\/strong> qu\u00e9 es lo que suceder\u00e1 a lo largo de la pr\u00f3xima semana, ya que algunos \u201capuestan\u201d por una semana marcada por la progresiva estabilizaci\u00f3n de la situaci\u00f3n tras la borrasca de este fin de semana, en cambio, otros muestran un nuevo cambio de patr\u00f3n atmosf\u00e9rico hacia el Atl\u00e1ntico Norte, en forma de un bloqueo anticicl\u00f3nico, que <strong>desviar\u00eda las borrascas hacia latitudes m\u00e1s bajas<\/strong>, y afectar\u00edan de forma directa a la Pen\u00ednsula Ib\u00e9rica; as\u00ed que tenemos dos posibles escenarios a fecha de hoy. Veremos qu\u00e9 acaba pasando.<\/span><\/span><\/span><\/p>\n<p align=\"LEFT\"><span style=\"color: #ffffff;\"><span style=\"font-family: Arial, Helvetica, sans-serif;\"><span>.<\/span><\/span><\/span><\/p>\n<p align=\"CENTER\"><span style=\"color: #808080;\"><span style=\"font-family: Arial, Helvetica, sans-serif;\">Por Javier Pi\u00f1ero Fuentes &#8211; \u00a9 MeteoBadajoz 2014<\/span><\/span><\/p>\n<p align=\"CENTER\"><span style=\"color: #808080;\"><span style=\"font-family: arial, sans-serif;\">meteobadajoz@gmail.com<\/span><\/span><\/p>\n<p align=\"LEFT\"><strong><span style=\"color: #ffffff;\"><span style=\"font-family: Arial, Helvetica, sans-serif;\"><span>.<\/span><\/span><\/span><\/strong><\/p>\n<p align=\"CENTER\"><strong><span style=\"color: #000000;\"><span style=\"font-family: Arial, Helvetica, sans-serif;\"><span>Puedes seguir cada situaci\u00f3n a trav\u00e9s de la cuenta de Twitter <\/span><\/span><\/span><\/strong><strong><a href=\"https:\/\/twitter.com\/MeteoBadajoz\" target=\"_blank\" rel=\"external nofollow\"><span style=\"color: #ff0000;\"><span style=\"font-family: Arial, Helvetica, sans-serif;\"><span>@MeteoBadajoz<\/span><\/span><\/span><\/a><\/strong><strong><span style=\"color: #000000;\"><span style=\"font-family: Arial, Helvetica, sans-serif;\"><span>, o Facebook <\/span><\/span><\/span><\/strong><strong><a href=\"https:\/\/www.facebook.com\/pages\/MeteoBadajoz\/236436716399890\" target=\"_blank\" rel=\"external nofollow\"><span style=\"color: #ff0000;\"><span style=\"font-family: Arial, Helvetica, sans-serif;\"><span>MeteoBadajoz<\/span><\/span><\/span><\/a><\/strong><strong><span style=\"color: #000000;\"><span style=\"font-family: Arial, Helvetica, sans-serif;\"><span>, donde estar\u00e1s informado en todo momento de c\u00f3mo evolucionan los d\u00edas, as\u00ed como de noticias de inter\u00e9s meteorol\u00f3gico.<\/span><\/span><\/span><\/strong><\/p>\n<p align=\"CENTER\"><strong><span style=\"color: #000000;\"><span style=\"font-family: Arial, Helvetica, sans-serif;\"><span><span style=\"text-decoration: underline;\"><strong>Si el art\u00edculo te ha parecido interesante, puedes ayudar a divulgarlo a trav\u00e9s de las redes sociales, con ayuda de los botones para compartir.<\/strong><\/span><\/span><\/span><\/span><\/strong><\/p>\n<p align=\"CENTER\"><strong><span style=\"color: #000000;\"><span style=\"font-family: Arial, Helvetica, sans-serif;\"><span>\u00a1\u00a1Gracias y un saludo a los lectores del blog!!<\/span><\/span><\/span><\/strong><\/p>\n<!-- AddThis Advanced Settings generic via filter on the_content --><!-- AddThis Share Buttons generic via filter on the_content -->","protected":false},"excerpt":{"rendered":"<p>\u00bb Progresivo empeoramiento del tiempo en las pr\u00f3ximas horas, con cielos muy nubosos en toda la regi\u00f3n, lluvias casi generalizadas, y un descenso notable de las temperaturas. Predicci\u00f3n meteorol\u00f3gica para este s\u00e1bado y domingo en Extremadura (mapa NO oficial) &#8211; \u00a9 MeteoBadajoz S\u00e1bado 19 de Abril 2014. Como ya se llevaba anunciando desde hace varios [&hellip;]<!-- AddThis Advanced Settings generic via filter on get_the_excerpt --><!-- AddThis Share Buttons generic via filter on get_the_excerpt --><\/p>\n","protected":false},"author":75,"featured_media":0,"comment_status":"open","ping_status":"closed","sticky":false,"template":"","format":"standard","meta":[],"categories":[4,5],"tags":[7,54,83,91,124,126,132],"_links":{"self":[{"href":"https:\/\/blogs.hoy.es\/meteobadajoz\/wp-json\/wp\/v2\/posts\/603"}],"collection":[{"href":"https:\/\/blogs.hoy.es\/meteobadajoz\/wp-json\/wp\/v2\/posts"}],"about":[{"href":"https:\/\/blogs.hoy.es\/meteobadajoz\/wp-json\/wp\/v2\/types\/post"}],"author":[{"embeddable":true,"href":"https:\/\/blogs.hoy.es\/meteobadajoz\/wp-json\/wp\/v2\/users\/75"}],"replies":[{"embeddable":true,"href":"https:\/\/blogs.hoy.es\/meteobadajoz\/wp-json\/wp\/v2\/comments?post=603"}],"version-history":[{"count":0,"href":"https:\/\/blogs.hoy.es\/meteobadajoz\/wp-json\/wp\/v2\/posts\/603\/revisions"}],"wp:attachment":[{"href":"https:\/\/blogs.hoy.es\/meteobadajoz\/wp-json\/wp\/v2\/media?parent=603"}],"wp:term":[{"taxonomy":"category","embeddable":true,"href":"https:\/\/blogs.hoy.es\/meteobadajoz\/wp-json\/wp\/v2\/categories?post=603"},{"taxonomy":"post_tag","embeddable":true,"href":"https:\/\/blogs.hoy.es\/meteobadajoz\/wp-json\/wp\/v2\/tags?post=603"}],"curies":[{"name":"wp","href":"https:\/\/api.w.org\/{rel}","templated":true}]}}