{"id":615,"date":"2014-05-18T18:37:27","date_gmt":"2014-05-18T16:37:27","guid":{"rendered":"http:\/\/blogs.hoy.es\/meteobadajoz\/?p=615"},"modified":"2014-05-18T18:37:27","modified_gmt":"2014-05-18T16:37:27","slug":"esta-semana-caida-de-temperaturas-y-lluvias","status":"publish","type":"post","link":"https:\/\/blogs.hoy.es\/meteobadajoz\/2014\/05\/18\/esta-semana-caida-de-temperaturas-y-lluvias\/","title":{"rendered":"Esta semana: ca\u00edda de temperaturas y lluvias"},"content":{"rendered":"<p align=\"LEFT\"><strong><span style=\"color: #000000;\"><span style=\"font-family: 'Segoe UI';\">\u00bb<\/span><\/span><span style=\"color: #000000;\"><span style=\"font-family: 'Segoe UI', sans-serif;\"> La llegada de una borrasca al oeste de Europa complicar\u00e1 el tiempo a lo largo de la semana, con un descenso importante de las temperaturas, y la entrada de lluvias desde el oeste peninsular.<\/span><\/span><\/strong><\/p>\n<p style=\"text-align: center;\" align=\"CENTER\"><strong><span style=\"color: #000000;\"><span style=\"font-size: 12px;\"><span style=\"font-family: Arial, Helvetica, sans-serif;\"><span><img loading=\"lazy\" class=\"aligncenter\" src=\"\/\/nsae01.casimages.net\/img\/2014\/05\/17\/140517070934493325.png\" alt=\"\" width=\"614\" height=\"358\" \/>Imagen visible del sat\u00e9lite Meteosat el s\u00e1bado 17 de mayo 2014, a las 17h &#8211; EUMETSAT<\/span><\/span><\/span><\/span><\/strong><\/p>\n<p align=\"LEFT\"><span style=\"color: #000000;\"><span style=\"font-size: 12px;\"><span style=\"font-family: Arial, Helvetica, sans-serif;\"><span><strong>Domingo 18 de Mayo 2014. <\/strong><\/span><\/span><\/span><span style=\"color: #000000;\"><span style=\"font-size: 12px;\"><span style=\"font-family: Arial, Helvetica, sans-serif;\"><span>El mes de mayo 2014, hasta ahora, ha estado marcado por una situaci\u00f3n anticicl\u00f3nica, con temperaturas demasiado elevadas, y la ausencia total de precipitaciones en muchas zonas de Espa\u00f1a. Pero <strong>esa tendencia parece que cambiar\u00e1<\/strong> durante los pr\u00f3ximos d\u00edas y, quiz\u00e1s, tambi\u00e9n durante las pr\u00f3ximas semanas.<!--more--><\/span><\/span><\/span><\/span><\/span><\/p>\n<p align=\"LEFT\"><span style=\"color: #000000;\"><span style=\"font-size: 12px;\"><span style=\"font-family: Arial, Helvetica, sans-serif;\"><span>Y es que por fin podemos hablar de <strong>cambios significativos a corto y medio plazo<\/strong>, que vendr\u00e1n de la mano de una borrasca que estos \u00faltimos d\u00edas se ha estado formando sobre Norteam\u00e9rica, y que r\u00e1pidamente se ha ido moviendo por latitudes altas (zona de Groenlandia e Islandia). En su descenso hacia el sur, desde el Atl\u00e1ntico Norte, arrastrar\u00e1 una <strong>importante masa de aire fr\u00edo<\/strong>, que se dejar\u00e1 sentir en Espa\u00f1a a partir de este lunes.<\/span><\/span><\/span><\/span><\/p>\n<p align=\"LEFT\"><span style=\"color: #000000;\"><span style=\"font-size: 12px;\"><span style=\"font-family: Arial, Helvetica, sans-serif;\"><span>En la imagen superior podemos observar esa misma borrasca durante la tarde del s\u00e1bado 17 de mayo, y c\u00f3mo el frente fr\u00edo comenzaba a entrar por el noroeste de las\u00a0islas Brit\u00e1nicas, estir\u00e1ndose cada vez m\u00e1s al sur la masa de aire fr\u00edo que lleva asociada. Es esa borrasca la que nos afectar\u00e1 en los pr\u00f3ximos d\u00edas, y que acabar\u00e1 quedando <strong>parada al oeste del continente europeo<\/strong>, dej\u00e1ndonos la entrada de <strong>varios frentes y l\u00edneas de inestabilidad<\/strong>.<\/span><\/span><\/span><\/span><\/p>\n<p style=\"text-align: center;\" align=\"LEFT\"><strong><span style=\"color: #000000;\"><span style=\"font-size: 12px;\"><span style=\"font-size: 12px;\"><span style=\"font-family: Arial, Helvetica, sans-serif;\"><img loading=\"lazy\" class=\"aligncenter\" src=\"\/\/nsae01.casimages.net\/img\/2014\/05\/17\/140517082733992729.png\" alt=\"\" width=\"647\" height=\"372\" \/>Lluvias previstas entre la tarde del martes y la noche del mi\u00e9rcoles &#8211; IFS\/ECMWF<\/span><\/span><\/span><\/span><\/strong><\/p>\n<p align=\"LEFT\"><span style=\"color: #000000;\"><span style=\"font-size: 12px;\"><span style=\"font-family: Arial, Helvetica, sans-serif;\"><span>Tal y como se muestra en el mapa superior, el frente fr\u00edo asociado a esa borrasca <strong>barrer\u00e1 el oeste peninsular entre este martes y mi\u00e9rcoles<\/strong>, con precipitaciones d\u00e9biles o moderadas, y en casi cualquier zona de la mitad occidental de la pen\u00ednsula.<\/span><\/span><\/span><\/span><\/p>\n<p align=\"LEFT\"><span><span><span><span style=\"font-family: Arial, Helvetica, sans-serif;\"><span style=\"font-size: 12px;\">Tras el paso del frente fr\u00edo, y la entrada de la masa de aire fr\u00edo que acompa\u00f1a a la borrasca, tendremos <\/span><\/span><strong style=\"color: #000000; font-family: Arial, Helvetica, sans-serif; font-size: 12px;\">algunos chubascos\/tormentas que descargar\u00e1n de forma irregular<\/strong><span style=\"font-family: Arial, Helvetica, sans-serif;\"><span style=\"font-size: 12px;\">, pudiendo dejar alg\u00fan <\/span><\/span><strong style=\"color: #000000; font-family: Arial, Helvetica, sans-serif; font-size: 12px;\">episodio de granizo<\/strong><span style=\"font-family: Arial, Helvetica, sans-serif;\"><span style=\"font-size: 12px;\">, aunque eso ya ser\u00edan fen\u00f3menos aislados.<\/span><\/span><\/span><\/span><\/span><\/p>\n<p style=\"text-align: center;\" align=\"LEFT\"><strong><span style=\"font-family: Arial, Helvetica, sans-serif;\"><span style=\"font-size: 12px;\"><img loading=\"lazy\" class=\"aligncenter\" src=\"\/\/nsae01.casimages.net\/img\/2014\/05\/17\/140517084113573735.png\" alt=\"\" width=\"596\" height=\"361\" \/>Simulaci\u00f3n de\u00a0im\u00e1genes de sat\u00e9lite infrarrojas por el modelo IFS\/ECMWF<\/span><\/span><\/strong><\/p>\n<p align=\"LEFT\"><span style=\"color: #000000;\"><span style=\"font-size: 12px;\"><span style=\"font-family: Arial, Helvetica, sans-serif;\"><span>Como ya se ha indicado anteriormente, la <strong>borrasca permanecer\u00e1 est\u00e1tica al oeste de Europa<\/strong> durante la semana, por lo que ir\u00e1 introduciendo varias bandas nubosas desde el oeste, con nuevas precipitaciones. Con esa situaci\u00f3n, lo que cabe esperar es que las lluvias <strong>no remitan hasta el fin de semana<\/strong>, cuando la borrasca y sus precipitaciones nos abandonar\u00e1n por el norte y noreste peninsular.<\/span><\/span><\/span><\/span><\/p>\n<p align=\"LEFT\"><span style=\"color: #000000;\"><span style=\"font-size: 12px;\"><span style=\"font-family: Arial, Helvetica, sans-serif;\"><span>En lo referido a las temperaturas, en algunas zonas pasaremos de los 30-32\u00baC de estos \u00faltimos d\u00edas, a m\u00e1ximas de unos 18-20\u00baC, as\u00ed que hablamos de un <strong>descenso de \u00a1m\u00e1s de 10\u00baC! en pocos d\u00edas<\/strong>, siendo algo menos evidente ese descenso en las m\u00ednimas.<\/span><\/span><\/span><\/span><\/p>\n<p align=\"LEFT\"><span><span><span><span style=\"font-family: Arial, Helvetica, sans-serif;\"><span style=\"font-size: 12px;\">Y tras el importante descenso t\u00e9rmico a inicios de semana, las temperaturas se ir\u00e1n recuperando en los siguientes d\u00edas hasta valores de unos 24-25\u00baC, pero de momento nada que ver con las\u00a0temperaturas\u00a0tan altas de los \u00faltimos d\u00edas.<\/span><\/span><\/span><\/span><\/span><\/p>\n<p align=\"LEFT\"><span style=\"color: #000000;\"><span style=\"font-size: 12px;\"><span style=\"font-family: Arial, Helvetica, sans-serif;\"><span>As\u00ed que estamos ante un nuevo cambio de tiempo que afectar\u00e1 a la mayor parte de la pen\u00ednsula, y que nos dar\u00e1 una <strong>tregua en las temperaturas tan altas de las \u00faltimas semanas<\/strong>, y el <strong>regreso de las lluvias<\/strong> a buena parte del oeste peninsular. Regreso que, por cierto, <strong>es muy necesario!<\/strong><\/span><\/span><\/span><\/span><\/p>\n<p align=\"LEFT\"><span style=\"color: #ffffff;\"><span style=\"font-family: Arial, Helvetica, sans-serif;\"><span>.<\/span><\/span><\/span><\/p>\n<p align=\"CENTER\"><span style=\"color: #808080;\"><span style=\"font-size: 12px;\"><span style=\"font-family: Arial, Helvetica, sans-serif;\">Por Javier Pi\u00f1ero Fuentes &#8211; \u00a9 MeteoBadajoz 2014<\/span><\/span><\/span><\/p>\n<p align=\"CENTER\"><span style=\"color: #808080;\"><span style=\"font-size: 12px;\"><span style=\"font-family: arial, sans-serif;\">meteobadajoz@gmail.com<\/span><\/span><\/span><\/p>\n<p align=\"CENTER\"><strong><span style=\"color: #000000;\"><span style=\"font-size: 12px;\"><span style=\"font-family: Arial, Helvetica, sans-serif;\"><span>Puedes seguir cada situaci\u00f3n a trav\u00e9s de la cuenta de Twitter <\/span><\/span><\/span><\/span><\/strong><strong><a href=\"https:\/\/twitter.com\/MeteoBadajoz\" target=\"_blank\" rel=\"external nofollow\"><span style=\"color: #ff0000;\"><span style=\"font-size: 12px;\"><span style=\"font-family: Arial, Helvetica, sans-serif;\"><span>@MeteoBadajoz<\/span><\/span><\/span><\/span><\/a><\/strong><strong><span style=\"color: #000000;\"><span style=\"font-size: 12px;\"><span style=\"font-family: Arial, Helvetica, sans-serif;\"><span>, o Facebook <\/span><\/span><\/span><\/span><\/strong><strong><a href=\"https:\/\/www.facebook.com\/pages\/MeteoBadajoz\/236436716399890\" target=\"_blank\" rel=\"external nofollow\"><span style=\"color: #ff0000;\"><span style=\"font-size: 12px;\"><span style=\"font-family: Arial, Helvetica, sans-serif;\"><span>MeteoBadajoz<\/span><\/span><\/span><\/span><\/a><\/strong><strong><span style=\"color: #000000;\"><span style=\"font-size: 12px;\"><span style=\"font-family: Arial, Helvetica, sans-serif;\"><span>, donde estar\u00e1s informado en todo momento de c\u00f3mo evolucionan los d\u00edas, as\u00ed como de noticias de inter\u00e9s meteorol\u00f3gico.<\/span><\/span><\/span><\/span><\/strong><\/p>\n<p align=\"CENTER\"><strong><span style=\"color: #000000;\"><span style=\"font-size: 12px;\"><span style=\"font-family: Arial, Helvetica, sans-serif;\"><span><span style=\"text-decoration: underline;\"><strong>Si el art\u00edculo te ha parecido interesante, puedes ayudar a divulgarlo a trav\u00e9s de las redes sociales, con ayuda de los botones para compartir.<\/strong><\/span><\/span><\/span><\/span><\/span><\/strong><\/p>\n<p align=\"CENTER\"><strong><span style=\"color: #000000;\"><span style=\"font-size: 12px;\"><span style=\"font-family: Arial, Helvetica, sans-serif;\"><span>\u00a1\u00a1Gracias y un saludo a los lectores del blog!!<\/span><\/span><\/span><\/span><\/strong><\/p>\n<!-- AddThis Advanced Settings generic via filter on the_content --><!-- AddThis Share Buttons generic via filter on the_content -->","protected":false},"excerpt":{"rendered":"<p>\u00bb La llegada de una borrasca al oeste de Europa complicar\u00e1 el tiempo a lo largo de la semana, con un descenso importante de las temperaturas, y la entrada de lluvias desde el oeste peninsular. Imagen visible del sat\u00e9lite Meteosat el s\u00e1bado 17 de mayo 2014, a las 17h &#8211; EUMETSAT Domingo 18 de Mayo [&hellip;]<!-- AddThis Advanced Settings generic via filter on get_the_excerpt --><!-- AddThis Share Buttons generic via filter on get_the_excerpt --><\/p>\n","protected":false},"author":75,"featured_media":0,"comment_status":"open","ping_status":"closed","sticky":false,"template":"","format":"standard","meta":[],"categories":[4,5],"tags":[],"_links":{"self":[{"href":"https:\/\/blogs.hoy.es\/meteobadajoz\/wp-json\/wp\/v2\/posts\/615"}],"collection":[{"href":"https:\/\/blogs.hoy.es\/meteobadajoz\/wp-json\/wp\/v2\/posts"}],"about":[{"href":"https:\/\/blogs.hoy.es\/meteobadajoz\/wp-json\/wp\/v2\/types\/post"}],"author":[{"embeddable":true,"href":"https:\/\/blogs.hoy.es\/meteobadajoz\/wp-json\/wp\/v2\/users\/75"}],"replies":[{"embeddable":true,"href":"https:\/\/blogs.hoy.es\/meteobadajoz\/wp-json\/wp\/v2\/comments?post=615"}],"version-history":[{"count":0,"href":"https:\/\/blogs.hoy.es\/meteobadajoz\/wp-json\/wp\/v2\/posts\/615\/revisions"}],"wp:attachment":[{"href":"https:\/\/blogs.hoy.es\/meteobadajoz\/wp-json\/wp\/v2\/media?parent=615"}],"wp:term":[{"taxonomy":"category","embeddable":true,"href":"https:\/\/blogs.hoy.es\/meteobadajoz\/wp-json\/wp\/v2\/categories?post=615"},{"taxonomy":"post_tag","embeddable":true,"href":"https:\/\/blogs.hoy.es\/meteobadajoz\/wp-json\/wp\/v2\/tags?post=615"}],"curies":[{"name":"wp","href":"https:\/\/api.w.org\/{rel}","templated":true}]}}