{"id":618,"date":"2014-06-01T20:26:36","date_gmt":"2014-06-01T18:26:36","guid":{"rendered":"http:\/\/blogs.hoy.es\/meteobadajoz\/?p=618"},"modified":"2014-06-01T20:26:36","modified_gmt":"2014-06-01T18:26:36","slug":"junio-tormentoso-y-variable","status":"publish","type":"post","link":"https:\/\/blogs.hoy.es\/meteobadajoz\/2014\/06\/01\/junio-tormentoso-y-variable\/","title":{"rendered":"Junio tormentoso y variable en temperaturas"},"content":{"rendered":"<p align=\"LEFT\"><strong><span style=\"color: #000000;\"><span style=\"font-family: 'Segoe UI';\">\u00bb<\/span><\/span><span style=\"color: #000000;\"><span style=\"font-family: 'Segoe UI', sans-serif;\"> Los modelos estacionales prev\u00e9n un Junio 2014 de tormentas por el interior, norte y este peninsular, y con temperaturas calurosas en todo el este, y ligeramente inferiores en el resto.<\/span><\/span><\/strong><\/p>\n<p style=\"text-align: center;\" align=\"LEFT\"><span style=\"color: #000000;\"><span style=\"font-size: 12px;\"><span style=\"font-family: Arial, Helvetica, sans-serif;\"><span><strong><\/strong><strong><a title=\"Ampliar imagen\" href=\"http:\/\/nsae01.casimages.net\/img\/2014\/06\/01\/140601074604801717.png\" target=\"_blank\" rel=\"external nofollow\"><img loading=\"lazy\" class=\"aligncenter\" title=\"Ampliar imagen\" src=\"\/\/nsae01.casimages.net\/img\/2014\/06\/01\/140601074604801717.png\" alt=\"\" width=\"566\" height=\"380\" \/><\/a>Anomal\u00edas presi\u00f3n superficial entre el 2-8 de Junio 2014 \u2013 Modelo IFS, del ECMWF<\/strong><\/span><\/span><\/span><\/span><\/p>\n<p align=\"LEFT\"><span style=\"color: #000000;\"><strong><span style=\"font-size: 12px;\"><span style=\"font-family: Arial, Helvetica, sans-serif;\">Domingo 1 de Junio 2014. <\/span><\/span><\/strong><span style=\"color: #000000;\"><span style=\"font-size: 12px;\"><span style=\"font-family: Arial, Helvetica, sans-serif;\"><span>Comenzamos el mes de Junio con una situaci\u00f3n bastante estable por el oeste del pa\u00eds, aunque con chubascos y tormentas en \u00e1reas de sierra del este peninsular, que durante los pr\u00f3ximos d\u00edas deber\u00edan ir remitiendo, o al menos, deber\u00edan ser cada vez menos importantes.<\/span><\/span><\/span><\/span><\/span><\/p>\n<p align=\"LEFT\"><span style=\"color: #000000;\"><span style=\"font-size: 12px;\"><span style=\"font-family: Arial, Helvetica, sans-serif;\"><span>Iniciamos hoy un mes que, seg\u00fan los principales modelos estacionales, <strong>PODR\u00cdA<\/strong> ser algo inestable en cuanto a la <strong>formaci\u00f3n de tormentas en zonas monta\u00f1osas<\/strong> de la pen\u00ednsula y, podr\u00edamos decir que, <strong>diferenciado en cuanto a temperaturas<\/strong>; superiores a lo normal en el este y sureste, y normales o por debajo de lo normal cuanto m\u00e1s al oeste.<!--more--><\/span><\/span><\/span><\/span><\/p>\n<p align=\"LEFT\"><span style=\"color: #000000;\"><span style=\"font-size: 12px;\"><span style=\"font-family: Arial, Helvetica, sans-serif;\"><span>Analizamos a continuaci\u00f3n c\u00f3mo podr\u00eda comportarse el mes de Junio en la Pen\u00ednsula Ib\u00e9rica, atendiendo a los mapas de anomal\u00eda de los modelos IFS (europeo) y CFS (americano). Los mapas del modelo europeo no deber\u00eda mostrarlos porque pertenecen al ECMWF, y NO son p\u00fablicos, pero creo que poniendo la fuente no habr\u00e1 ning\u00fan problema (me la juego, porque no lo hago con mala intenci\u00f3n y no gano dinero mostr\u00e1ndolos):<\/span><\/span><\/span><\/span><\/p>\n<p align=\"LEFT\"><span style=\"color: #ffffff;\">.<\/span><\/p>\n<p align=\"LEFT\"><span style=\"text-decoration: underline;\"><span style=\"color: #000000;\"><span style=\"font-size: 17px;\"><span style=\"font-family: Arial, Helvetica, sans-serif;\"><strong>-Primera semana de Junio 2014\u00a0<\/strong><\/span><\/span><\/span><\/span><\/p>\n<p style=\"text-align: center;\" align=\"CENTER\"><span style=\"color: #000000;\"><span style=\"font-size: 12px;\"><span style=\"font-family: Arial, Helvetica, sans-serif;\"><span><strong><a title=\"Ampliar imagen\" href=\"http:\/\/nsae01.casimages.net\/img\/2014\/06\/01\/140601062154773864.png\" target=\"_blank\" rel=\"external nofollow\"><img loading=\"lazy\" class=\"aligncenter\" title=\"Ampliar imagen\" src=\"\/\/nsae01.casimages.net\/img\/2014\/06\/01\/140601062154773864.png\" alt=\"\" width=\"566\" height=\"326\" \/><\/a>Precipitaciones previstas para el viernes 6 de Junio por el modelo IFS, del ECMWF.<\/strong><\/span><\/span><\/span><\/span><\/p>\n<p align=\"LEFT\"><span style=\"color: #000000;\"><span style=\"font-size: 12px;\"><span style=\"font-family: Arial, Helvetica, sans-serif;\"><span>La primera semana de junio parece que vendr\u00e1 marcada por la presencia de uno o varios centros de bajas presiones al oeste del Reino Unido, y el <strong>anticicl\u00f3n de las Azores-Bermudas algo debilitado y retirado<\/strong> hacia el oeste. Ello provocar\u00e1 que los frentes asociados a esa borrasca del oeste de Europa puedan afectar, como m\u00ednimo, al noroeste peninsular, y reactivar chubascos o tormentas de tarde en puntos de sierra del este y sureste peninsular, aunque de forma bastante menos abundante a como lo han hecho en estos \u00faltimos d\u00edas.<\/span><\/span><\/span><\/span><\/p>\n<p style=\"text-align: center;\" align=\"CENTER\"><span style=\"color: #000000;\"><span style=\"font-size: 12px;\"><span style=\"font-family: Arial, Helvetica, sans-serif;\"><span><strong><a title=\"Ampliar imagen\" href=\"http:\/\/nsae01.casimages.net\/img\/2014\/06\/01\/140601063302545324.png\" target=\"_blank\" rel=\"external nofollow\"><img loading=\"lazy\" class=\"aligncenter\" title=\"Ampliar imagen\" src=\"\/\/nsae01.casimages.net\/img\/2014\/06\/01\/140601063302545324.png\" alt=\"\" width=\"593\" height=\"369\" \/><\/a>Anomal\u00eda temperatura 2m para finales de la primera semana de Junio 2014 \u2013 modelo CFS<\/strong><\/span><\/span><\/span><\/span><\/p>\n<p align=\"LEFT\"><span style=\"color: #000000;\"><span style=\"font-size: 12px;\"><span style=\"font-family: Arial, Helvetica, sans-serif;\"><span>Con esa situaci\u00f3n, la dorsal asciende desde el norte de \u00c1frica, rozando el este peninsular, y llegando hasta pr\u00e1cticamente el norte de Europa, dejando por all\u00ed temperaturas <strong>entre 7 y 10\u00baC por encima de lo normal<\/strong>. Estos \u00faltimos d\u00edas, por ejemplo, ha hecho m\u00e1s calor en pa\u00edses n\u00f3rdicos como Finlandia o Suecia, que en las zonas t\u00edpicamente m\u00e1s c\u00e1lidas de la Pen\u00ednsula Ib\u00e9rica.<\/span><\/span><\/span><\/span><\/p>\n<p align=\"LEFT\"><span style=\"color: #000000;\"><span style=\"font-size: 12px;\"><span style=\"font-family: Arial, Helvetica, sans-serif;\"><span>Y es que la masa de aire c\u00e1lido que nos afect\u00f3 a lo largo del mes de mayo, fue impulsada hacia latitudes altas debido al descolgamiento de aire fr\u00edo que nos afect\u00f3 el 20-22 de mayo.<\/span><\/span><\/span><\/span><\/p>\n<p align=\"LEFT\"><span style=\"color: #000000;\"><span style=\"font-size: 12px;\"><span style=\"font-family: Arial, Helvetica, sans-serif;\"><span>En Espa\u00f1a, durante esta primera semana de Junio, cabe esperar <strong>temperaturas por debajo de lo normal<\/strong> (menos calurosas) en zonas de la mitad oeste y norte peninsular, y <strong>temperaturas por encima<\/strong> en todo el levante peninsular (m\u00e1s calurosas), sobre todo hacia finales de la semana.<\/span><\/span><\/span><\/span><\/p>\n<p align=\"LEFT\"><span style=\"color: #ffffff;\">.<\/span><\/p>\n<p align=\"LEFT\"><span style=\"text-decoration: underline;\"><span style=\"color: #000000;\"><span style=\"font-size: 17px;\"><span style=\"font-family: Arial, Helvetica, sans-serif;\"><strong>-Segunda semana de Junio 2014\u00a0<\/strong><\/span><\/span><\/span><\/span><\/p>\n<p style=\"text-align: center;\" align=\"LEFT\"><span><span><span><span style=\"font-family: Arial, Helvetica, sans-serif;\"><span style=\"font-size: 12px;\"><strong><a title=\"Ampliar imagen\" href=\"http:\/\/nsae01.casimages.net\/img\/2014\/06\/01\/140601064602878610.png\" target=\"_blank\" rel=\"external nofollow\"><img loading=\"lazy\" class=\"aligncenter\" src=\"\/\/nsae01.casimages.net\/img\/2014\/06\/01\/140601064602878610.png\" alt=\"\" width=\"561\" height=\"389\" \/><\/a>Anomal\u00edas presi\u00f3n superficial entre el 9-15 de Junio 2014 \u2013 Modelo IFS, del ECMWF<\/strong><\/span><\/span><\/span><\/span><\/span><\/p>\n<p align=\"LEFT\"><span><span><span><span style=\"font-family: Arial, Helvetica, sans-serif;\"><span style=\"font-size: 12px;\"><strong><\/strong>La segunda semana del mes parece que ser\u00eda <strong>algo menos inestable y m\u00e1s calurosa<\/strong>, aunque todav\u00eda encontrar\u00edamos algunos frentes rozando el noroeste peninsular, pero sin consecuencias en el resto, ya que los centros de baja presi\u00f3n acabar\u00edan coloc\u00e1ndose m\u00e1s al norte, y el anticicl\u00f3n, poco a poco, ir\u00eda ganando terreno desde el oeste y suroeste. Parece que ser\u00eda un semana de <strong>precipitaciones bastante escasas<\/strong> en general en todo el\u00a0pa\u00eds.<\/span><\/span><\/span><\/span><\/span><\/p>\n<p style=\"text-align: center;\"><a title=\"Ampliar imagen\" href=\"http:\/\/nsae01.casimages.net\/img\/2014\/06\/01\/140601063948728707.png\" target=\"_blank\" rel=\"external nofollow\"><img loading=\"lazy\" class=\"aligncenter\" title=\"Ampliar imagen\" src=\"\/\/nsae01.casimages.net\/img\/2014\/06\/01\/140601063948728707.png\" alt=\"\" width=\"568\" height=\"397\" \/><\/a><\/p>\n<p style=\"text-align: center;\" align=\"LEFT\"><span style=\"color: #000000;\"><span style=\"font-size: 12px;\"><span style=\"font-family: Arial, Helvetica, sans-serif;\"><span><strong>Anomal\u00edas temperatura 2m entre el 9-15 de Junio 2014 \u2013 Modelo IFS, del ECMWF<\/strong><\/span><\/span><\/span><\/span><\/p>\n<p align=\"LEFT\"><span style=\"color: #000000;\"><span style=\"font-size: 12px;\"><span style=\"font-family: Arial, Helvetica, sans-serif;\"><span><strong><\/strong>Adem\u00e1s, con la retirada de la borrasca presente durante la primera semana, la dorsal ir\u00eda afectando a m\u00e1s zonas de la Pen\u00ednsula Ib\u00e9rica, provocando un <strong>progresivo ascenso de las temperaturas<\/strong> a nivel general, siendo m\u00e1s calurosas especialmente en puntos del interior-sureste, por donde predominan las anomal\u00edas positivas de temperatura (m\u00e1s calor de lo normal en el sureste).<\/span><\/span><\/span><\/span><\/p>\n<p align=\"LEFT\"><span style=\"color: #000000;\"><span style=\"font-size: 12px;\"><span style=\"font-family: Arial, Helvetica, sans-serif;\"><span>En el resto del pa\u00eds no parece que se vayan a registrar temperaturas excesivamente altas, incluso ser\u00e1n <strong>m\u00e1s bajas de lo normal cuanto m\u00e1s al oeste<\/strong>. Eso no significa que por \u00e9stas zonas no vayamos a tener calor; sino <strong>menos calor del habitual<\/strong>.<\/span><\/span><\/span><\/span><\/p>\n<p align=\"LEFT\"><span style=\"color: #ffffff;\">.<\/span><\/p>\n<p align=\"LEFT\"><span style=\"text-decoration: underline;\"><span style=\"color: #000000;\"><span style=\"font-size: 17px;\"><span style=\"font-family: Arial, Helvetica, sans-serif;\"><strong>-Tercera semana de Junio 2014 (mucha incertidumbre)\u00a0<\/strong><\/span><\/span><\/span><\/span><\/p>\n<p style=\"text-align: center;\" align=\"CENTER\"><span style=\"color: #000000;\"><span style=\"font-size: 12px;\"><span style=\"font-family: Arial, Helvetica, sans-serif;\"><span><strong><a title=\"Ampliar imagen\" href=\"http:\/\/nsae01.casimages.net\/img\/2014\/06\/01\/140601065742251343.png\" target=\"_blank\" rel=\"external nofollow\"><img loading=\"lazy\" class=\"aligncenter\" title=\"Ampliar imagen\" src=\"\/\/nsae01.casimages.net\/img\/2014\/06\/01\/140601065742251343.png\" alt=\"\" width=\"566\" height=\"382\" \/><\/a>Anomal\u00edas presi\u00f3n superficial entre el 16-22 de Junio 2014 \u2013 Modelo IFS, del ECMWF<\/strong><\/span><\/span><\/span><\/span><\/p>\n<p align=\"LEFT\"><span style=\"color: #000000;\"><span style=\"font-size: 12px;\"><span style=\"font-family: Arial, Helvetica, sans-serif;\"><span>Nos alejamos cada vez m\u00e1s de la fecha en la que se ha elaborado esta predicci\u00f3n mensual, y en la que se basan los mapas mostrados en este art\u00edculo, pero parece que la tercera semana del mes <strong>podr\u00eda ser algo inestable<\/strong>, nuevamente con la presencia de bajas presiones hacia el oeste de Europa que, aunque no afecten directamente a la Pen\u00ednsula Ib\u00e9rica, s\u00f3lo por el hecho de estar situados en la parte delantera de esa supuesta regi\u00f3n de bajas presiones, y contando con algunos descolgamientos de aire fr\u00edo que viajen desde el Atl\u00e1ntico hacia el Mediterr\u00e1neo, ya nos pueden dejar la aparici\u00f3n de chubascos y tormentas en zonas del interior, norte y noreste peninsular.<\/span><\/span><\/span><\/span><\/p>\n<p align=\"LEFT\"><span style=\"color: #000000;\"><span style=\"font-size: 12px;\"><span style=\"font-family: Arial, Helvetica, sans-serif;\"><span>El mapa superior corresponde al modelo europeo IFS, pero de ah\u00ed podemos relacionarlo con las <strong>importantes anomal\u00edas positivas de precipitaci\u00f3n<\/strong> (car\u00e1cter m\u00e1s lluvioso) que plantea el modelo estacional americano; CFS.<\/span><\/span><\/span><\/span><\/p>\n<p style=\"text-align: center;\" align=\"CENTER\"><span style=\"color: #000000;\"><span style=\"font-size: 12px;\"><span style=\"font-family: Arial, Helvetica, sans-serif;\"><span><strong><a title=\"Ampliar imagen\" href=\"http:\/\/nsae01.casimages.net\/img\/2014\/06\/01\/14060106530167307.png\" target=\"_blank\" rel=\"external nofollow\"><img loading=\"lazy\" class=\"aligncenter\" title=\"Ampliar imagen\" src=\"\/\/nsae01.casimages.net\/img\/2014\/06\/01\/14060106530167307.png\" alt=\"\" width=\"581\" height=\"442\" \/><\/a>Anomal\u00edas de precipitaci\u00f3n previstas para el 11-20 de Junio 2014 \u2013 Modelo CFS<\/strong><\/span><\/span><\/span><\/span><\/p>\n<p align=\"LEFT\"><span style=\"color: #000000;\"><span style=\"font-size: 12px;\"><span style=\"font-family: Arial, Helvetica, sans-serif;\"><span>En dicho mapa se muestran importantes anomal\u00edas de precipitaci\u00f3n en todo el norte peninsular (m\u00e1s precipitaciones de lo normal), e incluso en el resto del interior del pa\u00eds las anomal\u00edas tambi\u00e9n son positivas, lo que nos indica la posible <strong>aparici\u00f3n de chubascos y tormentas<\/strong> por la tarde aproximadamente entre esas fechas.<\/span><\/span><\/span><\/span><\/p>\n<p align=\"LEFT\"><span style=\"color: #000000;\"><span style=\"font-size: 12px;\"><span style=\"font-family: Arial, Helvetica, sans-serif;\"><span>En cuanto a las temperaturas, podr\u00edamos seguir con ese patr\u00f3n de temperaturas excesivamente elevadas en los pa\u00edses del norte de Europa, junto con el este peninsular, mientras que en el resto las temperaturas estar\u00edan rondando los valores propios de la \u00e9poca, aunque de nuevo parece observarse una ligera tendencia menos calurosa cuanto m\u00e1s al oeste de la Pen\u00ednsula Ib\u00e9rica.<\/span><\/span><\/span><\/span><\/p>\n<p align=\"LEFT\"><span style=\"color: #ffffff;\">.<\/span><\/p>\n<p align=\"LEFT\"><span style=\"text-decoration: underline;\"><span style=\"color: #000000;\"><span style=\"font-size: 17px;\"><span style=\"font-family: Arial, Helvetica, sans-serif;\"><strong>-Cuarta semana de Junio 2014\u00a0<\/strong><\/span><\/span><\/span><\/span><\/p>\n<p style=\"text-align: center;\" align=\"LEFT\"><span style=\"color: #000000;\"><span style=\"font-size: 12px;\"><span style=\"font-family: Arial, Helvetica, sans-serif;\"><span><strong><a title=\"Ampliar imagen\" href=\"http:\/\/nsae01.casimages.net\/img\/2014\/06\/01\/140601070304362633.png\" target=\"_blank\" rel=\"external nofollow\"><img loading=\"lazy\" class=\"aligncenter\" title=\"Ampliar imagen\" src=\"\/\/nsae01.casimages.net\/img\/2014\/06\/01\/140601070304362633.png\" alt=\"\" width=\"561\" height=\"380\" \/><\/a>Anomal\u00edas presi\u00f3n superficial entre el 23-29 de Junio 2014 \u2013 Modelo IFS, del ECMWF<\/strong><\/span><\/span><\/span><\/span><\/p>\n<p align=\"LEFT\"><span style=\"color: #000000;\"><span style=\"font-size: 12px;\"><span style=\"font-family: Arial, Helvetica, sans-serif;\"><span><strong><\/strong>Una semana m\u00e1s, parece que podr\u00edamos seguir con el mismo patr\u00f3n atmosf\u00e9rico de semanas anteriores, marcado por la <strong>posible presencia de bajas presiones<\/strong> en el Atl\u00e1ntico Norte-oeste de Europa, que dejar\u00eda una situaci\u00f3n de estabilidad y temperaturas calurosas hacia el norte-noreste de Europa, mientras que hacia los pa\u00edses del sur y, especialmente en torno al Mediterr\u00e1neo, estar\u00edan afectados por una <strong>situaci\u00f3n m\u00e1s inestable<\/strong>, debido al descolgamiento de embolsamientos de aire fr\u00edo que al \u201csobrevolar\u201d el Mediterr\u00e1neo, provocar\u00edan precipitaciones abundantes sobre todo hacia el Mediterr\u00e1neo oriental.<\/span><\/span><\/span><\/span><\/p>\n<p align=\"LEFT\"><span style=\"color: #000000;\"><span style=\"font-size: 12px;\"><span style=\"font-family: Arial, Helvetica, sans-serif;\"><span>En Espa\u00f1a la situaci\u00f3n podr\u00eda ser la misma que durante la semana anterior; <strong>temperaturas por encima de lo normal<\/strong> en todo el este peninsular, mientras que en el resto ser\u00edan normales, o <strong>ligeramente inferiores<\/strong> cuanto m\u00e1s al oeste.<\/span><\/span><\/span><\/span><\/p>\n<p style=\"text-align: center;\" align=\"LEFT\"><span style=\"color: #000000;\"><span style=\"font-size: 12px;\"><span style=\"font-family: Arial, Helvetica, sans-serif;\"><span><strong><a title=\"Ampliar imagen\" href=\"http:\/\/nsae01.casimages.net\/img\/2014\/06\/01\/140601070746986041.png\" target=\"_blank\" rel=\"external nofollow\"><img loading=\"lazy\" class=\"aligncenter\" title=\"Ampliar imagen\" src=\"\/\/nsae01.casimages.net\/img\/2014\/06\/01\/140601070746986041.png\" alt=\"\" width=\"592\" height=\"441\" \/><\/a>Anomal\u00edas de precipitaci\u00f3n previstas para el 21-30 de Junio 2014 \u2013 Modelo CFS<\/strong><\/span><\/span><\/span><\/span><\/p>\n<p align=\"LEFT\"><span style=\"color: #000000;\"><span style=\"font-size: 12px;\"><span style=\"font-family: Arial, Helvetica, sans-serif;\"><span><strong><\/strong>En las precipitaciones es donde tendr\u00edamos que prestar atenci\u00f3n y es que, en el caso del modelo americano, insiste en la presencia de mucha inestabilidad en forma de chubascos y tormentas, especialmente hacia las sierras del este y noreste peninsular. En el caso del modelo Europeo, no se muestran anomal\u00edas de precipitaci\u00f3n ni excesivamente positivas ni negativas en la pen\u00ednsula, aunque s\u00ed ligeras anomal\u00edas positivas (m\u00e1s lluvioso) por zonas del sur del pa\u00eds.<\/span><\/span><\/span><\/span><\/p>\n<p align=\"LEFT\"><span style=\"color: #ffffff;\">.<\/span><\/p>\n<p align=\"LEFT\"><span style=\"text-decoration: underline;\"><strong><span style=\"color: #000000;\"><span style=\"font-size: 17px;\"><span style=\"font-family: Arial, Helvetica, sans-serif;\">-Conclusiones\u00a0<\/span><\/span><\/span><\/strong><\/span><\/p>\n<p align=\"LEFT\"><span style=\"color: #000000;\"><span style=\"font-size: 12px;\"><span style=\"font-family: Arial, Helvetica, sans-serif;\"><span>Todo lo descrito anteriormente es los que <strong>EN TEOR\u00cdA<\/strong> cabe esperar para este mes de Junio 2014, pero lo que finalmente acabe pasando puede llegar a ser totalmente distinto, ya que el n\u00famero de aciertos de \u00e9stos modelos no es lo suficientemente aceptable como para poder hablar con una m\u00ednima seguridad a la hora de hacer predicci\u00f3n a tantas semanas vista.<\/span><\/span><\/span><\/span><\/p>\n<p align=\"LEFT\"><span style=\"color: #000000;\"><span style=\"font-size: 12px;\"><span style=\"font-family: Arial, Helvetica, sans-serif;\"><span>Lo que parece claro es que, tanto el modelo europeo como el americano, muestran un <strong>posible dominio de las bajas presiones al oeste de Europa<\/strong> o muy cerca de dicha zona, que aunque no nos afecte directamente en forma de lluvias generalizadas o descenso importante de temperaturas, s\u00ed que puede dejar cierta inestabilidad en capas medias y altas de la Troposfera, que al interaccionar con las temperaturas calurosas propias del mes de Junio en nuestro pa\u00eds, <strong>puede provocar algunos episodios tormentosos<\/strong>\u00a0en zonas del interior, norte y noreste.<\/span><\/span><\/span><\/span><\/p>\n<p align=\"LEFT\"><span style=\"color: #000000;\"><span style=\"font-size: 12px;\"><span style=\"font-family: Arial, Helvetica, sans-serif;\"><span>Quiz\u00e1s, durante el mes predominen los descolgamientos de aire fr\u00edo por el norte y noreste peninsular, y pueda ser esa la raz\u00f3n de que los modelos estacionales muestren tantas precipitaciones por el interior y, especialmente por el este-noreste peninsular.<\/span><\/span><\/span><\/span><\/p>\n<p align=\"LEFT\"><span style=\"color: #000000;\"><span style=\"font-size: 12px;\"><span style=\"font-family: Arial, Helvetica, sans-serif;\"><span>Y en cuanto a las temperaturas, haciendo un balance general de todo lo expuesto, parece que <strong>Espa\u00f1a estar\u00e1 dividida en dos mitades <\/strong>(t\u00e9rmicamente); el oeste con temperaturas normales o ligeramente inferiores (Junio menos caluroso), y el este con valores por encima de lo habitual (Junio m\u00e1s caluroso).<\/span><\/span><\/span><\/span><\/p>\n<p align=\"LEFT\"><span style=\"color: #000000;\"><span style=\"font-size: 12px;\"><span style=\"font-family: Arial, Helvetica, sans-serif;\"><span>En cualquier caso, insisto, eso no significa que no vayamos a tener episodios de calor durante el mes de Junio, sino que los que tengamos ser\u00edan menos importantes de lo normal, o menos numerosos&#8230; (menor n\u00famero de d\u00edas con temperaturas por encima de &#8220;tal&#8221; cifra). Veremos qu\u00e9 es lo que acaba pasando.<\/span><\/span><\/span><\/span><span style=\"font-family: Arial, Helvetica, sans-serif; color: #ffffff;\">.<\/span><\/p>\n<p align=\"CENTER\"><span style=\"color: #808080;\"><span style=\"font-size: 12px;\"><span style=\"font-family: Arial, Helvetica, sans-serif;\">Por Javier Pi\u00f1ero Fuentes &#8211; \u00a9 MeteoBadajoz 2014<\/span><\/span><\/span><\/p>\n<p align=\"CENTER\"><span style=\"color: #808080;\"><span style=\"font-size: 12px;\"><span style=\"font-family: arial, sans-serif;\">meteobadajoz@gmail.com<\/span><\/span><\/span><\/p>\n<p align=\"CENTER\"><strong><span style=\"color: #000000;\"><span style=\"font-size: 12px;\"><span style=\"font-family: Arial, Helvetica, sans-serif;\"><span>Puedes seguir cada situaci\u00f3n a trav\u00e9s de la cuenta de Twitter <\/span><\/span><\/span><\/span><\/strong><strong><a href=\"https:\/\/twitter.com\/MeteoBadajoz\" target=\"_blank\" rel=\"external nofollow\"><span style=\"color: #ff0000;\"><span style=\"font-size: 12px;\"><span style=\"font-family: Arial, Helvetica, sans-serif;\"><span>@MeteoBadajoz<\/span><\/span><\/span><\/span><\/a><\/strong><strong><span style=\"color: #000000;\"><span style=\"font-size: 12px;\"><span style=\"font-family: Arial, Helvetica, sans-serif;\"><span>, o Facebook <\/span><\/span><\/span><\/span><\/strong><strong><a href=\"https:\/\/www.facebook.com\/pages\/MeteoBadajoz\/236436716399890\" target=\"_blank\" rel=\"external nofollow\"><span style=\"color: #ff0000;\"><span style=\"font-size: 12px;\"><span style=\"font-family: Arial, Helvetica, sans-serif;\"><span>MeteoBadajoz<\/span><\/span><\/span><\/span><\/a><\/strong><strong><span style=\"color: #000000;\"><span style=\"font-size: 12px;\"><span style=\"font-family: Arial, Helvetica, sans-serif;\"><span>, donde estar\u00e1s informado en todo momento de c\u00f3mo evolucionan los d\u00edas, as\u00ed como de noticias de inter\u00e9s meteorol\u00f3gico.<\/span><\/span><\/span><\/span><\/strong><\/p>\n<p align=\"CENTER\"><strong><span style=\"color: #000000;\"><span style=\"font-size: 12px;\"><span style=\"font-family: Arial, Helvetica, sans-serif;\"><span><span style=\"text-decoration: underline;\"><strong>Si el art\u00edculo te ha parecido interesante, puedes ayudar a divulgarlo a trav\u00e9s de las redes sociales, con ayuda de los botones para compartir.<\/strong><\/span><\/span><\/span><\/span><\/span><\/strong><\/p>\n<p align=\"CENTER\"><strong><span style=\"color: #000000;\"><span style=\"font-size: 12px;\"><span style=\"font-family: Arial, Helvetica, sans-serif;\"><span>\u00a1\u00a1Gracias y un saludo a los lectores del blog!!<\/span><\/span><\/span><\/span><\/strong><\/p>\n<!-- AddThis Advanced Settings generic via filter on the_content --><!-- AddThis Share Buttons generic via filter on the_content -->","protected":false},"excerpt":{"rendered":"<p>\u00bb Los modelos estacionales prev\u00e9n un Junio 2014 de tormentas por el interior, norte y este peninsular, y con temperaturas calurosas en todo el este, y ligeramente inferiores en el resto. Anomal\u00edas presi\u00f3n superficial entre el 2-8 de Junio 2014 \u2013 Modelo IFS, del ECMWF Domingo 1 de Junio 2014. Comenzamos el mes de Junio [&hellip;]<!-- AddThis Advanced Settings generic via filter on get_the_excerpt --><!-- AddThis Share Buttons generic via filter on get_the_excerpt --><\/p>\n","protected":false},"author":75,"featured_media":0,"comment_status":"open","ping_status":"closed","sticky":false,"template":"","format":"standard","meta":[],"categories":[4],"tags":[7,15,16,83,102,127,128,147],"_links":{"self":[{"href":"https:\/\/blogs.hoy.es\/meteobadajoz\/wp-json\/wp\/v2\/posts\/618"}],"collection":[{"href":"https:\/\/blogs.hoy.es\/meteobadajoz\/wp-json\/wp\/v2\/posts"}],"about":[{"href":"https:\/\/blogs.hoy.es\/meteobadajoz\/wp-json\/wp\/v2\/types\/post"}],"author":[{"embeddable":true,"href":"https:\/\/blogs.hoy.es\/meteobadajoz\/wp-json\/wp\/v2\/users\/75"}],"replies":[{"embeddable":true,"href":"https:\/\/blogs.hoy.es\/meteobadajoz\/wp-json\/wp\/v2\/comments?post=618"}],"version-history":[{"count":0,"href":"https:\/\/blogs.hoy.es\/meteobadajoz\/wp-json\/wp\/v2\/posts\/618\/revisions"}],"wp:attachment":[{"href":"https:\/\/blogs.hoy.es\/meteobadajoz\/wp-json\/wp\/v2\/media?parent=618"}],"wp:term":[{"taxonomy":"category","embeddable":true,"href":"https:\/\/blogs.hoy.es\/meteobadajoz\/wp-json\/wp\/v2\/categories?post=618"},{"taxonomy":"post_tag","embeddable":true,"href":"https:\/\/blogs.hoy.es\/meteobadajoz\/wp-json\/wp\/v2\/tags?post=618"}],"curies":[{"name":"wp","href":"https:\/\/api.w.org\/{rel}","templated":true}]}}