{"id":622,"date":"2014-06-10T17:05:31","date_gmt":"2014-06-10T15:05:31","guid":{"rendered":"http:\/\/blogs.hoy.es\/meteobadajoz\/?p=622"},"modified":"2014-06-10T17:05:31","modified_gmt":"2014-06-10T15:05:31","slug":"el-calor-intenso-llega-a-espana","status":"publish","type":"post","link":"https:\/\/blogs.hoy.es\/meteobadajoz\/2014\/06\/10\/el-calor-intenso-llega-a-espana\/","title":{"rendered":"El calor intenso llega a Espa\u00f1a! Rozaremos los 40\u00baC en Extremadura y Andaluc\u00eda"},"content":{"rendered":"<p align=\"LEFT\"><strong><span style=\"color: #000000;\"><span style=\"font-size: 15px;\"><span style=\"font-family: 'Segoe UI';\">\u00bb<\/span><\/span><span style=\"color: #000000;\"><span style=\"font-size: 15px;\"><span style=\"font-family: 'Segoe UI', sans-serif;\"> A mediados de esta semana se producir\u00e1 un important\u00edsimo ascenso de las temperaturas que nos dejar\u00e1 m\u00e1ximas alrededor o por encima de los 38\u00baC, y m\u00ednimas de 20-22\u00baC. Llega el verano (meteorol\u00f3gico)!<\/span><\/span><\/span><\/span><\/strong><\/p>\n<p style=\"text-align: center;\" align=\"CENTER\"><strong><span style=\"color: #000000;\"><span style=\"font-size: 12px;\"><span style=\"font-family: Arial, Helvetica, sans-serif;\"><span><a title=\"Ampliar imagen\" href=\"http:\/\/nsae01.casimages.net\/img\/2014\/06\/10\/14061011272413746.png\" target=\"_blank\" rel=\"external nofollow\"><img loading=\"lazy\" class=\"aligncenter\" title=\"Ampliar imagen\" src=\"\/\/nsae01.casimages.net\/img\/2014\/06\/10\/140610050649137714.png\" alt=\"\" width=\"619\" height=\"327\" \/><\/a>Localizaci\u00f3n y dimensiones de la masa de aire c\u00e1lido que nos afectar\u00e1 en los pr\u00f3ximos d\u00edas desde el norte del continente africano &#8211;\u00a0<\/span><\/span><\/span><\/span><\/strong><strong><span><span style=\"font-size: 12px;\"><span style=\"font-family: Arial, Helvetica, sans-serif;\">Modelo <\/span><\/span><\/span><\/strong><strong><span><span style=\"font-size: 12px;\"><span style=\"font-family: Arial, Helvetica, sans-serif;\">GFS de la NOAA<\/span><\/span><\/span><\/strong><\/p>\n<p align=\"LEFT\"><span style=\"color: #000000;\"><span style=\"font-size: 12px;\"><span style=\"font-family: Arial, Helvetica, sans-serif;\"><span><strong>Martes 10 de Junio 2014. <\/strong><\/span><\/span><\/span><span style=\"color: #000000;\"><span style=\"font-size: 12px;\"><span style=\"font-family: Arial, Helvetica, sans-serif;\"><span>A\u00fan estamos en la primera quincena del mes de Junio y a tan s\u00f3lo 11 d\u00edas de la entrada del Verano astron\u00f3mico 20<\/span><\/span><\/span><span style=\"color: #000000;\"><span style=\"font-size: 12px;\"><span style=\"font-family: Arial, Helvetica, sans-serif;\"><span>14 (<\/span><\/span><\/span><span style=\"font-family: Arial, Helvetica, sans-serif;\"><span style=\"font-size: 12px;\"><span>21 de Junio a las 12:51 horas <\/span><\/span><span style=\"color: #000000;\"><span style=\"font-size: 12px;\"><span style=\"font-family: Arial, Helvetica, sans-serif;\"><span>), ya ten<\/span><\/span><\/span><span style=\"color: #000000;\"><span style=\"font-size: 12px;\"><span style=\"font-family: Arial, Helvetica, sans-serif;\"><span>emos a las puertas del sur peninsular el <strong>primer desalojo de aire c\u00e1lido<\/strong> desde el norte de \u00c1frica, que provocar\u00e1 un notable ascenso de las temperaturas en gran parte de Espa\u00f1a, especialmente por el oeste y suroeste del pa\u00eds.<!--more--><\/span><\/span><\/span><\/span><\/span><\/span><\/span><\/span><\/span><\/p>\n<p align=\"LEFT\"><span style=\"color: #000000;\"><span style=\"font-size: 12px;\"><span style=\"font-family: Arial, Helvetica, sans-serif;\">Llev\u00e1bamos ya <a href=\"https:\/\/www.facebook.com\/MeteoBadajoz\" target=\"_blank\" rel=\"external nofollow\">varios d\u00edas coment\u00e1ndolo en nuestra p\u00e1gina de Facebook<\/a>, y parece que finalmente se confirma este episodio de calor intenso (el primero de la temporada), que se dejar\u00e1 sentir sobre todo a partir de este jueves, cuando pasaremos de los 35\u00baC en amplias zonas del suroeste peninsular.<\/span><\/span><\/span><\/p>\n<p align=\"LEFT\"><span style=\"color: #000000;\"><span style=\"font-size: 12px;\"><span style=\"font-family: Arial, Helvetica, sans-serif;\"><span>Tanto es as\u00ed que de cara al viernes y s\u00e1bado, <strong>las m\u00e1ximas podr\u00edan incluso rozar puntualmente los 40\u00baC<\/strong> en las zonas m\u00e1s calurosas de Extremadura, Andaluc\u00eda y el sur de Portugal, sobre todo en esa \u00faltima zona.<\/span><\/span><\/span><\/span><\/p>\n<p align=\"LEFT\"><span style=\"color: #000000;\"><span style=\"font-size: 12px;\"><span style=\"font-family: Arial, Helvetica, sans-serif;\"><span>Si echamos un vistazo al an\u00e1lisis que encabeza este post, podemos observar perfectamente por qu\u00e9 se produce este ascenso de las temperaturas y ese desalojo de aire c\u00e1lido desde el norte de \u00c1frica:<\/span><\/span><\/span><\/span><\/p>\n<p align=\"LEFT\"><span style=\"color: #000000;\"><span style=\"font-size: 12px;\"><span style=\"font-family: Arial, Helvetica, sans-serif;\"><span>-Y es que <strong>el acercamiento de una <em>vaguada<\/em><\/strong> desde el oeste que impone vientos del sur y suroeste, junto con la presencia de un anticicl\u00f3n sobre el interior de Europa, generan una situaci\u00f3n de vientos del sur y sureste que arrastran esa masa de aire c\u00e1lido que suele acumularse sobre el desierto del Sahara.<\/span><\/span><\/span><\/span><\/p>\n<p align=\"LEFT\"><span style=\"color: #000000;\"><span style=\"font-size: 12px;\"><span style=\"font-family: Arial, Helvetica, sans-serif;\"><span>Estamos pr\u00e1cticamente arrancando motores de cara al verano, y esta gran masa de aire c\u00e1lido que habitualmente ocupa todo el interior de \u00c1frica a\u00fan no se encuentra en su m\u00e1ximo esplendor, pero a\u00fan as\u00ed durante los pr\u00f3ximos d\u00edas hablaremos de <strong>temperaturas bastante elevadas<\/strong>, e incluso de <strong>valores por encima de lo que es normal<\/strong> para esta primera mitad del mes de Junio.<\/span><\/span><\/span><\/span><\/p>\n<p align=\"LEFT\"><span style=\"color: #000000;\"><span style=\"font-size: 12px;\"><span style=\"font-family: Arial, Helvetica, sans-serif;\"><span>Cabe destacar que durante esta situaci\u00f3n de altas temperaturas, predominar\u00e1n vientos del este y noreste, el <em>Solano<\/em> que llamamos en Extremadura, cuyo efecto en las temperaturas suele traducirse en <strong>valores m\u00e1s altos de los que est\u00e1n previstos<\/strong>, debido a que este viento nos llega <strong>muy seco y recalentado<\/strong> al atravesar gran parte de la Pen\u00ednsula Ib\u00e9rica.\u00a0<\/span><\/span><\/span><\/span><span style=\"font-size: 12px; font-family: Arial, Helvetica, sans-serif;\">As\u00ed que no ser\u00eda raro que durante los pr\u00f3ximos d\u00edas se acaben registrando temperaturas algo m\u00e1s altas que las que est\u00e1n previstas inicialmente.<\/span><\/p>\n<p align=\"LEFT\"><span style=\"font-size: 12px; font-family: Arial, Helvetica, sans-serif;\">Con esta situaci\u00f3n, tal y como est\u00e1n ahora mismo los modelos, cabe esperar m\u00e1ximas de, al menos, <strong>37-38\u00baC en ciudades como Badajoz o M\u00e9rida<\/strong>, aunque en general pasaremos de los 35\u00baC en\u00a0casi<\/span><span style=\"font-size: 12px; font-family: Arial, Helvetica, sans-serif;\">\u00a0cualquier punto de la regi\u00f3n, excepto en zonas de sierra por donde ser\u00e1n algo m\u00e1s bajas, pero tambi\u00e9n con ambiente caluroso.<\/span><\/p>\n<p align=\"LEFT\"><span style=\"font-size: 12px; font-family: Arial, Helvetica, sans-serif;\">Y no s\u00f3lo las m\u00e1ximas ser\u00e1n altas, las temperaturas m\u00ednimas subir\u00e1n bastante hacia el fin de semana. El viernes y s\u00e1bado no bajar\u00e1n de los 20 \u00f3 22\u00baC; ojo, hablamos de m\u00ednimas, eso significa que en algunas zonas estaremos por encima de los 23-25\u00baC durante gran parte de la madrugada, as\u00ed que <strong>noches bastante templadas<\/strong>.<\/span><\/p>\n<p style=\"text-align: center;\" align=\"LEFT\"><strong><span style=\"color: #000000;\"><span style=\"font-size: 12px;\"><span style=\"font-family: Arial, Helvetica, sans-serif;\"><a title=\"Ampliar imagen\" href=\"http:\/\/nsae01.casimages.net\/img\/2014\/06\/10\/140610122920169363.png\" target=\"_blank\" rel=\"external nofollow\"><img loading=\"lazy\" class=\"aligncenter\" title=\"Ampliar imagen\" src=\"\/\/nsae01.casimages.net\/img\/2014\/06\/10\/140610122920169363.png\" alt=\"\" width=\"545\" height=\"380\" \/><\/a>Concentraciones de polvo en suspensi\u00f3n previstas para el d\u00eda 12 de Junio 2014, 18Z &#8211; Modelo SKIRON<\/span><\/span><\/span><\/strong><\/p>\n<p align=\"LEFT\"><span style=\"color: #000000;\"><span style=\"font-size: 12px;\"><span style=\"font-family: Arial, Helvetica, sans-serif;\"><span>Pendientes tambi\u00e9n de una <strong>posible advecci\u00f3n de polvo sahariano hacia la pen\u00ednsula<\/strong>, que podr\u00eda venir acompa\u00f1ando a la masa de aire c\u00e1lido. Eso podr\u00e1 provocar amaneceres y atardeceres rojizos y cargados de polvo en suspensi\u00f3n, as\u00ed como la presencia de cielos blanquecinos en las horas centrales del d\u00eda. Vamos, un ambiente de pleno verano!<\/span><\/span><\/span><\/span><\/p>\n<p align=\"LEFT\"><span style=\"color: #000000;\"><span style=\"font-size: 12px;\"><span style=\"font-family: Arial, Helvetica, sans-serif;\"><span>En cuanto al estado del cielo, por lo general no tendremos demasiada nubosidad, pero s\u00ed habr\u00e1 que estar atentos a la <strong>posibilidad de chubascos y tormentas<\/strong> durante la tarde del mi\u00e9rcoles y jueves, sobre todo hacia el este y sureste de la regi\u00f3n y, ojo, porque localmente podr\u00edan ser intensas.<\/span><\/span><\/span><\/span><\/p>\n<p align=\"LEFT\"><span style=\"font-family: Arial, Helvetica, sans-serif; font-size: 12px;\">En principio el fin de semana <strong>se presenta bastante estable<\/strong>, pero en zonas de sierra son probables algunos chubascos debido al calor que vayamos acumulando en los pr\u00f3ximos d\u00edas; nada importante. Las temperaturas bajar\u00e1n algo a partir del s\u00e1bado, pero todav\u00eda seguir\u00edamos con valores bastante altos, rondando los 36-37\u00baC de m\u00e1xima.<\/span><\/p>\n<p style=\"text-align: center;\"><a title=\"Ampliar imagen\" href=\"http:\/\/nsae01.casimages.net\/img\/2014\/06\/10\/140610115201363199.png\" target=\"_blank\" rel=\"external nofollow\"><img loading=\"lazy\" class=\"aligncenter\" title=\"Ampliar imagen\" src=\"\/\/nsae01.casimages.net\/img\/2014\/06\/10\/140610115201363199.png\" alt=\"\" width=\"529\" height=\"395\" \/><\/a><\/p>\n<p style=\"text-align: center;\" align=\"LEFT\"><span style=\"color: #000000;\"><span style=\"font-size: 12px;\"><span style=\"font-family: Arial, Helvetica, sans-serif;\"><span><strong>Predicci\u00f3n de radiaci\u00f3n UV en condiciones de cielo despejado para el 14 Junio &#8211; AEMET<\/strong><\/span><\/span><\/span><\/span><\/p>\n<p align=\"LEFT\"><span style=\"color: #000000;\"><span style=\"font-size: 12px;\"><span style=\"font-family: Arial, Helvetica, sans-serif;\"><span><strong><\/strong>Y con el &#8220;buen tiempo&#8221;, mucha precauci\u00f3n si tom\u00e1is el Sol durante el fin de semana porque el \u00edndice ultravioleta ya est\u00e1 en valores bastante altos, as\u00ed que, ante exposiciones prolongadas a pleno Sol, usad siempre protector solar. Y por supuesto ojo con el calor, porque parece que el verano meteorol\u00f3gico se adelanta al astron\u00f3mico, y viene con temperaturas bastante altas, que no remitir\u00e1n hasta la semana que viene.<\/span><\/span><\/span><\/span><\/p>\n<p align=\"LEFT\"><span style=\"color: #000000;\"><span style=\"font-size: 12px;\"><span style=\"font-family: Arial, Helvetica, sans-serif;\">Seguiremos pendientes la evoluci\u00f3n de esta situaci\u00f3n en <a href=\"https:\/\/www.facebook.com\/MeteoBadajoz\" target=\"_blank\" rel=\"external nofollow\">Facebook<\/a> y <a href=\"https:\/\/twitter.com\/MeteoBadajoz\" target=\"_blank\" rel=\"external nofollow\">Twitter<\/a>.<\/span><\/span><\/span><\/p>\n<p align=\"CENTER\"><span style=\"color: #808080;\"><span style=\"font-size: 12px;\"><span style=\"font-family: Arial, Helvetica, sans-serif;\">Por Javier Pi\u00f1ero Fuentes &#8211; \u00a9 MeteoBadajoz 2014<\/span><\/span><\/span><\/p>\n<p align=\"CENTER\"><span style=\"color: #808080;\"><span style=\"font-size: 12px;\"><span style=\"font-family: arial, sans-serif;\">meteobadajoz@gmail.com<\/span><\/span><\/span><\/p>\n<p align=\"CENTER\"><strong><span style=\"color: #000000;\"><span style=\"font-size: 12px;\"><span style=\"font-family: Arial, Helvetica, sans-serif;\"><span>Puedes seguir cada situaci\u00f3n a trav\u00e9s de la cuenta de Twitter <\/span><\/span><\/span><\/span><\/strong><strong><a href=\"https:\/\/twitter.com\/MeteoBadajoz\" target=\"_blank\" rel=\"external nofollow\"><span style=\"color: #ff0000;\"><span style=\"font-size: 12px;\"><span style=\"font-family: Arial, Helvetica, sans-serif;\"><span>@MeteoBadajoz<\/span><\/span><\/span><\/span><\/a><\/strong><strong><span style=\"color: #000000;\"><span style=\"font-size: 12px;\"><span style=\"font-family: Arial, Helvetica, sans-serif;\"><span>, o Facebook <\/span><\/span><\/span><\/span><\/strong><strong><a href=\"https:\/\/www.facebook.com\/pages\/MeteoBadajoz\/236436716399890\" target=\"_blank\" rel=\"external nofollow\"><span style=\"color: #ff0000;\"><span style=\"font-size: 12px;\"><span style=\"font-family: Arial, Helvetica, sans-serif;\"><span>MeteoBadajoz<\/span><\/span><\/span><\/span><\/a><\/strong><strong><span style=\"color: #000000;\"><span style=\"font-size: 12px;\"><span style=\"font-family: Arial, Helvetica, sans-serif;\"><span>, donde estar\u00e1s informado en todo momento de c\u00f3mo evolucionan los d\u00edas, as\u00ed como de noticias de inter\u00e9s meteorol\u00f3gico.<\/span><\/span><\/span><\/span><\/strong><\/p>\n<p align=\"CENTER\"><strong><span style=\"color: #000000;\"><span style=\"font-size: 12px;\"><span style=\"font-family: Arial, Helvetica, sans-serif;\"><span><span style=\"text-decoration: underline;\"><strong>Si el art\u00edculo te ha parecido interesante, puedes ayudar a divulgarlo a trav\u00e9s de las redes sociales, con ayuda de los botones para compartir.<\/strong><\/span><\/span><\/span><\/span><\/span><\/strong><\/p>\n<p align=\"CENTER\"><strong><span style=\"color: #000000;\"><span style=\"font-size: 12px;\"><span style=\"font-family: Arial, Helvetica, sans-serif;\"><span>\u00a1\u00a1Gracias y un saludo a los lectores del blog!!<\/span><\/span><\/span><\/span><\/strong><\/p>\n<!-- AddThis Advanced Settings generic via filter on the_content --><!-- AddThis Share Buttons generic via filter on the_content -->","protected":false},"excerpt":{"rendered":"<p>\u00bb A mediados de esta semana se producir\u00e1 un important\u00edsimo ascenso de las temperaturas que nos dejar\u00e1 m\u00e1ximas alrededor o por encima de los 38\u00baC, y m\u00ednimas de 20-22\u00baC. Llega el verano (meteorol\u00f3gico)! Localizaci\u00f3n y dimensiones de la masa de aire c\u00e1lido que nos afectar\u00e1 en los pr\u00f3ximos d\u00edas desde el norte del continente africano [&hellip;]<!-- AddThis Advanced Settings generic via filter on get_the_excerpt --><!-- AddThis Share Buttons generic via filter on get_the_excerpt --><\/p>\n","protected":false},"author":75,"featured_media":0,"comment_status":"open","ping_status":"closed","sticky":false,"template":"","format":"standard","meta":[],"categories":[4,5],"tags":[7,11,18,26,38,44,89,128],"_links":{"self":[{"href":"https:\/\/blogs.hoy.es\/meteobadajoz\/wp-json\/wp\/v2\/posts\/622"}],"collection":[{"href":"https:\/\/blogs.hoy.es\/meteobadajoz\/wp-json\/wp\/v2\/posts"}],"about":[{"href":"https:\/\/blogs.hoy.es\/meteobadajoz\/wp-json\/wp\/v2\/types\/post"}],"author":[{"embeddable":true,"href":"https:\/\/blogs.hoy.es\/meteobadajoz\/wp-json\/wp\/v2\/users\/75"}],"replies":[{"embeddable":true,"href":"https:\/\/blogs.hoy.es\/meteobadajoz\/wp-json\/wp\/v2\/comments?post=622"}],"version-history":[{"count":0,"href":"https:\/\/blogs.hoy.es\/meteobadajoz\/wp-json\/wp\/v2\/posts\/622\/revisions"}],"wp:attachment":[{"href":"https:\/\/blogs.hoy.es\/meteobadajoz\/wp-json\/wp\/v2\/media?parent=622"}],"wp:term":[{"taxonomy":"category","embeddable":true,"href":"https:\/\/blogs.hoy.es\/meteobadajoz\/wp-json\/wp\/v2\/categories?post=622"},{"taxonomy":"post_tag","embeddable":true,"href":"https:\/\/blogs.hoy.es\/meteobadajoz\/wp-json\/wp\/v2\/tags?post=622"}],"curies":[{"name":"wp","href":"https:\/\/api.w.org\/{rel}","templated":true}]}}