{"id":626,"date":"2014-06-21T19:17:02","date_gmt":"2014-06-21T17:17:02","guid":{"rendered":"http:\/\/blogs.hoy.es\/meteobadajoz\/?p=626"},"modified":"2014-06-21T19:17:02","modified_gmt":"2014-06-21T17:17:02","slug":"verano-2014-algo-mas-calido-y-tormentoso-de-lo-normal","status":"publish","type":"post","link":"https:\/\/blogs.hoy.es\/meteobadajoz\/2014\/06\/21\/verano-2014-algo-mas-calido-y-tormentoso-de-lo-normal\/","title":{"rendered":"Verano 2014: algo m\u00e1s c\u00e1lido y tormentoso de lo normal"},"content":{"rendered":"<p align=\"LEFT\"><strong><span style=\"color: #000000;\"><span style=\"font-size: 15px;\"><span style=\"font-family: 'Segoe UI';\">\u00bb<\/span><\/span><span style=\"color: #000000;\"><span style=\"font-size: 15px;\"><span style=\"font-family: 'Segoe UI', sans-serif;\"> Los modelos estacionales prev\u00e9n un verano m\u00e1s caluroso de lo habitual, y con una mayor inestabilidad asociada a la formaci\u00f3n de tormentas, principalmente en el interior, este y norte peninsular. <\/span><\/span><\/span><\/span><\/strong><\/p>\n<p style=\"text-align: center;\" align=\"CENTER\"><strong><span style=\"color: #000000;\"><span style=\"font-size: 12px;\"><span style=\"font-family: Arial, Helvetica, sans-serif;\"><span><a title=\"Ampliar imagen\" href=\"http:\/\/nsae01.casimages.net\/img\/2014\/06\/21\/140621063331176682.png\" target=\"_blank\" rel=\"external nofollow\"><img loading=\"lazy\" class=\"aligncenter\" title=\"Ampliar imagen\" src=\"\/\/nsae01.casimages.net\/img\/2014\/06\/21\/140621063331176682.png\" alt=\"\" width=\"650\" height=\"366\" \/><\/a>Esquema del solsticio de verano y la predicci\u00f3n estacional para este verano 2014<\/span><\/span><\/span><\/span><\/strong><\/p>\n<p align=\"LEFT\"><span style=\"color: #000000;\"><span style=\"font-size: 12px;\"><span style=\"font-family: Arial, Helvetica, sans-serif;\"><span><strong>S\u00e1bado 21 de Junio 2014. <\/strong><\/span><\/span><\/span><span style=\"color: #000000;\"><span style=\"font-size: 12px;\"><span style=\"font-family: Arial, Helvetica, sans-serif;\"><span>\u00a1Ya es verano! Lo es oficialmente desde las 12:51 horas de este s\u00e1bado, aunque el verano meteorol\u00f3gico lo empezamos ya hace varios d\u00edas (el 1 de Junio), que adem\u00e1s nos dej\u00f3 la llegada del primer episodio de altas temperaturas en la Pen\u00ednsula Ib\u00e9rica, durante esta primera quincena del mes.<\/span><\/span><\/span><\/span><\/span><\/p>\n<p align=\"LEFT\"><span style=\"color: #000000;\"><span style=\"font-size: 12px;\"><span style=\"font-family: Arial, Helvetica, sans-serif;\"><span>Hoy vamos a analizar c\u00f3mo podr\u00eda ser el Verano 2014 en Espa\u00f1a usando, como siempre, las \u00faltimas actualizaciones de los modelos estacionales, pero sobre todo prestando especial atenci\u00f3n a lo mostrado por el modelo Europeo para estos tres pr\u00f3ximos meses (trimestre Julio-Agosto-Septiembre).<!--more--><\/span><\/span><\/span><\/span><\/p>\n<p align=\"LEFT\"><span style=\"color: #000000;\"><span style=\"font-size: 12px;\"><span style=\"font-family: Arial, Helvetica, sans-serif;\"><span>Merece la pena volver a insistir en la <strong>baja fiabilidad<\/strong> que poseen los modelos estacionales, todav\u00eda en fase de experimentaci\u00f3n, aunque es verdad que en varias ocasiones estos modelos han acertado en sus pron\u00f3sticos. A pesar de todo, los modelos estacionales s\u00ed pueden ayudarnos a marcar tendencias a un mes vista.<\/span><\/span><\/span><\/span><\/p>\n<p><span style=\"font-family: Arial, Helvetica, sans-serif;\"><span style=\"font-size: 12px;\"><span>-Como ya se ha comentado en m\u00e1s de una ocasi\u00f3n, cabe mencionar que los modelos utilizados para predicciones a tan largo plazo, <strong>no tienen nada que ver con los modelos meteorol\u00f3gicos usados para elaborar la predicci\u00f3n diaria<\/strong>, ya que los modelos estacionales, adem\u00e1s de tener en cuenta datos de la interacci\u00f3n oc\u00e9ano-atm\u00f3sfera-Tierra, usan <strong>datos probabil\u00edsticos<\/strong> que determinan la tendencia general de la estaci\u00f3n del a\u00f1o correspondiente.<\/span><\/span><\/span><\/p>\n<p><span style=\"font-family: Arial, Helvetica, sans-serif;\"><span style=\"font-size: 12px;\"><span>Es decir, estos modelos tienen en cuenta situaciones anteriores, ya vividas a\u00f1os atr\u00e1s, estableciendo una tendencia m\u00e1s probable, en funci\u00f3n de los patrones atmosf\u00e9ricos que hayan marcado las semanas previas al mes o meses de predicci\u00f3n. Y ya sabemos que en meteorolog\u00eda, no por tener un invierno c\u00e1lido vamos a tener necesariamente un verano fresco&#8230;<\/span><\/span><\/span><\/p>\n<p><span style=\"color: #ffffff;\">.<\/span><\/p>\n<p><span style=\"font-family: Arial, Helvetica, sans-serif;\"><span style=\"font-size: 20px;\"><span><strong>-Verano 2014, \u00bfva a ser caluroso?<\/strong><\/span><\/span><\/span><\/p>\n<p><span style=\"font-family: Arial, Helvetica, sans-serif;\"><span style=\"font-size: 12px;\"><span>La respuesta es <strong>s\u00ed<\/strong>, porque aunque el verano acabe siendo (por ejemplo) m\u00e1s fresco de lo normal, eso no significa que no se alcancen los 40\u00baC en las Vegas del Guadiana o en el Valle del Guadalquivir. Para poder tener un verano no caluroso en nuestro pa\u00eds ser\u00eda necesaria una cat\u00e1strofe natural que altere enormemente la circulaci\u00f3n atmosf\u00e9rica a nivel global, como la erupci\u00f3n de un gran volc\u00e1n o fen\u00f3menos naturales semejantes, de un <strong>gran impacto mundial<\/strong> en nuestro clima.<\/span><\/span><\/span><\/p>\n<p><span style=\"font-family: Arial, Helvetica, sans-serif;\"><span style=\"font-size: 12px;\"><span>Este verano parece que ser\u00e1 incluso algo <strong>m\u00e1s c\u00e1lido de lo normal<\/strong>, es decir: si en un verano normal tenemos episodios de temperaturas m\u00e1ximas de 40\u00baC relativamente frecuentes en nuestro pa\u00eds, en un verano m\u00e1s c\u00e1lido podr\u00edamos tener o muchos m\u00e1s episodios de 40\u00baC, o menos episodios, pero ser m\u00e1s intensos, y dejarnos la media de las temperaturas por encima de lo normal.<\/span><\/span><\/span><\/p>\n<p><span style=\"font-family: Arial, Helvetica, sans-serif;\"><span style=\"font-size: 12px;\"><span>Por tanto, si se habla de un verano m\u00e1s caluroso, <strong>no significa<\/strong> que necesariamente se vayan a alcanzar los 45\u00baC, sino que habr\u00e1 m\u00e1s d\u00edas en los que se superen los 35 o 40\u00baC.<\/span><\/span><\/span><\/p>\n<p style=\"text-align: center;\" align=\"CENTER\"><span style=\"font-family: Arial, Helvetica, sans-serif;\"><span style=\"font-size: 12px;\"><span><strong><a title=\"Ampliar imagen\" href=\"http:\/\/nsae01.casimages.net\/img\/2014\/06\/21\/140621044344477198.png\" target=\"_blank\" rel=\"external nofollow\"><img loading=\"lazy\" class=\"aligncenter\" title=\"Ampliar imagen\" src=\"\/\/nsae01.casimages.net\/img\/2014\/06\/21\/140621044344477198.png\" alt=\"\" width=\"627\" height=\"430\" \/><\/a>Anomal\u00eda de temperatura en Europa para Julio-Agosto-Septiembre 2014 \u2013 Modelo IFS<\/strong><\/span><\/span><\/span><\/p>\n<p><span style=\"font-family: Arial, Helvetica, sans-serif;\"><span style=\"font-size: 12px;\"><span>El modelo europeo por ejemplo prev\u00e9 un trimestre Julio-Agosto-Septiembre de temperaturas <strong>por encima de lo normal en gran parte de Espa\u00f1a<\/strong>\u00a0(entre +0,5 y +1\u00baC), sobre todo por el este peninsular. Parece que ser\u00e1 por el oeste y suroeste por donde las temperaturas ser\u00e1n normales, o ligeramente inferiores a lo normal, en el caso del oeste y sur de Portugal.<\/span><\/span><\/span><\/p>\n<p><span style=\"font-family: Arial, Helvetica, sans-serif;\"><span style=\"font-size: 12px;\"><span>Destacan las importantes y extensas anomal\u00edas positivas de temperatura en gran parte de Europa, lo que nos est\u00e1 indicando que la dorsal norteafricana podr\u00eda afectarnos en numerosas ocasiones durante los pr\u00f3ximos meses, pudiendo llegar incluso hasta latitudes altas, hasta las regiones del norte de Europa.<\/span><\/span><\/span><\/p>\n<p><span style=\"color: #ffffff;\">.<\/span><\/p>\n<p><span style=\"font-family: Arial, Helvetica, sans-serif;\"><span style=\"font-size: 20px;\"><span><strong>\u00bfCabe esperar un verano 2014 seco o h\u00famedo?<\/strong><\/span><\/span><\/span><\/p>\n<p><span style=\"font-family: Arial, Helvetica, sans-serif;\"><span style=\"font-size: 12px;\">Como todos sabemos, climatol\u00f3gicamente\u00a0<strong>los veranos son muy secos<\/strong> en gran parte del centro y sur peninsular, registr\u00e1ndose periodos de sequ\u00eda que f\u00e1cilmente pueden superar los 2 meses sin apenas registros de precipitaci\u00f3n destacables, pero este a\u00f1o las predicciones apuntan a que podr\u00eda ser un verano <strong>algo m\u00e1s h\u00famedo en zonas del interior<\/strong>, esto es; m\u00e1s tormentoso.<\/span><\/span><\/p>\n<p><span style=\"font-family: Arial, Helvetica, sans-serif;\"><span style=\"font-size: 12px;\">Aunque esto tampoco significa que vayamos a ver llover mucho durante el verano, sino que la actividad tormentosa en el interior de la pen\u00ednsula podr\u00e1 ser algo m\u00e1s destacable de lo normal. Veamos el por qu\u00e9:<\/span><\/span><\/p>\n<p style=\"text-align: center;\" align=\"CENTER\"><span style=\"font-family: Arial, Helvetica, sans-serif;\"><span style=\"font-size: 12px;\"><span><strong><a title=\"Ampliar imagen\" href=\"http:\/\/nsae01.casimages.net\/img\/2014\/06\/21\/140621045502915325.png\" target=\"_blank\" rel=\"external nofollow\"><img loading=\"lazy\" class=\"aligncenter\" title=\"Ampliar imagen\" src=\"\/\/nsae01.casimages.net\/img\/2014\/06\/21\/140621045502915325.png\" alt=\"\" width=\"627\" height=\"430\" \/><\/a>Anomal\u00eda de precipitaci\u00f3n para Europa entre Julio-Agosto-Septiembre 2014 \u2013 Modelo IFS<\/strong><\/span><\/span><\/span><\/p>\n<p><span style=\"font-family: Arial, Helvetica, sans-serif;\"><span style=\"font-size: 12px;\"><span>Tanto las predicciones del modelo europeo (mapa superior), como las del modelo americano (mapa inferior), contemplan un trimestre Julio-Agosto-Septiembre marcado por <strong>precipitaciones algo por encima de lo normal<\/strong> hacia el interior, este y norte peninsular (por el sur en el caso del modelo europeo).<\/span><\/span><\/span><\/p>\n<p style=\"text-align: center;\" align=\"CENTER\"><span style=\"font-family: Arial, Helvetica, sans-serif;\"><span style=\"font-size: 12px;\"><span><strong><a title=\"Ampliar imagen\" href=\"http:\/\/nsae01.casimages.net\/img\/2014\/06\/21\/140621045705652584.png\" target=\"_blank\" rel=\"external nofollow\"><img loading=\"lazy\" class=\"aligncenter\" title=\"Ampliar imagen\" src=\"\/\/nsae01.casimages.net\/img\/2014\/06\/21\/140621045705652584.png\" alt=\"\" width=\"580\" height=\"442\" \/><\/a>Anomal\u00eda de precipitaci\u00f3n para Europa entre Julio-Agosto-Septiembre 2014 \u2013 Modelo CFS<\/strong><\/span><\/span><\/span><\/p>\n<p><span style=\"font-family: Arial, Helvetica, sans-serif;\"><span style=\"font-size: 12px;\"><span>Bien es cierto que el modelo americano (modelo CFS) es el que muestra bastante m\u00e1s precipitaci\u00f3n sobre la pen\u00ednsula que el modelo europeo (modelo IFS), pero en ambos se observa claramente bastante inestabilidad en zonas del sur y suroeste de Europa, e incluso en el norte de \u00c1frica&#8230; \u00bf\u00c9sto qu\u00e9 puede significar? Pues que quiz\u00e1s tengamos la llegada de <strong>embolsamientos de aire fr\u00edo en altura<\/strong> desde el Atl\u00e1ntico, que acaben coloc\u00e1ndose al oeste peninsular, provocando inestabilidad sobre la pen\u00ednsula, y el ascenso de la dorsal a trav\u00e9s del Mediterr\u00e1neo occidental, subiendo hacia el interior-norte de Europa.<\/span><\/span><\/span><\/p>\n<p><span style=\"font-family: Arial, Helvetica, sans-serif;\"><span style=\"font-size: 12px;\"><span>Si observamos a continuaci\u00f3n el siguiente mapa de anomal\u00edas para el mismo trimestre de referencia que hemos usado anteriormente, podemos comprobar que, justo al oeste peninsular, se muestran anomal\u00edas \u201cnormales\u201d dentro de una amplia zona de anomal\u00edas positivas.<\/span><\/span><\/span><\/p>\n<p style=\"text-align: center;\" align=\"CENTER\"><span style=\"font-family: Arial, Helvetica, sans-serif;\"><span style=\"font-size: 12px;\"><span><strong><a title=\"Ampliar imagen\" href=\"http:\/\/nsae01.casimages.net\/img\/2014\/06\/21\/140621050124826646.png\" target=\"_blank\" rel=\"external nofollow\"><img loading=\"lazy\" class=\"aligncenter\" title=\"Ampliar imagen\" src=\"\/\/nsae01.casimages.net\/img\/2014\/06\/21\/140621050124826646.png\" alt=\"\" width=\"513\" height=\"470\" \/><\/a>Anomal\u00eda de altura geopotencial para Europa entre Julio-Agosto-Septiembre 2014 \u2013 Modelo IFS<\/strong><\/span><\/span><\/span><\/p>\n<p><span style=\"font-family: Arial, Helvetica, sans-serif;\"><span style=\"font-size: 12px;\"><span>Esto justificar\u00eda el hecho de que las temperaturas podr\u00e1n ser m\u00e1s altas de lo normal en gran parte de Europa, puesto que, en los pr\u00f3ximos meses, podr\u00eda ser probable la presencia de <strong>vaguadas o embolsamientos de aire fr\u00edo<\/strong> en altura al oeste peninsular que, con relativa frecuencia, generen importante <strong>actividad tormentosa<\/strong> en todo el interior, este y norte de Espa\u00f1a, norte del continente africano, junto con otros pa\u00edses del sur y suroeste de Europa.<\/span><\/span><\/span><\/p>\n<p><span style=\"font-family: Arial, Helvetica, sans-serif;\"><span style=\"font-size: 12px;\"><span>Asimismo una posible situaci\u00f3n de temperaturas m\u00e1s calurosas cuanto m\u00e1s al este peninsular, y valores algo m\u00e1s suaves por el oeste, debido a la entrada de vientos de oeste y suroeste que suavicen las temperaturas.<\/span><\/span><\/span><\/p>\n<p><span style=\"font-family: Arial, Helvetica, sans-serif;\"><span style=\"font-size: 12px;\"><span>Para que nos hagamos una idea, ser\u00edan situaciones parecidas a las que hemos tenido durante este mes de Junio, en las que una borrasca quedaba est\u00e1tica al oeste de Europa, y toda la mitad occidental e interior del continente europeo sufr\u00eda, en primer lugar, <strong>temperaturas muy altas<\/strong> y, posteriormente, un <strong>episodio de tormentas generalizadas<\/strong>.<\/span><\/span><\/span><\/p>\n<p><span style=\"font-family: Arial, Helvetica, sans-serif;\"><span style=\"font-size: 12px;\"><span>Embolsamientos de aire fr\u00edo que d\u00edas despu\u00e9s acababan en el Mediterr\u00e1neo generando <strong>importantes tormentas<\/strong> en los pa\u00edses del sur y este de Europa, que tambi\u00e9n queda reflejado en los mapas anteriormente mostrados.<\/span><\/span><\/span><\/p>\n<p><span style=\"font-family: Arial, Helvetica, sans-serif;\"><span style=\"font-size: 12px;\"><span>As\u00ed pues parece que el Verano 2014, en Espa\u00f1a, estar\u00eda marcado por temperaturas algo m\u00e1s calurosas de lo normal en gran parte del territorio y, eso s\u00ed, con mayor inestabilidad en zonas del interior, debido a la formaci\u00f3n de chubascos y tormentas que, con cierta frecuencia, podr\u00edan afectar a dichas zonas.<\/span><\/span><\/span><\/p>\n<p><span style=\"font-family: Arial, Helvetica, sans-serif;\"><span style=\"font-size: 12px;\"><span>-Desde aqu\u00ed avisamos de que lo que se ha expuesto anteriormente <strong>NO TIENE POR QU\u00c9 CUMPLIRSE<\/strong> ya que son pron\u00f3sticos <strong>TE\u00d3RICOS<\/strong>, muy generales y que carecen de una fiabilidad medianamente aceptable, aunque el modelo europeo s\u00ed es algo mejor que el americano.<\/span><\/span><\/span><\/p>\n<p><span style=\"font-family: Arial, Helvetica, sans-serif;\"><span style=\"font-size: 12px;\">Veremos qu\u00e9 es lo que acaba pasando durante estos 3 pr\u00f3ximos meses. Lo seguiremos como siempre en nuestra <a href=\"https:\/\/www.facebook.com\/MeteoBadajoz\" target=\"_blank\" rel=\"external nofollow\">p\u00e1gina de Facebook<\/a>, o tambi\u00e9n a trav\u00e9s de nuestro <a href=\"https:\/\/twitter.com\/MeteoBadajoz\" target=\"_blank\" rel=\"external nofollow\">perfil de Twitter<\/a>.<\/span><\/span><\/p>\n<p align=\"CENTER\"><span style=\"color: #808080;\"><span style=\"font-size: 12px;\"><span style=\"font-family: Arial, Helvetica, sans-serif;\">Por Javier Pi\u00f1ero Fuentes &#8211; \u00a9 MeteoBadajoz 2014<\/span><\/span><\/span><\/p>\n<p align=\"CENTER\"><span style=\"color: #808080;\"><span style=\"font-size: 12px;\"><span style=\"font-family: arial, sans-serif;\">meteobadajoz@gmail.com<\/span><\/span><\/span><\/p>\n<p align=\"CENTER\"><strong><span style=\"color: #000000;\"><span style=\"font-size: 12px;\"><span style=\"font-family: Arial, Helvetica, sans-serif;\"><span>Puedes seguir cada situaci\u00f3n a trav\u00e9s de la cuenta de Twitter <\/span><\/span><\/span><\/span><\/strong><strong><a href=\"https:\/\/twitter.com\/MeteoBadajoz\" target=\"_blank\" rel=\"external nofollow\"><span style=\"color: #ff0000;\"><span style=\"font-size: 12px;\"><span style=\"font-family: Arial, Helvetica, sans-serif;\"><span>@MeteoBadajoz<\/span><\/span><\/span><\/span><\/a><\/strong><strong><span style=\"color: #000000;\"><span style=\"font-size: 12px;\"><span style=\"font-family: Arial, Helvetica, sans-serif;\"><span>, o Facebook <\/span><\/span><\/span><\/span><\/strong><strong><a href=\"https:\/\/www.facebook.com\/pages\/MeteoBadajoz\/236436716399890\" target=\"_blank\" rel=\"external nofollow\"><span style=\"color: #ff0000;\"><span style=\"font-size: 12px;\"><span style=\"font-family: Arial, Helvetica, sans-serif;\"><span>MeteoBadajoz<\/span><\/span><\/span><\/span><\/a><\/strong><strong><span style=\"color: #000000;\"><span style=\"font-size: 12px;\"><span style=\"font-family: Arial, Helvetica, sans-serif;\"><span>, donde estar\u00e1s informado en todo momento de c\u00f3mo evolucionan los d\u00edas, as\u00ed como de noticias de inter\u00e9s meteorol\u00f3gico.<\/span><\/span><\/span><\/span><\/strong><\/p>\n<p align=\"CENTER\"><strong><span style=\"color: #000000;\"><span style=\"font-size: 12px;\"><span style=\"font-family: Arial, Helvetica, sans-serif;\"><span><span style=\"text-decoration: underline;\"><strong>Si el art\u00edculo te ha parecido interesante, puedes ayudar a divulgarlo a trav\u00e9s de las redes sociales, con ayuda de los botones para compartir.<\/strong><\/span><\/span><\/span><\/span><\/span><\/strong><\/p>\n<p align=\"CENTER\"><strong><span style=\"color: #000000;\"><span style=\"font-size: 12px;\"><span style=\"font-family: Arial, Helvetica, sans-serif;\"><span>\u00a1\u00a1Gracias y un saludo a los lectores del blog!!<\/span><\/span><\/span><\/span><\/strong><\/p>\n<!-- AddThis Advanced Settings generic via filter on the_content --><!-- AddThis Share Buttons generic via filter on the_content -->","protected":false},"excerpt":{"rendered":"<p>\u00bb Los modelos estacionales prev\u00e9n un verano m\u00e1s caluroso de lo habitual, y con una mayor inestabilidad asociada a la formaci\u00f3n de tormentas, principalmente en el interior, este y norte peninsular. Esquema del solsticio de verano y la predicci\u00f3n estacional para este verano 2014 S\u00e1bado 21 de Junio 2014. \u00a1Ya es verano! Lo es oficialmente [&hellip;]<!-- AddThis Advanced Settings generic via filter on get_the_excerpt --><!-- AddThis Share Buttons generic via filter on get_the_excerpt --><\/p>\n","protected":false},"author":75,"featured_media":0,"comment_status":"open","ping_status":"closed","sticky":false,"template":"","format":"standard","meta":[],"categories":[4,5],"tags":[7,15,16,38,89,100,102,125,147,150],"_links":{"self":[{"href":"https:\/\/blogs.hoy.es\/meteobadajoz\/wp-json\/wp\/v2\/posts\/626"}],"collection":[{"href":"https:\/\/blogs.hoy.es\/meteobadajoz\/wp-json\/wp\/v2\/posts"}],"about":[{"href":"https:\/\/blogs.hoy.es\/meteobadajoz\/wp-json\/wp\/v2\/types\/post"}],"author":[{"embeddable":true,"href":"https:\/\/blogs.hoy.es\/meteobadajoz\/wp-json\/wp\/v2\/users\/75"}],"replies":[{"embeddable":true,"href":"https:\/\/blogs.hoy.es\/meteobadajoz\/wp-json\/wp\/v2\/comments?post=626"}],"version-history":[{"count":0,"href":"https:\/\/blogs.hoy.es\/meteobadajoz\/wp-json\/wp\/v2\/posts\/626\/revisions"}],"wp:attachment":[{"href":"https:\/\/blogs.hoy.es\/meteobadajoz\/wp-json\/wp\/v2\/media?parent=626"}],"wp:term":[{"taxonomy":"category","embeddable":true,"href":"https:\/\/blogs.hoy.es\/meteobadajoz\/wp-json\/wp\/v2\/categories?post=626"},{"taxonomy":"post_tag","embeddable":true,"href":"https:\/\/blogs.hoy.es\/meteobadajoz\/wp-json\/wp\/v2\/tags?post=626"}],"curies":[{"name":"wp","href":"https:\/\/api.w.org\/{rel}","templated":true}]}}