{"id":629,"date":"2014-07-16T13:09:21","date_gmt":"2014-07-16T11:09:21","guid":{"rendered":"http:\/\/blogs.hoy.es\/meteobadajoz\/?p=629"},"modified":"2014-07-16T13:09:21","modified_gmt":"2014-07-16T11:09:21","slug":"el-calor-dara-una-tregua","status":"publish","type":"post","link":"https:\/\/blogs.hoy.es\/meteobadajoz\/2014\/07\/16\/el-calor-dara-una-tregua\/","title":{"rendered":"El calor dar\u00e1 una tregua durante el fin de semana en gran parte de Espa\u00f1a"},"content":{"rendered":"<p align=\"LEFT\"><strong><span style=\"color: #000000;\"><span style=\"font-size: 15px;\"><span style=\"font-family: 'Segoe UI';\">\u00bb<\/span><\/span><span style=\"color: #000000;\"><span style=\"font-size: 15px;\"><span style=\"font-family: 'Segoe UI', sans-serif;\"> La masa de aire c\u00e1lido que nos est\u00e1 afectando estos d\u00edas se desplazar\u00e1 hacia el Mediterr\u00e1neo, haciendo que por el oeste tengamos temperaturas menos calurosas e incluso algunas precipitaciones durante el fin de semana.<\/span><\/span><\/span><\/span><\/strong><\/p>\n<p style=\"text-align: center;\" align=\"CENTER\"><strong><span style=\"color: #000000;\"><span style=\"font-size: 12px;\"><span style=\"font-family: Arial, Helvetica, sans-serif;\"><span><a title=\"Ampliar imagen\" href=\"http:\/\/nsae01.casimages.net\/img\/2014\/07\/16\/140716125418531548.png\" target=\"_blank\" rel=\"external nofollow\"><img loading=\"lazy\" class=\"aligncenter\" title=\"Ampliar imagen\" src=\"\/\/nsae01.casimages.net\/img\/2014\/07\/16\/140716125418531548.png\" alt=\"\" width=\"605\" height=\"305\" \/><\/a>Anomal\u00eda de temperatura superficial entre este mi\u00e9rcoles y el fin de semana<\/span><\/span><\/span><\/span><\/strong><\/p>\n<p align=\"LEFT\"><span style=\"color: #000000;\"><span style=\"font-size: 12px;\"><span style=\"font-family: Arial, Helvetica, sans-serif;\"><span><strong>Mi\u00e9rcoles 16 de Julio 2014. <\/strong><\/span><\/span><\/span><span style=\"color: #000000;\"><span style=\"font-size: 12px;\"><span style=\"font-family: Arial, Helvetica, sans-serif;\"><span>Hoy mi\u00e9rcoles es el d\u00eda <strong>m\u00e1s caluroso de este episodio de altas temperaturas<\/strong> que ya nos ha dejado m\u00e1ximas por encima de los 38\u00baC en numerosas localidades de Extremadura, e incluso por encima de los 40\u00baC en Castuera (dato oficial) y tambi\u00e9n dentro del casco urbano de la ciudad de Badajoz, donde al menos dos estaciones meteorol\u00f3gicas (no oficiales) han superado ya esa barrera de los 40.<!--more--><\/span><\/span><\/span><\/span><\/span><\/p>\n<p align=\"LEFT\"><span style=\"color: #000000;\"><span style=\"font-size: 12px;\"><span style=\"font-family: Arial, Helvetica, sans-serif;\"><span>Hoy seguramente volveremos a sobrepasar ese valor en las Vegas del Guadiana, y se extender\u00e1n los 38\u00baC a muchas m\u00e1s zonas que en los \u00faltimos d\u00edas. Calor bastante intenso, pero <strong>propio de la \u00e9poca del a\u00f1o en la que estamos<\/strong>. En algunos sitios ya se ha hablando de \u201c<em>ola de calor<\/em>\u201d, pero lo de estos d\u00edas no es nada at\u00edpico del verano espa\u00f1ol. S\u00ed era at\u00edpico lo que ha venido sucediendo en las \u00faltimas semanas, en las que las temperaturas eran demasiado bajas para estar en Julio y el ambiente bastante inestable.<\/span><\/span><\/span><\/span><\/p>\n<p align=\"LEFT\"><span style=\"color: #000000;\"><span style=\"font-size: 12px;\"><span style=\"font-family: Arial, Helvetica, sans-serif;\"><span>A pesar de todo, estas temperaturas tan altas de ahora <strong>ir\u00e1n a menos en los pr\u00f3ximos d\u00edas<\/strong>, porque la masa de aire c\u00e1lido se desplazar\u00e1 hacia el este, a zonas del Mediterr\u00e1neo, empujada por el avance de una masa de aire bastante m\u00e1s fresca desde el Atl\u00e1ntico, que har\u00e1 bajar (y mucho) las temperaturas de cara a este fin de semana.<\/span><\/span><\/span><\/span><\/p>\n<p align=\"LEFT\"><span style=\"color: #000000;\"><span style=\"font-size: 12px;\"><span style=\"font-family: Arial, Helvetica, sans-serif;\"><span>Buena muestra de ello es el mapa que encabeza este post, en el que comparamos la situaci\u00f3n de estos d\u00edas de intenso calor, y la situaci\u00f3n para este pr\u00f3ximo fin de semana. Ah\u00ed vemos c\u00f3mo actualmente las temperaturas est\u00e1n <strong>por encima de la media<\/strong> en muchas zonas del pa\u00eds (colores rojizos), debido a que estamos en pleno episodio de calor, pero f\u00edjense de cara al fin de semana, porque <strong>bajar\u00e1n y bastante<\/strong> (colores azules).<\/span><\/span><\/span><\/span><\/p>\n<p align=\"LEFT\"><span style=\"color: #000000;\"><span style=\"font-size: 12px;\"><span style=\"font-family: Arial, Helvetica, sans-serif;\"><span>\u00c9sto no significa que vayamos a tener ambiente fr\u00edo, ni mucho menos, lo que ocurre es que est\u00e1n tan altas que ese descenso del fin de semana suavizar\u00e1 las temperaturas, sobre todo cuanto m\u00e1s al oeste, donde el descenso ser\u00eda incluso de <strong>m\u00e1s de 10\u00baC con respecto a estos d\u00edas<\/strong> de intenso calor.<\/span><\/span><\/span><\/span><\/p>\n<p style=\"text-align: center;\" align=\"CENTER\"><span style=\"color: #000000;\"><span style=\"font-size: 12px;\"><span style=\"font-family: Arial, Helvetica, sans-serif;\"><span><strong><a title=\"Ampliar imagen\" href=\"http:\/\/nsae01.casimages.net\/img\/2014\/07\/16\/140716125633706035.png\" target=\"_blank\" rel=\"external nofollow\"><img loading=\"lazy\" class=\"aligncenter\" title=\"Ampliar imagen\" src=\"\/\/nsae01.casimages.net\/img\/2014\/07\/16\/140716125633706035.png\" alt=\"\" width=\"630\" height=\"409\" \/><\/a>Evoluci\u00f3n de las temperaturas a 850 hPa (1.500 metros) 16-20 de Julio 2014<\/strong><\/span><\/span><\/span><\/span><\/p>\n<p align=\"LEFT\"><span style=\"color: #000000;\"><span style=\"font-size: 12px;\"><span style=\"font-family: Arial, Helvetica, sans-serif;\"><span>En el mapa superior podemos observar la evoluci\u00f3n de la masa de aire c\u00e1lido para los pr\u00f3ximos d\u00edas, en el que vemos ese desplazamiento hacia el este, y su retirada de gran pare de la pen\u00ednsula. Desde el Atl\u00e1ntico, una <strong>masa de aire m\u00e1s fresca y h\u00fameda<\/strong> empuja el aire c\u00e1lido, haciendo descender las temperaturas por todo el oeste (a partir del jueves), y extendi\u00e9ndose a otras zonas de la pen\u00ednsula en los d\u00edas siguientes.<\/span><\/span><\/span><\/span><\/p>\n<p align=\"LEFT\"><span style=\"color: #000000;\"><span style=\"font-size: 12px;\"><span style=\"font-family: Arial, Helvetica, sans-serif;\"><span>Por delante de esa masa de aire fr\u00edo viajar\u00e1 <strong>un frente que nos afectar\u00e1 el s\u00e1bado<\/strong>, sobre todo por el noroeste peninsular: norte de Portugal, Galicia, noroeste de Castilla Y Le\u00f3n, y de forma bastante m\u00e1s d\u00e9bil por el oeste y norte de Extremadura. Poca cosa en general por nuestra regi\u00f3n, donde veremos <strong>muchas nubes<\/strong>, pero<strong> tan s\u00f3lo algunas lloviznas<\/strong> que no acumular\u00edan demasiada cantidad de lluvia.<\/span><\/span><\/span><\/span><\/p>\n<p align=\"LEFT\"><span style=\"color: #000000;\"><span style=\"font-size: 12px;\"><span style=\"font-family: Arial, Helvetica, sans-serif;\"><span>Por tanto, episodio de calor no demasiado duradero el que estamos tiendo esta semana, aunque tampoco debemos fiarnos de la tregua del fin de semana, ya que las \u00faltimas actualizaciones de los modelos reflejan <strong>el regreso de las altas temperaturas para la pr\u00f3xima semana<\/strong>, con una situaci\u00f3n de calor igual como la de estos d\u00edas, o incluso ligeramente m\u00e1s importante.<\/span><\/span><\/span><\/span><\/p>\n<p align=\"LEFT\"><span style=\"color: #ffffff;\">.<\/span><\/p>\n<p align=\"CENTER\"><span style=\"color: #808080;\"><span style=\"font-size: 12px;\"><span style=\"font-family: Arial, Helvetica, sans-serif;\">Por Javier Pi\u00f1ero Fuentes &#8211; \u00a9 MeteoBadajoz 2014<\/span><\/span><\/span><\/p>\n<p align=\"CENTER\"><span style=\"color: #808080;\"><span style=\"font-size: 12px;\"><span style=\"font-family: arial, sans-serif;\">meteobadajoz@gmail.com<\/span><\/span><\/span><\/p>\n<p align=\"CENTER\"><strong><span style=\"color: #000000;\"><span style=\"font-size: 12px;\"><span style=\"font-family: Arial, Helvetica, sans-serif;\"><span>Puedes seguir cada situaci\u00f3n a trav\u00e9s de la cuenta de Twitter <\/span><\/span><\/span><\/span><\/strong><strong><a href=\"https:\/\/twitter.com\/MeteoBadajoz\" target=\"_blank\" rel=\"external nofollow\"><span style=\"color: #ff0000;\"><span style=\"font-size: 12px;\"><span style=\"font-family: Arial, Helvetica, sans-serif;\"><span>@MeteoBadajoz<\/span><\/span><\/span><\/span><\/a><\/strong><strong><span style=\"color: #000000;\"><span style=\"font-size: 12px;\"><span style=\"font-family: Arial, Helvetica, sans-serif;\"><span>, o Facebook <\/span><\/span><\/span><\/span><\/strong><strong><a href=\"https:\/\/www.facebook.com\/pages\/MeteoBadajoz\/236436716399890\" target=\"_blank\" rel=\"external nofollow\"><span style=\"color: #ff0000;\"><span style=\"font-size: 12px;\"><span style=\"font-family: Arial, Helvetica, sans-serif;\"><span>MeteoBadajoz<\/span><\/span><\/span><\/span><\/a><\/strong><strong><span style=\"color: #000000;\"><span style=\"font-size: 12px;\"><span style=\"font-family: Arial, Helvetica, sans-serif;\"><span>, donde estar\u00e1s informado en todo momento de c\u00f3mo evolucionan los d\u00edas, as\u00ed como de noticias de inter\u00e9s meteorol\u00f3gico.<\/span><\/span><\/span><\/span><\/strong><\/p>\n<p align=\"CENTER\"><strong><span style=\"color: #000000;\"><span style=\"font-size: 12px;\"><span style=\"font-family: Arial, Helvetica, sans-serif;\"><span><span style=\"text-decoration: underline;\"><strong>Si el art\u00edculo te ha parecido interesante, puedes ayudar a divulgarlo a trav\u00e9s de las redes sociales, con ayuda de los botones para compartir.<\/strong><\/span><\/span><\/span><\/span><\/span><\/strong><\/p>\n<p align=\"CENTER\"><strong><span style=\"color: #000000;\"><span style=\"font-size: 12px;\"><span style=\"font-family: Arial, Helvetica, sans-serif;\"><span>\u00a1\u00a1Gracias y un saludo a los lectores del blog!!<\/span><\/span><\/span><\/span><\/strong><\/p>\n<!-- AddThis Advanced Settings generic via filter on the_content --><!-- AddThis Share Buttons generic via filter on the_content -->","protected":false},"excerpt":{"rendered":"<p>\u00bb La masa de aire c\u00e1lido que nos est\u00e1 afectando estos d\u00edas se desplazar\u00e1 hacia el Mediterr\u00e1neo, haciendo que por el oeste tengamos temperaturas menos calurosas e incluso algunas precipitaciones durante el fin de semana. Anomal\u00eda de temperatura superficial entre este mi\u00e9rcoles y el fin de semana Mi\u00e9rcoles 16 de Julio 2014. Hoy mi\u00e9rcoles es [&hellip;]<!-- AddThis Advanced Settings generic via filter on get_the_excerpt --><!-- AddThis Share Buttons generic via filter on get_the_excerpt --><\/p>\n","protected":false},"author":75,"featured_media":0,"comment_status":"open","ping_status":"closed","sticky":false,"template":"","format":"standard","meta":[],"categories":[4,5],"tags":[7,11,12,15,16,38,88,150],"_links":{"self":[{"href":"https:\/\/blogs.hoy.es\/meteobadajoz\/wp-json\/wp\/v2\/posts\/629"}],"collection":[{"href":"https:\/\/blogs.hoy.es\/meteobadajoz\/wp-json\/wp\/v2\/posts"}],"about":[{"href":"https:\/\/blogs.hoy.es\/meteobadajoz\/wp-json\/wp\/v2\/types\/post"}],"author":[{"embeddable":true,"href":"https:\/\/blogs.hoy.es\/meteobadajoz\/wp-json\/wp\/v2\/users\/75"}],"replies":[{"embeddable":true,"href":"https:\/\/blogs.hoy.es\/meteobadajoz\/wp-json\/wp\/v2\/comments?post=629"}],"version-history":[{"count":0,"href":"https:\/\/blogs.hoy.es\/meteobadajoz\/wp-json\/wp\/v2\/posts\/629\/revisions"}],"wp:attachment":[{"href":"https:\/\/blogs.hoy.es\/meteobadajoz\/wp-json\/wp\/v2\/media?parent=629"}],"wp:term":[{"taxonomy":"category","embeddable":true,"href":"https:\/\/blogs.hoy.es\/meteobadajoz\/wp-json\/wp\/v2\/categories?post=629"},{"taxonomy":"post_tag","embeddable":true,"href":"https:\/\/blogs.hoy.es\/meteobadajoz\/wp-json\/wp\/v2\/tags?post=629"}],"curies":[{"name":"wp","href":"https:\/\/api.w.org\/{rel}","templated":true}]}}