{"id":632,"date":"2014-07-29T11:58:39","date_gmt":"2014-07-29T09:58:39","guid":{"rendered":"http:\/\/blogs.hoy.es\/meteobadajoz\/?p=632"},"modified":"2014-07-29T11:58:39","modified_gmt":"2014-07-29T09:58:39","slug":"agosto-empezara-con-un-nuevo-descenso-de-temperaturas","status":"publish","type":"post","link":"https:\/\/blogs.hoy.es\/meteobadajoz\/2014\/07\/29\/agosto-empezara-con-un-nuevo-descenso-de-temperaturas\/","title":{"rendered":"Agosto empezar\u00e1 con un nuevo descenso notable de temperaturas"},"content":{"rendered":"<p align=\"LEFT\"><strong><span style=\"color: #000000;\"><span style=\"font-size: 15px;\"><span style=\"font-family: 'Segoe UI';\">\u00bb<\/span><\/span><span style=\"color: #000000;\"><span style=\"font-size: 15px;\"><span style=\"font-family: 'Segoe UI', sans-serif;\"> El calor de estos \u00faltimos d\u00edas tiene los d\u00edas contados en el oeste y sur peninsular. Empezaremos Agosto 2014 con temperaturas bastante por debajo de lo normal.<\/span><\/span><\/span><\/span><\/strong><\/p>\n<p style=\"text-align: center;\" align=\"CENTER\"><strong><span style=\"color: #000000;\"><span style=\"font-size: 12px;\"><span style=\"font-family: Arial, Helvetica, sans-serif;\"><span><a title=\"Ampliar imagen\" href=\"http:\/\/nsae01.casimages.net\/img\/2014\/07\/29\/140729124219393035.png\" target=\"_blank\" rel=\"external nofollow\"><img loading=\"lazy\" class=\"aligncenter\" title=\"Ampliar imagen\" src=\"\/\/nsae01.casimages.net\/img\/2014\/07\/29\/140729124219393035.png\" alt=\"\" width=\"605\" height=\"305\" \/><\/a>Distribuci\u00f3n de las masa de aire en Europa y el Atl\u00e1ntico Norte &#8211; Modelo GFS<\/span><\/span><\/span><\/span><\/strong><\/p>\n<p align=\"LEFT\"><span style=\"color: #000000;\"><span style=\"font-size: 12px;\"><span style=\"font-family: Arial, Helvetica, sans-serif;\"><span><strong>Martes 29 de Julio 2014. <\/strong><\/span><\/span><\/span><span style=\"color: #000000;\"><span style=\"font-size: 12px;\"><span style=\"font-family: Arial, Helvetica, sans-serif;\"><span>Va llegando a su fin el mes de Julio, y de momento no estamos teniendo un verano excesivamente caluroso, aunque s\u00ed es cierto que hemos tenido un par de episodio de temperaturas bastante elevadas, pero en general no han durado demasiado, y \u201cs\u00f3lo\u201d hemos igualado o superado los 40\u00baC en contadas ocasiones.<!--more--><\/span><\/span><\/span><\/span><\/span><\/p>\n<p align=\"LEFT\"><span style=\"color: #000000;\"><span style=\"font-size: 12px;\"><span style=\"font-family: Arial, Helvetica, sans-serif;\"><span>En los pr\u00f3ximos d\u00edas, <strong>el verano nos dar\u00e1 una nueva tregua en las temperaturas<\/strong>, a pesar de que en las \u00faltimas jornadas tampoco estamos teniendo m\u00e1ximas tan calurosas, pero s\u00ed est\u00e1 siendo un calor moderado-intenso, pero sin excesos.<\/span><\/span><\/span><\/span><\/p>\n<p align=\"LEFT\"><span style=\"color: #000000;\"><span style=\"font-size: 12px;\"><span style=\"font-family: Arial, Helvetica, sans-serif;\"><span>Si estos d\u00edas estamos hablando de m\u00e1ximas alrededor de los 35-37\u00baC (puntualmente 38\u00baC), este pr\u00f3ximo fin de semana las m\u00e1ximas se quedar\u00edan en los 29-30\u00baC, siendo <strong>el s\u00e1bado el d\u00eda m\u00e1s fresco<\/strong> de esta situaci\u00f3n en Extremadura.<\/span><\/span><\/span><\/span><\/p>\n<p align=\"LEFT\"><span style=\"color: #000000;\"><span style=\"font-size: 12px;\"><span style=\"font-family: Arial, Helvetica, sans-serif;\">Ser\u00e1 una situaci\u00f3n muy parecida a la que tuvimos durante el fin de semana del 19-20 de este mes cuando, si record\u00e1is, <a href=\"https:\/\/blogs.hoy.es\/meteobadajoz\/2014\/07\/16\/el-calor-dara-una-tregua\/#.U9ds1vl_s80\" target=\"_blank\">tambi\u00e9n se produjo un descenso importante de las temperaturas<\/a>, de m\u00e1s de 10\u00baC en algunas zonas. \u00c9sta vez parece que <strong>no ser\u00e1 tan importante<\/strong>, ya que no venimos de temperaturas tan altas como s\u00ed las hubo durante aquella semana del mes, pero a\u00fan as\u00ed nos quedaremos con temperaturas demasiado por debajo de lo que toca para un mes de Agosto!<\/span><\/span><\/span><\/p>\n<p align=\"LEFT\"><span style=\"color: #000000;\"><span style=\"font-size: 12px;\"><span style=\"font-family: Arial, Helvetica, sans-serif;\"><span>Los cambios vendr\u00e1n, una vez m\u00e1s, de la mano de una masa de aire fr\u00edo, que desde el Atl\u00e1ntico Norte descender\u00e1 en latitud hasta pr\u00e1cticamente alcanzar la Pen\u00ednsula Ib\u00e9rica. Lo <strong>empezaremos a notar a partir de este jueves-viernes<\/strong>, cuando el empuje de la masa de aire fr\u00edo afecte a la dorsal norteafricana que t\u00edpicamente nos <em>achicharra<\/em> por estas fechas, y la acabe desplazando finalmente hacia el Mediterr\u00e1neo, quedando el aire c\u00e1lido bastante restringido al norte del continente africano.<\/span><\/span><\/span><\/span><\/p>\n<p align=\"LEFT\"><span style=\"color: #000000;\"><span style=\"font-size: 12px;\"><span style=\"font-family: Arial, Helvetica, sans-serif;\"><span>La raz\u00f3n de que \u00e9sto ocurra es, principalmente, <strong>por la ausencia del anticicl\u00f3n de las Azores<\/strong> sobre su archipi\u00e9lago, que evita el acercamiento de borrascas hacia la pen\u00ednsula, manteni\u00e9ndolas en latitudes bastante m\u00e1s altas. Pero actualmente este popular anticicl\u00f3n se encuentra <strong>bastante lejos de nosotros<\/strong>, concretamente frente a las cosas orientales de Canad\u00e1, debido a la presencia de una peque\u00f1a borrasca sobre Azores, que no hace m\u00e1s que taladrar la Troposfera, evitando que el anticicl\u00f3n de Azores se genere sobre dicho archipi\u00e9lago.<\/span><\/span><\/span><\/span><\/p>\n<p align=\"LEFT\"><span style=\"color: #000000;\"><span style=\"font-size: 12px;\"><span style=\"font-family: Arial, Helvetica, sans-serif;\"><span>Tambi\u00e9n merece la pena destacar la presencia de otro anticicl\u00f3n bastante extenso entre el oeste de Rusia, y el este del continente europeo que, junto con el anticicl\u00f3n de Azores en su posici\u00f3n an\u00f3mala, dejan un pasillo de vientos de norte y noroeste, hacia donde vierte el aire fr\u00edo procedente de latitudes altas.<\/span><\/span><\/span><\/span><\/p>\n<p align=\"LEFT\"><span style=\"color: #000000;\"><span style=\"font-size: 12px;\"><span style=\"font-family: Arial, Helvetica, sans-serif;\"><span>Todo eso lo vemos muy bien en el siguiente mapa, en el que se han reflejado la posici\u00f3n de los principales centros de acci\u00f3n presentes a nuestro lado del hemisferio, as\u00ed como el movimiento de las masas de aire:<\/span><\/span><\/span><\/span><\/p>\n<p style=\"text-align: center;\" align=\"CENTER\"><span style=\"color: #000000;\"><span style=\"font-size: 12px;\"><span style=\"font-family: Arial, Helvetica, sans-serif;\"><span><strong><a title=\"Ampliar imagen\" href=\"http:\/\/nsae01.casimages.net\/img\/2014\/07\/28\/140728100849175545.png\" target=\"_blank\" rel=\"external nofollow\"><img loading=\"lazy\" class=\"aligncenter\" title=\"Ampliar imagen\" src=\"\/\/nsae01.casimages.net\/img\/2014\/07\/28\/140728100849175545.png\" alt=\"\" width=\"605\" height=\"305\" \/><\/a>Posici\u00f3n de los centros de acci\u00f3n en Europa y el Atl\u00e1ntico Norte &#8211; Modelo GFS<\/strong><\/span><\/span><\/span><\/span><\/p>\n<p align=\"LEFT\"><span style=\"color: #000000;\"><span style=\"font-size: 12px;\"><span style=\"font-family: Arial, Helvetica, sans-serif;\"><span>N\u00f3tese c\u00f3mo al aire fr\u00edo no le queda m\u00e1s remedio que <strong>desalojar a trav\u00e9s del oeste de Europa<\/strong> y, posteriormente, hacia el Mediterr\u00e1neo, sobre todo en forma de embolsamientos de aire fr\u00edo en altura, lo cual genera mucha actividad tormentosa en numerosos pa\u00edses del oeste-interior-sur de Europa.<\/span><\/span><\/span><\/span><\/p>\n<p align=\"LEFT\"><span style=\"color: #000000;\"><span style=\"font-size: 12px;\"><span style=\"font-family: Arial, Helvetica, sans-serif;\"><span>A corto plazo parece que esa peque\u00f1a borrasca de Azores volver\u00eda a reintegrarse en la circulaci\u00f3n general, y el anticicl\u00f3n de las Azores <strong>podr\u00eda asentarse sobre su posici\u00f3n habitual<\/strong> a partir del 3-5 de Agosto, lo que quiz\u00e1s tambi\u00e9n podr\u00eda provocar el <strong>regreso de las altas temperaturas<\/strong> desde el sur peninsular, lo iremos siguiendo.<\/span><\/span><\/span><\/span><\/p>\n<p align=\"LEFT\"><span style=\"color: #000000;\"><span style=\"font-size: 12px;\"><span style=\"font-family: Arial, Helvetica, sans-serif;\"><span>De momento parece que toca un nuevo refrescamiento de las temperaturas durante este fin de semana, sobre todo por el interior y oeste peninsular, con algunas tormentas sobre todo en el norte de la pen\u00ednsula. En el resto, en principio, cielos poco nubosos y sin precipitaciones.<\/span><\/span><\/span><\/span><\/p>\n<p align=\"LEFT\"><span style=\"color: #ffffff;\">.<\/span><\/p>\n<p align=\"LEFT\"><strong><span style=\"color: #000000;\"><span style=\"font-size: 17px;\"><span style=\"font-family: Arial, Helvetica, sans-serif;\">\u00bfOto\u00f1o 2014 y comienzo de Invierno 2014-15 pasado por agua?<\/span><\/span><\/span><\/strong><\/p>\n<p style=\"text-align: center;\" align=\"LEFT\"><strong><span style=\"color: #000000;\"><span style=\"font-size: 12px;\"><span style=\"font-family: Arial, Helvetica, sans-serif;\"><a title=\"Ampliar imagen\" href=\"http:\/\/nsae01.casimages.net\/img\/2014\/07\/29\/140729124627642507.png\" target=\"_blank\" rel=\"external nofollow\"><img loading=\"lazy\" class=\"aligncenter\" title=\"Ampliar imagen\" src=\"\/\/nsae01.casimages.net\/img\/2014\/07\/29\/140729124627642507.png\" alt=\"\" width=\"605\" height=\"305\" \/><\/a>Anomal\u00edas de precipitaci\u00f3n para Noviembre-Diciembre-Enero, seg\u00fan el modelo CFS<\/span><\/span><\/span><\/strong><\/p>\n<p align=\"LEFT\"><span style=\"color: #000000;\"><span style=\"font-size: 12px;\"><span style=\"font-family: Arial, Helvetica, sans-serif;\">Para finalizar la entrada de hoy, un peque\u00f1o apunte sobre lo que muestran los modelos estacionales para los pr\u00f3ximos meses. Lo comentaba <a href=\"https:\/\/www.facebook.com\/MeteoBadajoz\/posts\/765018830208340\" target=\"_blank\" rel=\"external nofollow\">ayer en la p\u00e1gina de Facebook<\/a>. <span style=\"color: #141823;\">Mientras el Verano 2014 <strong>no nos est\u00e1 dejando grandes calores<\/strong> por el oeste y sur de Espa\u00f1a, las predicciones a largo plazo anuncian que Agosto y Septiembre podr\u00edan ser meses en los que, nuevamente, las temperaturas podr\u00edan ser <strong>algo inferiores a lo normal<\/strong> (menos calor) en buena parte de la pen\u00ednsula, y con cierta <strong>actividad tormentosa hacia el interior-norte<\/strong> de nuestro pa\u00eds (vamos, como hasta ahora).<\/span><\/span><\/span><\/span><\/p>\n<p align=\"LEFT\"><span style=\"color: #000000;\"><span style=\"font-size: 12px;\"><span style=\"font-family: Arial, Helvetica, sans-serif;\"><span><span style=\"color: #000000;\">Pero es que parece que la situaci\u00f3n <strong>podr\u00eda ir a m\u00e1s de cara al Oto\u00f1o 2014 y inicios del Invierno 2014-15<\/strong>, con una tendencia a recibir <strong>cantidades importantes cantidades de lluvia<\/strong> por el oeste, afectando a toda la vertiente atl\u00e1ntica, siendo la situaci\u00f3n bastante m\u00e1s seca en todo el este peninsular (t\u00edpico de la entrada de frentes por el oeste).<\/span><\/span><\/span><\/span><\/span><\/p>\n<p align=\"LEFT\"><span style=\"color: #000000;\"><span style=\"font-size: 12px;\"><span style=\"font-family: Arial, Helvetica, sans-serif;\"><span>Tambi\u00e9n se intuye un ambiente algo menos fr\u00edo a partir de Octubre-Noviembre en gran parte del interior y sur de Europa, que ser\u00eda otro de los efectos de esos vientos del oeste que llegan a trav\u00e9s del Atl\u00e1ntico, con masas de aire no excesivamente fr\u00edas, sino m\u00e1s bien templadas. Veremos c\u00f3mo evoluciona \u00e9sto pero, de cumplirse, el inverno podr\u00eda ser entretenido (un a\u00f1o m\u00e1s) por el oeste y norte peninsular!<\/span><\/span><\/span><\/span><\/p>\n<p align=\"LEFT\"><span style=\"color: #000000;\"><span style=\"font-size: 12px;\"><span style=\"font-family: Arial, Helvetica, sans-serif;\"><span>De momento no le vamos a hacer mucho caso a estos mapas a tan largo plazo, porque ya sabemos c\u00f3mo son las predicciones estacionales, pero ah\u00ed est\u00e1n&#8230; \u00a1Toca estar atentos!<\/span><\/span><\/span><\/span><\/p>\n<p align=\"LEFT\"><span style=\"color: #ffffff;\"><span style=\"font-family: Arial, Helvetica, sans-serif;\"><span>.<\/span><\/span><\/span><\/p>\n<p align=\"CENTER\"><span style=\"color: #808080;\"><span style=\"font-size: 12px;\"><span style=\"font-family: Arial, Helvetica, sans-serif;\">Por Javier Pi\u00f1ero Fuentes &#8211; \u00a9 MeteoBadajoz 2014<\/span><\/span><\/span><\/p>\n<p align=\"CENTER\"><span style=\"color: #808080;\"><span style=\"font-size: 12px;\"><span style=\"font-family: arial, sans-serif;\">meteobadajoz@gmail.com<\/span><\/span><\/span><\/p>\n<p align=\"CENTER\"><strong><span style=\"color: #000000;\"><span style=\"font-size: 12px;\"><span style=\"font-family: Arial, Helvetica, sans-serif;\"><span>Puedes seguir cada situaci\u00f3n a trav\u00e9s de la cuenta de Twitter <\/span><\/span><\/span><\/span><\/strong><strong><a href=\"https:\/\/twitter.com\/MeteoBadajoz\" target=\"_blank\" rel=\"external nofollow\"><span style=\"color: #ff0000;\"><span style=\"font-size: 12px;\"><span style=\"font-family: Arial, Helvetica, sans-serif;\"><span>@MeteoBadajoz<\/span><\/span><\/span><\/span><\/a><\/strong><strong><span style=\"color: #000000;\"><span style=\"font-size: 12px;\"><span style=\"font-family: Arial, Helvetica, sans-serif;\"><span>, o Facebook <\/span><\/span><\/span><\/span><\/strong><strong><a href=\"https:\/\/www.facebook.com\/pages\/MeteoBadajoz\/236436716399890\" target=\"_blank\" rel=\"external nofollow\"><span style=\"color: #ff0000;\"><span style=\"font-size: 12px;\"><span style=\"font-family: Arial, Helvetica, sans-serif;\"><span>MeteoBadajoz<\/span><\/span><\/span><\/span><\/a><\/strong><strong><span style=\"color: #000000;\"><span style=\"font-size: 12px;\"><span style=\"font-family: Arial, Helvetica, sans-serif;\"><span>, donde estar\u00e1s informado en todo momento de c\u00f3mo evolucionan los d\u00edas, as\u00ed como de noticias de inter\u00e9s meteorol\u00f3gico.<\/span><\/span><\/span><\/span><\/strong><\/p>\n<p align=\"CENTER\"><strong><span style=\"color: #000000;\"><span style=\"font-size: 12px;\"><span style=\"font-family: Arial, Helvetica, sans-serif;\"><span><span style=\"text-decoration: underline;\"><strong>Si el art\u00edculo te ha parecido interesante, puedes ayudar a divulgarlo a trav\u00e9s de las redes sociales, con ayuda de los botones para compartir.<\/strong><\/span><\/span><\/span><\/span><\/span><\/strong><\/p>\n<p align=\"CENTER\"><strong><span style=\"color: #000000;\"><span style=\"font-size: 12px;\"><span style=\"font-family: Arial, Helvetica, sans-serif;\"><span>\u00a1\u00a1Gracias y un saludo a los lectores del blog!!<\/span><\/span><\/span><\/span><\/strong><\/p>\n<!-- AddThis Advanced Settings generic via filter on the_content --><!-- AddThis Share Buttons generic via filter on the_content -->","protected":false},"excerpt":{"rendered":"<p>\u00bb El calor de estos \u00faltimos d\u00edas tiene los d\u00edas contados en el oeste y sur peninsular. Empezaremos Agosto 2014 con temperaturas bastante por debajo de lo normal. Distribuci\u00f3n de las masa de aire en Europa y el Atl\u00e1ntico Norte &#8211; Modelo GFS Martes 29 de Julio 2014. Va llegando a su fin el mes [&hellip;]<!-- AddThis Advanced Settings generic via filter on get_the_excerpt --><!-- AddThis Share Buttons generic via filter on get_the_excerpt --><\/p>\n","protected":false},"author":75,"featured_media":0,"comment_status":"open","ping_status":"closed","sticky":false,"template":"","format":"standard","meta":[],"categories":[4,5],"tags":[7,12,18,88,142,150],"_links":{"self":[{"href":"https:\/\/blogs.hoy.es\/meteobadajoz\/wp-json\/wp\/v2\/posts\/632"}],"collection":[{"href":"https:\/\/blogs.hoy.es\/meteobadajoz\/wp-json\/wp\/v2\/posts"}],"about":[{"href":"https:\/\/blogs.hoy.es\/meteobadajoz\/wp-json\/wp\/v2\/types\/post"}],"author":[{"embeddable":true,"href":"https:\/\/blogs.hoy.es\/meteobadajoz\/wp-json\/wp\/v2\/users\/75"}],"replies":[{"embeddable":true,"href":"https:\/\/blogs.hoy.es\/meteobadajoz\/wp-json\/wp\/v2\/comments?post=632"}],"version-history":[{"count":0,"href":"https:\/\/blogs.hoy.es\/meteobadajoz\/wp-json\/wp\/v2\/posts\/632\/revisions"}],"wp:attachment":[{"href":"https:\/\/blogs.hoy.es\/meteobadajoz\/wp-json\/wp\/v2\/media?parent=632"}],"wp:term":[{"taxonomy":"category","embeddable":true,"href":"https:\/\/blogs.hoy.es\/meteobadajoz\/wp-json\/wp\/v2\/categories?post=632"},{"taxonomy":"post_tag","embeddable":true,"href":"https:\/\/blogs.hoy.es\/meteobadajoz\/wp-json\/wp\/v2\/tags?post=632"}],"curies":[{"name":"wp","href":"https:\/\/api.w.org\/{rel}","templated":true}]}}