{"id":636,"date":"2014-08-12T14:02:19","date_gmt":"2014-08-12T12:02:19","guid":{"rendered":"http:\/\/blogs.hoy.es\/meteobadajoz\/?p=636"},"modified":"2014-08-12T14:02:19","modified_gmt":"2014-08-12T12:02:19","slug":"cambios-para-segunda-quincena-de-agosto","status":"publish","type":"post","link":"https:\/\/blogs.hoy.es\/meteobadajoz\/2014\/08\/12\/cambios-para-segunda-quincena-de-agosto\/","title":{"rendered":"Posibles cambios para la segunda quincena del mes de Agosto"},"content":{"rendered":"<p align=\"LEFT\"><strong><span style=\"color: #000000;\"><span style=\"font-size: 15px;\"><span style=\"font-family: 'Segoe UI';\">\u00bb<\/span><\/span><span style=\"color: #000000;\"><span style=\"font-size: 15px;\"><span style=\"font-family: 'Segoe UI', sans-serif;\">\u00a0Los modelos muestran un panorama tendente a la inestabilidad en la segunda mitad de Agosto. Adem\u00e1s, el calor intenso podr\u00eda volver a finales de esta semana tras el descenso t\u00e9rmico de los \u00faltimos d\u00edas.<\/span><\/span><\/span><\/span><\/strong><\/p>\n<p style=\"text-align: center;\"><img loading=\"lazy\" class=\"aligncenter\" style=\"color: #0000ee; font-family: Arial, Helvetica, sans-serif; font-size: 12px; text-align: center;\" title=\"Ampliar imagen\" src=\"\/\/fotos.subefotos.com\/ffdeedc8ea4e208bcc7c2b2f0e852093o.png\" alt=\"\" width=\"605\" height=\"390\" \/><\/p>\n<p style=\"text-align: center;\" align=\"CENTER\"><strong><span style=\"color: #000000;\"><span style=\"font-size: 12px;\"><span style=\"font-family: Arial, Helvetica, sans-serif;\"><span><strong>Anomal\u00edas geopotencial 500 hPa (5.500 metros) &#8211; Bloqueo de altas presiones en Groenlandia-Atl\u00e1ntico Norte, y posible paso de vaguadas y\/o embolsamientos de aire fr\u00edo en altura por zonas pr\u00f3ximas a Azores.<\/strong><\/span><\/span><\/span><\/span><\/strong><\/p>\n<p align=\"LEFT\"><span style=\"color: #000000;\"><span style=\"font-size: 12px;\"><span style=\"font-family: Arial, Helvetica, sans-serif;\"><span><strong>Martes 12 de Agosto 2014.<\/strong> Una semana m\u00e1s, el tiempo estable domina en gran parte del pa\u00eds y, c\u00f3mo no, tambi\u00e9n en Extremadura. Seguimos sin pasar demasiado calor para lo que deber\u00edamos de estar registrando por estas fechas, e incluso estas \u00faltimas ma\u00f1anas (los m\u00e1s madrugadores lo habr\u00e1n visto) hemos despertado con cielos nubosos por el oeste debido a la entrada de <strong>nubes bajas desde el Atl\u00e1ntico<\/strong>.<!--more--><\/span><\/span><\/span><\/span><\/p>\n<p align=\"LEFT\"><span style=\"color: #000000;\"><span style=\"font-size: 12px;\"><span style=\"font-family: Arial, Helvetica, sans-serif;\"><span>Pero por fin parece que podr\u00edan producirse cambios hacia la segunda quincena del mes de Agosto, con <strong>mayor riesgo de precipitaciones<\/strong> pero, a la vez, con bastantes posibilidades de ser afectados por <strong>un episodio de calor intenso<\/strong> en buena parte de Espa\u00f1a all\u00e1 por el 15-20 de Agosto, aunque \u00e9ste no parece que vaya a durar mucho.<\/span><\/span><\/span><\/span><\/p>\n<p align=\"LEFT\"><span style=\"color: #000000;\"><span style=\"font-size: 12px;\"><span style=\"font-family: Arial, Helvetica, sans-serif;\"><span>Tampoco se observa (a fecha de hoy) ninguna situaci\u00f3n de inestabilidad generalizada en nuestro pa\u00eds, pero s\u00ed una situaci\u00f3n algo distinta a la vivida semanas atr\u00e1s que, por qu\u00e9 \u00a0no, podr\u00eda acabar desembocando en algo m\u00e1s de inestabilidad en numerosas zonas de la pen\u00ednsula. Veamos el por qu\u00e9&#8230;<\/span><\/span><\/span><\/span><\/p>\n<p align=\"LEFT\"><span style=\"color: #ffffff;\">.<\/span><\/p>\n<p align=\"LEFT\"><span style=\"color: #000000;\"><span style=\"font-size: 12px;\"><span style=\"font-family: Arial, Helvetica, sans-serif;\"><span style=\"font-size: medium;\"><strong>-Cambios a corto-medio plazo en latitudes altas, con posibles consecuencias en Espa\u00f1a a partir del 15-20 de Agosto<\/strong><\/span><\/span><\/span><\/span><\/p>\n<p align=\"LEFT\"><span style=\"color: #000000;\"><span style=\"font-size: 12px;\"><span style=\"font-family: Arial, Helvetica, sans-serif;\"><span>Tal y como puede verse en el mapa que encabeza este post, las \u00faltimas actualizaciones de los principales modelos empiezan a mostrar <strong>cambios bastante destacables en determinadas zonas del hemisferio<\/strong>, que pueden hacer cambiar el patr\u00f3n atmosf\u00e9rico que nos ha venido acompa\u00f1ando estas \u00faltimas semanas, en las que no ha habido demasiado movimiento meteorol\u00f3gico, salvo por zonas del norte y noreste peninsular.<\/span><\/span><\/span><\/span><\/p>\n<p align=\"LEFT\"><span style=\"color: #000000;\"><span style=\"font-size: 12px;\"><span style=\"font-family: Arial, Helvetica, sans-serif;\"><span>Cambios como la formaci\u00f3n de un <strong>anticicl\u00f3n de bloqueo en latitudes altas<\/strong> que ya est\u00e1 en proceso\u00a0(hacia el Atl\u00e1ntico Norte y Groenlandia) y el <strong>debilitamiento del anticicl\u00f3n de las Azores<\/strong>,\u00a0que podr\u00edan hacer que las borrascas bajen algo m\u00e1s de latitud, as\u00ed como las masas de aire fr\u00edo que llevan asociadas, y puedan afectar a Espa\u00f1a junto con gran parte del oeste del continente europeo de cara a esta segunda mitad del mes.<\/span><\/span><\/span><\/span><\/p>\n<p align=\"LEFT\"><span style=\"color: #000000;\"><span style=\"font-size: 12px;\"><span style=\"font-family: Arial, Helvetica, sans-serif;\"><span>Los dos grandes modelos, el americano GFS (de la NOAA) y el europeo IFS (del ECMWF), prev\u00e9n una situaci\u00f3n bastante parecida a medio-largo plazo, con algunos matices, pero en general apuestan por un bloqueo anticicl\u00f3nico hacia el Atl\u00e1ntico Norte y zona de Groenlandia.<\/span><\/span><\/span><\/span><\/p>\n<p align=\"LEFT\"><span style=\"color: #000000;\"><span style=\"font-size: 12px;\"><span style=\"font-family: Arial, Helvetica, sans-serif;\"><span>Esa configuraci\u00f3n atmosf\u00e9rica de bloqueo podr\u00eda provocar el <strong>desalojo de masas de aire fr\u00edo<\/strong> hacia regiones algo m\u00e1s bajas de donde deber\u00edan circular, generando una <strong>situaci\u00f3n de inestabilidad<\/strong> en buena parte de los pa\u00edses del oeste de Europa, entre los cuales podr\u00eda verse implicado tambi\u00e9n Espa\u00f1a.<\/span><\/span><\/span><\/span><\/p>\n<p align=\"LEFT\"><span style=\"color: #000000;\"><span style=\"font-size: 12px;\"><span style=\"font-family: Arial, Helvetica, sans-serif;\"><span>Eso s\u00ed, esta situaci\u00f3n tambi\u00e9n tendr\u00eda otro efecto que est\u00e1 muy relacionado con el calor. Y es que si una masa de aire fr\u00edo desciende demasiado al sur, obligatoriamente debe ser compensado con el ascenso de una lengua de aire c\u00e1lido hacia latitudes altas, que es lo que precisamente empiezan a mostrar los modelos.<\/span><\/span><\/span><\/span><\/p>\n<p><img loading=\"lazy\" class=\"aligncenter\" title=\"Ampliar imagen\" src=\"\/\/fotos.subefotos.com\/7834f354b82ba4c12a5266de2bd500b7o.png\" alt=\"\" width=\"605\" height=\"430\" \/><\/p>\n<p style=\"text-align: center;\" align=\"LEFT\"><span style=\"color: #000000;\"><span style=\"font-size: 12px;\"><span style=\"font-family: Arial, Helvetica, sans-serif;\"><span><strong>Temperaturas a 850 hPa (1.500 metros) &#8211; Dorsal subiendo desde el norte de \u00c1frica, pasando por zonas pr\u00f3ximas a la Pen\u00ednsula Ib\u00e9rica o el Mediterr\u00e1neo occidental. Progresivo refrescamiento desde el oeste.<\/strong><\/span><\/span><\/span><\/span><\/p>\n<p align=\"LEFT\"><span style=\"color: #000000;\"><span style=\"font-size: 12px;\"><span style=\"font-family: Arial, Helvetica, sans-serif;\"><span>La formaci\u00f3n del bloqueo anticicl\u00f3nico en el Atl\u00e1ntico Norte, y el desalojo de aire fr\u00edo hacia zonas demasiado al sur a trav\u00e9s del Atl\u00e1ntico, podr\u00eda provocar un <strong>importante bombeo de aire c\u00e1lido<\/strong> desde el interior de \u00c1frica, probablemente pasando por el Mediterr\u00e1neo occidental o mismamente sobre la Pen\u00ednsula Ib\u00e9rica, dej\u00e1ndonos de nuevo m\u00e1ximas cercanas a los 40\u00baC.<\/span><\/span><\/span><\/span><\/p>\n<p align=\"LEFT\"><span style=\"color: #000000;\"><span style=\"font-size: 12px;\"><span style=\"font-family: Arial, Helvetica, sans-serif;\"><span>Tras la intensa y, quiz\u00e1s, breve situaci\u00f3n de temperaturas calurosas, el avance de esa importante vaguada en el Atl\u00e1ntico podr\u00eda dejarnos poco despu\u00e9s un <strong>notable descenso t\u00e9rmico<\/strong>\u00a0empezando desde el oeste, y una situaci\u00f3n propicia para las <strong>tormentas en numerosas zonas del oeste de Europa<\/strong>, incluyendo tambi\u00e9n zonas de nuestro pa\u00eds, aunque para concretar al respecto habr\u00eda que esperar a pocos d\u00edas de dicha situaci\u00f3n.<\/span><\/span><\/span><\/span><\/p>\n<p align=\"LEFT\"><span style=\"color: #000000;\"><span style=\"font-size: 15px;\"><span style=\"font-family: Arial, Helvetica, sans-serif;\"><span><strong>-Resumiendo:\u00a0<\/strong><\/span><\/span><\/span><\/span><span style=\"font-family: Arial, Helvetica, sans-serif; font-size: 12px;\">a la espera de confirmarlo, parece relativamente claro que entre el 15 y el 20 de Agosto deber\u00edamos tener una <\/span><strong style=\"font-family: Arial, Helvetica, sans-serif; font-size: 12px;\">subida de las temperaturas en la mayor parte del pa\u00eds<\/strong><span style=\"font-family: Arial, Helvetica, sans-serif; font-size: 12px;\">, que aunque no se alcanzaran temperaturas excesivamente altas, s\u00ed que ser\u00edan de al menos 36-38\u00baC. Y tras ese ascenso t\u00e9rmico, la masa de aire c\u00e1lido deber\u00eda ir movi\u00e9ndose hacia el este, suaviz\u00e1ndose las temperaturas por la mitad occidental peninsular y, quiz\u00e1s, acabando con <\/span><strong style=\"font-family: Arial, Helvetica, sans-serif; font-size: 12px;\">alguna situaci\u00f3n de tormentas a partir del 20 de este mes<\/strong><span style=\"font-family: Arial, Helvetica, sans-serif; font-size: 12px;\">. Hay que ser realistas&#8230; estamos a 12, y la magnitud de dicha inestabilidad a\u00fan no est\u00e1 muy bien definida.<\/span><\/p>\n<p align=\"LEFT\"><span style=\"color: #000000;\"><span style=\"font-size: 12px;\"><span style=\"font-family: Arial, Helvetica, sans-serif;\"><span>No est\u00e1 dem\u00e1s recordar que cuanto m\u00e1s lejos miramos, m\u00e1s incertidumbre hay y, por tanto, menos debemos fiarnos, y m\u00e1s a\u00fan ahora que parece repuntar la actividad cicl\u00f3nico tropical en aguas del Atl\u00e1ntico, lo que influye (y mucho) en la modelizaci\u00f3n de todas estas predicciones, sobre todo cuando entra en juego la integraci\u00f3n de estos sistemas tropicales a la circulaci\u00f3n general.<\/span><\/span><\/span><\/span><\/p>\n<p align=\"LEFT\"><span style=\"color: #000000;\"><span style=\"font-size: 12px;\"><span style=\"font-family: Arial, Helvetica, sans-serif;\"><span>As\u00ed que toca estar pendientes de si esos cambios acaban afect\u00e1ndonos tambi\u00e9n por el oeste, o si tan s\u00f3lo se quedan por zonas del norte peninsular, por donde s\u00ed que han tenido bastante movimiento este verano.<\/span><\/span><\/span><\/span><\/p>\n<p align=\"LEFT\"><span style=\"color: #ffffff;\"><span style=\"font-family: Arial, Helvetica, sans-serif;\"><span>.<\/span><\/span><\/span><\/p>\n<p align=\"CENTER\"><span style=\"color: #808080;\"><span style=\"font-size: 12px;\"><span style=\"font-family: Arial, Helvetica, sans-serif;\">Por Javier Pi\u00f1ero Fuentes &#8211; \u00a9 MeteoBadajoz 2014<\/span><\/span><\/span><\/p>\n<p align=\"CENTER\"><span style=\"color: #808080;\"><span style=\"font-size: 12px;\"><span style=\"font-family: arial, sans-serif;\">meteobadajoz@gmail.com<\/span><\/span><\/span><\/p>\n<p align=\"CENTER\"><strong><span style=\"color: #000000;\"><span style=\"font-size: 12px;\"><span style=\"font-family: Arial, Helvetica, sans-serif;\"><span>Puedes seguir cada situaci\u00f3n a trav\u00e9s de la cuenta de Twitter <\/span><\/span><\/span><\/span><\/strong><strong><a href=\"https:\/\/twitter.com\/MeteoBadajoz\" target=\"_blank\" rel=\"external nofollow\"><span style=\"color: #ff0000;\"><span style=\"font-size: 12px;\"><span style=\"font-family: Arial, Helvetica, sans-serif;\"><span>@MeteoBadajoz<\/span><\/span><\/span><\/span><\/a><\/strong><strong><span style=\"color: #000000;\"><span style=\"font-size: 12px;\"><span style=\"font-family: Arial, Helvetica, sans-serif;\"><span>, o Facebook <\/span><\/span><\/span><\/span><\/strong><strong><a href=\"https:\/\/www.facebook.com\/pages\/MeteoBadajoz\/236436716399890\" target=\"_blank\" rel=\"external nofollow\"><span style=\"color: #ff0000;\"><span style=\"font-size: 12px;\"><span style=\"font-family: Arial, Helvetica, sans-serif;\"><span>MeteoBadajoz<\/span><\/span><\/span><\/span><\/a><\/strong><strong><span style=\"color: #000000;\"><span style=\"font-size: 12px;\"><span style=\"font-family: Arial, Helvetica, sans-serif;\"><span>, donde estar\u00e1s informado en todo momento de c\u00f3mo evolucionan los d\u00edas, as\u00ed como de noticias de inter\u00e9s meteorol\u00f3gico.<\/span><\/span><\/span><\/span><\/strong><\/p>\n<p align=\"CENTER\"><strong><span style=\"color: #000000;\"><span style=\"font-size: 12px;\"><span style=\"font-family: Arial, Helvetica, sans-serif;\"><span><span style=\"text-decoration: underline;\"><strong>Si el art\u00edculo te ha parecido interesante, puedes ayudar a divulgarlo a trav\u00e9s de las redes sociales, con ayuda de los botones para compartir.<\/strong><\/span><\/span><\/span><\/span><\/span><\/strong><\/p>\n<p align=\"CENTER\"><strong><span style=\"color: #000000;\"><span style=\"font-size: 12px;\"><span style=\"font-family: Arial, Helvetica, sans-serif;\"><span>\u00a1\u00a1Gracias y un saludo a los lectores del blog!!<\/span><\/span><\/span><\/span><\/strong><\/p>\n<!-- AddThis Advanced Settings generic via filter on the_content --><!-- AddThis Share Buttons generic via filter on the_content -->","protected":false},"excerpt":{"rendered":"<p>\u00bb\u00a0Los modelos muestran un panorama tendente a la inestabilidad en la segunda mitad de Agosto. Adem\u00e1s, el calor intenso podr\u00eda volver a finales de esta semana tras el descenso t\u00e9rmico de los \u00faltimos d\u00edas. Anomal\u00edas geopotencial 500 hPa (5.500 metros) &#8211; Bloqueo de altas presiones en Groenlandia-Atl\u00e1ntico Norte, y posible paso de vaguadas y\/o embolsamientos [&hellip;]<!-- AddThis Advanced Settings generic via filter on get_the_excerpt --><!-- AddThis Share Buttons generic via filter on get_the_excerpt --><\/p>\n","protected":false},"author":75,"featured_media":0,"comment_status":"open","ping_status":"closed","sticky":false,"template":"","format":"standard","meta":[],"categories":[4,5],"tags":[7,10,15,16,26,83,102,147,150],"_links":{"self":[{"href":"https:\/\/blogs.hoy.es\/meteobadajoz\/wp-json\/wp\/v2\/posts\/636"}],"collection":[{"href":"https:\/\/blogs.hoy.es\/meteobadajoz\/wp-json\/wp\/v2\/posts"}],"about":[{"href":"https:\/\/blogs.hoy.es\/meteobadajoz\/wp-json\/wp\/v2\/types\/post"}],"author":[{"embeddable":true,"href":"https:\/\/blogs.hoy.es\/meteobadajoz\/wp-json\/wp\/v2\/users\/75"}],"replies":[{"embeddable":true,"href":"https:\/\/blogs.hoy.es\/meteobadajoz\/wp-json\/wp\/v2\/comments?post=636"}],"version-history":[{"count":0,"href":"https:\/\/blogs.hoy.es\/meteobadajoz\/wp-json\/wp\/v2\/posts\/636\/revisions"}],"wp:attachment":[{"href":"https:\/\/blogs.hoy.es\/meteobadajoz\/wp-json\/wp\/v2\/media?parent=636"}],"wp:term":[{"taxonomy":"category","embeddable":true,"href":"https:\/\/blogs.hoy.es\/meteobadajoz\/wp-json\/wp\/v2\/categories?post=636"},{"taxonomy":"post_tag","embeddable":true,"href":"https:\/\/blogs.hoy.es\/meteobadajoz\/wp-json\/wp\/v2\/tags?post=636"}],"curies":[{"name":"wp","href":"https:\/\/api.w.org\/{rel}","templated":true}]}}