{"id":639,"date":"2014-08-22T19:11:57","date_gmt":"2014-08-22T17:11:57","guid":{"rendered":"http:\/\/blogs.hoy.es\/meteobadajoz\/?p=639"},"modified":"2014-08-22T19:11:57","modified_gmt":"2014-08-22T17:11:57","slug":"anomala-circulacion-zonal-del-chorro-polar-a-traves-del-atlantico-y-europa","status":"publish","type":"post","link":"https:\/\/blogs.hoy.es\/meteobadajoz\/2014\/08\/22\/anomala-circulacion-zonal-del-chorro-polar-a-traves-del-atlantico-y-europa\/","title":{"rendered":"An\u00f3mala circulaci\u00f3n zonal del chorro polar a trav\u00e9s del Atl\u00e1ntico y Europa"},"content":{"rendered":"<p align=\"LEFT\"><strong><span style=\"color: #000000;\"><span style=\"font-size: 15px;\"><span style=\"font-family: 'Segoe UI';\">\u00bb<\/span><\/span><span style=\"color: #000000;\"><span style=\"font-size: 15px;\"><span style=\"font-family: 'Segoe UI', sans-serif;\"> Una de las razones por las que este verano no est\u00e1 siendo excesivamente caluroso en Espa\u00f1a es el comportamiento tan an\u00f3malo que est\u00e1 teniendo el Chorro Polar.<\/span><\/span><\/span><\/span><\/strong><\/p>\n<p style=\"text-align: center;\" align=\"CENTER\"><strong><span style=\"color: #000000;\"><span style=\"font-size: 12px;\"><span style=\"font-family: Arial, Helvetica, sans-serif;\"><span><a title=\"Ampliar imagen\" href=\"http:\/\/nsae01.casimages.net\/img\/2014\/08\/22\/140822064630819754.png\" target=\"_blank\" rel=\"external nofollow\"><img loading=\"lazy\" class=\"aligncenter\" title=\"Ampliar imagen\" src=\"\/\/nsae01.casimages.net\/img\/2014\/08\/22\/140822064630819754.png\" alt=\"\" width=\"588\" height=\"440\" \/><\/a>Previsi\u00f3n de vientos a 200-300 hPa (9-12 km de altura) en el Atl\u00e1ntico Norte y Europa \u2013 modelo GFS<\/span><\/span><\/span><\/span><\/strong><\/p>\n<p align=\"LEFT\"><span style=\"color: #000000;\"><span style=\"font-size: 12px;\"><span style=\"font-family: Arial, Helvetica, sans-serif;\"><span><strong>Viernes 22 de Agosto 2014. <\/strong><\/span><\/span><\/span><span style=\"color: #000000;\"><span style=\"font-size: 12px;\"><span style=\"font-family: Arial, Helvetica, sans-serif;\"><span>A una altura de unos 10-12 kil\u00f3metros de altitud en la Troposfera, encontramos un \u201cr\u00edo de viento\u201d que puede alcanzar velocidades que var\u00edan entre los \u201cs\u00f3lo\u201d 200 km\/h, y hasta los \u00a1500 km\/h!. \u00c9sta zona de vientos intensos se forma b\u00e1sicamente por el <strong>contraste t\u00e9rmico<\/strong> entre dos masas de aire, de forma que acaba separando dos masas de aire muy bien diferencias: al norte queda la <strong>polar (fr\u00eda)<\/strong>, y al sur la <strong>subtropical (c\u00e1lida)<\/strong>.<!--more--><\/span><\/span><\/span><\/span><\/span><\/p>\n<p align=\"LEFT\"><span style=\"color: #000000;\"><span style=\"font-size: 12px;\"><span style=\"font-family: Arial, Helvetica, sans-serif;\"><span>El <em>Chorro Polar<\/em> o <em>Corriente en chorro<\/em> o, como dir\u00edan los americanos, \u201c<em>Jet Stream<\/em>\u201d est\u00e1 teniendo un <strong>comportamiento bastante extra\u00f1o durante este verano<\/strong>, migrando a zonas demasiado al sur de lo que deber\u00eda, pasando muy cerca de la pen\u00ednsula (en ocasiones, pasando directamente por encima) o, como es el caso actual, circulando sin apenas ondulaciones (lo que t\u00e9cnicamente llamamos <em>circulaci\u00f3n zonal<\/em>), generando <strong>situaciones de Poniente<\/strong> en gran parte del oeste de Europa, incluso tambi\u00e9n en la Pen\u00ednsula Ib\u00e9rica.<\/span><\/span><\/span><\/span><\/p>\n<p align=\"LEFT\"><span style=\"color: #000000;\"><span style=\"font-size: 12px;\"><span style=\"font-family: Arial, Helvetica, sans-serif;\"><span>Muchos estudios se tienen que hacer sobre este verano nada m\u00e1s finalice, para intentar buscar alguna explicaci\u00f3n clara a lo que est\u00e1 pasando, pero est\u00e1 claro que <strong>no es muy normal<\/strong> que el Chorro Polar baje tanto de latitud en \u00e9sta \u00e9poca del a\u00f1o (v\u00e9ase el mapa que encabeza este post), evitando que las masas de aire c\u00e1lido del norte de \u00c1frica puedan ascender en latitud, y <strong>afectar de lleno a nuestro pa\u00eds<\/strong> (que ser\u00eda lo normal).<\/span><\/span><\/span><\/span><\/p>\n<p align=\"LEFT\"><span style=\"color: #000000;\"><span style=\"font-size: 12px;\"><span style=\"font-family: Arial, Helvetica, sans-serif;\"><span>A pesar de todo, s\u00ed hemos tenido episodios de calor a lo largo del verano, pero no demasiado importantes ni duraderos, porque siempre hemos tenido a la espera alguna vaguada en el Atl\u00e1ntico que empujaba la masa de aire c\u00e1lido hacia el este, y se produc\u00eda un descenso notable de las temperaturas.<\/span><\/span><\/span><\/span><\/p>\n<p style=\"text-align: center;\" align=\"LEFT\"><strong><span style=\"color: #000000;\"><span style=\"font-size: 12px;\"><span style=\"font-family: Arial, Helvetica, sans-serif;\"><a title=\"Ampliar imagen\" href=\"http:\/\/nsae01.casimages.net\/img\/2014\/08\/22\/140822065333773031.png\" target=\"_blank\" rel=\"external nofollow\"><img loading=\"lazy\" class=\"aligncenter\" title=\"Ampliar imagen\" src=\"\/\/nsae01.casimages.net\/img\/2014\/08\/22\/140822065333773031.png\" alt=\"\" width=\"605\" height=\"305\" \/><\/a>Dimensiones de la masa de aire c\u00e1lido a 850 hPa (1.500 m de altitud) &#8211; Modelo GFS<\/span><\/span><\/span><\/strong><\/p>\n<p align=\"LEFT\"><span style=\"color: #000000;\"><span style=\"font-size: 12px;\"><span style=\"font-family: Arial, Helvetica, sans-serif;\"><span>De momento, la pr\u00f3xima semana parece que las temperaturas <strong>volver\u00e1n a subir en gran parte del pa\u00eds<\/strong>, volvi\u00e9ndose a registrar temperaturas m\u00e1ximas por encima de los 35\u00baC en muchas zonas de la pen\u00ednsula, e incluso no se descarta que durante el pr\u00f3ximo martes-mi\u00e9rcoles se puedan registrar <strong>37-38\u00baC<\/strong> en las Vegas del Guadiana y en el Valle del Guadalquivir.<\/span><\/span><\/span><\/span><\/p>\n<p align=\"LEFT\"><span style=\"color: #000000;\"><span style=\"font-size: 12px;\"><span style=\"font-family: Arial, Helvetica, sans-serif;\"><span>Aunque no parece que esa situaci\u00f3n de altas temperaturas vaya a durar demasiado, ya que a partir de mediados de semana las temperaturas podr\u00edan volver a bajar por el oeste, debido a la retirada de la masa de aire c\u00e1lido.<\/span><\/span><\/span><\/span><\/p>\n<p align=\"LEFT\"><span style=\"color: #000000;\"><span style=\"font-size: 12px;\"><span style=\"font-family: Arial, Helvetica, sans-serif;\">Y en cuanto al estado del cielo, de momento, poco que contar&#8230; al menos por el oeste, centro y sur del pa\u00eds. Los cambios <a href=\"https:\/\/blogs.hoy.es\/meteobadajoz\/2014\/08\/12\/cambios-para-segunda-quincena-de-agosto\/#.U_d2afl_uro\" target=\"_blank\">que se ve\u00edan para finales de este mes<\/a> parece que s\u00f3lo afectar\u00edan a contadas zonas del tercio norte peninsular. A la espera de que entre Septiembre y, poco a poco, vayamos teniendo m\u00e1s movimiento.<\/span><\/span><\/span><\/p>\n<p align=\"LEFT\"><span style=\"color: #ffffff;\"><span style=\"font-family: Arial, Helvetica, sans-serif;\"><span>.<\/span><\/span><\/span><\/p>\n<p align=\"CENTER\"><span style=\"color: #808080;\"><span style=\"font-size: 12px;\"><span style=\"font-family: Arial, Helvetica, sans-serif;\">Por Javier Pi\u00f1ero Fuentes &#8211; \u00a9 MeteoBadajoz 2014<\/span><\/span><\/span><\/p>\n<p align=\"CENTER\"><span style=\"color: #808080;\"><span style=\"font-size: 12px;\"><span style=\"font-family: arial, sans-serif;\">meteobadajoz@gmail.com<\/span><\/span><\/span><\/p>\n<p align=\"CENTER\"><strong><span style=\"color: #000000;\"><span style=\"font-size: 12px;\"><span style=\"font-family: Arial, Helvetica, sans-serif;\"><span>Puedes seguir cada situaci\u00f3n a trav\u00e9s de la cuenta de Twitter <\/span><\/span><\/span><\/span><\/strong><strong><a href=\"https:\/\/twitter.com\/MeteoBadajoz\" target=\"_blank\" rel=\"external nofollow\"><span style=\"color: #ff0000;\"><span style=\"font-size: 12px;\"><span style=\"font-family: Arial, Helvetica, sans-serif;\"><span>@MeteoBadajoz<\/span><\/span><\/span><\/span><\/a><\/strong><strong><span style=\"color: #000000;\"><span style=\"font-size: 12px;\"><span style=\"font-family: Arial, Helvetica, sans-serif;\"><span>, o Facebook <\/span><\/span><\/span><\/span><\/strong><strong><a href=\"https:\/\/www.facebook.com\/pages\/MeteoBadajoz\/236436716399890\" target=\"_blank\" rel=\"external nofollow\"><span style=\"color: #ff0000;\"><span style=\"font-size: 12px;\"><span style=\"font-family: Arial, Helvetica, sans-serif;\"><span>MeteoBadajoz<\/span><\/span><\/span><\/span><\/a><\/strong><strong><span style=\"color: #000000;\"><span style=\"font-size: 12px;\"><span style=\"font-family: Arial, Helvetica, sans-serif;\"><span>, donde estar\u00e1s informado en todo momento de c\u00f3mo evolucionan los d\u00edas, as\u00ed como de noticias de inter\u00e9s meteorol\u00f3gico.<\/span><\/span><\/span><\/span><\/strong><\/p>\n<p align=\"CENTER\"><strong><span style=\"color: #000000;\"><span style=\"font-size: 12px;\"><span style=\"font-family: Arial, Helvetica, sans-serif;\"><span><span style=\"text-decoration: underline;\"><strong>Si el art\u00edculo te ha parecido interesante, puedes ayudar a divulgarlo a trav\u00e9s de las redes sociales, con ayuda de los botones para compartir.<\/strong><\/span><\/span><\/span><\/span><\/span><\/strong><\/p>\n<p align=\"CENTER\"><strong><span style=\"color: #000000;\"><span style=\"font-size: 12px;\"><span style=\"font-family: Arial, Helvetica, sans-serif;\"><span>\u00a1\u00a1Gracias y un saludo a los lectores del blog!!<\/span><\/span><\/span><\/span><\/strong><\/p>\n<!-- AddThis Advanced Settings generic via filter on the_content --><!-- AddThis Share Buttons generic via filter on the_content -->","protected":false},"excerpt":{"rendered":"<p>\u00bb Una de las razones por las que este verano no est\u00e1 siendo excesivamente caluroso en Espa\u00f1a es el comportamiento tan an\u00f3malo que est\u00e1 teniendo el Chorro Polar. Previsi\u00f3n de vientos a 200-300 hPa (9-12 km de altura) en el Atl\u00e1ntico Norte y Europa \u2013 modelo GFS Viernes 22 de Agosto 2014. A una altura [&hellip;]<!-- AddThis Advanced Settings generic via filter on get_the_excerpt --><!-- AddThis Share Buttons generic via filter on get_the_excerpt --><\/p>\n","protected":false},"author":75,"featured_media":0,"comment_status":"open","ping_status":"closed","sticky":false,"template":"","format":"standard","meta":[],"categories":[4,5],"tags":[7,10,11,16,18,26,27,47,142,150],"_links":{"self":[{"href":"https:\/\/blogs.hoy.es\/meteobadajoz\/wp-json\/wp\/v2\/posts\/639"}],"collection":[{"href":"https:\/\/blogs.hoy.es\/meteobadajoz\/wp-json\/wp\/v2\/posts"}],"about":[{"href":"https:\/\/blogs.hoy.es\/meteobadajoz\/wp-json\/wp\/v2\/types\/post"}],"author":[{"embeddable":true,"href":"https:\/\/blogs.hoy.es\/meteobadajoz\/wp-json\/wp\/v2\/users\/75"}],"replies":[{"embeddable":true,"href":"https:\/\/blogs.hoy.es\/meteobadajoz\/wp-json\/wp\/v2\/comments?post=639"}],"version-history":[{"count":0,"href":"https:\/\/blogs.hoy.es\/meteobadajoz\/wp-json\/wp\/v2\/posts\/639\/revisions"}],"wp:attachment":[{"href":"https:\/\/blogs.hoy.es\/meteobadajoz\/wp-json\/wp\/v2\/media?parent=639"}],"wp:term":[{"taxonomy":"category","embeddable":true,"href":"https:\/\/blogs.hoy.es\/meteobadajoz\/wp-json\/wp\/v2\/categories?post=639"},{"taxonomy":"post_tag","embeddable":true,"href":"https:\/\/blogs.hoy.es\/meteobadajoz\/wp-json\/wp\/v2\/tags?post=639"}],"curies":[{"name":"wp","href":"https:\/\/api.w.org\/{rel}","templated":true}]}}