{"id":643,"date":"2014-08-24T12:22:49","date_gmt":"2014-08-24T10:22:49","guid":{"rendered":"http:\/\/blogs.hoy.es\/meteobadajoz\/?p=643"},"modified":"2014-08-24T12:22:49","modified_gmt":"2014-08-24T10:22:49","slug":"posible-paso-de-una-depresion-subsahariana-muy-cerca-de-canarias","status":"publish","type":"post","link":"https:\/\/blogs.hoy.es\/meteobadajoz\/2014\/08\/24\/posible-paso-de-una-depresion-subsahariana-muy-cerca-de-canarias\/","title":{"rendered":"Posible paso de una depresi\u00f3n subsahariana muy cerca de Canarias"},"content":{"rendered":"<p align=\"LEFT\"><strong><span style=\"color: #000000;\"><span style=\"font-size: 15px;\"><span style=\"font-family: 'Segoe UI';\">\u00bb<\/span><\/span><span style=\"color: #000000;\"><span style=\"font-size: 15px;\"><span style=\"font-family: 'Segoe UI', sans-serif;\"> A mediados de semana, una peque\u00f1a depresi\u00f3n subsahariana podr\u00eda pasar muy cerca del archipi\u00e9lago canario, dejando algunas tormentas.\u00a0NO es ning\u00fan hurac\u00e1n, as\u00ed que no hay que alarmarse.<\/span><\/span><\/span><\/span><\/strong><\/p>\n<p style=\"text-align: center;\" align=\"CENTER\"><strong><span style=\"color: #000000;\"><span style=\"font-size: 12px;\"><span style=\"font-family: Arial, Helvetica, sans-serif;\"><span><a title=\"Ampliar imagen\" href=\"http:\/\/nsae01.casimages.net\/img\/2014\/08\/24\/140824115926316325.png\" target=\"_blank\" rel=\"external nofollow\"><img loading=\"lazy\" class=\"aligncenter\" title=\"Ampliar imagen\" src=\"\/\/nsae01.casimages.net\/img\/2014\/08\/24\/140824115926316325.png\" alt=\"\" width=\"540\" height=\"241\" \/><\/a>Imagen infrarroja-coloreada (Airmass) del sat\u00e9lite Meteosat 10, del interior del continente africano &#8211; EUMETSAT<\/span><\/span><\/span><\/span><\/strong><\/p>\n<p align=\"LEFT\"><span style=\"color: #000000;\"><span style=\"font-size: 12px;\"><span style=\"font-family: Arial, Helvetica, sans-serif;\"><span><strong>Domingo 24 de Agosto 2014.\u00a0<\/strong>Muy entretenido se est\u00e1 volviendo el seguimiento de una posible situaci\u00f3n de lluvias en Canarias, que podr\u00eda afectar al archipi\u00e9lago hacia mediados de esta pr\u00f3xima semana. Lo cierto es que tenemos mucho movimiento convectivo hacia el interior de \u00c1frica (como suele ser habitual), en torno a la <em>Zona de Convergencia Intertropical<\/em>, con varias <em>Ondas Tropicales del Este<\/em> movi\u00e9ndose por la zona.<!--more--><\/span><\/span><\/span><\/span><\/p>\n<p align=\"LEFT\"><span style=\"color: #000000;\"><span style=\"font-size: 12px;\"><span style=\"font-family: Arial, Helvetica, sans-serif;\"><span>No est\u00e1n muy bien organizadas, y no es f\u00e1cil seguirlas a trav\u00e9s de las im\u00e1genes de sat\u00e9lite, si no fuera por la gran actividad convectiva que desarrollan (como muestra la imagen superior), pero encontramos una muy evidente que podemos ver muy bien en altura, y es la siguiente (pulsa sobre la imagen para ampliar, si es necesario):<\/span><\/span><\/span><\/span><\/p>\n<p style=\"text-align: center;\" align=\"LEFT\"><strong><span style=\"color: #000000;\"><span style=\"font-size: 12px;\"><span style=\"font-family: Arial, Helvetica, sans-serif;\"><a title=\"Ampliar imagen\" href=\"http:\/\/nsae01.casimages.net\/img\/2014\/08\/24\/140824014758468080.png\" target=\"_blank\" rel=\"external nofollow\"><img loading=\"lazy\" class=\"aligncenter\" title=\"Ampliar imagen\" src=\"\/\/nsae01.casimages.net\/img\/2014\/08\/24\/140824014758468080.png\" alt=\"\" width=\"630\" height=\"335\" \/><\/a>Mapa de viento y l\u00edneas de corriente entre los 850 y 200 hPa en \u00c1frica tropical &#8211; GFS<\/span><\/span><\/span><\/strong><\/p>\n<p align=\"LEFT\"><span style=\"color: #000000;\"><span style=\"font-size: 12px;\"><span style=\"font-family: Arial, Helvetica, sans-serif;\"><span>Se ve muy bien en esa curvatura de las l\u00edneas de corriente en altura, en forma de V invertida. Estas ondas se mueven muy lentamente, incluso pueden pasar entre 6 y hasta 10 d\u00edas entre que nacen y salen hacia el Atl\u00e1ntico. \u00c9sta concretamente, seg\u00fan los modelos, parece que la tendremos saliendo hacia el Atl\u00e1ntico a mediados de semana. En su desplazamiento, ocurre algo bastante interesante y es que, parece desgajarse del C<em>horro africano del este<\/em>, una <strong>d\u00e9bil circulaci\u00f3n cicl\u00f3nica<\/strong> asociada a esta onda que, seg\u00fan la mayor\u00eda de modelos, podr\u00eda acabar pasando <strong>muy cerca del suroeste de Canarias<\/strong> el martes-mi\u00e9rcoles.<br \/>\n<\/span><\/span><\/span><\/span><\/p>\n<p align=\"LEFT\"><span style=\"color: #000000;\"><span style=\"font-size: 12px;\"><span style=\"font-family: Arial, Helvetica, sans-serif;\"><span>En este otro mapa del viento en altura (650 hPa), tambi\u00e9n podemos verlo:<\/span><\/span><\/span><\/span><\/p>\n<p style=\"text-align: center;\" align=\"LEFT\"><strong><span style=\"color: #000000;\"><span style=\"font-size: 12px;\"><span style=\"font-family: Arial, Helvetica, sans-serif;\"><a title=\"Ampliar imagen\" href=\"http:\/\/nsae01.casimages.net\/img\/2014\/08\/24\/140824014805629801.png\" target=\"_blank\" rel=\"external nofollow\"><img loading=\"lazy\" class=\"aligncenter\" title=\"Ampliar imagen\" src=\"\/\/nsae01.casimages.net\/img\/2014\/08\/24\/140824014805629801.png\" alt=\"\" width=\"630\" height=\"335\" \/><\/a>Vientos a 650 hPa sobre el continente africano, el mi\u00e9rcoles 27 de Agosto 2014 &#8211; GFS<\/span><\/span><\/span><\/strong><\/p>\n<p align=\"LEFT\"><span style=\"color: #000000;\"><span style=\"font-size: 12px;\"><span style=\"font-family: Arial, Helvetica, sans-serif;\"><span>Viendo las actualizaciones de los modelos, mapas de precipitaci\u00f3n, etc&#8230; aparentemente <strong>no parece que vaya a llevar mucha precipitaci\u00f3n<\/strong>, pero en estas situaciones uno no se puede fiar \u00fanicamente de los mapas de precipitaci\u00f3n ya que, el desplazamiento hacia el norte de esa depresi\u00f3n subsahariana, inevitablemente va a provocar el ascenso de <strong>masas de aire muy inestables y cargadas de much\u00edsima humedad<\/strong>.<\/span><\/span><\/span><\/span><\/p>\n<p align=\"LEFT\"><span style=\"color: #000000;\"><span style=\"font-size: 12px;\"><span style=\"font-family: Arial, Helvetica, sans-serif;\"><span>Sabiendo que otras veces esas plumas de humedad tropical han provocado inundaciones en Canarias, sin ni siquiera estar directamente relacionado con el paso de alg\u00fan sistema tropical, <strong>no descartar\u00eda nada<\/strong>, a pesar de que no se prev\u00e9n demasiadas lluvias.<br \/>\n<\/span><\/span><\/span><\/span><\/p>\n<p align=\"LEFT\"><span style=\"color: #000000;\"><span style=\"font-size: 12px;\"><span style=\"font-family: Arial, Helvetica, sans-serif;\"><span>Quiero que os fij\u00e9is en esta simulaci\u00f3n de imagen de sat\u00e9lite de vapor de agua, que creo que aporta much\u00edsima informaci\u00f3n sobre c\u00f3mo ser\u00eda la situaci\u00f3n hacia la costa occidental de \u00c1frica. Fijaos en esa <strong>lengua de humedad<\/strong> que se enrosca en torno a ese v\u00f3rtice que se desprende hacia el noroeste, y que pasa muy cerca de las islas:<\/span><\/span><\/span><\/span><\/p>\n<p style=\"text-align: center;\" align=\"LEFT\"><strong><span style=\"color: #000000;\"><span style=\"font-size: 12px;\"><span style=\"font-family: Arial, Helvetica, sans-serif;\"><a title=\"Ampliar imagen\" href=\"http:\/\/nsae01.casimages.net\/img\/2014\/08\/24\/140824015537935865.png\" target=\"_blank\" rel=\"external nofollow\"><img loading=\"lazy\" class=\"aligncenter\" title=\"Ampliar imagen\" src=\"\/\/nsae01.casimages.net\/img\/2014\/08\/24\/140824015537935865.png\" alt=\"\" width=\"630\" height=\"371\" \/><\/a>Simulaci\u00f3n de imagen satelital &#8211; vapor de agua- para el mi\u00e9rcoles 27 de Agosto 2014 &#8211; IFS<\/span><\/span><\/span><\/strong><\/p>\n<p align=\"LEFT\"><span style=\"color: #000000;\"><span style=\"font-size: 12px;\"><span style=\"font-family: Arial, Helvetica, sans-serif;\"><span>Lo m\u00e1s probable es que un banco de nubes medias y altas avance desde el sureste hacia el archipi\u00e9lago y que, de forma aislada, pueda llevar asociados <strong>chubascos y\/o tormentas<\/strong>, adem\u00e1s de las que pueda llevar muy cerca del v\u00f3rtice.<\/span><\/span><\/span><\/span><\/p>\n<p align=\"LEFT\"><span style=\"color: #000000;\"><span style=\"font-size: 12px;\"><span style=\"font-family: Arial, Helvetica, sans-serif;\"><span>Los mapas de precipitaci\u00f3n no son demasiado optimistas, pero aunque no se vea demasiado movimiento sobre el archipi\u00e9lago, esa pluma de humedad tropical <strong>podr\u00eda dejar algunas sorpresas<\/strong>&#8230; siempre suelen formarse chubascos\/tormentas dispersas y de intensidades muy variadas, pero hay que tener mucho cuidado con el factor orogr\u00e1fico de las islas.<\/span><\/span><\/span><\/span><\/p>\n<p align=\"LEFT\"><span style=\"color: #000000;\"><span style=\"font-size: 12px;\"><span style=\"font-family: Arial, Helvetica, sans-serif;\"><span> Tampoco hay que alarmarse si alguno est\u00e1 imaginando que van a soplar fuertes vientos. Este tipo de depresiones no suele tener demasiado reflejo en superficie, por lo que el viento en capas bajas <strong>no suele ser demasiado intenso<\/strong>. S\u00ed que lo es en altura donde, quiz\u00e1s, en zonas altas de las islas se puedan registrar rachas m\u00e1s intensas.<\/span><\/span><\/span><\/span><\/p>\n<p align=\"LEFT\"><span style=\"color: #000000;\"><span style=\"font-size: 12px;\"><span style=\"font-family: Arial, Helvetica, sans-serif;\"><span> Toca estar pendientes de lo que se vaya desarrollando en toda la zona.<\/span><\/span><\/span><\/span><\/p>\n<p align=\"LEFT\"><span style=\"color: #ffffff;\"><span style=\"font-family: Arial, Helvetica, sans-serif;\"><span>.<\/span><\/span><\/span><\/p>\n<p align=\"CENTER\"><span style=\"color: #808080;\"><span style=\"font-size: 12px;\"><span style=\"font-family: Arial, Helvetica, sans-serif;\">Por Javier Pi\u00f1ero Fuentes &#8211; \u00a9 MeteoBadajoz 2014<\/span><\/span><\/span><\/p>\n<p align=\"CENTER\"><span style=\"color: #808080;\"><span style=\"font-size: 12px;\"><span style=\"font-family: arial, sans-serif;\">meteobadajoz@gmail.com<\/span><\/span><\/span><\/p>\n<p align=\"CENTER\"><strong><span style=\"color: #000000;\"><span style=\"font-size: 12px;\"><span style=\"font-family: Arial, Helvetica, sans-serif;\"><span>Puedes seguir cada situaci\u00f3n a trav\u00e9s de la cuenta de Twitter <\/span><\/span><\/span><\/span><\/strong><strong><a href=\"https:\/\/twitter.com\/MeteoBadajoz\" target=\"_blank\" rel=\"external nofollow\"><span style=\"color: #ff0000;\"><span style=\"font-size: 12px;\"><span style=\"font-family: Arial, Helvetica, sans-serif;\"><span>@MeteoBadajoz<\/span><\/span><\/span><\/span><\/a><\/strong><strong><span style=\"color: #000000;\"><span style=\"font-size: 12px;\"><span style=\"font-family: Arial, Helvetica, sans-serif;\"><span>, o Facebook <\/span><\/span><\/span><\/span><\/strong><strong><a href=\"https:\/\/www.facebook.com\/pages\/MeteoBadajoz\/236436716399890\" target=\"_blank\" rel=\"external nofollow\"><span style=\"color: #ff0000;\"><span style=\"font-size: 12px;\"><span style=\"font-family: Arial, Helvetica, sans-serif;\"><span>MeteoBadajoz<\/span><\/span><\/span><\/span><\/a><\/strong><strong><span style=\"color: #000000;\"><span style=\"font-size: 12px;\"><span style=\"font-family: Arial, Helvetica, sans-serif;\"><span>, donde estar\u00e1s informado en todo momento de c\u00f3mo evolucionan los d\u00edas, as\u00ed como de noticias de inter\u00e9s meteorol\u00f3gico.<\/span><\/span><\/span><\/span><\/strong><\/p>\n<p align=\"CENTER\"><strong><span style=\"color: #000000;\"><span style=\"font-size: 12px;\"><span style=\"font-family: Arial, Helvetica, sans-serif;\"><span><span style=\"text-decoration: underline;\"><strong>Si el art\u00edculo te ha parecido interesante, puedes ayudar a divulgarlo a trav\u00e9s de las redes sociales, con ayuda de los botones para compartir.<\/strong><\/span><\/span><\/span><\/span><\/span><\/strong><\/p>\n<p align=\"CENTER\"><strong><span style=\"color: #000000;\"><span style=\"font-size: 12px;\"><span style=\"font-family: Arial, Helvetica, sans-serif;\"><span>\u00a1\u00a1Gracias y un saludo a los lectores del blog!!<\/span><\/span><\/span><\/span><\/strong><\/p>\n<!-- AddThis Advanced Settings generic via filter on the_content --><!-- AddThis Share Buttons generic via filter on the_content -->","protected":false},"excerpt":{"rendered":"<p>\u00bb A mediados de semana, una peque\u00f1a depresi\u00f3n subsahariana podr\u00eda pasar muy cerca del archipi\u00e9lago canario, dejando algunas tormentas.\u00a0NO es ning\u00fan hurac\u00e1n, as\u00ed que no hay que alarmarse. Imagen infrarroja-coloreada (Airmass) del sat\u00e9lite Meteosat 10, del interior del continente africano &#8211; EUMETSAT Domingo 24 de Agosto 2014.\u00a0Muy entretenido se est\u00e1 volviendo el seguimiento de una [&hellip;]<!-- AddThis Advanced Settings generic via filter on get_the_excerpt --><!-- AddThis Share Buttons generic via filter on get_the_excerpt --><\/p>\n","protected":false},"author":75,"featured_media":0,"comment_status":"open","ping_status":"closed","sticky":false,"template":"","format":"standard","meta":[],"categories":[4],"tags":[7,40,43,44,51,83,116,147,150],"_links":{"self":[{"href":"https:\/\/blogs.hoy.es\/meteobadajoz\/wp-json\/wp\/v2\/posts\/643"}],"collection":[{"href":"https:\/\/blogs.hoy.es\/meteobadajoz\/wp-json\/wp\/v2\/posts"}],"about":[{"href":"https:\/\/blogs.hoy.es\/meteobadajoz\/wp-json\/wp\/v2\/types\/post"}],"author":[{"embeddable":true,"href":"https:\/\/blogs.hoy.es\/meteobadajoz\/wp-json\/wp\/v2\/users\/75"}],"replies":[{"embeddable":true,"href":"https:\/\/blogs.hoy.es\/meteobadajoz\/wp-json\/wp\/v2\/comments?post=643"}],"version-history":[{"count":0,"href":"https:\/\/blogs.hoy.es\/meteobadajoz\/wp-json\/wp\/v2\/posts\/643\/revisions"}],"wp:attachment":[{"href":"https:\/\/blogs.hoy.es\/meteobadajoz\/wp-json\/wp\/v2\/media?parent=643"}],"wp:term":[{"taxonomy":"category","embeddable":true,"href":"https:\/\/blogs.hoy.es\/meteobadajoz\/wp-json\/wp\/v2\/categories?post=643"},{"taxonomy":"post_tag","embeddable":true,"href":"https:\/\/blogs.hoy.es\/meteobadajoz\/wp-json\/wp\/v2\/tags?post=643"}],"curies":[{"name":"wp","href":"https:\/\/api.w.org\/{rel}","templated":true}]}}