{"id":645,"date":"2014-08-31T17:58:16","date_gmt":"2014-08-31T15:58:16","guid":{"rendered":"http:\/\/blogs.hoy.es\/meteobadajoz\/?p=645"},"modified":"2014-08-31T17:58:16","modified_gmt":"2014-08-31T15:58:16","slug":"septiembre-empieza-rozando-los-40oc","status":"publish","type":"post","link":"https:\/\/blogs.hoy.es\/meteobadajoz\/2014\/08\/31\/septiembre-empieza-rozando-los-40oc\/","title":{"rendered":"Septiembre empieza rozando los 40\u00baC"},"content":{"rendered":"<p align=\"LEFT\"><strong><span style=\"color: #000000;\"><span style=\"font-size: 15px;\"><span style=\"font-family: 'Segoe UI';\">\u00bb<\/span><\/span><span style=\"color: #000000;\"><span style=\"font-size: 15px;\"><span style=\"font-family: 'Segoe UI', sans-serif;\"> Ascenso generalizado de las temperaturas en la mayor parte de la pen\u00ednsula para comenzar el nuevo mes, aunque la parte m\u00e1s intensa de este episodio de calor apenas durar\u00e1 un par de d\u00edas.<\/span><\/span><\/span><\/span><\/strong><\/p>\n<p style=\"text-align: center;\" align=\"CENTER\"><strong><span style=\"color: #000000;\"><span style=\"font-size: 12px;\"><span style=\"font-family: Arial, Helvetica, sans-serif;\"><span><a title=\"Ampliar imagen\" href=\"http:\/\/nsae01.casimages.net\/img\/2014\/08\/30\/140830080334797584.png\" target=\"_blank\" rel=\"external nofollow\"><img loading=\"lazy\" class=\"aligncenter\" title=\"Ampliar imagen\" src=\"\/\/nsae01.casimages.net\/img\/2014\/08\/30\/140830080334797584.png\" alt=\"\" width=\"570\" height=\"287\" \/><\/a>Detalles de la advecci\u00f3n de aire c\u00e1lido norteafricano \u2013 Basado en modelo GFS<\/span><\/span><\/span><\/span><\/strong><\/p>\n<p align=\"LEFT\"><span style=\"color: #000000;\"><span style=\"font-size: 12px;\"><span style=\"font-family: Arial, Helvetica, sans-serif;\"><span><strong>Domingo 31 de Agosto 2014. <\/strong><\/span><\/span><\/span><span style=\"color: #000000;\"><span style=\"font-size: 12px;\"><span style=\"font-family: Arial, Helvetica, sans-serif;\"><span>La llegada de una masa de aire c\u00e1lido desde el norte del continente africano marcar\u00e1 el inicio de Septiembre, con un breve episodio de altas temperaturas, que afectar\u00e1 sobre todo a zonas del oeste y sur peninsular.<!--more--><\/span><\/span><\/span><\/span><\/span><\/p>\n<p align=\"LEFT\"><span style=\"color: #000000;\"><span style=\"font-size: 12px;\"><span style=\"font-family: Arial, Helvetica, sans-serif;\">A lo largo del fin de semana ya hemos ido notando un ascenso discreto de las temperaturas, pero no ser\u00e1 hasta este lunes y martes cuando las temperaturas m\u00e1ximas <strong>alcancen los 38\/40\u00baC<\/strong>, principalmente en las Vegas del Guadiana y en el Valle del Guadalquivir, donde ya <a href=\"http:\/\/www.aemet.es\/es\/eltiempo\/prediccion\/avisos?w=mna\" target=\"_blank\" rel=\"external nofollow\">se han activado algunos avisos<\/a> por altas temperaturas.<\/span><\/span><\/span><\/p>\n<p align=\"LEFT\"><span style=\"color: #000000;\"><span style=\"font-size: 12px;\"><span style=\"font-family: Arial, Helvetica, sans-serif;\"><span>Ser\u00e1n esos dos d\u00edas (el lunes y martes) los <strong>m\u00e1s calurosos de la semana<\/strong>, con temperaturas m\u00e1ximas que en Extremadura <strong>rozar\u00e1n la marca de los 40\u00baC<\/strong>. Adem\u00e1s, no s\u00f3lo las m\u00e1ximas ser\u00e1n elevadas, ya que las temperaturas m\u00ednimas se quedar\u00edan en general por encima de los 20\u00baC en muchas zonas durante la madrugada (puede que hasta rozando los 25\u00baC), por lo que volveremos a tener 1 \u00f3 2 noches bastante suaves.<\/span><\/span><\/span><\/span><\/p>\n<p align=\"LEFT\"><span style=\"color: #000000;\"><span style=\"font-size: 12px;\"><span style=\"font-family: Arial, Helvetica, sans-serif;\"><span>Panorama caluroso tambi\u00e9n en otras zonas de la pen\u00ednsula, sobre todo hacia el interior y suroeste peninsular, por donde las m\u00e1ximas no tendr\u00e1n nada que envidiar a las de Extremadura, siendo igualmente elevadas en el Valle del Guadalquivir.<\/span><\/span><\/span><\/span><\/p>\n<p align=\"LEFT\"><span style=\"color: #000000;\"><span style=\"font-size: 12px;\"><span style=\"font-family: Arial, Helvetica, sans-serif;\"><span>Eso s\u00ed, esa situaci\u00f3n de calor intenso tiene ya los d\u00edas contados (2 d\u00edas como mucho), porque a partir del mi\u00e9rcoles <strong>volver\u00edan a bajar las temperaturas<\/strong> por la mitad oeste peninsular, debido a la entrada de vientos de poniente y suroeste, lo que har\u00e1 que la masa de aire c\u00e1lido se desplace hacia el este. Como novedad, a mediados de semana tendremos algunos cambios en el estado del cielo.<\/span><\/span><\/span><\/span><\/p>\n<p style=\"text-align: center;\" align=\"LEFT\"><strong><span style=\"color: #000000;\"><span style=\"font-size: 12px;\"><span style=\"font-family: Arial, Helvetica, sans-serif;\"><a title=\"Ampliar imagen\" href=\"http:\/\/nsae01.casimages.net\/img\/2014\/08\/31\/140831043340816870.gif\" target=\"_blank\" rel=\"external nofollow\"><img loading=\"lazy\" class=\"aligncenter\" title=\"Ampliar imagen\" src=\"\/\/nsae01.casimages.net\/img\/2014\/08\/31\/140831043340816870.gif\" alt=\"\" width=\"560\" height=\"420\" \/><\/a>Evoluci\u00f3n de las precipitaciones entre el 2-3 de Septiembre 2014 &#8211; Modelo GFS<\/span><\/span><\/span><\/strong><\/p>\n<p align=\"LEFT\"><span><span><span><span style=\"font-family: Arial, Helvetica, sans-serif;\"><span style=\"font-size: 12px;\">Y es que, entre el martes y el mi\u00e9rcoles, un <\/span><\/span><strong style=\"color: #000000; font-family: Arial, Helvetica, sans-serif; font-size: 12px;\">embolsamiento de aire fr\u00edo en altura<\/strong><span style=\"font-family: Arial, Helvetica, sans-serif;\"><span style=\"font-size: 12px;\"> se pasear\u00e1 por el oeste de la pen\u00ednsula que, combinado con el calor de inicios de semana, reactivar\u00e1 algunos chubascos\/tormentas en zonas de sierra del centro y norte de Extremadura, sobre todo hacia la sierra de Las Villuercas y en todo el norte de la provincia de C\u00e1ceres. En principio, chubascos aislados, <strong>localmente acompa\u00f1ados de tormenta<\/strong>, que s\u00f3lo afectar\u00edan a zonas de sierra.<\/span><\/span><\/span><\/span><\/span><\/p>\n<p align=\"LEFT\"><span><span><span><span style=\"font-family: Arial, Helvetica, sans-serif;\"><span style=\"font-size: 12px;\">As\u00ed que nos adentramos ya en el mes de Septiembre y, poco a poco, empieza a animarse la situaci\u00f3n a nivel general en las latitudes medias de todo el hemisferio, debido a cambios importantes en niveles medios y altos de la Troposfera.<\/span><\/span><\/span><\/span><\/span><\/p>\n<p align=\"LEFT\"><span><span><span><span style=\"font-family: Arial, Helvetica, sans-serif;\"><span style=\"font-size: 12px;\">Pr\u00f3ximamente\u00a0echaremos\u00a0un vistazo a c\u00f3mo se presenta el mes de\u00a0Septiembre (seg\u00fan los modelos estacionales), y a ver qu\u00e9 tal evoluciona. De momento parece que el comienzo va a ser bastante caluroso.<\/span><\/span><\/span><\/span><\/span><\/p>\n<p align=\"LEFT\"><span style=\"color: #ffffff;\"><span style=\"font-family: Arial, Helvetica, sans-serif;\"><span>.<\/span><\/span><\/span><\/p>\n<p align=\"CENTER\"><span style=\"color: #808080;\"><span style=\"font-size: 12px;\"><span style=\"font-family: Arial, Helvetica, sans-serif;\">Por Javier Pi\u00f1ero Fuentes &#8211; \u00a9 MeteoBadajoz 2014<\/span><\/span><\/span><\/p>\n<p align=\"CENTER\"><span style=\"color: #808080;\"><span style=\"font-size: 12px;\"><span style=\"font-family: arial, sans-serif;\">meteobadajoz@gmail.com<\/span><\/span><\/span><\/p>\n<p align=\"CENTER\"><strong><span style=\"color: #000000;\"><span style=\"font-size: 12px;\"><span style=\"font-family: Arial, Helvetica, sans-serif;\"><span>Puedes seguir cada situaci\u00f3n a trav\u00e9s de la cuenta de Twitter <\/span><\/span><\/span><\/span><\/strong><strong><a href=\"https:\/\/twitter.com\/MeteoBadajoz\" target=\"_blank\" rel=\"external nofollow\"><span style=\"color: #ff0000;\"><span style=\"font-size: 12px;\"><span style=\"font-family: Arial, Helvetica, sans-serif;\"><span>@MeteoBadajoz<\/span><\/span><\/span><\/span><\/a><\/strong><strong><span style=\"color: #000000;\"><span style=\"font-size: 12px;\"><span style=\"font-family: Arial, Helvetica, sans-serif;\"><span>, o Facebook <\/span><\/span><\/span><\/span><\/strong><strong><a href=\"https:\/\/www.facebook.com\/pages\/MeteoBadajoz\/236436716399890\" target=\"_blank\" rel=\"external nofollow\"><span style=\"color: #ff0000;\"><span style=\"font-size: 12px;\"><span style=\"font-family: Arial, Helvetica, sans-serif;\"><span>MeteoBadajoz<\/span><\/span><\/span><\/span><\/a><\/strong><strong><span style=\"color: #000000;\"><span style=\"font-size: 12px;\"><span style=\"font-family: Arial, Helvetica, sans-serif;\"><span>, donde estar\u00e1s informado en todo momento de c\u00f3mo evolucionan los d\u00edas, as\u00ed como de noticias de inter\u00e9s meteorol\u00f3gico.<\/span><\/span><\/span><\/span><\/strong><\/p>\n<p align=\"CENTER\"><strong><span style=\"color: #000000;\"><span style=\"font-size: 12px;\"><span style=\"font-family: Arial, Helvetica, sans-serif;\"><span><span style=\"text-decoration: underline;\"><strong>Si el art\u00edculo te ha parecido interesante, puedes ayudar a divulgarlo a trav\u00e9s de las redes sociales, con ayuda de los botones para compartir.<\/strong><\/span><\/span><\/span><\/span><\/span><\/strong><\/p>\n<p align=\"CENTER\"><strong><span style=\"color: #000000;\"><span style=\"font-size: 12px;\"><span style=\"font-family: Arial, Helvetica, sans-serif;\"><span>\u00a1\u00a1Gracias y un saludo a los lectores del blog!!<\/span><\/span><\/span><\/span><\/strong><\/p>\n<!-- AddThis Advanced Settings generic via filter on the_content --><!-- AddThis Share Buttons generic via filter on the_content -->","protected":false},"excerpt":{"rendered":"<p>\u00bb Ascenso generalizado de las temperaturas en la mayor parte de la pen\u00ednsula para comenzar el nuevo mes, aunque la parte m\u00e1s intensa de este episodio de calor apenas durar\u00e1 un par de d\u00edas. Detalles de la advecci\u00f3n de aire c\u00e1lido norteafricano \u2013 Basado en modelo GFS Domingo 31 de Agosto 2014. La llegada de [&hellip;]<!-- AddThis Advanced Settings generic via filter on get_the_excerpt --><!-- AddThis Share Buttons generic via filter on get_the_excerpt --><\/p>\n","protected":false},"author":75,"featured_media":0,"comment_status":"open","ping_status":"closed","sticky":false,"template":"","format":"standard","meta":[],"categories":[4,5],"tags":[7,10,11,18,26,133,142,150],"_links":{"self":[{"href":"https:\/\/blogs.hoy.es\/meteobadajoz\/wp-json\/wp\/v2\/posts\/645"}],"collection":[{"href":"https:\/\/blogs.hoy.es\/meteobadajoz\/wp-json\/wp\/v2\/posts"}],"about":[{"href":"https:\/\/blogs.hoy.es\/meteobadajoz\/wp-json\/wp\/v2\/types\/post"}],"author":[{"embeddable":true,"href":"https:\/\/blogs.hoy.es\/meteobadajoz\/wp-json\/wp\/v2\/users\/75"}],"replies":[{"embeddable":true,"href":"https:\/\/blogs.hoy.es\/meteobadajoz\/wp-json\/wp\/v2\/comments?post=645"}],"version-history":[{"count":0,"href":"https:\/\/blogs.hoy.es\/meteobadajoz\/wp-json\/wp\/v2\/posts\/645\/revisions"}],"wp:attachment":[{"href":"https:\/\/blogs.hoy.es\/meteobadajoz\/wp-json\/wp\/v2\/media?parent=645"}],"wp:term":[{"taxonomy":"category","embeddable":true,"href":"https:\/\/blogs.hoy.es\/meteobadajoz\/wp-json\/wp\/v2\/categories?post=645"},{"taxonomy":"post_tag","embeddable":true,"href":"https:\/\/blogs.hoy.es\/meteobadajoz\/wp-json\/wp\/v2\/tags?post=645"}],"curies":[{"name":"wp","href":"https:\/\/api.w.org\/{rel}","templated":true}]}}