{"id":651,"date":"2014-09-06T16:58:56","date_gmt":"2014-09-06T14:58:56","guid":{"rendered":"http:\/\/blogs.hoy.es\/meteobadajoz\/?p=651"},"modified":"2014-09-06T16:58:56","modified_gmt":"2014-09-06T14:58:56","slug":"primer-episodio-de-lluvias-de-la-temporada-en-el-oeste-peninsular","status":"publish","type":"post","link":"https:\/\/blogs.hoy.es\/meteobadajoz\/2014\/09\/06\/primer-episodio-de-lluvias-de-la-temporada-en-el-oeste-peninsular\/","title":{"rendered":"Primer episodio de lluvias de la temporada en el oeste peninsular"},"content":{"rendered":"<p align=\"LEFT\"><strong><span style=\"color: #000000;\"><span style=\"font-size: 15px;\"><span style=\"font-family: 'Segoe UI';\">\u00bb<\/span><\/span><span style=\"color: #000000;\"><span style=\"font-size: 15px;\"><span style=\"font-family: 'Segoe UI', sans-serif;\"> A partir de este s\u00e1bado y, sobre todo, durante este domingo, las precipitaciones podr\u00e1n ser localmente intensas e ir acompa\u00f1adas de tormenta en casi cualquier punto de la mitad occidental de la pen\u00ednsula.<\/span><\/span><\/span><\/span><\/strong><\/p>\n<p style=\"text-align: center;\" align=\"CENTER\"><strong><span style=\"color: #000000;\"><span style=\"font-size: 12px;\"><span style=\"font-family: Arial, Helvetica, sans-serif;\"><span><a title=\"Ampliar imagen\" href=\"http:\/\/nsae01.casimages.net\/img\/2014\/09\/06\/140906024750342082.png\" target=\"_blank\" rel=\"external nofollow\"><img loading=\"lazy\" class=\"aligncenter\" title=\"Ampliar imagen\" src=\"\/\/nsae01.casimages.net\/img\/2014\/09\/06\/140906024750342082.png\" alt=\"\" width=\"518\" height=\"261\" \/><\/a>An\u00e1lisis de la situaci\u00f3n al oeste peninsular, a fecha del 06\/09\/2014, 12h \u2013 Predicci\u00f3n para el 07\/09\/2014<\/span><\/span><\/span><\/span><\/strong><\/p>\n<p align=\"LEFT\"><span style=\"color: #000000;\"><span style=\"font-size: 12px;\"><span style=\"font-family: Arial, Helvetica, sans-serif;\"><span><strong>S\u00e1bado 6 de Septiembre 2014. <\/strong><\/span><\/span><\/span><span style=\"color: #000000;\"><span style=\"font-size: 12px;\"><span style=\"font-family: Arial, Helvetica, sans-serif;\">Los cambios que ven\u00edan anunciando la mayor\u00eda de modelos meteorol\u00f3gicos para este fin de semana y la pr\u00f3xima semana, poco a poco, se van aproximando. Como sabr\u00e1n aquellos que siguen MeteoBadajoz a trav\u00e9s de las <a href=\"https:\/\/www.facebook.com\/MeteoBadajoz\" target=\"_blank\" rel=\"external nofollow\">redes sociales<\/a>, durante los \u00faltimos d\u00edas se ha hecho un seguimiento de las predicciones respecto a este nuevo cambio de tiempo, que finalmente <strong>parecen confirmarse<\/strong>.<!--more--><\/span><\/span><\/span><\/span><\/p>\n<p align=\"LEFT\"><span style=\"color: #000000;\"><span style=\"font-size: 12px;\"><span style=\"font-family: Arial, Helvetica, sans-serif;\"><span>Una borrasca ubicada frente a las costas occidentales de la Pen\u00ednsula Ib\u00e9rica va a dejarnos el <strong>primer episodio de precipitaciones de la temporada<\/strong> en el oeste peninsular, comenzando ya este s\u00e1bado (de forma d\u00e9bil) por Portugal y las zonas m\u00e1s occidentales de la Espa\u00f1a peninsular, extendi\u00e9ndose al resto de la mitad oeste durante el domingo, y ya con m\u00e1s intensidad.<\/span><\/span><\/span><\/span><\/p>\n<p align=\"LEFT\"><span style=\"color: #000000;\"><span style=\"font-size: 12px;\"><span style=\"font-family: Arial, Helvetica, sans-serif;\"><span>Tras unos \u00faltimos d\u00edas de <strong>temperaturas realmente calurosas<\/strong> (pasado lunes y martes con m\u00e1ximas de 38-40\u00baC), el contraste de temperaturas con esta nueva situaci\u00f3n de los pr\u00f3ximos d\u00edas podr\u00eda desembocar en un <strong>episodio de tormentas localmente intensas<\/strong>. Adem\u00e1s, \u00e9sta perturbaci\u00f3n arrastra una masa de aire tropical mar\u00edtima desde latitudes notablemente m\u00e1s bajas a las de la pen\u00ednsula, y sus propiedades la hacen <strong>bastante inestable<\/strong>.<\/span><\/span><\/span><\/span><\/p>\n<p align=\"LEFT\"><span style=\"color: #000000;\"><span style=\"font-size: 12px;\"><span style=\"font-family: Arial, Helvetica, sans-serif;\"><span>En la imagen que encabeza este post, observamos la situaci\u00f3n de este s\u00e1bado 06\/09\/2014, con la parte m\u00e1s activa de la perturbaci\u00f3n todav\u00eda lejos de la Pen\u00ednsula Ib\u00e9rica, pero fijaos esas \u201cbolas convectivas\u201d que ya se estaban desarrollando al norte de Madeira&#8230; \u00c9stas estructuras nubosas corresponden a <strong>sistemas tormentosos<\/strong> que intentan definir el frente fr\u00edo asociado a la borrasca (que todav\u00eda no se ha formado).<\/span><\/span><\/span><\/span><\/p>\n<p align=\"LEFT\"><span style=\"color: #000000;\"><span style=\"font-size: 12px;\"><span style=\"font-family: Arial, Helvetica, sans-serif;\"><span>A nosotros, habitualmente, los frentes atl\u00e1nticos nos llegan muy bien formados, con una gran estructura nubosa de tipo medio-alto y, generalmente, sin actividad tormentosa alojada dentro del frente. Pero en este caso, se est\u00e1n produciendo los primeros contactos entre la masa de aire fr\u00edo que llega desde el norte, y la de aire c\u00e1lido que se encuentra al sur. Durante esos primeros contactos se producen esas \u201c<strong>explosiones tormentosas<\/strong>\u201d en mitad del oc\u00e9ano, que posteriormente acabar\u00e1n constituyendo el frente.<\/span><\/span><\/span><\/span><\/p>\n<p align=\"LEFT\"><span style=\"color: #000000;\"><span style=\"font-size: 12px;\"><span style=\"font-family: Arial, Helvetica, sans-serif;\"><span>Ahora mismo se est\u00e1 produciendo, por tanto, la \u201c<\/span><\/span><\/span><span style=\"color: #000000;\"><span style=\"font-size: 12px;\"><span style=\"font-family: Arial, Helvetica, sans-serif;\"><span><em>frontog\u00e9nesis<\/em><\/span><\/span><\/span><span style=\"color: #000000;\"><span style=\"font-size: 12px;\"><span style=\"font-family: Arial, Helvetica, sans-serif;\"><span>\u201d al oeste peninsular, es decir: el frente est\u00e1 naciendo y, adem\u00e1s, muy cerca de nosotros. Durante estas inmediatas horas, <strong>esas tormentas se van a ir acercando<\/strong> a la pen\u00ednsula, siendo Portugal la primera de las zonas que se vea afectada (y la que m\u00e1s).<\/span><\/span><\/span><\/span><\/span><\/span><\/p>\n<p style=\"text-align: center;\" align=\"CENTER\"><strong><span style=\"color: #000000;\"><span style=\"font-size: 12px;\"><span style=\"font-family: Arial, Helvetica, sans-serif;\"><span><a title=\"Ampliar imagen\" href=\"http:\/\/nsae01.casimages.net\/img\/2014\/09\/06\/140906025712331658.gif\" target=\"_blank\" rel=\"external nofollow\"><img loading=\"lazy\" class=\"aligncenter\" title=\"Ampliar imagen\" src=\"\/\/nsae01.casimages.net\/img\/2014\/09\/06\/140906025712331658.gif\" alt=\"\" width=\"480\" height=\"270\" \/><\/a>Simulaci\u00f3n de imagen de sat\u00e9lite IR para las pr\u00f3ximas horas &#8211; NOAA<\/span><\/span><\/span><\/span><\/strong><\/p>\n<p align=\"LEFT\"><span style=\"color: #000000;\"><span style=\"font-size: 12px;\"><span style=\"font-family: Arial, Helvetica, sans-serif;\"><span>En esta simulaci\u00f3n de un modelo experimental del servicio meteorol\u00f3gico americano (la NOAA), podemos observar c\u00f3mo este domingo por la ma\u00f1ana, ese grupo de tormentas que hoy tenemos gest\u00e1ndose al suroeste, lo tendremos <strong>entrando por el suroeste<\/strong> de Portugal, adem\u00e1s de las tormentas que se desarrollen sobre la pen\u00ednsula, fruto de tanta inestabilidad.<\/span><\/span><\/span><\/span><\/p>\n<p align=\"LEFT\"><span style=\"color: #000000;\"><span style=\"font-size: 12px;\"><span style=\"font-family: Arial, Helvetica, sans-serif;\"><span>No va a estar todo el d\u00eda lloviendo, sino que ser\u00e1n <strong>precipitaciones intermitentes<\/strong>, incluso con apertura de claros entre el paso de los chubascos. Eso s\u00ed, las tormentas podr\u00e1n ser <strong>localmente intensas y acompa\u00f1adas de granizo<\/strong>. Algunos modelos prev\u00e9n tama\u00f1os de granizo de entre 1.5 y 2 cent\u00edmetros por el oeste, aunque puntualmente esos tama\u00f1os podr\u00edan quedarse cortos, sobre todo si las tormentas adquieren demasiada organizaci\u00f3n durante el domingo.<\/span><\/span><\/span><\/span><\/p>\n<p align=\"LEFT\"><span style=\"color: #000000;\"><span style=\"font-size: 12px;\"><span style=\"font-family: Arial, Helvetica, sans-serif;\"><span>Todo ello iremos sigui\u00e9ndolo, como siempre, a trav\u00e9s de las redes sociales, con informaciones de \u00faltima hora.<\/span><\/span><\/span><\/span><\/p>\n<p style=\"text-align: center;\" align=\"LEFT\"><strong style=\"text-align: center;\"><span><span style=\"font-size: 12px;\"><span style=\"font-family: Arial, Helvetica, sans-serif;\"><img loading=\"lazy\" class=\"aligncenter\" src=\"\/\/nsae01.casimages.net\/img\/2014\/09\/06\/140906025306658436.png\" alt=\"\" width=\"800\" height=\"450\" \/>Avisos meteorol\u00f3gicos de AEMET para este domingo 07\/09\/2014<\/span><\/span><\/span><\/strong><\/p>\n<p align=\"LEFT\"><span style=\"color: #000000;\"><span style=\"font-size: 12px;\"><span style=\"font-family: Arial, Helvetica, sans-serif;\">La AEMET ya <a href=\"http:\/\/www.aemet.es\/es\/eltiempo\/prediccion\/avisos\" target=\"_blank\" rel=\"external nofollow\">ha activado los primeros avisos<\/a> por <strong>lluvias y tormentas<\/strong> en muchas zonas del oeste peninsular, y en puntos del norte, interior-este y noreste, donde crecer\u00e1n bastantes tormentas por delante de la vaguada durante la tarde del domingo.<\/span><\/span><\/span><\/p>\n<p align=\"LEFT\"><span style=\"color: #000000;\"><span style=\"font-size: 12px;\"><span style=\"font-family: Arial, Helvetica, sans-serif;\">En cuanto a las temperaturas, <strong>descenso progresivo<\/strong> debido a la presencia de abundantes nubosidad, siendo el d\u00eda m\u00e1s fresco el domingo, cuando las m\u00e1ximas no superen los 24-26\u00baC en Extremadura, y m\u00ednimas bastante suaves, de 16-18\u00baC. Y el D\u00eda de Extremadura (lunes 8 de Septiembre), todo parece indicar que ser\u00e1 una jornada algo nubosa, y con precipitaciones d\u00e9biles, pero en principio nada que ver con la situaci\u00f3n de tormentas del domingo.<\/span><\/span><\/span><\/p>\n<p align=\"LEFT\"><span style=\"color: #000000;\"><span style=\"font-size: 12px;\"><span style=\"font-family: Arial, Helvetica, sans-serif;\">As\u00ed que podemos dar por iniciado este primer adelanto del oto\u00f1o, que <strong>se prolongar\u00e1 durante la pr\u00f3xima semana<\/strong>, con la entrada de varias l\u00edneas de inestabilidad desde el oeste.<\/span><\/span><\/span><\/p>\n<p align=\"LEFT\"><span style=\"color: #ffffff;\"><span style=\"font-family: Arial, Helvetica, sans-serif;\"><span>.<\/span><\/span><\/span><\/p>\n<p align=\"CENTER\"><span style=\"color: #808080;\"><span style=\"font-size: 12px;\"><span style=\"font-family: Arial, Helvetica, sans-serif;\">Por Javier Pi\u00f1ero Fuentes &#8211; \u00a9 MeteoBadajoz 2014<\/span><\/span><\/span><\/p>\n<p align=\"CENTER\"><span style=\"color: #808080;\"><span style=\"font-size: 12px;\"><span style=\"font-family: arial, sans-serif;\">meteobadajoz@gmail.com<\/span><\/span><\/span><\/p>\n<p align=\"CENTER\"><strong><span style=\"color: #000000;\"><span style=\"font-size: 12px;\"><span style=\"font-family: Arial, Helvetica, sans-serif;\"><span>Puedes seguir cada situaci\u00f3n a trav\u00e9s de la cuenta de Twitter <\/span><\/span><\/span><\/span><\/strong><strong><a href=\"https:\/\/twitter.com\/MeteoBadajoz\" target=\"_blank\" rel=\"external nofollow\"><span style=\"color: #ff0000;\"><span style=\"font-size: 12px;\"><span style=\"font-family: Arial, Helvetica, sans-serif;\"><span>@MeteoBadajoz<\/span><\/span><\/span><\/span><\/a><\/strong><strong><span style=\"color: #000000;\"><span style=\"font-size: 12px;\"><span style=\"font-family: Arial, Helvetica, sans-serif;\"><span>, o Facebook <\/span><\/span><\/span><\/span><\/strong><strong><a href=\"https:\/\/www.facebook.com\/pages\/MeteoBadajoz\/236436716399890\" target=\"_blank\" rel=\"external nofollow\"><span style=\"color: #ff0000;\"><span style=\"font-size: 12px;\"><span style=\"font-family: Arial, Helvetica, sans-serif;\"><span>MeteoBadajoz<\/span><\/span><\/span><\/span><\/a><\/strong><strong><span style=\"color: #000000;\"><span style=\"font-size: 12px;\"><span style=\"font-family: Arial, Helvetica, sans-serif;\"><span>, donde estar\u00e1s informado en todo momento de c\u00f3mo evolucionan los d\u00edas, as\u00ed como de noticias de inter\u00e9s meteorol\u00f3gico.<\/span><\/span><\/span><\/span><\/strong><\/p>\n<p align=\"CENTER\"><strong><span style=\"color: #000000;\"><span style=\"font-size: 12px;\"><span style=\"font-family: Arial, Helvetica, sans-serif;\"><span><span style=\"text-decoration: underline;\"><strong>Si el art\u00edculo te ha parecido interesante, puedes ayudar a divulgarlo a trav\u00e9s de las redes sociales, con ayuda de los botones para compartir.<\/strong><\/span><\/span><\/span><\/span><\/span><\/strong><\/p>\n<p align=\"CENTER\"><strong><span style=\"color: #000000;\"><span style=\"font-size: 12px;\"><span style=\"font-family: Arial, Helvetica, sans-serif;\"><span>\u00a1\u00a1Gracias y un saludo a los lectores del blog!!<\/span><\/span><\/span><\/span><\/strong><\/p>\n<!-- AddThis Advanced Settings generic via filter on the_content --><!-- AddThis Share Buttons generic via filter on the_content -->","protected":false},"excerpt":{"rendered":"<p>\u00bb A partir de este s\u00e1bado y, sobre todo, durante este domingo, las precipitaciones podr\u00e1n ser localmente intensas e ir acompa\u00f1adas de tormenta en casi cualquier punto de la mitad occidental de la pen\u00ednsula. An\u00e1lisis de la situaci\u00f3n al oeste peninsular, a fecha del 06\/09\/2014, 12h \u2013 Predicci\u00f3n para el 07\/09\/2014 S\u00e1bado 6 de Septiembre [&hellip;]<!-- AddThis Advanced Settings generic via filter on get_the_excerpt --><!-- AddThis Share Buttons generic via filter on get_the_excerpt --><\/p>\n","protected":false},"author":75,"featured_media":0,"comment_status":"open","ping_status":"closed","sticky":false,"template":"","format":"standard","meta":[],"categories":[4,5],"tags":[7,27,33,44,83,90,91,133,147,150],"_links":{"self":[{"href":"https:\/\/blogs.hoy.es\/meteobadajoz\/wp-json\/wp\/v2\/posts\/651"}],"collection":[{"href":"https:\/\/blogs.hoy.es\/meteobadajoz\/wp-json\/wp\/v2\/posts"}],"about":[{"href":"https:\/\/blogs.hoy.es\/meteobadajoz\/wp-json\/wp\/v2\/types\/post"}],"author":[{"embeddable":true,"href":"https:\/\/blogs.hoy.es\/meteobadajoz\/wp-json\/wp\/v2\/users\/75"}],"replies":[{"embeddable":true,"href":"https:\/\/blogs.hoy.es\/meteobadajoz\/wp-json\/wp\/v2\/comments?post=651"}],"version-history":[{"count":0,"href":"https:\/\/blogs.hoy.es\/meteobadajoz\/wp-json\/wp\/v2\/posts\/651\/revisions"}],"wp:attachment":[{"href":"https:\/\/blogs.hoy.es\/meteobadajoz\/wp-json\/wp\/v2\/media?parent=651"}],"wp:term":[{"taxonomy":"category","embeddable":true,"href":"https:\/\/blogs.hoy.es\/meteobadajoz\/wp-json\/wp\/v2\/categories?post=651"},{"taxonomy":"post_tag","embeddable":true,"href":"https:\/\/blogs.hoy.es\/meteobadajoz\/wp-json\/wp\/v2\/tags?post=651"}],"curies":[{"name":"wp","href":"https:\/\/api.w.org\/{rel}","templated":true}]}}