{"id":656,"date":"2014-09-11T16:24:37","date_gmt":"2014-09-11T14:24:37","guid":{"rendered":"http:\/\/blogs.hoy.es\/meteobadajoz\/?p=656"},"modified":"2014-09-11T16:24:37","modified_gmt":"2014-09-11T14:24:37","slug":"un-pequeno-sistema-convectivo-de-mesoescala-cruzo-este-miercoles-parte-de-portugal-y-extremadura","status":"publish","type":"post","link":"https:\/\/blogs.hoy.es\/meteobadajoz\/2014\/09\/11\/un-pequeno-sistema-convectivo-de-mesoescala-cruzo-este-miercoles-parte-de-portugal-y-extremadura\/","title":{"rendered":"Un peque\u00f1o Sistema Convectivo de Mesoescala cruz\u00f3 este mi\u00e9rcoles parte de Portugal y Extremadura"},"content":{"rendered":"<p align=\"LEFT\"><strong><span style=\"color: #000000;\"><span style=\"font-size: 15px;\"><span style=\"font-family: 'Segoe UI';\">\u00bb<\/span><\/span><span style=\"color: #000000;\"><span style=\"font-size: 15px;\"><span style=\"font-family: 'Segoe UI', sans-serif;\"> Durante la tarde del mi\u00e9rcoles, se llegaron a ver tormentas muy bien organizadas en algunas zonas de Extremadura, que muy pocas veces se suelen ver.<\/span><\/span><\/span><\/span><\/strong><\/p>\n<p style=\"text-align: center;\" align=\"CENTER\"><strong><span style=\"color: #000000;\"><span style=\"font-size: 12px;\"><span style=\"font-family: Arial, Helvetica, sans-serif;\"><span><a title=\"Ampliar imagen\" href=\"http:\/\/nsae01.casimages.net\/img\/2014\/09\/11\/140911014048941167.png\" target=\"_blank\" rel=\"external nofollow\"><img loading=\"lazy\" class=\"aligncenter\" title=\"Ampliar imagen\" src=\"\/\/nsae01.casimages.net\/img\/2014\/09\/11\/140911014048941167.png\" alt=\"\" width=\"506\" height=\"342\" \/><\/a>Superc\u00e9lula cerca de Miajadas (C\u00e1ceres) \u2013 Por \u201cOscar Ae Secas\u201d, v\u00eda Facebook<\/span><\/span><\/span><\/span><\/strong><\/p>\n<p align=\"LEFT\"><span style=\"color: #000000;\"><span style=\"font-size: 12px;\"><span style=\"font-family: Arial, Helvetica, sans-serif;\"><span><strong>Jueves 11 de Septiembre 2014. <\/strong><\/span><\/span><\/span><span style=\"color: #000000;\"><span style=\"font-size: 12px;\"><span style=\"font-family: Arial, Helvetica, sans-serif;\"><span>Ya se avisaba el d\u00eda anterior (el martes) de que la jornada del mi\u00e9rcoles nos dejar\u00eda un nuevo episodio de tormentas en zonas del oeste peninsular, afectando sobre todo a Portugal y las comarcas m\u00e1s occidentales de Extremadura. Los modelos de escala global, en general, no mostraban grandes precipitaciones para Extremadura, tampoco demasiada para Portugal, pero s\u00ed <strong>riesgo alto de chubascos y tormentas<\/strong>, por lo que casi cualquier cosa se pod\u00eda esperar.<!--more--><\/span><\/span><\/span><\/span><\/span><\/p>\n<p align=\"LEFT\"><span style=\"color: #000000;\"><span style=\"font-size: 12px;\"><span style=\"font-family: Arial, Helvetica, sans-serif;\"><span>Por otro lado, los modelos de mayor resoluci\u00f3n, los meso-escalares, s\u00ed observaban algunas estructuras tormentosas asociadas a la l\u00ednea de inestabilidad que nos cruzar\u00eda durante el mi\u00e9rcoles, y sobre todo en las \u00faltimas actualizaciones de la tarde del martes, se hac\u00eda evidente que el mi\u00e9rcoles tendr\u00edamos <strong>bastante movimiento<\/strong> por todo el oeste de la regi\u00f3n.<\/span><\/span><\/span><\/span><\/p>\n<p align=\"LEFT\"><span style=\"color: #000000;\"><span style=\"font-size: 12px;\"><span style=\"font-family: Arial, Helvetica, sans-serif;\"><span>Comenzaba el mi\u00e9rcoles con algunas nubes bajas, e incluso con niebla, en las Vegas Bajas del Guadiana, pero en general con una situaci\u00f3n bastante estable y soleada. Avanzaba la ma\u00f1ana, y continu\u00e1bamos hablando de sol en la mayor parte de la regi\u00f3n, aunque empezaban a llegar algunas nubes de tipo alto desde el oeste que correspond\u00edan a la parte superior de las tormentas que, a lo largo de la ma\u00f1ana, comenzaron a afectar a todo el litoral central de Portugal.<\/span><\/span><\/span><\/span><\/p>\n<p align=\"LEFT\"><span style=\"color: #000000;\"><span style=\"font-size: 12px;\"><span style=\"font-family: Arial, Helvetica, sans-serif;\"><span>A partir de las horas centrales del d\u00eda, esa l\u00ednea de inestabilidad (con mucha <strong>conveci\u00f3n embebida<\/strong>) avanzaba hacia el este, adentr\u00e1ndose en la pen\u00ednsula y reactivando, justo por delante, los primeros chubascos y tormentas por todo el interior de Portugal.<\/span><\/span><\/span><\/span><\/p>\n<p align=\"LEFT\"><span style=\"color: #000000;\"><span style=\"font-size: 12px;\"><span style=\"font-family: Arial, Helvetica, sans-serif;\"><span>Hacia las 15-16 horas de la tarde, todas esas tormentas parecen converger sobre la regi\u00f3n del Alentejo, en pleno coraz\u00f3n de Portugal, y acaban generando un \u00fanico <strong>n\u00facleo tormentoso de importantes dimensiones<\/strong>.<\/span><\/span><\/span><\/span><\/p>\n<p align=\"LEFT\"><span style=\"color: #000000;\"><span style=\"font-size: 12px;\"><span style=\"font-family: Arial, Helvetica, sans-serif;\"><span>Comenzaba a llover por todo el oeste de la provincia de Badajoz (Llanos de Olivenza y Vegas Bajas del Guadiana) hacia las 16:45-17:00h, de manera d\u00e9bil al principio, pero r\u00e1pidamente empezaban a escucharse los truenos de lo que nos estaba llegando desde el suroeste, quiz\u00e1s, de la propia actividad tormentosa ligada al gran <em>yunque<\/em> del sistema que ya se hab\u00eda formado en Portugal. A ojos de los sat\u00e9lites y de los mapas de rayos, la situaci\u00f3n era la siguiente:<\/span><\/span><\/span><\/span><\/p>\n<p style=\"text-align: center;\" align=\"CENTER\"><span style=\"color: #000000;\"><span style=\"font-size: 12px;\"><span style=\"font-family: Arial, Helvetica, sans-serif;\"><span><strong><a title=\"Ampliar imagen\" href=\"http:\/\/nsae01.casimages.net\/img\/2014\/09\/11\/140911014450219700.png\" target=\"_blank\" rel=\"external nofollow\"><img loading=\"lazy\" class=\"aligncenter\" title=\"Ampliar imagen\" src=\"\/\/nsae01.casimages.net\/img\/2014\/09\/11\/140911014450219700.png\" alt=\"\" width=\"518\" height=\"261\" \/><\/a>Imagen visible y mapa de rayos &#8211; EUMETSAT\/Met Office<\/strong><\/span><\/span><\/span><\/span><\/p>\n<p align=\"LEFT\"><span style=\"color: #000000;\"><span style=\"font-size: 12px;\"><span style=\"font-family: Arial, Helvetica, sans-serif;\"><span>Como muestra la imagen superior, el aspecto que presentaba este conjunto de tormentas era casi circular (sobre todo algo m\u00e1s tarde de la imagen mostrada), y es por lo general el aspecto que presenta un <strong>Sistema Convectivo de Mesoescala<\/strong> (\u201c<strong>SCM<\/strong>\u201d para abreviar). Quiz\u00e1s, el que se produjo este mi\u00e9rcoles en el oeste peninsular, no fue un ejemplo de lo que verdaderamente es un buen SCM, como los que se forman en EE.UU, interior de Europa, u otras zonas del mundo altamente tormentosas, pero ah\u00ed estaba&#8230; desarroll\u00e1ndose con ganas sobre Portugal!<\/span><\/span><\/span><\/span><\/p>\n<p align=\"LEFT\"><span style=\"color: #000000;\"><span style=\"font-size: 12px;\"><span style=\"font-family: Arial, Helvetica, sans-serif;\"><span>A lo largo de la tarde, hubo un momento de <strong>m\u00e1ximo desarrollo<\/strong> de esta enorme nube de tormenta, y se produjo muy cerca del oeste de Extremadura. De hecho, gran parte de la actividad tormentosa y de precipitaci\u00f3n se centr\u00f3 en el Alentejo, en Portugal, pero este sistema estaba tan bien desarrollado, que el propio <em>yunque<\/em> del mismo (la parte alta y fr\u00eda de la tormenta) era una <strong>gran masa de precipitaciones moderadas y continuas<\/strong>, e incluso gran parte de las precipitaciones en el oeste de Extremadura se debi\u00f3 a ello.<\/span><\/span><\/span><\/span><\/p>\n<p align=\"LEFT\"><span style=\"color: #000000;\"><span style=\"font-size: 12px;\"><span style=\"font-family: Arial, Helvetica, sans-serif;\"><span>Adem\u00e1s de eso, a medida que avanzaba el sistema, por delante de \u00e9l se formaban nuevas tormentas, muy locales y repentinas, que desarrollaban n\u00facleos de precipitaci\u00f3n bastante intensos y efectivos. Lo hac\u00edan por ejemplo hacia las comarcas del oeste de la provincia de C\u00e1ceres, justo en el camino de este SCM.<\/span><\/span><\/span><\/span><\/p>\n<p align=\"LEFT\"><span style=\"color: #000000;\"><span style=\"font-size: 12px;\"><span style=\"font-family: Arial, Helvetica, sans-serif;\"><span>Pero en la segunda mitad de la tarde, los radares meteorol\u00f3gicos mostraban en su conjunto una estructura de precipitaci\u00f3n <strong>muy llamativa<\/strong> y con ciertas caracter\u00edsticas que conducen a que, efectivamente, se trat\u00f3 de un Sistema Convectivo de Mesoescala, pero adem\u00e1s con <strong>caracter\u00edsticas propias<\/strong> de \u00e9stos fen\u00f3menos.<\/span><\/span><\/span><\/span><\/p>\n<p align=\"CENTER\"><span style=\"color: #000000;\"><span style=\"font-size: 12px;\"><span style=\"font-family: Arial, Helvetica, sans-serif;\"><span><strong><img loading=\"lazy\" class=\"aligncenter\" src=\"\/\/nsae01.casimages.net\/img\/2014\/09\/11\/140911032546923048.png\" alt=\"\" width=\"480\" height=\"530\" \/>An\u00e1lisis imagen del radar de C\u00e1ceres, 18:50 UTC (20:50h) &#8211; AEMET<\/strong><\/span><\/span><\/span><\/span><\/p>\n<p align=\"LEFT\"><span style=\"color: #000000;\"><span style=\"font-size: 12px;\"><span style=\"font-family: Arial, Helvetica, sans-serif;\"><span>En la imagen del radar que se muestra arriba, se ha elaborado un an\u00e1lisis de la situaci\u00f3n, justo en este momento (20:50h), en el que podemos ver varios elementos importantes:<\/span><\/span><\/span><\/span><\/p>\n<p align=\"LEFT\"><span style=\"color: #000000;\"><span style=\"font-size: 12px;\"><span style=\"font-family: Arial, Helvetica, sans-serif;\"><span>-Por un lado, los restos del n\u00facleo del SCM, descargando hacia el interior-norte de la provincia de C\u00e1ceres, que viene a ser una zona de precipitaciones estratificadas, ligadas al denso y enorme <em>yunque<\/em>.<\/span><\/span><\/span><\/span><\/p>\n<p align=\"LEFT\"><span style=\"color: #000000;\"><span style=\"font-size: 12px;\"><span style=\"font-family: Arial, Helvetica, sans-serif;\"><span>-Al sur de la zona anteriormente mencionada, existe una l\u00ednea de chubascos y tormentas (localmente intensas), que no es m\u00e1s que la zona de convergencia de ese frente que nos cruzaba el mi\u00e9rcoles.<\/span><\/span><\/span><\/span><\/p>\n<p align=\"LEFT\"><span style=\"color: #000000;\"><span style=\"font-size: 12px;\"><span style=\"font-family: Arial, Helvetica, sans-serif;\"><span>Pero si ponemos en marcha la animaci\u00f3n de las im\u00e1genes del radar, y prestamos atenci\u00f3n al movimiento del SCM en todo su recorrido, observaremos que incluso acaba desarrollando <strong>cierta rotaci\u00f3n antihoraria<\/strong> a partir de su estado de madurez, siendo m\u00e1s evidente en su estado de disipaci\u00f3n, casi al final de su vida, incluso la precipitaci\u00f3n acaba formando una peque\u00f1a espiral. Fijaos:<\/span><\/span><\/span><\/span><\/p>\n<p align=\"CENTER\"><span style=\"color: #000000;\"><span style=\"font-size: 12px;\"><span style=\"font-family: Arial, Helvetica, sans-serif;\"><span><strong><img loading=\"lazy\" class=\"aligncenter\" src=\"\/\/nsae01.casimages.net\/img\/2014\/09\/11\/140911020829813769.gif\" alt=\"\" width=\"480\" height=\"530\" \/>Animaci\u00f3n del radar de C\u00e1ceres &#8211; AEMET<\/strong><\/span><\/span><\/span><\/span><\/p>\n<p align=\"LEFT\"><span style=\"color: #000000;\"><span style=\"font-size: 12px;\"><span style=\"font-family: Arial, Helvetica, sans-serif;\"><span>Por tanto, tenemos un conjunto de tormentas, que se agrupan y acaban formando una \u00fanica estructura, su recorrido dura varias horas dejando precipitaciones localmente intensas a su paso, y con importante actividad tormentosa y, adem\u00e1s, como caracter\u00edstica estrella, este sistema acaba desarrollando su propio v\u00f3rtice cicl\u00f3nico (ese giro antihorario que vemos en el radar), por lo que no cabe duda de que se trat\u00f3 de un <strong>Sistema Convectivo de Mesoescala (SCM)<\/strong>, ya no s\u00f3lo viendo su aspecto, sino tambi\u00e9n su comportamiento y caracter\u00edsticas.<\/span><\/span><\/span><\/span><\/p>\n<p align=\"LEFT\"><span style=\"color: #000000;\"><span style=\"font-size: 12px;\"><span style=\"font-family: Arial, Helvetica, sans-serif;\"><span>El desarrollo de este sistema tambi\u00e9n merece la pena verlo a trav\u00e9s de las im\u00e1genes de sat\u00e9lite, donde podemos ver la vida completa que tuvo, desde sus inicios (en la costa SW de Portugal), hasta el debilitamiento a su paso por Extremadura, y su posterior choque contra el Sistema Central, que lo acab\u00f3 desconfigurando.<\/span><\/span><\/span><\/span><\/p>\n<p align=\"LEFT\"><span><span><span><span style=\"font-family: Arial, Helvetica, sans-serif;\"><span style=\"font-size: 12px;\">As\u00ed fue su recorrido en im\u00e1genes de sat\u00e9lite y en los mapas de rayos (pulsa sobre las\u00a0im\u00e1genes\u00a0para ampliar):<\/span><\/span><\/span><\/span><\/span><\/p>\n<p style=\"text-align: center;\" align=\"CENTER\"><span style=\"color: #000000;\"><span style=\"font-size: 12px;\"><span style=\"font-family: Arial, Helvetica, sans-serif;\"><span><strong><a title=\"Ampliar imagen\" href=\"http:\/\/nsae01.casimages.net\/img\/2014\/09\/11\/140911033931309671.gif\" target=\"_blank\" rel=\"external nofollow\"><img loading=\"lazy\" class=\"aligncenter\" title=\"Ampliar imagen\" src=\"\/\/nsae01.casimages.net\/img\/2014\/09\/11\/140911033931309671.gif\" alt=\"\" width=\"600\" height=\"338\" \/><\/a>Animaci\u00f3n infrarroja (coloreada) del sat\u00e9lite Meteosat &#8211; EUMETSAT<\/strong><\/span><\/span><\/span><\/span><\/p>\n<p style=\"text-align: center;\" align=\"CENTER\"><span style=\"color: #000000;\"><span style=\"font-size: 12px;\"><span style=\"font-family: Arial, Helvetica, sans-serif;\"><span><strong><a title=\"Ampliar imagen\" href=\"http:\/\/nsae01.casimages.net\/img\/2014\/09\/11\/140911034716839408.gif\" target=\"_blank\" rel=\"external nofollow\"><img loading=\"lazy\" class=\"aligncenter\" title=\"Ampliar imagen\" src=\"\/\/nsae01.casimages.net\/img\/2014\/09\/11\/140911034716839408.gif\" alt=\"\" width=\"545\" height=\"313\" \/><\/a>Animaci\u00f3n visible (RGB), Meteosat-10 &#8211; EUMETSAT<\/strong><\/span><\/span><\/span><\/span><\/p>\n<p style=\"text-align: center;\" align=\"CENTER\"><span style=\"color: #000000;\"><span style=\"font-size: 12px;\"><span style=\"font-family: Arial, Helvetica, sans-serif;\"><span><strong><img loading=\"lazy\" class=\"aligncenter\" src=\"\/\/nsae01.casimages.net\/img\/2014\/09\/11\/140911035258447768.png\" alt=\"\" width=\"479\" height=\"440\" \/>Rastro de las descargas el\u00e9ctricas seg\u00fan el servicio meteorol\u00f3gico portugu\u00e9s &#8211; IPMA<\/strong><\/span><\/span><\/span><\/span><\/p>\n<p style=\"text-align: center;\" align=\"CENTER\"><span style=\"color: #000000;\"><span style=\"font-size: 12px;\"><span style=\"font-family: Arial, Helvetica, sans-serif;\"><span><strong><img loading=\"lazy\" class=\"aligncenter\" src=\"\/\/nsae01.casimages.net\/img\/2014\/09\/11\/140911034837395638.png\" alt=\"\" width=\"512\" height=\"384\" \/>Actividad tormentosa seg\u00fan los mapas de rayos de AEMET<\/strong><\/span><\/span><\/span><\/span><\/p>\n<p align=\"LEFT\"><span style=\"color: #000000;\"><span style=\"font-size: 12px;\"><span style=\"font-family: Arial, Helvetica, sans-serif;\"><span>No s\u00f3lo desde arriba es espectacular un fen\u00f3meno as\u00ed meteorol\u00f3gicamente hablando, sino <strong>sobre todo desde el suelo<\/strong>. En algunas zonas de Extremadura se vieron estructuras tormentosas realmente interesantes, y que pocas veces podemos ver. Un seguidor de la p\u00e1gina de Facebook, me hac\u00eda llegar varias fotos de lo que hab\u00eda visto pasar cerca de Miajadas (C\u00e1ceres); algo que le llam\u00f3 la atenci\u00f3n y lo fotografi\u00f3.<\/span><\/span><\/span><\/span><\/p>\n<p align=\"LEFT\"><span style=\"color: #000000;\"><span style=\"font-size: 12px;\"><span style=\"font-family: Arial, Helvetica, sans-serif;\"><span>Cuando me llegaron sus fotos, me qued\u00e9 bastante sorprendido. Es la misma imagen que encabeza este post, pero la vuelvo a poner por a continuaci\u00f3n&#8230;<\/span><\/span><\/span><\/span><\/p>\n<p style=\"text-align: center;\" align=\"CENTER\"><span style=\"color: #000000;\"><span style=\"font-size: 12px;\"><span style=\"font-family: Arial, Helvetica, sans-serif;\"><span><strong><a title=\"Ampliar imagen\" href=\"http:\/\/nsae01.casimages.net\/img\/2014\/09\/11\/140911014048941167.png\" target=\"_blank\" rel=\"external nofollow\"><img loading=\"lazy\" class=\"aligncenter\" title=\"Ampliar imagen\" src=\"\/\/nsae01.casimages.net\/img\/2014\/09\/11\/140911014048941167.png\" alt=\"\" width=\"506\" height=\"342\" \/><\/a><\/strong><strong>Superc\u00e9lula cerca de Miajadas (C\u00e1ceres) \u2013 Por \u201cOscar Ae Secas\u201d, v\u00eda Facebook<\/strong><br \/>\n<\/span><\/span><\/span><\/span><\/p>\n<p align=\"LEFT\"><span style=\"color: #000000;\"><span style=\"font-size: 12px;\"><span style=\"font-family: Arial, Helvetica, sans-serif;\">Aparentemente, para muchos, puede ser una nube m\u00e1s en el cielo, pero esa estructura cil\u00edndrica, en forma de varias l\u00e1minas, denota la <strong>rotaci\u00f3n asociada<\/strong> a uno de esos n\u00facleos tormentosos que se form\u00f3 hacia el extremo sureste del SCM. Es lo que se conoce como una &#8220;<strong><em>superc\u00e9lula<\/em><\/strong>&#8220;, y este tipo de tormentas son las que <a href=\"https:\/\/blogs.hoy.es\/meteobadajoz\/2013\/05\/28\/como-se-forman-los-tornados\/\" target=\"_blank\">acaban generando los tornados<\/a>, <strong>aunque no siempre<\/strong>.<\/span><\/span><\/span><\/p>\n<p align=\"LEFT\"><span style=\"color: #000000;\"><span style=\"font-size: 12px;\"><span style=\"font-family: Arial, Helvetica, sans-serif;\"><span>Es realmente llamativo porque, como dec\u00eda, muy pocas veces podemos ver cosas as\u00ed por nuestras tierras, sobre todo tan bien definido como se ve en la fotograf\u00eda.<\/span><\/span><\/span><\/span><\/p>\n<p align=\"LEFT\"><span style=\"color: #000000;\"><span style=\"font-size: 12px;\"><span style=\"font-family: Arial, Helvetica, sans-serif;\"><span>Desde otras zonas de la regi\u00f3n tambi\u00e9n llegaban fotograf\u00edas de cielos tormentosos y muy amenazantes.\u00a0Sin duda espectacular, una vez m\u00e1s, lo que se puede llegar a formar sobre tierras extreme\u00f1as! Hay mucho que descubrir meteorol\u00f3gicamente en Extremadura! :D<\/span><\/span><\/span><\/span><\/p>\n<p align=\"LEFT\"><span style=\"color: #ffffff;\"><span style=\"font-family: Arial, Helvetica, sans-serif;\"><span>.<\/span><\/span><\/span><\/p>\n<p align=\"CENTER\"><span style=\"color: #808080;\"><span style=\"font-size: 12px;\"><span style=\"font-family: Arial, Helvetica, sans-serif;\">Por Javier Pi\u00f1ero Fuentes &#8211; \u00a9 MeteoBadajoz 2014<\/span><\/span><\/span><\/p>\n<p align=\"CENTER\"><span style=\"color: #808080;\"><span style=\"font-size: 12px;\"><span style=\"font-family: arial, sans-serif;\">meteobadajoz@gmail.com<\/span><\/span><\/span><\/p>\n<p align=\"CENTER\"><strong><span style=\"color: #000000;\"><span style=\"font-size: 12px;\"><span style=\"font-family: Arial, Helvetica, sans-serif;\"><span>Puedes seguir cada situaci\u00f3n a trav\u00e9s de la cuenta de Twitter <\/span><\/span><\/span><\/span><\/strong><strong><a href=\"https:\/\/twitter.com\/MeteoBadajoz\" target=\"_blank\" rel=\"external nofollow\"><span style=\"color: #ff0000;\"><span style=\"font-size: 12px;\"><span style=\"font-family: Arial, Helvetica, sans-serif;\"><span>@MeteoBadajoz<\/span><\/span><\/span><\/span><\/a><\/strong><strong><span style=\"color: #000000;\"><span style=\"font-size: 12px;\"><span style=\"font-family: Arial, Helvetica, sans-serif;\"><span>, o Facebook <\/span><\/span><\/span><\/span><\/strong><strong><a href=\"https:\/\/www.facebook.com\/pages\/MeteoBadajoz\/236436716399890\" target=\"_blank\" rel=\"external nofollow\"><span style=\"color: #ff0000;\"><span style=\"font-size: 12px;\"><span style=\"font-family: Arial, Helvetica, sans-serif;\"><span>MeteoBadajoz<\/span><\/span><\/span><\/span><\/a><\/strong><strong><span style=\"color: #000000;\"><span style=\"font-size: 12px;\"><span style=\"font-family: Arial, Helvetica, sans-serif;\"><span>, donde estar\u00e1s informado en todo momento de c\u00f3mo evolucionan los d\u00edas, as\u00ed como de noticias de inter\u00e9s meteorol\u00f3gico.<\/span><\/span><\/span><\/span><\/strong><\/p>\n<p align=\"CENTER\"><strong><span style=\"color: #000000;\"><span style=\"font-size: 12px;\"><span style=\"font-family: Arial, Helvetica, sans-serif;\"><span><span style=\"text-decoration: underline;\"><strong>Si el art\u00edculo te ha parecido interesante, puedes ayudar a divulgarlo a trav\u00e9s de las redes sociales, con ayuda de los botones para compartir.<\/strong><\/span><\/span><\/span><\/span><\/span><\/strong><\/p>\n<p align=\"CENTER\"><strong><span style=\"color: #000000;\"><span style=\"font-size: 12px;\"><span style=\"font-family: Arial, Helvetica, sans-serif;\"><span>\u00a1\u00a1Gracias y un saludo a los lectores del blog!!<\/span><\/span><\/span><\/span><\/strong><\/p>\n<!-- AddThis Advanced Settings generic via filter on the_content --><!-- AddThis Share Buttons generic via filter on the_content -->","protected":false},"excerpt":{"rendered":"<p>\u00bb Durante la tarde del mi\u00e9rcoles, se llegaron a ver tormentas muy bien organizadas en algunas zonas de Extremadura, que muy pocas veces se suelen ver. Superc\u00e9lula cerca de Miajadas (C\u00e1ceres) \u2013 Por \u201cOscar Ae Secas\u201d, v\u00eda Facebook Jueves 11 de Septiembre 2014. Ya se avisaba el d\u00eda anterior (el martes) de que la jornada [&hellip;]<!-- AddThis Advanced Settings generic via filter on get_the_excerpt --><!-- AddThis Share Buttons generic via filter on get_the_excerpt --><\/p>\n","protected":false},"author":75,"featured_media":0,"comment_status":"open","ping_status":"closed","sticky":false,"template":"","format":"standard","meta":[],"categories":[4,5],"tags":[7,33,44,83,90,91,122,130,135,140,147],"_links":{"self":[{"href":"https:\/\/blogs.hoy.es\/meteobadajoz\/wp-json\/wp\/v2\/posts\/656"}],"collection":[{"href":"https:\/\/blogs.hoy.es\/meteobadajoz\/wp-json\/wp\/v2\/posts"}],"about":[{"href":"https:\/\/blogs.hoy.es\/meteobadajoz\/wp-json\/wp\/v2\/types\/post"}],"author":[{"embeddable":true,"href":"https:\/\/blogs.hoy.es\/meteobadajoz\/wp-json\/wp\/v2\/users\/75"}],"replies":[{"embeddable":true,"href":"https:\/\/blogs.hoy.es\/meteobadajoz\/wp-json\/wp\/v2\/comments?post=656"}],"version-history":[{"count":0,"href":"https:\/\/blogs.hoy.es\/meteobadajoz\/wp-json\/wp\/v2\/posts\/656\/revisions"}],"wp:attachment":[{"href":"https:\/\/blogs.hoy.es\/meteobadajoz\/wp-json\/wp\/v2\/media?parent=656"}],"wp:term":[{"taxonomy":"category","embeddable":true,"href":"https:\/\/blogs.hoy.es\/meteobadajoz\/wp-json\/wp\/v2\/categories?post=656"},{"taxonomy":"post_tag","embeddable":true,"href":"https:\/\/blogs.hoy.es\/meteobadajoz\/wp-json\/wp\/v2\/tags?post=656"}],"curies":[{"name":"wp","href":"https:\/\/api.w.org\/{rel}","templated":true}]}}