{"id":657,"date":"2014-09-15T14:35:28","date_gmt":"2014-09-15T12:35:28","guid":{"rendered":"http:\/\/blogs.hoy.es\/meteobadajoz\/?p=657"},"modified":"2014-09-15T14:35:28","modified_gmt":"2014-09-15T12:35:28","slug":"comienza-una-semana-de-abundante-inestabilidad-con-lluvias-y-tormentas","status":"publish","type":"post","link":"https:\/\/blogs.hoy.es\/meteobadajoz\/2014\/09\/15\/comienza-una-semana-de-abundante-inestabilidad-con-lluvias-y-tormentas\/","title":{"rendered":"Comienza una semana de abundante inestabilidad, con lluvias y tormentas"},"content":{"rendered":"<p align=\"LEFT\"><strong><span style=\"color: #000000;\"><span style=\"font-size: 15px;\"><span style=\"font-family: 'Segoe UI';\">\u00bb<\/span><\/span><span style=\"color: #000000;\"><span style=\"font-size: 14px;\"><span style=\"font-family: 'Segoe UI', sans-serif;\"> La borrasca que lleva d\u00edas anclada al oeste peninsular se acercar\u00e1 en los pr\u00f3ximos d\u00edas, dej\u00e1ndonos la entrada de algunos frentes, con precipitaciones moderadas\/localmente fuertes y acompa\u00f1adas de tormenta. <\/span><\/span><\/span><\/span><\/strong><\/p>\n<p style=\"text-align: center;\" align=\"CENTER\"><strong><span style=\"color: #000000;\"><span style=\"font-size: 12px;\"><span style=\"font-family: Arial, Helvetica, sans-serif;\"><span><img loading=\"lazy\" class=\"aligncenter\" src=\"\/\/nsae01.casimages.net\/img\/2014\/09\/15\/140915011749850210.png\" alt=\"\" width=\"545\" height=\"278\" \/>Imagen infrarroja (RGB-Airmass) del sat\u00e9lite Meteosat10, 15\/09\/2014; 12h &#8211; EUMETSAT<\/span><\/span><\/span><\/span><\/strong><\/p>\n<p align=\"LEFT\"><span style=\"color: #000000;\"><span style=\"font-size: 12px;\"><span style=\"font-family: Arial, Helvetica, sans-serif;\"><span><strong>Lunes 15 de Septiembre 2014. <\/strong><\/span><\/span><\/span><span style=\"color: #000000;\"><span style=\"font-size: 12px;\"><span style=\"font-family: Arial, Helvetica, sans-serif;\">En los \u00faltimos d\u00edas hemos venido <span style=\"color: #ff0000;\"><a href=\"https:\/\/blogs.hoy.es\/meteobadajoz\/2014\/09\/11\/un-pequeno-sistema-convectivo-de-mesoescala-cruzo-este-miercoles-parte-de-portugal-y-extremadura\/\" target=\"_blank\"><span style=\"color: #ff0000;\">registrando algo de inestabilidad en forma de chubascos y tormentas<\/span><\/a><\/span> por el oeste peninsular, asociado a la cercan\u00eda de una borrasca entre las islas Azores y la pen\u00ednsula. Pero a lo largo de los pr\u00f3ximos d\u00edas, esa borrasca acabar\u00e1 afect\u00e1ndonos de lleno, con precipitaciones <strong>m\u00e1s generalizadas<\/strong> y, nuevamente, <strong>acompa\u00f1adas de tormentas<\/strong>, pudiendo ser localmente intensas.<!--more--><\/span><\/span><\/span><\/span><\/p>\n<p align=\"LEFT\"><span style=\"color: #000000;\"><span style=\"font-size: 12px;\"><span style=\"font-family: Arial, Helvetica, sans-serif;\"><span>La situaci\u00f3n de bloqueo anticicl\u00f3nico que afecta a gran parte de norte del continente europeo, continua dej\u00e1ndonos una situaci\u00f3n de cierta inestabilidad hacia el oeste y suroeste de Europa, provocado por la persistente borrasca ubicada al oeste peninsular.<\/span><\/span><\/span><\/span><\/p>\n<p align=\"LEFT\"><span style=\"color: #000000;\"><span style=\"font-size: 12px;\"><span style=\"font-family: Arial, Helvetica, sans-serif;\"><span>La dorsal en niveles medios y altos presente desde el norte de \u00c1frica, hasta ese bloqueo de altas presiones en Europa del norte, evita el avance hacia el este de esa perturbaci\u00f3n, y la deja basculando sobre la misma zona, tal y como ha venido sucediendo en los \u00faltimos d\u00edas.<\/span><\/span><\/span><\/span><\/p>\n<p align=\"LEFT\"><span style=\"color: #000000;\"><span style=\"font-size: 12px;\"><span style=\"font-family: Arial, Helvetica, sans-serif;\"><span>Pero la dorsal y ese bloqueo anticicl\u00f3nico en latitudes altas, <strong>perder\u00e1n algo de fuerza<\/strong>, y eso ayudar\u00e1 a que la borrasca pueda &#8220;expandirse&#8221; y avanzar ligeramente hacia el este, provocando un aumento de la inestabilidad por todo el oeste a partir de este lunes. Adem\u00e1s, la borrasca volver\u00e1 a ganar intensidad, debido a un nuevo <strong>aporte de aire fr\u00edo<\/strong> en niveles medios y altos de la Troposfera, provocando la profundizaci\u00f3n de la misma. Eso le dar\u00e1 un mayor grado de organizaci\u00f3n (veremos una borrasca bastante bien formada en las im\u00e1genes de sat\u00e9lite), generando bastante m\u00e1s inestabilidad frente a las costas portuguesas.<\/span><\/span><\/span><\/span><\/p>\n<p align=\"LEFT\"><span style=\"color: #000000;\"><span style=\"font-size: 12px;\"><span style=\"font-family: Arial, Helvetica, sans-serif;\"><span>En principio, se esperan <strong>lluvias casi todos los d\u00edas de la semana<\/strong>, sobre todo el martes y mi\u00e9rcoles, siendo el norte de C\u00e1ceres la zona en la que seguramente se acaben acumulando las mayores cantidades de precipitaci\u00f3n, debido al flujo de suroeste que tendremos en esta situaci\u00f3n.<\/span><\/span><\/span><\/span><\/p>\n<p style=\"text-align: center;\" align=\"LEFT\"><strong><span style=\"color: #000000;\"><span style=\"font-size: 12px;\"><span style=\"font-family: Arial, Helvetica, sans-serif;\"><a title=\"Ampliar imagen\" href=\"http:\/\/nsae01.casimages.net\/img\/2014\/09\/15\/140915022350998746.gif\" target=\"_blank\" rel=\"external nofollow\"><img loading=\"lazy\" class=\"aligncenter\" title=\"Ampliar imagen\" src=\"\/\/nsae01.casimages.net\/img\/2014\/09\/15\/140915022350998746.gif\" alt=\"\" width=\"568\" height=\"346\" \/><\/a>Precipitaciones previstas durante el martes 16, localmente intensas y con tormenta &#8211; Modelo GFS<\/span><\/span><\/span><\/strong><\/p>\n<p align=\"LEFT\"><span><span><span><span style=\"font-family: Arial, Helvetica, sans-serif;\"><span style=\"font-size: 12px;\">El martes nos cruzar\u00e1 un frente bastante activo (el que se est\u00e1 formando este lunes hacia el suroeste peninsular), por tanto, al igual como con los \u00faltimos frentes, ser\u00e1 un frente bastante joven y convectivo; es decir, con <\/span><\/span><strong style=\"color: #000000; font-family: Arial, Helvetica, sans-serif; font-size: 12px;\">tormentas embebidas<\/strong><span style=\"font-family: Arial, Helvetica, sans-serif;\"><span style=\"font-size: 12px;\"> dentro del frente.<\/span><\/span><\/span><\/span><\/span><\/p>\n<p align=\"LEFT\"><span><span><span><span style=\"font-family: Arial, Helvetica, sans-serif;\"><span style=\"font-size: 12px;\">Hay modelos que generan una estructura tormentosa bastante compacta, que entrar\u00eda durante la ma\u00f1ana del martes por el suroeste de Portugal, y acabar\u00eda abrazando a gran parte del oeste peninsular, incluyendo a Extremadura (sobre todo cuanto m\u00e1s al oeste). Adem\u00e1s, este nuevo frente viene acompa\u00f1ado de masas de aire muy h\u00famedas e inestables que provienen desde latitudes muy bajas, por lo que ese gran contenido de humedad puede hacer que las precipitaciones sean, puntualmente, <strong>muy\u00a0abundantes<\/strong>.<\/span><\/span><\/span><\/span><\/span><\/p>\n<p align=\"LEFT\"><span style=\"color: #000000;\"><span style=\"font-size: 12px;\"><span style=\"font-family: Arial, Helvetica, sans-serif;\"><span>Por esta raz\u00f3n, habr\u00e1 que estar muy pendientes de las tormentas que se puedan formar, porque podr\u00e1n ser <strong>intensas y bastante efectivas<\/strong> en cuanto a precipitaci\u00f3n, as\u00ed que <strong>ojo en zonas inundables<\/strong>. Por otro lado, una vez m\u00e1s, los \u00edndices convectivos se encontrar\u00e1n en valores bastante altos, por lo que las tormentas, de forma aislada, podr\u00edan llevar asociados fen\u00f3menos severos.<\/span><\/span><\/span><\/span><\/p>\n<p align=\"LEFT\"><span style=\"color: #000000;\"><span style=\"font-size: 12px;\"><span style=\"font-family: Arial, Helvetica, sans-serif;\"><span>La borrasca permanecer\u00e1 frente a las costas occidentales de la pen\u00ednsula durante bastantes d\u00edas, por lo que no dejar\u00e1n de entrar l\u00edneas de inestabilidad a lo largo de la semana, con chubascos y tormentas afectando a todo el oeste peninsular, as\u00ed que esta situaci\u00f3n <strong>podr\u00eda ir para largo<\/strong>. Eso s\u00ed, no va a estar todo el d\u00eda lloviendo, sino que ser\u00e1n precipitaciones intermitentes, con algunos ratos de Sol entre tantos chubascos. Y, adem\u00e1s, con temperaturas que tienden a bajar ligeramente, aunque no demasiado; rondaremos los 24-27\u00baC como mucho.<\/span><\/span><\/span><\/span><\/p>\n<p style=\"text-align: center;\" align=\"LEFT\"><strong><span style=\"color: #000000;\"><span style=\"font-size: 15px;\"><span style=\"font-family: Arial, Helvetica, sans-serif;\">\u00a1Ya va llegando el Oto\u00f1o! :D<\/span><\/span><\/span><\/strong><\/p>\n<p align=\"LEFT\"><span style=\"color: #ffffff;\"><span style=\"font-family: Arial, Helvetica, sans-serif;\"><span>.<\/span><\/span><\/span><\/p>\n<p align=\"CENTER\"><span style=\"color: #808080;\"><span style=\"font-size: 12px;\"><span style=\"font-family: Arial, Helvetica, sans-serif;\">Por Javier Pi\u00f1ero Fuentes &#8211; \u00a9 MeteoBadajoz 2014<\/span><\/span><\/span><\/p>\n<p align=\"CENTER\"><span style=\"color: #808080;\"><span style=\"font-size: 12px;\"><span style=\"font-family: arial, sans-serif;\">meteobadajoz@gmail.com<\/span><\/span><\/span><\/p>\n<p align=\"CENTER\"><strong><span style=\"color: #000000;\"><span style=\"font-size: 12px;\"><span style=\"font-family: Arial, Helvetica, sans-serif;\"><span>Puedes seguir cada situaci\u00f3n a trav\u00e9s de la cuenta de Twitter <\/span><\/span><\/span><\/span><\/strong><strong><a href=\"https:\/\/twitter.com\/MeteoBadajoz\" target=\"_blank\" rel=\"external nofollow\"><span style=\"color: #ff0000;\"><span style=\"font-size: 12px;\"><span style=\"font-family: Arial, Helvetica, sans-serif;\"><span>@MeteoBadajoz<\/span><\/span><\/span><\/span><\/a><\/strong><strong><span style=\"color: #000000;\"><span style=\"font-size: 12px;\"><span style=\"font-family: Arial, Helvetica, sans-serif;\"><span>, o Facebook <\/span><\/span><\/span><\/span><\/strong><strong><a href=\"https:\/\/www.facebook.com\/pages\/MeteoBadajoz\/236436716399890\" target=\"_blank\" rel=\"external nofollow\"><span style=\"color: #ff0000;\"><span style=\"font-size: 12px;\"><span style=\"font-family: Arial, Helvetica, sans-serif;\"><span>MeteoBadajoz<\/span><\/span><\/span><\/span><\/a><\/strong><strong><span style=\"color: #000000;\"><span style=\"font-size: 12px;\"><span style=\"font-family: Arial, Helvetica, sans-serif;\"><span>, donde estar\u00e1s informado en todo momento de c\u00f3mo evolucionan los d\u00edas, as\u00ed como de noticias de inter\u00e9s meteorol\u00f3gico.<\/span><\/span><\/span><\/span><\/strong><\/p>\n<p align=\"CENTER\"><strong><span style=\"color: #000000;\"><span style=\"font-size: 12px;\"><span style=\"font-family: Arial, Helvetica, sans-serif;\"><span><span style=\"text-decoration: underline;\"><strong>Si el art\u00edculo te ha parecido interesante, puedes ayudar a divulgarlo a trav\u00e9s de las redes sociales, con ayuda de los botones para compartir.<\/strong><\/span><\/span><\/span><\/span><\/span><\/strong><\/p>\n<p align=\"CENTER\"><strong><span style=\"color: #000000;\"><span style=\"font-size: 12px;\"><span style=\"font-family: Arial, Helvetica, sans-serif;\"><span>\u00a1\u00a1Gracias y un saludo a los lectores del blog!!<\/span><\/span><\/span><\/span><\/strong><\/p>\n<!-- AddThis Advanced Settings generic via filter on the_content --><!-- AddThis Share Buttons generic via filter on the_content -->","protected":false},"excerpt":{"rendered":"<p>\u00bb La borrasca que lleva d\u00edas anclada al oeste peninsular se acercar\u00e1 en los pr\u00f3ximos d\u00edas, dej\u00e1ndonos la entrada de algunos frentes, con precipitaciones moderadas\/localmente fuertes y acompa\u00f1adas de tormenta. Imagen infrarroja (RGB-Airmass) del sat\u00e9lite Meteosat10, 15\/09\/2014; 12h &#8211; EUMETSAT Lunes 15 de Septiembre 2014. En los \u00faltimos d\u00edas hemos venido registrando algo de inestabilidad [&hellip;]<!-- AddThis Advanced Settings generic via filter on get_the_excerpt --><!-- AddThis Share Buttons generic via filter on get_the_excerpt --><\/p>\n","protected":false},"author":75,"featured_media":0,"comment_status":"open","ping_status":"closed","sticky":false,"template":"","format":"standard","meta":[],"categories":[4,5],"tags":[7,12,33,36,44,83,91,133,147,150],"_links":{"self":[{"href":"https:\/\/blogs.hoy.es\/meteobadajoz\/wp-json\/wp\/v2\/posts\/657"}],"collection":[{"href":"https:\/\/blogs.hoy.es\/meteobadajoz\/wp-json\/wp\/v2\/posts"}],"about":[{"href":"https:\/\/blogs.hoy.es\/meteobadajoz\/wp-json\/wp\/v2\/types\/post"}],"author":[{"embeddable":true,"href":"https:\/\/blogs.hoy.es\/meteobadajoz\/wp-json\/wp\/v2\/users\/75"}],"replies":[{"embeddable":true,"href":"https:\/\/blogs.hoy.es\/meteobadajoz\/wp-json\/wp\/v2\/comments?post=657"}],"version-history":[{"count":0,"href":"https:\/\/blogs.hoy.es\/meteobadajoz\/wp-json\/wp\/v2\/posts\/657\/revisions"}],"wp:attachment":[{"href":"https:\/\/blogs.hoy.es\/meteobadajoz\/wp-json\/wp\/v2\/media?parent=657"}],"wp:term":[{"taxonomy":"category","embeddable":true,"href":"https:\/\/blogs.hoy.es\/meteobadajoz\/wp-json\/wp\/v2\/categories?post=657"},{"taxonomy":"post_tag","embeddable":true,"href":"https:\/\/blogs.hoy.es\/meteobadajoz\/wp-json\/wp\/v2\/tags?post=657"}],"curies":[{"name":"wp","href":"https:\/\/api.w.org\/{rel}","templated":true}]}}