{"id":658,"date":"2014-09-20T23:15:03","date_gmt":"2014-09-20T21:15:03","guid":{"rendered":"http:\/\/blogs.hoy.es\/meteobadajoz\/?p=658"},"modified":"2014-09-20T23:15:03","modified_gmt":"2014-09-20T21:15:03","slug":"afloja-la-inestabilidad-en-el-oeste-y-se-extiende-a-otras-zonas-de-la-peninsula","status":"publish","type":"post","link":"https:\/\/blogs.hoy.es\/meteobadajoz\/2014\/09\/20\/afloja-la-inestabilidad-en-el-oeste-y-se-extiende-a-otras-zonas-de-la-peninsula\/","title":{"rendered":"Afloja la inestabilidad en el oeste, y se extiende a otras zonas de la pen\u00ednsula"},"content":{"rendered":"<p align=\"LEFT\"><strong><span style=\"color: #000000;\"><span style=\"font-size: 14px;\"><span style=\"font-family: 'Segoe UI';\">\u00bb<\/span><\/span><span style=\"color: #000000;\"><span style=\"font-size: 14px;\"><span style=\"font-family: 'Segoe UI', sans-serif;\"> Poco a poco la borrasca de los \u00faltimos d\u00edas ir\u00e1 perdiendo fuerza, aunque sus restos seguir\u00e1n muy cerca de la pen\u00ednsula, generando mucha actividad los pr\u00f3ximos d\u00edas, sobre todo en el este y norte peninsular. <\/span><\/span><\/span><\/span><\/strong><\/p>\n<p style=\"text-align: center;\" align=\"CENTER\"><strong><span style=\"color: #000000;\"><span style=\"font-size: 12px;\"><span style=\"font-family: Arial, Helvetica, sans-serif;\"><span><a title=\"Ampliar imagen\" href=\"http:\/\/nsae01.casimages.net\/img\/2014\/09\/20\/14092010533068065.png\" target=\"_blank\" rel=\"external nofollow\"><img loading=\"lazy\" class=\"aligncenter\" title=\"Ampliar imagen\" src=\"\/\/nsae01.casimages.net\/img\/2014\/09\/20\/14092010533068065.png\" alt=\"\" width=\"573\" height=\"265\" \/><\/a>An\u00e1lisis de situaci\u00f3n &#8211; S\u00e1bado 20\/09\/2014, 12h UTC \u2013 EUMETSAT &#038; MeteoBadajoz<\/span><\/span><\/span><\/span><\/strong><\/p>\n<p align=\"LEFT\"><span style=\"color: #000000;\"><span style=\"font-size: 12px;\"><span style=\"font-family: Arial, Helvetica, sans-serif;\"><span><strong>S\u00e1bado 20 de Septiembre 2014. <\/strong><\/span><\/span><\/span><span style=\"color: #000000;\"><span style=\"font-size: 12px;\"><span style=\"font-family: Arial, Helvetica, sans-serif;\"><span>Mucho ha durado (y est\u00e1 durando) la borrasca que tanta inestabilidad nos ha dejado a lo largo de la semana, sobre todo en forma de chubascos y tormentas localmente intensas. Pero lo cierto es que esta baja parece tener ya los d\u00edas contados, despu\u00e9s de dos semana consecutivas basculando entre Azores y la pen\u00ednsula. Eso s\u00ed, todav\u00eda permanecer\u00e1 algo de inestabilidad en capas medias y altas de la Troposfera al oeste peninsular, que <strong>seguir\u00e1 produciendo bastante actividad sobre la Pen\u00ednsula Ib\u00e9rica<\/strong> y, como novedad, hacia la zona del Mediterr\u00e1neo.<!--more--><\/span><\/span><\/span><\/span><\/span><\/p>\n<p align=\"LEFT\"><span style=\"color: #000000;\"><span style=\"font-size: 12px;\"><span style=\"font-family: Arial, Helvetica, sans-serif;\"><span>Ahora mismo tenemos una enorme vaguada al oeste peninsular que incluso roza el norte del archipi\u00e9lago Canario. N\u00f3tese en el an\u00e1lisis superior, la gran banda de nubes medias y altas que recorre todo el noroeste del continente africano, cruzando el Mediterr\u00e1neo, y adentr\u00e1ndose por todo el sur de Europa. Esa estructura nubosa es una <strong>pluma de humedad tropical<\/strong>, que arrastra aire h\u00famedo e altamente inestable desde latitudes muy bajas. La vaguada ha bajado tanto de latitud en el Atl\u00e1ntico, que provoca esa respuesta c\u00e1lida en forma de ascenso de una masa de aire subtropical.<\/span><\/span><\/span><\/span><\/p>\n<p align=\"LEFT\"><span style=\"color: #000000;\"><span style=\"font-size: 12px;\"><span style=\"font-family: Arial, Helvetica, sans-serif;\"><span>Es una <strong>masa de aire muy inestable<\/strong> que, al interaccionar con la vaguada, puede acabar dejando estructuras convectivas como la que se ha formado esta pasada noche en el norte de Italia, que todav\u00eda en las primeras horas de la tarde del s\u00e1bado segu\u00ed activa, con \u00a1<strong>m\u00e1s de 15 horas de vida<\/strong>!. Es lo que se conoce en meteorolog\u00eda como un <em><strong>Complejo Convectivo de Mesoescala<\/strong><\/em> (CCM):<\/span><\/span><\/span><\/span><\/p>\n<p style=\"text-align: center;\" align=\"CENTER\"><span style=\"color: #000000;\"><span style=\"font-size: 12px;\"><span style=\"font-family: Arial, Helvetica, sans-serif;\"><span><strong><a title=\"Ampliar imagen\" href=\"http:\/\/nsae01.casimages.net\/img\/2014\/09\/20\/140920092256414209.gif\" target=\"_blank\" rel=\"external nofollow\"><img loading=\"lazy\" class=\"aligncenter\" title=\"Ampliar imagen\" src=\"\/\/nsae01.casimages.net\/img\/2014\/09\/20\/140920092256414209.gif\" alt=\"\" width=\"560\" height=\"336\" \/><\/a>Animaci\u00f3n de im\u00e1genes de sat\u00e9lite en el canal infrarrojo-coloreado, con la evoluci\u00f3n del Complejo Convectivo de Mesoescala (CCM) \u2013 NASA\/EUMETSAT\/MeteoBadajoz<\/strong><\/span><\/span><\/span><\/span><\/p>\n<p align=\"LEFT\"><span style=\"color: #000000;\"><span style=\"font-size: 12px;\"><span style=\"font-family: Arial, Helvetica, sans-serif;\"><span>Volviendo a Espa\u00f1a, en el oeste peninsular, este fin de semana estamos viendo <strong>algo menos de movimiento<\/strong> que durante los \u00faltimos d\u00edas, aunque seguimos bajo cierto riesgo de chubascos y tormentas, pero ya no tan generalizadas como en jornadas anteriores, salvo este domingo-lunes&#8230; Y es que el domingo por la tarde empezaremos a ver <strong>nuevos chubascos y tormentas<\/strong> irregularmente repartidas por gran parte de la pen\u00ednsula.<\/span><\/span><\/span><\/span><\/p>\n<p align=\"LEFT\"><span style=\"color: #000000;\"><span style=\"font-size: 12px;\"><span style=\"font-family: Arial, Helvetica, sans-serif;\"><span>La borrasca ir\u00e1 perdiendo intensidad en las pr\u00f3ximas horas, a la vez que se desplazar\u00e1 hacia el sur. Pasar\u00e1 de estar al oeste-noroeste de Galicia, para posicionarse el domingo frente a Portugal, a la altura de Lisboa. La presi\u00f3n en su centro asciende, por lo que ese centro de baja presi\u00f3n acaba casi desapareciendo, pero en altura, la masa de aire fr\u00edo que ha estado alimentando a esta perturbaci\u00f3n, <strong>no acabar\u00e1 de desaparecer por completo<\/strong>, y eso nos garantiza todav\u00eda un <strong>tiempo inestable<\/strong>, y no s\u00f3lo donde ya ha estado lloviendo en los \u00faltimos d\u00edas, sino tambi\u00e9n por otras zonas del pa\u00eds.<\/span><\/span><\/span><\/span><\/p>\n<p align=\"LEFT\"><span style=\"color: #000000;\"><span style=\"font-size: 12px;\"><span style=\"font-family: Arial, Helvetica, sans-serif;\"><span>En los siguientes mapas podemos observar la situaci\u00f3n a nivel de superficie y en altura (mapa de la izquierda), y la situaci\u00f3n del chorro polar (el del la derecha):<\/span><\/span><\/span><\/span><\/p>\n<p style=\"text-align: center;\" align=\"CENTER\"><span style=\"color: #000000;\"><span style=\"font-size: 12px;\"><span style=\"font-family: Arial, Helvetica, sans-serif;\"><span><strong><a title=\"Ampliar imagen\" href=\"http:\/\/nsae01.casimages.net\/img\/2014\/09\/20\/140920095112969086.png\" target=\"_blank\" rel=\"external nofollow\"><img loading=\"lazy\" class=\"aligncenter\" title=\"Ampliar imagen\" src=\"\/\/nsae01.casimages.net\/img\/2014\/09\/20\/140920095112969086.png\" alt=\"\" width=\"633\" height=\"236\" \/><\/a>Geopotencial y temperatura 500 hPa + presi\u00f3n en superficie (izquierda), Geopotencial y viento 300 hPa \u2013 Modelo GFS\/Tiempo.com<\/strong><\/span><\/span><\/span><\/span><\/p>\n<p align=\"LEFT\"><span style=\"color: #000000;\"><span style=\"font-size: 12px;\"><span style=\"font-family: Arial, Helvetica, sans-serif;\"><span>Pero si algo cambia en los pr\u00f3ximos d\u00edas es que, con la baja sobre el oeste peninsular, en todo el este del pa\u00eds tenemos la entrada de vientos de levante, aportando much\u00edsima humedad que sirve de combustible para los chubascos y las tormentas. Por \u00e9sta raz\u00f3n, durante los pr\u00f3ximos d\u00edas (a partir del domingo) las lluvias tambi\u00e9n afectar\u00e1n <strong>a muchas zonas del centro, norte y, especialmente, este peninsular<\/strong>.<\/span><\/span><\/span><\/span><\/p>\n<p align=\"LEFT\"><span style=\"color: #000000;\"><span style=\"font-size: 12px;\"><span style=\"font-family: Arial, Helvetica, sans-serif;\"><span>En esa \u00faltima zona, las precipitaciones podr\u00edan ser bastante intensas y cuantiosas, sobre todo teniendo en cuenta que ahora las temperaturas del agua de mar Mediterr\u00e1neo est\u00e1n en su m\u00e1ximo anual, por lo que hay energ\u00eda, y de sobra, para una buena situaci\u00f3n de lluvias (y a la vez peligrosa).<\/span><\/span><\/span><\/span><\/p>\n<p align=\"LEFT\"><span style=\"color: #000000;\"><span style=\"font-size: 12px;\"><span style=\"font-family: Arial, Helvetica, sans-serif;\"><span>A continuaci\u00f3n podemos observar los acumulados de precipitaci\u00f3n previstos desde hoy y hasta el pr\u00f3ximo mi\u00e9rcoles:<\/span><\/span><\/span><\/span><\/p>\n<p style=\"text-align: center;\" align=\"CENTER\"><span style=\"color: #000000;\"><span style=\"font-size: 12px;\"><span style=\"font-family: Arial, Helvetica, sans-serif;\"><span><strong><a title=\"Ampliar imagen\" href=\"http:\/\/nsae01.casimages.net\/img\/2014\/09\/20\/140920095300971443.png\" target=\"_blank\" rel=\"external nofollow\"><img loading=\"lazy\" class=\"aligncenter\" title=\"Ampliar imagen\" src=\"\/\/nsae01.casimages.net\/img\/2014\/09\/20\/140920095300971443.png\" alt=\"\" width=\"618\" height=\"450\" \/><\/a>Mapa de acumulaci\u00f3n de lluvia desde el s\u00e1bado 20\/09\/2014 12h, hasta el 24\/09\/2014 00h \u2013 Modelo GFS\/Tiempo.com<\/strong><\/span><\/span><\/span><\/span><\/p>\n<p align=\"LEFT\"><span style=\"color: #000000;\"><span style=\"font-size: 12px;\"><span style=\"font-family: Arial, Helvetica, sans-serif;\"><span>En la figura superior queda reflejada la situaci\u00f3n de <strong>chubascos y tormentas generalizadas<\/strong> prevista para la tarde de este pr\u00f3ximo domingo, describiendo las principales zonas monta\u00f1osas de la pen\u00ednsula, y siendo menos importantes fuera de ellas. Importantes acumulados de precipitaci\u00f3n hacia el este y noreste. Probablemente en \u00e9stas zonas hablaremos del paso de alguna <strong>importante estructura tormentosa<\/strong>, que vaya circulando sobre el mar Balear <strong>dejando precipitaciones importantes<\/strong> en zonas cercanas a la costa.<\/span><\/span><\/span><\/span><\/p>\n<p align=\"LEFT\"><span style=\"color: #000000;\"><span style=\"font-size: 12px;\"><span style=\"font-family: Arial, Helvetica, sans-serif;\"><span>La verdad es que ese tipo de fen\u00f3menos son muy dif\u00edciles de modelizar, pero en cualquier caso habr\u00e1 que estar <strong>muy atentos<\/strong>, porque hay much\u00edsima energ\u00eda disponible en esa zona y puede pasar cualquier cosa. Lo que est\u00e1 claro es que durante estos 2-3 pr\u00f3ximos d\u00edas, la inestabilidad abarcar\u00e1 a otras zonas de la pen\u00ednsula, y zonas donde hace falta que llueva, como es en el este y sureste peninsular. Aunque ya sabemos que en Espa\u00f1a (y sobre todo all\u00ed)\u00a0<strong>no sabe llover <\/strong>porque, o no llueve, o cae todo en muy poco tiempo y dejando numerosos problemas.<\/span><\/span><\/span><\/span><\/p>\n<p align=\"LEFT\"><span style=\"color: #000000;\"><span style=\"font-size: 12px;\"><span style=\"font-family: Arial, Helvetica, sans-serif;\"><span>-Ya lo dice el refr\u00e1n: &#8220;<em>Septiembre, o seca las fuentes, o se lleva los puentes&#8230;<\/em>&#8221; Veremos&#8230;<\/span><\/span><\/span><\/span><\/p>\n<p align=\"LEFT\"><span style=\"color: #ffffff;\"><span style=\"font-family: Arial, Helvetica, sans-serif;\"><span>.<\/span><\/span><\/span><\/p>\n<p align=\"CENTER\"><span style=\"color: #808080;\"><span style=\"font-size: 12px;\"><span style=\"font-family: Arial, Helvetica, sans-serif;\">Por Javier Pi\u00f1ero Fuentes &#8211; \u00a9 MeteoBadajoz 2014<\/span><\/span><\/span><\/p>\n<p align=\"CENTER\"><span style=\"color: #808080;\"><span style=\"font-size: 12px;\"><span style=\"font-family: arial, sans-serif;\">meteobadajoz@gmail.com<\/span><\/span><\/span><\/p>\n<p align=\"CENTER\"><strong><span style=\"color: #000000;\"><span style=\"font-size: 12px;\"><span style=\"font-family: Arial, Helvetica, sans-serif;\"><span>Puedes seguir cada situaci\u00f3n a trav\u00e9s de la cuenta de Twitter <\/span><\/span><\/span><\/span><\/strong><strong><a href=\"https:\/\/twitter.com\/MeteoBadajoz\" target=\"_blank\" rel=\"external nofollow\"><span style=\"color: #ff0000;\"><span style=\"font-size: 12px;\"><span style=\"font-family: Arial, Helvetica, sans-serif;\"><span>@MeteoBadajoz<\/span><\/span><\/span><\/span><\/a><\/strong><strong><span style=\"color: #000000;\"><span style=\"font-size: 12px;\"><span style=\"font-family: Arial, Helvetica, sans-serif;\"><span>, o Facebook <\/span><\/span><\/span><\/span><\/strong><strong><a href=\"https:\/\/www.facebook.com\/pages\/MeteoBadajoz\/236436716399890\" target=\"_blank\" rel=\"external nofollow\"><span style=\"color: #ff0000;\"><span style=\"font-size: 12px;\"><span style=\"font-family: Arial, Helvetica, sans-serif;\"><span>MeteoBadajoz<\/span><\/span><\/span><\/span><\/a><\/strong><strong><span style=\"color: #000000;\"><span style=\"font-size: 12px;\"><span style=\"font-family: Arial, Helvetica, sans-serif;\"><span>, donde estar\u00e1s informado en todo momento de c\u00f3mo evolucionan los d\u00edas, as\u00ed como de noticias de inter\u00e9s meteorol\u00f3gico.<\/span><\/span><\/span><\/span><\/strong><\/p>\n<p align=\"CENTER\"><strong><span style=\"color: #000000;\"><span style=\"font-size: 12px;\"><span style=\"font-family: Arial, Helvetica, sans-serif;\"><span><span style=\"text-decoration: underline;\"><strong>Si el art\u00edculo te ha parecido interesante, puedes ayudar a divulgarlo a trav\u00e9s de las redes sociales, con ayuda de los botones para compartir.<\/strong><\/span><\/span><\/span><\/span><\/span><\/strong><\/p>\n<p align=\"CENTER\"><strong><span style=\"color: #000000;\"><span style=\"font-size: 12px;\"><span style=\"font-family: Arial, Helvetica, sans-serif;\"><span>\u00a1\u00a1Gracias y un saludo a los lectores del blog!!<\/span><\/span><\/span><\/span><\/strong><\/p>\n<!-- AddThis Advanced Settings generic via filter on the_content --><!-- AddThis Share Buttons generic via filter on the_content -->","protected":false},"excerpt":{"rendered":"<p>\u00bb Poco a poco la borrasca de los \u00faltimos d\u00edas ir\u00e1 perdiendo fuerza, aunque sus restos seguir\u00e1n muy cerca de la pen\u00ednsula, generando mucha actividad los pr\u00f3ximos d\u00edas, sobre todo en el este y norte peninsular. An\u00e1lisis de situaci\u00f3n &#8211; S\u00e1bado 20\/09\/2014, 12h UTC \u2013 EUMETSAT &#038; MeteoBadajoz S\u00e1bado 20 de Septiembre 2014. Mucho ha [&hellip;]<!-- AddThis Advanced Settings generic via filter on get_the_excerpt --><!-- AddThis Share Buttons generic via filter on get_the_excerpt --><\/p>\n","protected":false},"author":75,"featured_media":0,"comment_status":"open","ping_status":"closed","sticky":false,"template":"","format":"standard","meta":[],"categories":[4,5],"tags":[7,15,44,47,83,91,133,147,150],"_links":{"self":[{"href":"https:\/\/blogs.hoy.es\/meteobadajoz\/wp-json\/wp\/v2\/posts\/658"}],"collection":[{"href":"https:\/\/blogs.hoy.es\/meteobadajoz\/wp-json\/wp\/v2\/posts"}],"about":[{"href":"https:\/\/blogs.hoy.es\/meteobadajoz\/wp-json\/wp\/v2\/types\/post"}],"author":[{"embeddable":true,"href":"https:\/\/blogs.hoy.es\/meteobadajoz\/wp-json\/wp\/v2\/users\/75"}],"replies":[{"embeddable":true,"href":"https:\/\/blogs.hoy.es\/meteobadajoz\/wp-json\/wp\/v2\/comments?post=658"}],"version-history":[{"count":0,"href":"https:\/\/blogs.hoy.es\/meteobadajoz\/wp-json\/wp\/v2\/posts\/658\/revisions"}],"wp:attachment":[{"href":"https:\/\/blogs.hoy.es\/meteobadajoz\/wp-json\/wp\/v2\/media?parent=658"}],"wp:term":[{"taxonomy":"category","embeddable":true,"href":"https:\/\/blogs.hoy.es\/meteobadajoz\/wp-json\/wp\/v2\/categories?post=658"},{"taxonomy":"post_tag","embeddable":true,"href":"https:\/\/blogs.hoy.es\/meteobadajoz\/wp-json\/wp\/v2\/tags?post=658"}],"curies":[{"name":"wp","href":"https:\/\/api.w.org\/{rel}","templated":true}]}}