{"id":665,"date":"2014-10-02T09:51:42","date_gmt":"2014-10-02T07:51:42","guid":{"rendered":"http:\/\/blogs.hoy.es\/meteobadajoz\/?p=665"},"modified":"2014-10-02T09:51:42","modified_gmt":"2014-10-02T07:51:42","slug":"importantes-cambios-a-medio-plazo-que-traerian-mas-lluvias-a-todo-el-oeste","status":"publish","type":"post","link":"https:\/\/blogs.hoy.es\/meteobadajoz\/2014\/10\/02\/importantes-cambios-a-medio-plazo-que-traerian-mas-lluvias-a-todo-el-oeste\/","title":{"rendered":"Importantes cambios a medio plazo que traer\u00edan m\u00e1s lluvias a todo el oeste"},"content":{"rendered":"<p align=\"LEFT\"><strong><span style=\"color: #000000;\"><span style=\"font-family: 'Segoe UI';\">\u00bb<\/span><\/span><span style=\"color: #000000;\"><span style=\"font-family: 'Segoe UI', sans-serif;\"> Nos adentramos en el Oto\u00f1o y los centros de acci\u00f3n se vuelven muy din\u00e1micos e intensifican. Se forman bloqueos en determinadas zonas, que provocan cambios muy destacables en otras&#8230; \u00a1Se preparan posibles cambios!<\/span><\/span><\/strong><\/p>\n<p style=\"text-align: center;\" align=\"CENTER\"><strong><span style=\"color: #000000;\"><span style=\"font-family: Arial, Helvetica, sans-serif;\"><span><img loading=\"lazy\" class=\"aligncenter\" src=\"\/\/nsae01.casimages.net\/img\/2014\/10\/01\/141001085232985489.png\" alt=\"\" width=\"747\" height=\"340\" \/>Posible escenario inestable de cara al 8-10 de Octubre, quiz\u00e1s protagonizado por la presencia de una profunda borrasca al oeste de Europa, y un frente bastante activo entrando por el oeste de la Pen\u00ednsula Ib\u00e9rica &#8211; Modelo IFS del ECMWF.<\/span><\/span><\/span><\/strong><\/p>\n<p align=\"LEFT\"><span style=\"color: #000000;\"><span style=\"font-family: Arial, Helvetica, sans-serif;\"><span><strong>Jueves 02 de Octubre 2014. <\/strong><\/span><\/span><\/span><span style=\"color: #000000;\"><span style=\"font-family: Arial, Helvetica, sans-serif;\"><span>Apenas acabamos de comenzar el mes de Octubre y la situaci\u00f3n para los pr\u00f3ximos d\u00edas -seg\u00fan la mayor\u00eda de modelos- nos podr\u00eda dejar ya la llegada del <strong>primer frente fr\u00edo atl\u00e1ntico de la temporada<\/strong>, con un desalojo de aire fr\u00edo desde latitudes altas, hacia zonas bastante m\u00e1s al sur de las de su origen. \u00c9sto parece que ocurrir\u00eda la pr\u00f3xima semana, por lo que todav\u00eda quedan muchos d\u00edas y puede cambiar bastante, pero es interesante ir siguiendo estos primeros cambios destacables de la temporada, que aunque nos afecten o no, inevitablemente <strong>tienen consecuencias<\/strong> a medio y largo plazo.<!--more--><\/span><\/span><\/span><\/p>\n<p align=\"LEFT\"><span style=\"color: #000000;\"><span style=\"font-family: Arial, Helvetica, sans-serif;\"><span>De momento, esa posible primera advecci\u00f3n de aire fr\u00edo hacia buena parte del Atl\u00e1ntico y Europa occidental no ser\u00e1 demasiado intensa pero, sin duda, se ve que las cosas poco a poco van cambiando, y la situaci\u00f3n en el hemisferio Norte tiende a animarse. Se preparan los centros de acci\u00f3n (anticiclones y borrascas) y se reorganizan dada la <strong>r\u00e1pida reducci\u00f3n de horas de Sol<\/strong> en esta \u00e9poca del a\u00f1o. La masa de aire polar ya se est\u00e1 regenerando, as\u00ed como el propio <em>V\u00f3rtice Polar Estratosf\u00e9rico<\/em>, que ya se encuentra con su cl\u00e1sico n\u00facleo fr\u00edo, y con temperaturas cada vez m\u00e1s bajas.<\/span><\/span><\/span><\/p>\n<p align=\"LEFT\"><span style=\"color: #000000;\"><span style=\"font-family: Arial, Helvetica, sans-serif;\"><span>Todos esos cambios -propios de la \u00e9poca- repercuten <strong>de forma muy notable<\/strong> en la ubicaci\u00f3n e intensidad de las distintas zonas de alta y baja presi\u00f3n a lo largo de nuestro hemisferio. Las borrascas atl\u00e1nticas empiezan ya a ser cada vez m\u00e1s profundas e intensas, a la vez que los bloqueos anticicl\u00f3nicos en zonas clave tambi\u00e9n ganan fuerza.<\/span><\/span><\/span><\/p>\n<p align=\"LEFT\"><span style=\"color: #000000;\"><span style=\"font-family: Arial, Helvetica, sans-serif;\"><span><a title=\"Ampliar imagen\" href=\"http:\/\/nsae01.casimages.net\/img\/2014\/10\/01\/141001083810253316.png\" target=\"_blank\" rel=\"external nofollow\"><img loading=\"lazy\" class=\"alignleft\" title=\"Ampliar imagen\" src=\"\/\/nsae01.casimages.net\/img\/2014\/10\/01\/141001083810253316.png\" alt=\"\" width=\"332\" height=\"258\" \/><\/a>De hecho, de ah\u00ed vendr\u00e1n los cambios que muestran los modelos para la pr\u00f3xima semana; podr\u00eda establecerse una situaci\u00f3n de <strong>bloqueo anticicl\u00f3nico en zonas cercanas al \u00c1rtico<\/strong> (sobre Groenlandia o en el mismo Polo Norte), cuyas consecuencias notar\u00edamos poco despu\u00e9s en forma de descolgamientos de aire fr\u00edo hacia latitudes m\u00e1s bajas, as\u00ed como el acercamiento de borrascas atl\u00e1nticas desde el oeste, que podr\u00edan afectar tambi\u00e9n a Espa\u00f1a.<\/span><\/span><\/span><\/p>\n<p align=\"LEFT\"><span><span><span style=\"font-family: Arial, Helvetica, sans-serif;\">Actualmente, en las altas latitudes de nuestro hemisferio, predomina una clara\u00a0circulaci\u00f3n de borrascas, donde tenemos concentrada la mayor parte del <strong>aire fr\u00edo \u00e1rtico<\/strong>, sobre todo entre Groenlandia e Islandia, con geopotenciales a 500 hPa muy bajos y, por tanto, con un <\/span><strong style=\"color: #000000; font-family: Arial, Helvetica, sans-serif;\">importante hundimiento de la Troposfera<\/strong><span style=\"font-family: Arial, Helvetica, sans-serif;\"> en dicho lugar; estos d\u00edas, esa zona es una aut\u00e9ntica f\u00e1brica de borrascas!<\/span><\/span><\/span><\/p>\n<p align=\"LEFT\"><span style=\"color: #000000;\"><span style=\"font-family: Arial, Helvetica, sans-serif;\"><span>Por otro lado, en Europa nos encontramos bajo un <strong>enorme cintur\u00f3n de altas presiones<\/strong> que abarca desde el suroeste de Azores, hasta pr\u00e1cticamente la zona de Escandinavia. Ser\u00e1 precisamente ese puente anticicl\u00f3nico el que acabar\u00e1 por romperse en los pr\u00f3ximos d\u00edas, aislando un anticicl\u00f3n en Escandinavia, y el de las Azores alej\u00e1ndose hacia el oeste, hasta situarse muy cerca de Terranova (al este de Canad\u00e1).<\/span><\/span><\/span><\/p>\n<p align=\"LEFT\"><span style=\"color: #000000;\"><span style=\"font-family: Arial, Helvetica, sans-serif;\"><span>Con esa situaci\u00f3n a medio plazo, el oeste de Europa quedar\u00eda &#8220;desprotegido&#8221; de la influencia del anticicl\u00f3n de las Azores, y eso permitir\u00eda la profundizaci\u00f3n de una<strong> importante vaguada en el Atl\u00e1ntico<\/strong>, que generar\u00eda bastante inestabilidad en los pa\u00edses m\u00e1s occidentales del continente europeo.<\/span><\/span><\/span><\/p>\n<p style=\"text-align: center;\" align=\"CENTER\"><span style=\"color: #000000;\"><span style=\"font-family: Arial, Helvetica, sans-serif;\"><span><strong><img loading=\"lazy\" class=\"aligncenter\" src=\"\/\/nsae01.casimages.net\/img\/2014\/10\/01\/14100111091167017.png\" alt=\"\" width=\"614\" height=\"376\" \/>Altura geopotencial 500 hPa (colores) + presi\u00f3n en superficie (l\u00edneas), con la situaci\u00f3n actual en el Hemisferio Norte \u2013 Modelo GFS<\/strong><\/span><\/span><\/span><\/p>\n<p align=\"LEFT\"><span style=\"color: #000000;\"><span style=\"font-family: Arial, Helvetica, sans-serif;\"><span>Pero es curioso c\u00f3mo en los pr\u00f3ximos d\u00edas, ese gran conjunto de borrascas y aire fr\u00edo se ver\u00e1 \u201catacado\u201d por varias zonas clave, por las cuales se suelen producir <strong>invasiones de aire m\u00e1s c\u00e1lido hacia el \u00c1rtico<\/strong>: viniendo desde Europa, a trav\u00e9s del Mar de Bering (entre Alaska y el este de Rusia) y tambi\u00e9n a trav\u00e9s del Estrecho de Davis (entre Groenlandia y Canad\u00e1).<\/span><\/span><\/span><\/p>\n<p align=\"LEFT\"><span style=\"color: #000000;\"><span style=\"font-family: Arial, Helvetica, sans-serif;\"><span>Esos ascensos de aire c\u00e1lido tan al norte no hacen m\u00e1s que alimentar (y formar) zonas de alta presi\u00f3n tambi\u00e9n en puntos clave, como por ejemplo sobre Groenlandia, hacia Escandinavia, o sobre el mismo \u00c1rti<\/span><\/span><\/span><span style=\"color: #000000;\"><span style=\"font-family: Arial, Helvetica, sans-serif;\"><span>co, y esos anticiclones de bloqueo tambi\u00e9n llevan asociados\u00a0<strong>m<\/strong><\/span><\/span><\/span><strong><span style=\"color: #000000;\"><span style=\"font-family: Arial, Helvetica, sans-serif;\"><span>asas de aire c\u00e1lido en niveles medios y altos<\/span><\/span><\/span><\/strong><span style=\"color: #000000;\"><span style=\"font-family: Arial, Helvetica, sans-serif;\"><span>, lo que supone que el aire fr\u00edo que habitualmente ocupa esas latitudes, se ve obligado a <\/span><\/span><\/span><strong><span style=\"color: #000000;\"><span style=\"font-family: Arial, Helvetica, sans-serif;\"><span>descender hacia zonas m\u00e1s bajas<\/span><\/span><\/span><\/strong><span style=\"color: #000000;\"><span style=\"font-family: Arial, Helvetica, sans-serif;\"><span>, provocando importantes <\/span><\/span><\/span><strong><span style=\"color: #000000;\"><span style=\"font-family: Arial, Helvetica, sans-serif;\"><span>invasiones de aire fr\u00edo <\/span><\/span><\/span><\/strong><span style=\"color: #000000;\"><span style=\"font-family: Arial, Helvetica, sans-serif;\"><span>a trav\u00e9s de las grandes porciones de tierra del hemisferio (Norteam\u00e9rica, Europa y Asia), aunque de momento, insisto, \u00e9stas no llegan demasiado al sur, ni son excesivamente potentes.<\/span><\/span><\/span><\/p>\n<p align=\"LEFT\"><span style=\"color: #000000;\"><span style=\"font-family: Arial, Helvetica, sans-serif;\"><span>En la siguiente animaci\u00f3n pod\u00e9is comprobar c\u00f3mo se desencadenar\u00edan los hechos, destacando <strong>varias irrupciones polares<\/strong> hacia el Atl\u00e1ntico y el oeste de Europa, as\u00ed como a trav\u00e9s del interior de Norteam\u00e9rica, buena parte de Rusia y, c\u00f3mo no, en la zona de Siberia, donde estos \u00faltimos d\u00edas ya se est\u00e1n registrando temperaturas de entre -15 y hasta \u00a1-25\u00baC!.<\/span><\/span><\/span><\/p>\n<p style=\"text-align: center;\" align=\"CENTER\"><strong><span style=\"color: #000000;\"><span style=\"font-family: Arial, Helvetica, sans-serif;\"><span><img loading=\"lazy\" class=\"aligncenter\" src=\"\/\/nsae01.casimages.net\/img\/2014\/10\/01\/141001095139787980.gif\" alt=\"\" width=\"614\" height=\"520\" \/>Animaci\u00f3n de las temperaturas a 850 hPa del 1 al 9 de Octubre 2014 \u2013 Modelo GFS<\/span><\/span><\/span><\/strong><\/p>\n<p align=\"LEFT\"><span style=\"color: #000000;\"><span style=\"font-family: Arial, Helvetica, sans-serif;\"><span>Otro aspecto del que debemos estar muy pendientes, sobre todo ahora que comienza a \u201cganar vida\u201d la circulaci\u00f3n en nuestro hemisferio, son los \u00edndices <\/span><\/span><\/span><span style=\"color: #000000;\"><span style=\"font-family: Arial, Helvetica, sans-serif;\"><span><strong>NAO<\/strong><\/span><\/span><\/span><span style=\"color: #000000;\"><span style=\"font-family: Arial, Helvetica, sans-serif;\"><span> y <\/span><\/span><\/span><span style=\"color: #000000;\"><span style=\"font-family: Arial, Helvetica, sans-serif;\"><span><strong>AO<\/strong><\/span><\/span><\/span><span style=\"color: #000000;\"><span style=\"font-family: Arial, Helvetica, sans-serif;\"><span>. Dichos \u00edndices nos ayudan a comprender y predecir situaciones meteorol\u00f3gicas (patrones) que bajo determinadas condiciones, tienen consecuencias ya conocidas y relativamente f\u00e1ciles de predecir, aunque no dejan de ser m\u00e1s que tendencias.<\/span><\/span><\/span><\/p>\n<p align=\"LEFT\"><span style=\"color: #000000;\"><span style=\"font-family: Arial, Helvetica, sans-serif;\"><span>El \u00edndice <\/span><\/span><\/span><span style=\"color: #000000;\"><span style=\"font-family: Arial, Helvetica, sans-serif;\"><span><strong>NAO<\/strong><\/span><\/span><\/span><span style=\"color: #000000;\"><span style=\"font-family: Arial, Helvetica, sans-serif;\"><span> (\u201c<\/span><\/span><\/span><span style=\"color: #000000;\"><span style=\"font-family: Arial, Helvetica, sans-serif;\"><span><em><strong>N<\/strong><\/em><\/span><\/span><\/span><span style=\"color: #000000;\"><span style=\"font-family: Arial, Helvetica, sans-serif;\"><span><em>orth <\/em><\/span><\/span><\/span><span style=\"color: #000000;\"><span style=\"font-family: Arial, Helvetica, sans-serif;\"><span><em><strong>A<\/strong><\/em><\/span><\/span><\/span><span style=\"color: #000000;\"><span style=\"font-family: Arial, Helvetica, sans-serif;\"><span><em>tlantic <\/em><\/span><\/span><\/span><span style=\"color: #000000;\"><span style=\"font-family: Arial, Helvetica, sans-serif;\"><span><em><strong>O<\/strong><\/em><\/span><\/span><\/span><span style=\"color: #000000;\"><span style=\"font-family: Arial, Helvetica, sans-serif;\"><span><em>scillation<\/em><\/span><\/span><\/span><span style=\"color: #000000;\"><span style=\"font-family: Arial, Helvetica, sans-serif;\"><span>\u201d &#8211; <\/span><\/span><\/span><span style=\"color: #000000;\"><span style=\"font-family: Arial, Helvetica, sans-serif;\"><span><em>Oscilaci\u00f3n del Atl\u00e1ntico Norte<\/em><\/span><\/span><\/span><span style=\"color: #000000;\"><span style=\"font-family: Arial, Helvetica, sans-serif;\">), mide la <a href=\"https:\/\/blogs.hoy.es\/meteobadajoz\/2012\/12\/18\/el-indice-nao\/\" target=\"_blank\">diferencia de presi\u00f3n atmosf\u00e9rica a nivel del mar entre las Islas Azores e Islandia<\/a>. Este \u00edndice var\u00eda a lo largo de todo el a\u00f1o, y posee dos fases principales: fase positiva, y fase negativa.<\/span><\/span><\/p>\n<ul>\n<li><span><span style=\"font-family: Arial, Helvetica, sans-serif;\">La <\/span><\/span><span><span style=\"font-family: Arial, Helvetica, sans-serif;\"><strong>fase positiva <\/strong><\/span><\/span><span><span style=\"font-family: Arial, Helvetica, sans-serif;\">(importante diferencia de presi\u00f3n Azores-Islandia), b\u00e1sicamente, ser\u00eda la situaci\u00f3n normal, con el anticicl\u00f3n de las Azores-Bermudas sobre su archipi\u00e9lago, y el paso de borrascas atl\u00e1nticas por la zona de Islandia, predominando un tiempo generalmente estable en todo el interior-sur de Europa, y todo lo contrario hacia el norte.<\/span><\/span><\/li>\n<\/ul>\n<p><span style=\"font-family: Arial, Helvetica, sans-serif;\"><br \/>\n<\/span><\/p>\n<ul>\n<li><span><span style=\"font-family: Arial, Helvetica, sans-serif;\">La <\/span><\/span><span><span style=\"font-family: Arial, Helvetica, sans-serif;\"><strong>fase negativa<\/strong><\/span><\/span><span><span style=\"font-family: Arial, Helvetica, sans-serif;\"> (d\u00e9bil diferencia de presi\u00f3n Azores-Islandia) es la que m\u00e1s nos gusta a los amantes de la meteorolog\u00eda, porque ello significa que el anticicl\u00f3n de las Azores est\u00e1 muy d\u00e9bil y al sur del archipi\u00e9lago de Azores (o simplemente no est\u00e1) y que, por tanto, las borrascas pueden circular por latitudes m\u00e1s bajas, pudiendo afectar a buena parte de Europa y, por supuesto, tambi\u00e9n a la Pen\u00ednsula Ib\u00e9rica, especialmente por su mitad occidental.<\/span><\/span><\/li>\n<\/ul>\n<p style=\"text-align: center;\" align=\"CENTER\"><strong><span style=\"color: #000000;\"><span style=\"font-family: Arial, Helvetica, sans-serif;\"><span><img loading=\"lazy\" class=\"aligncenter\" src=\"\/\/nsae01.casimages.net\/img\/2014\/10\/01\/141001074447220852.png\" alt=\"\" width=\"577\" height=\"229\" \/>Evoluci\u00f3n del indice NAO en los \u00faltimos meses (linea de color negro), y predicci\u00f3n para los pr\u00f3ximos d\u00edas (l\u00edneas rojas de la derecha) \u2013 NOAA<\/span><\/span><\/span><\/strong><\/p>\n<p align=\"LEFT\"><span style=\"color: #000000;\"><span style=\"font-family: Arial, Helvetica, sans-serif;\"><span>Como pod\u00e9is ver en el gr\u00e1fico superior, el \u00edndice NAO ahora mismo se encuentra en fase positiva (buen tiempo en Europa), pero camina ya hacia una clara fase negativa, tomando valores cercanos a -2, lo cual es bastante significativo. Curioso tambi\u00e9n que en este gr\u00e1fico quede reflejada la situaci\u00f3n de este verano fresco en algunas zonas de la pen\u00ednsula, <strong>predominando la fase negativa durante gran parte del Verano 2014<\/strong>.<\/span><\/span><\/span><\/p>\n<p align=\"LEFT\"><span style=\"color: #000000;\"><span style=\"font-family: Arial, Helvetica, sans-serif;\"><span>El otro \u00edndice que nos queda por comentar, es el \u00edndice <\/span><\/span><\/span><span style=\"color: #000000;\"><span style=\"font-family: Arial, Helvetica, sans-serif;\"><span><strong>AO<\/strong><\/span><\/span><\/span><span style=\"color: #000000;\"><span style=\"font-family: Arial, Helvetica, sans-serif;\"><span> (\u201c<\/span><\/span><\/span><span style=\"color: #000000;\"><span style=\"font-family: Arial, Helvetica, sans-serif;\"><span><strong>A<\/strong><\/span><\/span><\/span><span style=\"color: #000000;\"><span style=\"font-family: Arial, Helvetica, sans-serif;\"><span>rtic <\/span><\/span><\/span><span style=\"color: #000000;\"><span style=\"font-family: Arial, Helvetica, sans-serif;\"><span><strong>O<\/strong><\/span><\/span><\/span><span style=\"color: #000000;\"><span style=\"font-family: Arial, Helvetica, sans-serif;\"><span>scillation\u201d &#8211; Oscilaci\u00f3n del \u00c1rtico), que mide la diferencia de presi\u00f3n entre el \u00c1rtico y las latitudes medias del hemisferio, y tambi\u00e9n consta de dos fases:<\/span><\/span><\/span><\/p>\n<ul>\n<li><span><span style=\"font-family: Arial, Helvetica, sans-serif;\">La <\/span><\/span><span><span style=\"font-family: Arial, Helvetica, sans-serif;\"><strong>fase positiva<\/strong><\/span><\/span><span><span style=\"font-family: Arial, Helvetica, sans-serif;\"> ser\u00eda, nuevamente, la situaci\u00f3n normal, con presencia de borrascas y masas de aire fr\u00edo en latitudes altas, y altas presiones (anticiclones) en latitudes medias, por lo que en esa configuraci\u00f3n el aire fr\u00edo estar\u00eda, por lo general, alojado dentro de las regiones \u00e1rticas.<\/span><\/span><\/li>\n<\/ul>\n<p><span style=\"font-family: Arial, Helvetica, sans-serif;\"><br \/>\n<\/span><\/p>\n<ul>\n<li><span><span style=\"font-family: Arial, Helvetica, sans-serif;\">Pero si este \u00edndice toma valores negativos, entra en <\/span><\/span><span><span style=\"font-family: Arial, Helvetica, sans-serif;\"><strong>fase negativa<\/strong><\/span><\/span><span><span style=\"font-family: Arial, Helvetica, sans-serif;\">, y la situaci\u00f3n se invierte, con anticiclones en latitudes altas, y paso de borrascas por latitudes medias. Lo m\u00e1s destacable de la fase negativa es que se producen <strong>numerosas irrupciones de aire fr\u00edo<\/strong> hacia zonas m\u00e1s bajas, que en invierno nos acaban dejando las conocidas \u201c<\/span><\/span><span><span style=\"font-family: Arial, Helvetica, sans-serif;\"><em>Olas de fr\u00edo<\/em><\/span><\/span><span><span style=\"font-family: Arial, Helvetica, sans-serif;\">\u201d.<\/span><\/span><\/li>\n<\/ul>\n<p style=\"text-align: center;\" align=\"CENTER\"><strong><span style=\"color: #000000;\"><span style=\"font-family: Arial, Helvetica, sans-serif;\"><span><img loading=\"lazy\" class=\"aligncenter\" src=\"\/\/nsae01.casimages.net\/img\/2014\/10\/01\/141001074805475870.png\" alt=\"\" width=\"583\" height=\"224\" \/>Evoluci\u00f3n del indice AO en los \u00faltimos meses (linea de color negro), y predicci\u00f3n para los pr\u00f3ximos d\u00edas (l\u00edneas rojas de la derecha) \u2013 NOAA<\/span><\/span><\/span><\/strong><\/p>\n<p align=\"LEFT\"><span><span><span style=\"font-family: Arial, Helvetica, sans-serif;\">Si echamos un vistazo a c\u00f3mo se encuentra el \u00edndice AO, en el gr\u00e1fico superior, observamos que tambi\u00e9n est\u00e1 en fase positiva, pero <strong>en plena ca\u00edda hacia valores muy negativos<\/strong> (de -3 \u00f3 -5), lo que nos est\u00e1 indicando la posible formaci\u00f3n de anticiclones en latitudes altas, que hagan bajar en latitud el paso de borrascas. Llama mucho la atenci\u00f3n que, de todo el gr\u00e1fico, la ca\u00edda del\u00a0\u00edndice\u00a0en los pr\u00f3ximos d\u00edas es muy evidente, y\u00a0quedar\u00eda en valores realmente bajos. De hecho, no recuerdo si alguna vez he visto este \u00edndice en valores tan negativos&#8230;<\/span><\/span><\/span><\/p>\n<p align=\"LEFT\"><span><span><span style=\"font-family: Arial, Helvetica, sans-serif;\">Adem\u00e1s, una vez m\u00e1s, queda recogido el Verano 2014 con <strong>\u00edndice AO ligeramente en fase negativa<\/strong>,\u00a0lo que nos confirma que la configuraci\u00f3n atmosf\u00e9rica reinante estos \u00faltimos meses, ha sido un tanto an\u00f3mala. Cierto es que el verano ha sido normal o ligeramente c\u00e1lido en otras zonas del pa\u00eds, pero &#8220;<em>Olas de Calor<\/em>&#8221; propiamente dichas no han habido, o no como normalmente&#8230; aunque de ese tema no trata el post de hoy.<\/span><\/span><\/span><\/p>\n<p align=\"LEFT\"><span style=\"color: #ffffff;\">.<\/span><\/p>\n<p align=\"LEFT\"><span style=\"font-size: medium;\"><strong><span style=\"color: #000000;\"><span style=\"font-size: 22px;\"><span style=\"font-family: Arial, Helvetica, sans-serif;\">-\u00bfConsecuencias de esos cambios en Espa\u00f1a?<\/span><\/span><\/span><\/strong><\/span><\/p>\n<p style=\"text-align: center;\" align=\"LEFT\"><span><span style=\"color: #000000;\"><span style=\"font-family: Arial, Helvetica, sans-serif;\"><img loading=\"lazy\" class=\"aligncenter\" src=\"\/\/nsae01.casimages.net\/img\/2014\/10\/01\/141001091918923666.png\" alt=\"\" width=\"605\" height=\"305\" \/><strong>Posible situaci\u00f3n de lluvias abundantes en todo el oeste peninsular prevista para la pr\u00f3xima semana, debido al acercamiento de la borrasca del Reino Unido &#8211; Modelo IFS del ECMWF<\/strong><\/span><\/span><\/span><\/p>\n<p style=\"text-align: left;\" align=\"LEFT\"><span><span style=\"color: #000000;\"><span style=\"font-family: Arial, Helvetica, sans-serif;\">Los efectos de estos posibles cambios los notar\u00edamos unos d\u00edas despu\u00e9s de la formaci\u00f3n de esos anticiclones en latitudes altas, quiz\u00e1s, hacia mediados de mes ya podr\u00edamos tener mucho movimiento en el Atl\u00e1ntico y al oeste de Europa, o quiz\u00e1s algo despu\u00e9s, habr\u00e1 que estar atentos&#8230; ya sabemos c\u00f3mo son las predicciones a demasiados d\u00edas vista.<\/span><\/span><\/span><\/p>\n<p style=\"text-align: left;\" align=\"LEFT\"><span><span style=\"color: #000000;\"><span style=\"font-family: Arial, Helvetica, sans-serif;\">En nuestra zona, tendremos que estar muy pendientes de una <strong>profunda borrasca<\/strong> que en los pr\u00f3ximos d\u00edas quedar\u00e1 casi est\u00e1tica sobre el Reino Unido, <strong>bloqueada por el anticicl\u00f3n de Escandinavia<\/strong>\u00a0y el <strong>anticicl\u00f3n de Azores<\/strong>, que incluso intentar\u00e1 unirse al de Groenlandia.<\/span><\/span><\/span><\/p>\n<p style=\"text-align: left;\" align=\"LEFT\"><span style=\"font-family: Arial, Helvetica, sans-serif;\">Esa borrasca vendr\u00eda del enorme centro de bajas presiones que ahora tenemos en Groenlandia-Islandia y que quedar\u00eda aislado debido a la <\/span><strong style=\"font-family: Arial, Helvetica, sans-serif;\">advecci\u00f3n de aire c\u00e1lido<\/strong>,<span style=\"font-family: Arial, Helvetica, sans-serif;\"> comentada antes, a trav\u00e9s del Estrecho de Davis (entre Groenlandia y Canad\u00e1).\u00a0<\/span><span style=\"font-family: Arial, Helvetica, sans-serif;\">De ah\u00ed en adelante, la borrasca podr\u00eda estar varios d\u00edas al oeste de Europa, y sus efectos podr\u00edan empezar a dejarse sentir en Espa\u00f1a a partir del 9-10 de Octubre, pero es muy pronto a\u00fan para concretar, hay que esperar.<\/span><\/p>\n<p align=\"LEFT\"><span><span style=\"color: #000000;\"><span style=\"font-family: Arial, Helvetica, sans-serif;\">A largo plazo podr\u00eda acabar form\u00e1ndose una <strong>profunda y marcada vaguada<\/strong> en el Atl\u00e1ntico, que dejar\u00eda un tiempo bastante inestable en gran parte del oeste de Europa, con la llegada de un frente fr\u00edo muy activo, que repartir\u00eda precipitaciones por muchas zonas, sobre todo cuanto m\u00e1s al oeste peninsular (como puede verse en el mapa superior).<\/span><\/span><\/span><\/p>\n<p align=\"LEFT\"><span><span style=\"color: #000000;\"><span style=\"font-family: Arial, Helvetica, sans-serif;\">Quiz\u00e1s, debido a la enorme vaguada en el Atl\u00e1ntico, <strong>la dorsal suba con ganas desde el norte de \u00c1frica<\/strong>, afectando a las regiones m\u00e1s orientales de la pen\u00ednsula con un importante ascenso de las temperaturas.\u00a0<\/span><\/span><\/span><span style=\"font-family: Arial, Helvetica, sans-serif;\">Son cosas que todav\u00eda quedan demasiado lejos de la fecha actual, por lo que est\u00e1 sujeto a muchos cambios.<\/span><\/p>\n<p align=\"LEFT\"><span style=\"font-family: Arial, Helvetica, sans-serif;\">Puede que al final se quede en nada, como ya ha sucedido muchas veces, pero lo que parece claro y lo realmente importante es que ya se observan cambios destacables a nivel general, con una <strong>circulaci\u00f3n notablemente m\u00e1s agitada y variable<\/strong>. \u00a1Toca estar atentos! :)<\/span><\/p>\n<p align=\"LEFT\"><span style=\"color: #ffffff;\"><span style=\"font-family: Arial, Helvetica, sans-serif;\"><span>.<\/span><\/span><\/span><\/p>\n<p align=\"CENTER\"><span style=\"color: #808080;\"><span style=\"font-size: 12px;\"><span style=\"font-family: Arial, Helvetica, sans-serif;\">Por Javier Pi\u00f1ero Fuentes &#8211; \u00a9 MeteoBadajoz 2014<\/span><\/span><\/span><\/p>\n<p align=\"CENTER\"><span style=\"color: #808080;\"><span style=\"font-size: 12px;\"><span style=\"font-family: arial, sans-serif;\">meteobadajoz@gmail.com<\/span><\/span><\/span><\/p>\n<p align=\"CENTER\"><strong><span style=\"color: #000000;\"><span style=\"font-size: 12px;\"><span style=\"font-family: Arial, Helvetica, sans-serif;\"><span>Puedes seguir cada situaci\u00f3n a trav\u00e9s de la cuenta de Twitter <\/span><\/span><\/span><\/span><\/strong><strong><a href=\"https:\/\/twitter.com\/MeteoBadajoz\" target=\"_blank\" rel=\"external nofollow\"><span style=\"color: #ff0000;\"><span style=\"font-size: 12px;\"><span style=\"font-family: Arial, Helvetica, sans-serif;\"><span>@MeteoBadajoz<\/span><\/span><\/span><\/span><\/a><\/strong><strong><span style=\"color: #000000;\"><span style=\"font-size: 12px;\"><span style=\"font-family: Arial, Helvetica, sans-serif;\"><span>, o Facebook <\/span><\/span><\/span><\/span><\/strong><strong><a href=\"https:\/\/www.facebook.com\/pages\/MeteoBadajoz\/236436716399890\" target=\"_blank\" rel=\"external nofollow\"><span style=\"color: #ff0000;\"><span style=\"font-size: 12px;\"><span style=\"font-family: Arial, Helvetica, sans-serif;\"><span>MeteoBadajoz<\/span><\/span><\/span><\/span><\/a><\/strong><strong><span style=\"color: #000000;\"><span style=\"font-size: 12px;\"><span style=\"font-family: Arial, Helvetica, sans-serif;\"><span>, donde estar\u00e1s informado en todo momento de c\u00f3mo evolucionan los d\u00edas, as\u00ed como de noticias de inter\u00e9s meteorol\u00f3gico.<\/span><\/span><\/span><\/span><\/strong><\/p>\n<p align=\"CENTER\"><strong><span style=\"color: #000000;\"><span style=\"font-size: 12px;\"><span style=\"font-family: Arial, Helvetica, sans-serif;\"><span><span style=\"text-decoration: underline;\"><strong>Si el art\u00edculo te ha parecido interesante, puedes ayudar a divulgarlo a trav\u00e9s de las redes sociales, con ayuda de los botones para compartir.<\/strong><\/span><\/span><\/span><\/span><\/span><\/strong><\/p>\n<p align=\"CENTER\"><strong><span style=\"color: #000000;\"><span style=\"font-size: 12px;\"><span style=\"font-family: Arial, Helvetica, sans-serif;\"><span>\u00a1\u00a1Gracias y un saludo a los lectores del blog!!<\/span><\/span><\/span><\/span><\/strong><\/p>\n<!-- AddThis Advanced Settings generic via filter on the_content --><!-- AddThis Share Buttons generic via filter on the_content -->","protected":false},"excerpt":{"rendered":"<p>\u00bb Nos adentramos en el Oto\u00f1o y los centros de acci\u00f3n se vuelven muy din\u00e1micos e intensifican. Se forman bloqueos en determinadas zonas, que provocan cambios muy destacables en otras&#8230; \u00a1Se preparan posibles cambios! Posible escenario inestable de cara al 8-10 de Octubre, quiz\u00e1s protagonizado por la presencia de una profunda borrasca al oeste de [&hellip;]<!-- AddThis Advanced Settings generic via filter on get_the_excerpt --><!-- AddThis Share Buttons generic via filter on get_the_excerpt --><\/p>\n","protected":false},"author":75,"featured_media":0,"comment_status":"open","ping_status":"closed","sticky":false,"template":"","format":"standard","meta":[],"categories":[4,5],"tags":[15,102,117],"_links":{"self":[{"href":"https:\/\/blogs.hoy.es\/meteobadajoz\/wp-json\/wp\/v2\/posts\/665"}],"collection":[{"href":"https:\/\/blogs.hoy.es\/meteobadajoz\/wp-json\/wp\/v2\/posts"}],"about":[{"href":"https:\/\/blogs.hoy.es\/meteobadajoz\/wp-json\/wp\/v2\/types\/post"}],"author":[{"embeddable":true,"href":"https:\/\/blogs.hoy.es\/meteobadajoz\/wp-json\/wp\/v2\/users\/75"}],"replies":[{"embeddable":true,"href":"https:\/\/blogs.hoy.es\/meteobadajoz\/wp-json\/wp\/v2\/comments?post=665"}],"version-history":[{"count":0,"href":"https:\/\/blogs.hoy.es\/meteobadajoz\/wp-json\/wp\/v2\/posts\/665\/revisions"}],"wp:attachment":[{"href":"https:\/\/blogs.hoy.es\/meteobadajoz\/wp-json\/wp\/v2\/media?parent=665"}],"wp:term":[{"taxonomy":"category","embeddable":true,"href":"https:\/\/blogs.hoy.es\/meteobadajoz\/wp-json\/wp\/v2\/categories?post=665"},{"taxonomy":"post_tag","embeddable":true,"href":"https:\/\/blogs.hoy.es\/meteobadajoz\/wp-json\/wp\/v2\/tags?post=665"}],"curies":[{"name":"wp","href":"https:\/\/api.w.org\/{rel}","templated":true}]}}