{"id":667,"date":"2014-10-08T10:11:56","date_gmt":"2014-10-08T08:11:56","guid":{"rendered":"http:\/\/blogs.hoy.es\/meteobadajoz\/?p=667"},"modified":"2014-10-08T10:11:56","modified_gmt":"2014-10-08T08:11:56","slug":"llega-a-espana-el-primer-frente-atlantico-del-otono-con-lluvias-muy-abundantes","status":"publish","type":"post","link":"https:\/\/blogs.hoy.es\/meteobadajoz\/2014\/10\/08\/llega-a-espana-el-primer-frente-atlantico-del-otono-con-lluvias-muy-abundantes\/","title":{"rendered":"Llega a Espa\u00f1a el primer frente atl\u00e1ntico del oto\u00f1o, con lluvias muy abundantes"},"content":{"rendered":"<p align=\"LEFT\"><strong><span style=\"color: #000000;\"><span style=\"font-family: 'Segoe UI';\">\u00bb<\/span><\/span><span style=\"color: #000000;\"><span style=\"font-family: 'Segoe UI', sans-serif;\"> Las primeras lluvias empezar\u00e1n a entrar este mi\u00e9rcoles por el oeste, pero ser\u00e1 el jueves cuando las precipitaciones puedan ser generalizadas, persistentes y dejar cantidades bastante significativas de agua. \u00a1Tiempo de pleno Oto\u00f1o!<\/span><\/span><\/strong><\/p>\n<p style=\"text-align: center;\" align=\"CENTER\"><strong><span style=\"color: #000000;\"><span style=\"font-family: Arial, Helvetica, sans-serif;\"><span><img loading=\"lazy\" class=\"aligncenter\" src=\"\/\/nsae01.casimages.net\/img\/2014\/10\/08\/141008122952806159.png\" alt=\"\" width=\"600\" height=\"300\" \/>An\u00e1lisis de situaci\u00f3n durante este jueves 9 de Octubre 2014 \u2013 MeteoEarth\/MeteoBadajoz<\/span><\/span><\/span><\/strong><\/p>\n<p align=\"LEFT\"><span style=\"color: #000000;\"><span style=\"font-family: Arial, Helvetica, sans-serif;\"><span><strong>Mi\u00e9rcoles 8 de Octubre 2014<\/strong><\/span><\/span><\/span><span style=\"color: #000000;\"><span style=\"font-family: Arial, Helvetica, sans-serif;\"><span><strong>. <\/strong><\/span><\/span><\/span><span style=\"color: #000000;\"><span style=\"font-family: Arial, Helvetica, sans-serif;\">Finalmente parece que se confirman los cambios que ven\u00edan anunciando los modelos meteorol\u00f3gicos hace varios d\u00edas, y que <a href=\"https:\/\/blogs.hoy.es\/meteobadajoz\/2014\/10\/02\/importantes-cambios-a-medio-plazo-que-traerian-mas-lluvias-a-todo-el-oeste\/\" target=\"_blank\">analizamos en este mismo blog<\/a>, cuando parec\u00eda posible el acercamiento hacia la pen\u00ednsula de un <strong>frente fr\u00edo bastante activo<\/strong>, el cual dejar\u00eda precipitaciones generosas preferentemente en la mitad oeste peninsular, y as\u00ed parece que ocurrir\u00e1.<!--more--><\/span><\/span><\/p>\n<p align=\"LEFT\"><span style=\"color: #000000;\"><span style=\"font-family: Arial, Helvetica, sans-serif;\"><span>En la imagen que encabeza este post podemos comprobar la situaci\u00f3n que nos espera para este pr\u00f3ximo jueves, protagonizado por esa larga l\u00ednea de precipitaciones que se extiende por todo el oeste del continente europeo, y que corresponde al frente fr\u00edo asociado a la enorme borrasca que tenemos en el Reino Unido. Esa borrasca poco a poco ir\u00e1 perdiendo fuerza, pero su presencia a lo largo de los \u00faltimos d\u00edas ha generado una <strong>importante expansi\u00f3n de aire fr\u00edo polar<\/strong> hacia buena parte del Atl\u00e1ntico Norte y Europa occidental, y en su avance hacia latitudes bajas, genera el frente fr\u00edo (por contacto entre masas de aire de diferentes caracter\u00edsticas) que nos afectar\u00e1 en los pr\u00f3ximos d\u00edas.<\/span><\/span><\/span><\/p>\n<p align=\"LEFT\"><span style=\"color: #000000;\"><span style=\"font-family: Arial, Helvetica, sans-serif;\"><span>La situaci\u00f3n vendr\u00e1 marcada por un claro flujo de vientos de oeste-suroeste, viento <\/span><\/span><\/span><span style=\"color: #000000;\"><span style=\"font-family: Arial, Helvetica, sans-serif;\"><span><em>\u00c1brego<\/em><\/span><\/span><\/span><span style=\"color: #000000;\"><span style=\"font-family: Arial, Helvetica, sans-serif;\"><span> o \u201c<\/span><\/span><\/span><span style=\"color: #000000;\"><span style=\"font-family: Arial, Helvetica, sans-serif;\"><span><em>lloveor<\/em><\/span><\/span><\/span><span style=\"color: #000000;\"><span style=\"font-family: Arial, Helvetica, sans-serif;\"><span>\u201d como decimos en Extremadura, que se encargar\u00e1 precisamente de eso, de dejar <strong>importantes cantidades de lluvia<\/strong> especialmente en las zonas m\u00e1s efectivas, como la cara sur del Sistema Central (Jerte &#8211; cara sur de la Sierra de Gredos principalmente).<\/span><\/span><\/span><\/p>\n<p align=\"LEFT\"><span style=\"color: #000000;\"><span style=\"font-family: Arial, Helvetica, sans-serif;\"><span>Antes de continuar, perm\u00edtanme que aclare un concepto referente a la situaci\u00f3n de estos pr\u00f3ximos d\u00edas&#8230; Y es que, a pesar de lo que se pueda leer u o\u00edr durante los pr\u00f3ximos d\u00edas en los medios de comunicaci\u00f3n, <strong>no debemos<\/strong> hablar de \u201c<\/span><\/span><\/span><span style=\"color: #000000;\"><span style=\"font-family: Arial, Helvetica, sans-serif;\"><span><em>Temporal Atl\u00e1ntico<\/em><\/span><\/span><\/span><span style=\"color: #000000;\"><span style=\"font-family: Arial, Helvetica, sans-serif;\"><span>\u201d en el caso de esta semana, ya que no ser\u00e1n muchos los frentes que nos crucen, sino m\u00e1s bien el acercamiento de una profunda vaguada atl\u00e1ntica, con un frente bastante generoso en cuanto a lluvias, pero <strong>no ser\u00e1 una sucesi\u00f3n de frentes<\/strong> como s\u00ed ha ocurrido otras veces.<\/span><\/span><\/span><\/p>\n<p align=\"LEFT\"><span style=\"color: #000000;\"><span style=\"font-family: Arial, Helvetica, sans-serif;\"><span>Para que haya una buena comunicaci\u00f3n meteorol\u00f3gica, es importante diferenciar entre lo que es normal (como es el simple paso de un frente o una vaguada), y una situaci\u00f3n an\u00f3mala (como es por ejemplo una sucesi\u00f3n de frentes atl\u00e1nticos). Si cada vez que llueva m\u00e1s de la cuenta vamos a decir que es un <em>temporal<\/em>, la poblaci\u00f3n se acostumbra y en las situaciones realmente peligrosas no se toman las suficientes medidas, porque tendemos a confiarnos. As\u00ed que seamos sensatos, y <strong>llamemos a las cosas por su nombre<\/strong>! ;-)<\/span><\/span><\/span><\/p>\n<p align=\"LEFT\"><span style=\"color: #000000;\"><span style=\"font-family: Arial, Helvetica, sans-serif;\"><span>A\u00fan as\u00ed, s\u00ed es verdad que los pr\u00f3ximos d\u00edas ser\u00e1n bastante inestables y lluviosos, por lo que s\u00ed se puede hablar de un posible <strong>episodio de lluvias abundantes<\/strong>. Tanto es as\u00ed, que en zonas bien orientadas a ese flujo de suroeste se pueden superar claramente los 100 litros\/m2, e incluso algunos modelos contemplan cantidades totales de entre <strong>100 y 150 litros\/m2<\/strong> hacia el norte cacere\u00f1o en pocos d\u00edas; much\u00edsima agua, y <strong>much\u00edsima precauci\u00f3n<\/strong> en aquellos r\u00edos o arroyos que sean propensos a desbordarse bajo este tipo de situaciones de exceso de precipitaci\u00f3n. Estamos en Oto\u00f1o y, en ciudad, las calles acostumbran a estar repletas de hojas, lo que puede dificultar mucho el drenaje de la lluvia.<\/span><\/span><\/span><\/p>\n<p style=\"text-align: center;\" align=\"CENTER\"><strong><span style=\"color: #000000;\"><span style=\"font-family: Arial, Helvetica, sans-serif;\"><span><img loading=\"lazy\" class=\"aligncenter\" src=\"\/\/nsae01.casimages.net\/img\/2014\/10\/08\/141008010752642144.png\" alt=\"\" width=\"624\" height=\"379\" \/>Valores de agua precipitable previstos en el Atl\u00e1ntico Norte y Europa este mi\u00e9rcoles 8 de Octubre 2014, con un r\u00edo atmosf\u00e9rico de humedad hacia Espa\u00f1a y Portugal &#8211; Modelo GFS<\/span><\/span><\/span><\/strong><\/p>\n<p align=\"LEFT\"><span style=\"color: #000000;\"><span style=\"font-family: Arial, Helvetica, sans-serif;\"><span>Un elemento important\u00edsimo a destacar, y que de hecho ya nos est\u00e1 afectando, es la presencia de un <em>r\u00edo atmosf\u00e9rico de humedad<\/em> que, como ya se ha dicho en otras ocasiones, consiste en una cinta transportadora de humedad de origen tropical, con much\u00edsimo contenido de humedad en esas masas de aire, que hace que las precipitaciones sean <strong>m\u00e1s cuantiosas de lo habitual<\/strong>.<\/span><\/span><\/span><\/p>\n<p align=\"LEFT\"><span style=\"color: #000000;\"><span style=\"font-family: Arial, Helvetica, sans-serif;\"><span>Como muestra el mapa superior, de la gran reserva de humedad tropical que ronda las aguas del Atl\u00e1ntico Tropical, se desprende esa peque\u00f1a <strong>lengua de humedad tropical<\/strong>, que se asocia directamente con el frente del jueves. Como vemos, ese r\u00edo de humedad hace impacto justo al oeste de la pen\u00ednsula, por lo que cabe esperar precipitaciones que, aunque sean d\u00e9biles o moderadas, <strong>pueden ser muy cuantiosas<\/strong>, sobre todo en Portugal y las zonas comentadas antes.<\/span><\/span><\/span><\/p>\n<p align=\"LEFT\"><span style=\"color: #ffffff;\">.<\/span><\/p>\n<p align=\"LEFT\"><strong style=\"font-size: medium; font-family: Arial, Helvetica, sans-serif;\"><span style=\"font-size: 22px;\">-\u00bfCu\u00e1ndo empezar\u00e1 a llover y hasta cu\u00e1ndo?<\/span><\/strong><\/p>\n<p style=\"text-align: center;\" align=\"CENTER\"><strong><span style=\"color: #000000;\"><span style=\"font-family: Arial, Helvetica, sans-serif;\"><span><a title=\"Ampliar imagen\" href=\"http:\/\/nsae01.casimages.net\/img\/2014\/10\/08\/14100809593346859.png\" target=\"_blank\" rel=\"external nofollow\"><img loading=\"lazy\" class=\"aligncenter\" title=\"Ampliar imagen\" src=\"\/\/nsae01.casimages.net\/img\/2014\/10\/08\/14100809593346859.png\" alt=\"\" width=\"629\" height=\"277\" \/><\/a>Predicci\u00f3n meteorol\u00f3gica en Extremadura para los pr\u00f3ximos 3 d\u00edas &#8211; \u00a9 MeteoBadajoz<\/span><\/span><\/span><\/strong><\/p>\n<ul>\n<li><span style=\"font-family: Arial, Helvetica, sans-serif;\"><strong>Mi\u00e9rcoles:<\/strong> empezaremos a ver las primeras lluvias por las zonas m\u00e1s occidentales de Extremadura, siendo sobre todo en el norte y noroeste de la provincia de C\u00e1ceres (por donde <strong>pueden ser abundantes<\/strong>), aunque tampoco se descartan en otras zonas de la regi\u00f3n a lo largo del d\u00eda (sobre todo por la tarde), pero de momento ser\u00edan d\u00e9biles.<\/span><\/li>\n<\/ul>\n<p><span style=\"font-family: Arial, Helvetica, sans-serif;\"><span style=\"color: #ffffff;\">.<\/span><br \/>\n<\/span><\/p>\n<p align=\"LEFT\"><span style=\"color: #000000;\"><span style=\"font-family: Arial, Helvetica, sans-serif;\"><span>En realidad, este mi\u00e9rcoles tendremos el frente a\u00fan entrando por Galicia, pero por delante de \u00e9l (sobre el oeste peninsular) se agrupar\u00eda bastante nubosidad de tipo medio y bajo, dejando esas primeras precipitaciones en Extremadura en forma de chubascos d\u00e9biles o localmente moderados.<\/span><\/span><\/span><\/p>\n<ul>\n<li><span style=\"font-family: Arial, Helvetica, sans-serif;\">El <strong>jueves<\/strong> ya s\u00ed veremos bastante m\u00e1s movimiento: tras una breve pausa en las precipitaciones d\u00e9biles durante la noche del mi\u00e9rcoles-jueves, a lo largo de la ma\u00f1ana del jueves, las lluvias asociadas al frente empezar\u00edan a ser cada vez m\u00e1s <strong>generosas y abundantes<\/strong> por todo el norte y noroeste de la regi\u00f3n (de forma d\u00e9bil en el resto por la ma\u00f1ana), y no ser\u00e1 hasta la tarde o tarde-noche cuando las precipitaciones aparezcan tambi\u00e9n por todo el oeste y centro de Extremadura, siendo <strong>moderadas, persistentes y localmente acompa\u00f1adas de tormenta<\/strong>!<\/span><\/li>\n<\/ul>\n<p><span style=\"font-family: Arial, Helvetica, sans-serif;\"><span style=\"color: #ffffff;\">.<\/span><br \/>\n<\/span><\/p>\n<p align=\"LEFT\"><span style=\"color: #000000;\"><span style=\"font-family: Arial, Helvetica, sans-serif;\"><span>Adem\u00e1s de lluvia, tambi\u00e9n tendremos <strong>rachas de viento de cierta intensidad<\/strong>, de entre 40 y 60 km\/h en zonas llanas del oeste peninsular, sobre todo por la tarde\/tarde-noche, m\u00e1s intensas justo antes del paso del frente.<\/span><\/span><\/span><\/p>\n<ul>\n<li><span style=\"font-family: Arial, Helvetica, sans-serif;\"><strong>Viernes:<\/strong> la primera mitad de la noche del jueves al viernes podr\u00eda ser <strong>bastante lluviosa en la mayor parte de la regi\u00f3n<\/strong>, pero a lo largo de la madrugada las lluvias ir\u00edan abandonando Extremadura por las comarcas del este, amaneciendo el viernes por la ma\u00f1ana con cielos poco nubosos en general, aunque todav\u00eda podr\u00e1n quedar algunos chubascos residuales hacia el este, con tendencia a remitir a lo largo de la jornada.<\/span><\/li>\n<\/ul>\n<p><span style=\"font-family: Arial, Helvetica, sans-serif; color: #ffffff;\">.<\/span><\/p>\n<p align=\"LEFT\"><span style=\"color: #000000;\"><span style=\"font-family: Arial, Helvetica, sans-serif;\"><span>Bien es cierto que los modelos <strong>no se ponen muy de acuerdo<\/strong> en el movimiento del frente, adelant\u00e1ndolo o retras\u00e1ndolo algunas horas con respecto a lo previsto por otros modelos, pero lo m\u00e1s probable es que ya el viernes, el frente haya acabado de barrer Extremadura.<\/span><\/span><\/span><\/p>\n<p align=\"LEFT\"><span style=\"color: #000000;\"><span style=\"font-family: Arial, Helvetica, sans-serif;\"><span>En cuanto a las temperaturas, tras los 24-25\u00baC de estos \u00faltimos d\u00edas, a partir de este mi\u00e9rcoles las temperaturas m\u00e1ximas bajar\u00e1n ligeramente (no demasiado), hasta los 21-22\u00baC. Las m\u00ednimas ser\u00edan bastante suaves debido a la presencia de tanta nubosidad, con unos 17\u00baC. Este tipo de situaciones, en las que predomina el viento de oeste o suroeste aportando much\u00edsima humedad, no suele haber grandes diferencias entre la m\u00ednima y la m\u00e1xima del d\u00eda (amplitud t\u00e9rmica muy peque\u00f1a), son <strong>masas de aire muy h\u00famedas y templadas<\/strong>, que\u00a0nos dejan un tiempo bastante suave t\u00e9rmicamente.<\/span><\/span><\/span><\/p>\n<p align=\"LEFT\"><span style=\"color: #ffffff;\">.<\/span><\/p>\n<p align=\"LEFT\"><span style=\"font-size: medium;\"><strong><span style=\"color: #000000;\"><span style=\"font-family: Arial, Helvetica, sans-serif;\"><span style=\"font-size: 22px;\">-Avance para el Puente del Pilar en Extremadura<\/span><\/span><\/span><\/strong><\/span><\/p>\n<p align=\"LEFT\"><span style=\"color: #000000;\"><span style=\"font-family: Arial, Helvetica, sans-serif;\"><span>-Tras el paso del frente fr\u00edo del jueves, el viernes nos dejar\u00eda cierta mejor\u00eda transitoria, pero de cara al fin de semana el acercamiento de una peque\u00f1a borrasca desde el oeste <strong>volver\u00eda a reactivar precipitaciones<\/strong>, pero ya sobre gran parte de la pen\u00ednsula. En Extremadura, el s\u00e1bado cabr\u00eda esperar precipitaciones localmente moderadas y acompa\u00f1adas de tormenta, siendo menos frecuentes cuanto m\u00e1s al oeste de la regi\u00f3n, por donde incluso veremos muchos claros. Pero ser\u00eda el domingo el <strong>d\u00eda m\u00e1s inestable del puente<\/strong>, nuevamente con lluvias en casi cualquier punto de la regi\u00f3n, aunque de menor intensidad; m\u00e1s d\u00e9biles, pero en m\u00e1s zonas.<\/span><\/span><\/span><\/p>\n<p align=\"LEFT\"><span style=\"color: #000000;\"><span style=\"font-family: Arial, Helvetica, sans-serif;\"><span>De cara al lunes tendr\u00edamos otra jornada de transici\u00f3n, con menos nubes pero a\u00fan riesgo de chubascos. Y todo ello con <strong>temperaturas algo m\u00e1s frescas<\/strong>; m\u00e1ximas de 19-21\u00baC y m\u00ednimas de apenas 12-14\u00baC.<\/span><\/span><\/span><\/p>\n<p align=\"LEFT\"><span style=\"color: #000000;\"><span style=\"font-family: Arial, Helvetica, sans-serif;\"><span>Veremos qu\u00e9 tal evoluciona toda esta situaci\u00f3n de lluvias que, insisto, puede dejar <strong>cantidades muy importantes<\/strong> hacia el norte de C\u00e1ceres, aunque tambi\u00e9n en el resto de la regi\u00f3n veremos llover generosamente. Ante todo, precauci\u00f3n!<\/span><\/span><\/span><\/p>\n<p align=\"LEFT\"><span style=\"color: #ffffff;\"><span style=\"font-family: Arial, Helvetica, sans-serif;\"><span>.<\/span><\/span><\/span><\/p>\n<p align=\"CENTER\"><span style=\"color: #808080;\"><span style=\"font-size: 12px;\"><span style=\"font-family: Arial, Helvetica, sans-serif;\">Por Javier Pi\u00f1ero Fuentes &#8211; \u00a9 MeteoBadajoz 2014<\/span><\/span><\/span><\/p>\n<p align=\"CENTER\"><span style=\"color: #808080;\"><span style=\"font-size: 12px;\"><span style=\"font-family: arial, sans-serif;\">meteobadajoz@gmail.com<\/span><\/span><\/span><\/p>\n<p align=\"CENTER\"><strong><span style=\"color: #000000;\"><span style=\"font-size: 12px;\"><span style=\"font-family: Arial, Helvetica, sans-serif;\"><span>Puedes seguir cada situaci\u00f3n a trav\u00e9s de la cuenta de Twitter <\/span><\/span><\/span><\/span><\/strong><strong><a href=\"https:\/\/twitter.com\/MeteoBadajoz\" target=\"_blank\" rel=\"external nofollow\"><span style=\"color: #ff0000;\"><span style=\"font-size: 12px;\"><span style=\"font-family: Arial, Helvetica, sans-serif;\"><span>@MeteoBadajoz<\/span><\/span><\/span><\/span><\/a><\/strong><strong><span style=\"color: #000000;\"><span style=\"font-size: 12px;\"><span style=\"font-family: Arial, Helvetica, sans-serif;\"><span>, o Facebook <\/span><\/span><\/span><\/span><\/strong><strong><a href=\"https:\/\/www.facebook.com\/pages\/MeteoBadajoz\/236436716399890\" target=\"_blank\" rel=\"external nofollow\"><span style=\"color: #ff0000;\"><span style=\"font-size: 12px;\"><span style=\"font-family: Arial, Helvetica, sans-serif;\"><span>MeteoBadajoz<\/span><\/span><\/span><\/span><\/a><\/strong><strong><span style=\"color: #000000;\"><span style=\"font-size: 12px;\"><span style=\"font-family: Arial, Helvetica, sans-serif;\"><span>, donde estar\u00e1s informado en todo momento de c\u00f3mo evolucionan los d\u00edas, as\u00ed como de noticias de inter\u00e9s meteorol\u00f3gico.<\/span><\/span><\/span><\/span><\/strong><\/p>\n<p align=\"CENTER\"><strong><span style=\"color: #000000;\"><span style=\"font-size: 12px;\"><span style=\"font-family: Arial, Helvetica, sans-serif;\"><span><span style=\"text-decoration: underline;\"><strong>Si el art\u00edculo te ha parecido interesante, puedes ayudar a divulgarlo a trav\u00e9s de las redes sociales, con ayuda de los botones para compartir.<\/strong><\/span><\/span><\/span><\/span><\/span><\/strong><\/p>\n<p align=\"CENTER\"><strong><span style=\"color: #000000;\"><span style=\"font-size: 12px;\"><span style=\"font-family: Arial, Helvetica, sans-serif;\"><span>\u00a1\u00a1Gracias y un saludo a los lectores del blog!!<\/span><\/span><\/span><\/span><\/strong><\/p>\n<!-- AddThis Advanced Settings generic via filter on the_content --><!-- AddThis Share Buttons generic via filter on the_content -->","protected":false},"excerpt":{"rendered":"<p>\u00bb Las primeras lluvias empezar\u00e1n a entrar este mi\u00e9rcoles por el oeste, pero ser\u00e1 el jueves cuando las precipitaciones puedan ser generalizadas, persistentes y dejar cantidades bastante significativas de agua. \u00a1Tiempo de pleno Oto\u00f1o! An\u00e1lisis de situaci\u00f3n durante este jueves 9 de Octubre 2014 \u2013 MeteoEarth\/MeteoBadajoz Mi\u00e9rcoles 8 de Octubre 2014. Finalmente parece que se [&hellip;]<!-- AddThis Advanced Settings generic via filter on get_the_excerpt --><!-- AddThis Share Buttons generic via filter on get_the_excerpt --><\/p>\n","protected":false},"author":75,"featured_media":0,"comment_status":"open","ping_status":"closed","sticky":false,"template":"","format":"standard","meta":[],"categories":[4,5],"tags":[],"_links":{"self":[{"href":"https:\/\/blogs.hoy.es\/meteobadajoz\/wp-json\/wp\/v2\/posts\/667"}],"collection":[{"href":"https:\/\/blogs.hoy.es\/meteobadajoz\/wp-json\/wp\/v2\/posts"}],"about":[{"href":"https:\/\/blogs.hoy.es\/meteobadajoz\/wp-json\/wp\/v2\/types\/post"}],"author":[{"embeddable":true,"href":"https:\/\/blogs.hoy.es\/meteobadajoz\/wp-json\/wp\/v2\/users\/75"}],"replies":[{"embeddable":true,"href":"https:\/\/blogs.hoy.es\/meteobadajoz\/wp-json\/wp\/v2\/comments?post=667"}],"version-history":[{"count":0,"href":"https:\/\/blogs.hoy.es\/meteobadajoz\/wp-json\/wp\/v2\/posts\/667\/revisions"}],"wp:attachment":[{"href":"https:\/\/blogs.hoy.es\/meteobadajoz\/wp-json\/wp\/v2\/media?parent=667"}],"wp:term":[{"taxonomy":"category","embeddable":true,"href":"https:\/\/blogs.hoy.es\/meteobadajoz\/wp-json\/wp\/v2\/categories?post=667"},{"taxonomy":"post_tag","embeddable":true,"href":"https:\/\/blogs.hoy.es\/meteobadajoz\/wp-json\/wp\/v2\/tags?post=667"}],"curies":[{"name":"wp","href":"https:\/\/api.w.org\/{rel}","templated":true}]}}