{"id":670,"date":"2014-10-11T09:00:06","date_gmt":"2014-10-11T07:00:06","guid":{"rendered":"http:\/\/blogs.hoy.es\/meteobadajoz\/?p=670"},"modified":"2014-10-11T09:00:06","modified_gmt":"2014-10-11T07:00:06","slug":"puente-del-pilar-pasado-por-agua-en-extremadura","status":"publish","type":"post","link":"https:\/\/blogs.hoy.es\/meteobadajoz\/2014\/10\/11\/puente-del-pilar-pasado-por-agua-en-extremadura\/","title":{"rendered":"Puente del Pilar pasado por agua en Extremadura"},"content":{"rendered":"<p align=\"LEFT\"><strong><span style=\"color: #000000;\"><span style=\"font-size: 14px;\"><span style=\"font-family: 'Segoe UI';\">\u00bb<\/span><\/span><span style=\"color: #000000;\"><span style=\"font-size: 14px;\"><span style=\"font-family: 'Segoe UI', sans-serif;\"> Fin de semana de lluvias intermitentes, moderadas o localmente intensas y con algunas tormentas. La inestabilidad continuar\u00e1 en los pr\u00f3ximos d\u00edas y no remitir\u00e1 hasta pr\u00e1cticamente el fin de semana que viene. <\/span><\/span><\/span><\/span><\/strong><\/p>\n<p style=\"text-align: center;\" align=\"CENTER\"><strong><span style=\"color: #000000;\"><span style=\"font-size: 12px;\"><span style=\"font-family: Arial, Helvetica, sans-serif;\"><span><a title=\"Ampliar imagen\" href=\"http:\/\/nsae01.casimages.net\/img\/2014\/10\/10\/141010115427570414.png\" target=\"_blank\" rel=\"external nofollow\"><img loading=\"lazy\" class=\"aligncenter\" title=\"Ampliar imagen\" src=\"\/\/nsae01.casimages.net\/img\/2014\/10\/10\/141010115427570414.png\" alt=\"\" width=\"539\" height=\"240\" \/><\/a>Predicci\u00f3n meteorol\u00f3gica para este Puente del Pilar (11, 12 y 13 de Octubre 2014 respectivamente) &#8211; \u00a9 MeteoBadajoz<\/span><\/span><\/span><\/span><\/strong><\/p>\n<p align=\"LEFT\"><span style=\"color: #000000;\"><span style=\"font-size: 12px;\"><span style=\"font-family: Arial, Helvetica, sans-serif;\"><span><strong>S\u00e1bado 11 de Octubre 2014. <\/strong><\/span><\/span><\/span><span style=\"color: #000000;\"><span style=\"font-size: 12px;\"><span style=\"font-family: Arial, Helvetica, sans-serif;\"><span>Tras el paso de un frente fr\u00edo bastante activo el pasado jueves por el oeste y sur peninsular, dejando cantidades de lluvia en muchos casos superiores a los 15-20 mm, los pr\u00f3ximos d\u00edas prometen de nuevo m\u00e1s inestabilidad, con <strong>riesgo muy alto de precipitaciones<\/strong> y un ligero <strong>descenso de las temperaturas<\/strong>.<!--more--><\/span><\/span><\/span><\/span><\/span><\/p>\n<p align=\"LEFT\"><span style=\"color: #000000;\"><span style=\"font-size: 12px;\"><span style=\"font-family: Arial, Helvetica, sans-serif;\"><span>El acercamiento de una borrasca al oeste peninsular durante este s\u00e1bado, volver\u00e1 a dejarnos una situaci\u00f3n marcada por chubascos localmente intensos y acompa\u00f1ados de tormenta, especialmente por el sur de Extremadura durante la ma\u00f1ana y el mediod\u00eda, extendi\u00e9ndose hacia el norte a lo largo de la tarde. Ser\u00edan lluvias <strong>moderadas o localmente fuertes<\/strong>, as\u00ed que precauci\u00f3n, una vez m\u00e1s, en zonas inundables porque ha llovido ya bastante en los \u00faltimos d\u00edas, y todo parece indicar que seguir\u00e1 lloviendo, sobre todo a inicios de la pr\u00f3xima semana.<\/span><\/span><\/span><\/span><\/p>\n<p align=\"LEFT\"><span style=\"color: #000000;\"><span style=\"font-size: 12px;\"><span style=\"font-family: Arial, Helvetica, sans-serif;\"><span>El domingo ser\u00e1 una jornada algo menos nubosa que el s\u00e1bado, con bastantes m\u00e1s ratos de Sol, pero continuaremos hablando de <strong>riesgo alto de chubascos y\/o tormentas<\/strong> a partir del mediod\u00eda en casi cualquier punto, siendo m\u00e1s abundantes en todo el norte cacere\u00f1o. Durante este d\u00eda, las temperaturas sufrir\u00edan un ligero descenso, con m\u00e1ximas de <span style=\"color: #ff0000;\"><strong>18-20\u00baC<\/strong><\/span> y m\u00ednimas alrededor de los <span style=\"color: #0000ff;\"><strong>12-14\u00baC<\/strong><\/span>; ambiente m\u00e1s fresco.<\/span><\/span><\/span><\/span><\/p>\n<p align=\"LEFT\"><span style=\"color: #000000;\"><span style=\"font-size: 12px;\"><span style=\"font-family: Arial, Helvetica, sans-serif;\"><span>Por \u00faltimo, el lunes, comenzar\u00eda la jornada quiz\u00e1s con cielos nubosos, pero en general con pocas precipitaciones (d\u00e9biles y muy dispersas), pero desde el oeste peninsular entrar\u00e1 un nuevo frente que, seg\u00fan las \u00faltimas actualizaciones de los modelos, <strong>ser\u00eda bastante activo<\/strong>, con lluvias muy abundantes otra vez en Extremadura, sobre todo a partir de la tarde del lunes desde las comarcas m\u00e1s occidentales, extendi\u00e9ndose r\u00e1pidamente al resto a lo largo de la tarde-noche y madrugada lunes-martes.<\/span><\/span><\/span><\/span><\/p>\n<p style=\"text-align: center;\" align=\"LEFT\"><strong><span style=\"color: #000000;\"><span style=\"font-size: 12px;\"><span style=\"font-family: Arial, Helvetica, sans-serif;\"><img loading=\"lazy\" class=\"aligncenter\" src=\"\/\/nsae01.casimages.net\/img\/2014\/10\/11\/141011121303305341.png\" alt=\"\" width=\"547\" height=\"343\" \/>Lluvias previstas entre el lunes a las 18h y el martes a las 00h &#8211; Modelo IFS del ECMWF<\/span><\/span><\/span><\/strong><\/p>\n<p align=\"LEFT\"><span style=\"color: #000000;\"><span style=\"font-size: 12px;\"><span style=\"font-family: Arial, Helvetica, sans-serif;\"><span>Fijaos en la intensidad con la que entrar\u00eda el frente fr\u00edo del lunes por la tarde, con lluvias muy generosas y persistentes, especialmente sobre Portugal y, posteriormente, en buena parte de Extremadura y el oeste de Andaluc\u00eda (colores morados en el mapa superior). <strong>Much\u00edsima cantidad de agua puede caer<\/strong> como se cumplan estas predicciones del modelo europeo; un modelo que no suele &#8220;andarse con tonter\u00edas&#8221; y que generalmente tiende a suavizar la precipitaci\u00f3n con respecto a otros modelos.<\/span><\/span><\/span><\/span><\/p>\n<p align=\"LEFT\"><span><span><span><span style=\"font-family: Arial, Helvetica, sans-serif;\"><span style=\"font-size: 12px;\">Veremos qu\u00e9 es lo que finalmente acaba ocurriendo. De momento, <strong>fin de semana inestable<\/strong> en gran parte del oeste peninsular por el acercamiento de una peque\u00f1a borrasca, y ambiente algo m\u00e1s fresco. El domingo o lunes echaremos un vistazo a c\u00f3mo han\u00a0evolucionado los modelos y a qu\u00e9 panorama nos espera ante la llegada de ese posible frente el lunes-martes.<\/span><\/span><\/span><\/span><\/span><\/p>\n<p align=\"LEFT\"><span style=\"color: #ffffff;\"><span style=\"font-family: Arial, Helvetica, sans-serif;\"><span>.<\/span><\/span><\/span><\/p>\n<p align=\"CENTER\"><span style=\"color: #808080;\"><span style=\"font-size: 12px;\"><span style=\"font-family: Arial, Helvetica, sans-serif;\">Por Javier Pi\u00f1ero Fuentes &#8211; \u00a9 MeteoBadajoz 2014<\/span><\/span><\/span><\/p>\n<p align=\"CENTER\"><span style=\"color: #808080;\"><span style=\"font-size: 12px;\"><span style=\"font-family: arial, sans-serif;\">meteobadajoz@gmail.com<\/span><\/span><\/span><\/p>\n<p align=\"CENTER\"><strong><span style=\"color: #000000;\"><span style=\"font-size: 12px;\"><span style=\"font-family: Arial, Helvetica, sans-serif;\"><span>Puedes seguir cada situaci\u00f3n a trav\u00e9s de la cuenta de Twitter <\/span><\/span><\/span><\/span><\/strong><strong><a href=\"https:\/\/twitter.com\/MeteoBadajoz\" target=\"_blank\" rel=\"external nofollow\"><span style=\"color: #ff0000;\"><span style=\"font-size: 12px;\"><span style=\"font-family: Arial, Helvetica, sans-serif;\"><span>@MeteoBadajoz<\/span><\/span><\/span><\/span><\/a><\/strong><strong><span style=\"color: #000000;\"><span style=\"font-size: 12px;\"><span style=\"font-family: Arial, Helvetica, sans-serif;\"><span>, o Facebook <\/span><\/span><\/span><\/span><\/strong><strong><a href=\"https:\/\/www.facebook.com\/pages\/MeteoBadajoz\/236436716399890\" target=\"_blank\" rel=\"external nofollow\"><span style=\"color: #ff0000;\"><span style=\"font-size: 12px;\"><span style=\"font-family: Arial, Helvetica, sans-serif;\"><span>MeteoBadajoz<\/span><\/span><\/span><\/span><\/a><\/strong><strong><span style=\"color: #000000;\"><span style=\"font-size: 12px;\"><span style=\"font-family: Arial, Helvetica, sans-serif;\"><span>, donde estar\u00e1s informado en todo momento de c\u00f3mo evolucionan los d\u00edas, as\u00ed como de noticias de inter\u00e9s meteorol\u00f3gico.<\/span><\/span><\/span><\/span><\/strong><\/p>\n<p align=\"CENTER\"><strong><span style=\"color: #000000;\"><span style=\"font-size: 12px;\"><span style=\"font-family: Arial, Helvetica, sans-serif;\"><span><span style=\"text-decoration: underline;\"><strong>Si el art\u00edculo te ha parecido interesante, puedes ayudar a divulgarlo a trav\u00e9s de las redes sociales, con ayuda de los botones para compartir.<\/strong><\/span><\/span><\/span><\/span><\/span><\/strong><\/p>\n<p align=\"CENTER\"><strong><span style=\"color: #000000;\"><span style=\"font-size: 12px;\"><span style=\"font-family: Arial, Helvetica, sans-serif;\"><span>\u00a1\u00a1Gracias y un saludo a los lectores del blog!!<\/span><\/span><\/span><\/span><\/strong><\/p>\n<!-- AddThis Advanced Settings generic via filter on the_content --><!-- AddThis Share Buttons generic via filter on the_content -->","protected":false},"excerpt":{"rendered":"<p>\u00bb Fin de semana de lluvias intermitentes, moderadas o localmente intensas y con algunas tormentas. La inestabilidad continuar\u00e1 en los pr\u00f3ximos d\u00edas y no remitir\u00e1 hasta pr\u00e1cticamente el fin de semana que viene. Predicci\u00f3n meteorol\u00f3gica para este Puente del Pilar (11, 12 y 13 de Octubre 2014 respectivamente) &#8211; \u00a9 MeteoBadajoz S\u00e1bado 11 de Octubre [&hellip;]<!-- AddThis Advanced Settings generic via filter on get_the_excerpt --><!-- AddThis Share Buttons generic via filter on get_the_excerpt --><\/p>\n","protected":false},"author":75,"featured_media":0,"comment_status":"open","ping_status":"closed","sticky":false,"template":"","format":"standard","meta":[],"categories":[5],"tags":[7,83,91,113,117,124],"_links":{"self":[{"href":"https:\/\/blogs.hoy.es\/meteobadajoz\/wp-json\/wp\/v2\/posts\/670"}],"collection":[{"href":"https:\/\/blogs.hoy.es\/meteobadajoz\/wp-json\/wp\/v2\/posts"}],"about":[{"href":"https:\/\/blogs.hoy.es\/meteobadajoz\/wp-json\/wp\/v2\/types\/post"}],"author":[{"embeddable":true,"href":"https:\/\/blogs.hoy.es\/meteobadajoz\/wp-json\/wp\/v2\/users\/75"}],"replies":[{"embeddable":true,"href":"https:\/\/blogs.hoy.es\/meteobadajoz\/wp-json\/wp\/v2\/comments?post=670"}],"version-history":[{"count":0,"href":"https:\/\/blogs.hoy.es\/meteobadajoz\/wp-json\/wp\/v2\/posts\/670\/revisions"}],"wp:attachment":[{"href":"https:\/\/blogs.hoy.es\/meteobadajoz\/wp-json\/wp\/v2\/media?parent=670"}],"wp:term":[{"taxonomy":"category","embeddable":true,"href":"https:\/\/blogs.hoy.es\/meteobadajoz\/wp-json\/wp\/v2\/categories?post=670"},{"taxonomy":"post_tag","embeddable":true,"href":"https:\/\/blogs.hoy.es\/meteobadajoz\/wp-json\/wp\/v2\/tags?post=670"}],"curies":[{"name":"wp","href":"https:\/\/api.w.org\/{rel}","templated":true}]}}