{"id":672,"date":"2014-10-13T14:00:05","date_gmt":"2014-10-13T12:00:05","guid":{"rendered":"http:\/\/blogs.hoy.es\/meteobadajoz\/?p=672"},"modified":"2014-10-13T14:00:05","modified_gmt":"2014-10-13T12:00:05","slug":"un-nuevo-frente-barrera-media-espana-durante-este-lunes-martes","status":"publish","type":"post","link":"https:\/\/blogs.hoy.es\/meteobadajoz\/2014\/10\/13\/un-nuevo-frente-barrera-media-espana-durante-este-lunes-martes\/","title":{"rendered":"Un nuevo frente barrer\u00e1 media Espa\u00f1a durante este lunes-martes"},"content":{"rendered":"<p align=\"LEFT\"><strong><span style=\"color: #000000;\"><span style=\"font-size: 14px;\"><span style=\"font-family: 'Segoe UI';\">\u00bb<\/span><\/span><span style=\"color: #000000;\"><span style=\"font-size: 14px;\"><span style=\"font-family: 'Segoe UI', sans-serif;\"> Inicio de semana con la entrada de un nuevo frente fr\u00edo atl\u00e1ntico desde el oeste, que volver\u00e1 a dejarnos otro episodio de lluvias generalizadas en muchas zonas del oeste, centro y sur del pa\u00eds. <\/span><\/span><\/span><\/span><\/strong><\/p>\n<p style=\"text-align: center;\" align=\"CENTER\"><strong><span style=\"color: #000000;\"><span style=\"font-size: 12px;\"><span style=\"font-family: Arial, Helvetica, sans-serif;\"><span><img loading=\"lazy\" class=\"aligncenter\" src=\"\/\/nsae01.casimages.net\/img\/2014\/10\/13\/14101301191326283.png\" alt=\"\" width=\"591\" height=\"334\" \/>Imagen del sat\u00e9lite Meteosat RGB-Airmass, 13\/10\/2014, 10h UTC (12h en la pen\u00ednsula)<\/span><\/span><\/span><\/span><\/strong><\/p>\n<p align=\"LEFT\"><span style=\"color: #000000;\"><span style=\"font-size: 12px;\"><span style=\"font-family: Arial, Helvetica, sans-serif;\"><span><strong>Lunes 13 de Octubre 2014. <\/strong><\/span><\/span><\/span><span style=\"color: #000000;\"><span style=\"font-size: 12px;\"><span style=\"font-family: Arial, Helvetica, sans-serif;\"><span>M\u00e1s lluvias en las pr\u00f3ximas horas para buena parte de Extremadura, Andaluc\u00eda, e incluso zonas del centro peninsular debido a la llegada de una nueva borrasca y frente fr\u00edo desde el Atl\u00e1ntico. En la imagen superior podemos contemplar las dimensiones de este nuevo frente que ya afecta a Portugal en estas primeras horas de la tarde.<!--more--><\/span><\/span><\/span><\/span><\/span><\/p>\n<p align=\"LEFT\"><span style=\"color: #000000;\"><span style=\"font-size: 12px;\"><span style=\"font-family: Arial, Helvetica, sans-serif;\"><span>Parece que se confirman las previsiones (en teor\u00eda) de un <strong>frente bastante efectivo<\/strong> en cuanto a precipitaci\u00f3n para estas pr\u00f3ximas horas barriendo muchas zonas del oeste-suroeste y, posteriormente, todo el sur peninsular ya de cara a la madrugada del lunes al martes.<\/span><\/span><\/span><\/span><\/p>\n<p align=\"LEFT\"><span><span><span><span style=\"font-family: Arial, Helvetica, sans-serif;\"><span style=\"font-size: 12px;\">En Extremadura, comenzar\u00e1 a llover por todo el oeste de la regi\u00f3n en las inmediatas horas de la tarde de hoy, primero de forma d\u00e9bil, pero a lo largo de la tarde las lluvias ir\u00e1n siendo <\/span><\/span><strong style=\"color: #000000; font-family: Arial, Helvetica, sans-serif; font-size: 12px;\">cada vez m\u00e1s abundantes e intensas<\/strong><span style=\"font-family: Arial, Helvetica, sans-serif;\"><span style=\"font-size: 12px;\">, siendo el oeste y suroeste de la regi\u00f3n las zonas en las que las lluvias podr\u00edan ser localmente fuertes y <\/span><\/span><strong style=\"color: #000000; font-family: Arial, Helvetica, sans-serif; font-size: 12px;\">acompa\u00f1adas de tormentas<\/strong><span style=\"font-family: Arial, Helvetica, sans-serif;\"><span style=\"font-size: 12px;\">.<\/span><\/span><\/span><\/span><\/span><\/p>\n<p align=\"LEFT\"><span><span><span><span style=\"font-family: Arial, Helvetica, sans-serif;\"><span style=\"font-size: 12px;\"><strong>PRECAUCI\u00d3N<\/strong> porque puede llover bastante por todo el sur de la\u00a0provincia\u00a0de Badajoz, sobre todo en zonas lim\u00edtrofes con el norte de Huelva y Sevilla, donde se pueden acumular <strong>m\u00e1s de 40 litros\/m2 s\u00f3lo durante el paso del frente<\/strong>. Lo peor es que en muchas zonas ya <strong>llueve sobre mojado<\/strong> y eso puede traer algunas complicaciones, as\u00ed que hay que estar muy atentos de arroyos y zonas inundables.<\/span><\/span><\/span><\/span><\/span><\/p>\n<p align=\"LEFT\"><span><span><span><span style=\"font-family: Arial, Helvetica, sans-serif;\"><span style=\"font-size: 12px;\">Ser\u00e1 sobre todo en la tarde-noche cuando las lluvias ser\u00e1n m\u00e1s generosas y est\u00e9n presentes en muchas zonas de la regi\u00f3n, y especialmente por todo el sur de Badajoz. Tampoco se librar\u00e1n de la lluvia, c\u00f3mo no, el norte de C\u00e1ceres, donde tambi\u00e9n se pueden acumular buenas cantidades de agua en las zonas habituales.<\/span><\/span><\/span><\/span><\/span><\/p>\n<p style=\"text-align: center;\" align=\"LEFT\"><strong><span style=\"font-family: Arial, Helvetica, sans-serif;\"><span style=\"font-size: 12px;\"><img loading=\"lazy\" class=\"aligncenter\" src=\"\/\/nsae01.casimages.net\/img\/2014\/10\/13\/141013014137500017.png\" alt=\"\" width=\"613\" height=\"370\" \/>Precipitaciones entre las 02-05h de la madrugada del lunes-martes &#8211; HIRLAM-AEMET<\/span><\/span><\/strong><\/p>\n<p align=\"LEFT\"><span><span><span><span style=\"font-family: Arial, Helvetica, sans-serif;\"><span style=\"font-size: 12px;\">En las primeras horas de la madrugada (a partir de las doce) el frente ya estar\u00eda ubicado en las comarcas del este y sureste de Extremadura, quiz\u00e1s abri\u00e9ndose claros por todo el oeste de la regi\u00f3n, avanzando el frente hacia el centro peninsular.\u00a0<\/span><\/span><\/span><\/span><\/span><span style=\"font-family: Arial, Helvetica, sans-serif; font-size: 12px;\">El viento ser\u00e1 otro de los protagonistas de la tarde y noche de este lunes, soplando con rachas <strong>moderadas a fuertes<\/strong> justo antes del paso del frente, con rachas m\u00e1ximas de <\/span><strong style=\"font-family: Arial, Helvetica, sans-serif; font-size: 12px;\">60-70 km\/h<\/strong><span style=\"font-family: Arial, Helvetica, sans-serif; font-size: 12px;\">, o incluso m\u00e1s en momentos puntuales en los que la lluvia sea intensa.<\/span><\/p>\n<p align=\"LEFT\"><span style=\"color: #000000;\"><span style=\"font-size: 12px;\"><span style=\"font-family: Arial, Helvetica, sans-serif;\"><span>Los pr\u00f3ximos d\u00edas seguiremos hablando de una situaci\u00f3n bastante inestable y con temperaturas frescas, tanto el mi\u00e9rcoles como el jueves con la entrada de<strong> m\u00e1s precipitaciones<\/strong> desde el oeste, y ambiente en general muy nuboso. La situaci\u00f3n <strong>mejorar\u00eda de cara al fin de semana<\/strong>, con la llegada del anticicl\u00f3n y con un ascenso notable de las temperaturas; m\u00e1ximas incluso <strong>cercanas a los 30\u00baC<\/strong>, \u00a1un peque\u00f1o veranillo en pleno Octubre!<\/span><\/span><\/span><\/span><\/p>\n<p align=\"LEFT\"><span style=\"color: #ffffff;\"><span style=\"font-family: Arial, Helvetica, sans-serif;\"><span>.<\/span><\/span><\/span><\/p>\n<p align=\"CENTER\"><span style=\"color: #808080;\"><span style=\"font-size: 12px;\"><span style=\"font-family: Arial, Helvetica, sans-serif;\">Por Javier Pi\u00f1ero Fuentes &#8211; \u00a9 MeteoBadajoz 2014<\/span><\/span><\/span><\/p>\n<p align=\"CENTER\"><span style=\"color: #808080;\"><span style=\"font-size: 12px;\"><span style=\"font-family: arial, sans-serif;\">meteobadajoz@gmail.com<\/span><\/span><\/span><\/p>\n<p align=\"CENTER\"><strong><span style=\"color: #000000;\"><span style=\"font-size: 12px;\"><span style=\"font-family: Arial, Helvetica, sans-serif;\"><span>Puedes seguir cada situaci\u00f3n a trav\u00e9s de la cuenta de Twitter <\/span><\/span><\/span><\/span><\/strong><strong><a href=\"https:\/\/twitter.com\/MeteoBadajoz\" target=\"_blank\" rel=\"external nofollow\"><span style=\"color: #ff0000;\"><span style=\"font-size: 12px;\"><span style=\"font-family: Arial, Helvetica, sans-serif;\"><span>@MeteoBadajoz<\/span><\/span><\/span><\/span><\/a><\/strong><strong><span style=\"color: #000000;\"><span style=\"font-size: 12px;\"><span style=\"font-family: Arial, Helvetica, sans-serif;\"><span>, o Facebook <\/span><\/span><\/span><\/span><\/strong><strong><a href=\"https:\/\/www.facebook.com\/pages\/MeteoBadajoz\/236436716399890\" target=\"_blank\" rel=\"external nofollow\"><span style=\"color: #ff0000;\"><span style=\"font-size: 12px;\"><span style=\"font-family: Arial, Helvetica, sans-serif;\"><span>MeteoBadajoz<\/span><\/span><\/span><\/span><\/a><\/strong><strong><span style=\"color: #000000;\"><span style=\"font-size: 12px;\"><span style=\"font-family: Arial, Helvetica, sans-serif;\"><span>, donde estar\u00e1s informado en todo momento de c\u00f3mo evolucionan los d\u00edas, as\u00ed como de noticias de inter\u00e9s meteorol\u00f3gico.<\/span><\/span><\/span><\/span><\/strong><\/p>\n<p align=\"CENTER\"><strong><span style=\"color: #000000;\"><span style=\"font-size: 12px;\"><span style=\"font-family: Arial, Helvetica, sans-serif;\"><span><span style=\"text-decoration: underline;\"><strong>Si el art\u00edculo te ha parecido interesante, puedes ayudar a divulgarlo a trav\u00e9s de las redes sociales, con ayuda de los botones para compartir.<\/strong><\/span><\/span><\/span><\/span><\/span><\/strong><\/p>\n<p align=\"CENTER\"><strong><span style=\"color: #000000;\"><span style=\"font-size: 12px;\"><span style=\"font-family: Arial, Helvetica, sans-serif;\"><span>\u00a1\u00a1Gracias y un saludo a los lectores del blog!!<\/span><\/span><\/span><\/span><\/strong><\/p>\n<!-- AddThis Advanced Settings generic via filter on the_content --><!-- AddThis Share Buttons generic via filter on the_content -->","protected":false},"excerpt":{"rendered":"<p>\u00bb Inicio de semana con la entrada de un nuevo frente fr\u00edo atl\u00e1ntico desde el oeste, que volver\u00e1 a dejarnos otro episodio de lluvias generalizadas en muchas zonas del oeste, centro y sur del pa\u00eds. Imagen del sat\u00e9lite Meteosat RGB-Airmass, 13\/10\/2014, 10h UTC (12h en la pen\u00ednsula) Lunes 13 de Octubre 2014. M\u00e1s lluvias en [&hellip;]<!-- AddThis Advanced Settings generic via filter on get_the_excerpt --><!-- AddThis Share Buttons generic via filter on get_the_excerpt --><\/p>\n","protected":false},"author":75,"featured_media":0,"comment_status":"open","ping_status":"closed","sticky":false,"template":"","format":"standard","meta":[],"categories":[5],"tags":[7,83,91,113,117,122],"_links":{"self":[{"href":"https:\/\/blogs.hoy.es\/meteobadajoz\/wp-json\/wp\/v2\/posts\/672"}],"collection":[{"href":"https:\/\/blogs.hoy.es\/meteobadajoz\/wp-json\/wp\/v2\/posts"}],"about":[{"href":"https:\/\/blogs.hoy.es\/meteobadajoz\/wp-json\/wp\/v2\/types\/post"}],"author":[{"embeddable":true,"href":"https:\/\/blogs.hoy.es\/meteobadajoz\/wp-json\/wp\/v2\/users\/75"}],"replies":[{"embeddable":true,"href":"https:\/\/blogs.hoy.es\/meteobadajoz\/wp-json\/wp\/v2\/comments?post=672"}],"version-history":[{"count":0,"href":"https:\/\/blogs.hoy.es\/meteobadajoz\/wp-json\/wp\/v2\/posts\/672\/revisions"}],"wp:attachment":[{"href":"https:\/\/blogs.hoy.es\/meteobadajoz\/wp-json\/wp\/v2\/media?parent=672"}],"wp:term":[{"taxonomy":"category","embeddable":true,"href":"https:\/\/blogs.hoy.es\/meteobadajoz\/wp-json\/wp\/v2\/categories?post=672"},{"taxonomy":"post_tag","embeddable":true,"href":"https:\/\/blogs.hoy.es\/meteobadajoz\/wp-json\/wp\/v2\/tags?post=672"}],"curies":[{"name":"wp","href":"https:\/\/api.w.org\/{rel}","templated":true}]}}