{"id":675,"date":"2014-10-17T12:22:52","date_gmt":"2014-10-17T10:22:52","guid":{"rendered":"http:\/\/blogs.hoy.es\/meteobadajoz\/?p=675"},"modified":"2014-10-17T12:22:52","modified_gmt":"2014-10-17T10:22:52","slug":"invasion-de-aire-calido-norteafricano-hacia-espana-y-maximas-de-30oc","status":"publish","type":"post","link":"https:\/\/blogs.hoy.es\/meteobadajoz\/2014\/10\/17\/invasion-de-aire-calido-norteafricano-hacia-espana-y-maximas-de-30oc\/","title":{"rendered":"Invasi\u00f3n de aire c\u00e1lido norteafricano hacia Espa\u00f1a y m\u00e1ximas de 30\u00baC"},"content":{"rendered":"<p align=\"LEFT\"><strong><span style=\"color: #000000;\"><span style=\"font-size: 15px;\"><span style=\"font-family: 'Segoe UI';\">\u00bb<\/span><\/span><span style=\"color: #000000;\"><span style=\"font-size: 15px;\"><span style=\"font-family: 'Segoe UI', sans-serif;\"> A partir de este fin de semana, y durante al menos 3-5 d\u00edas, las temperaturas m\u00e1ximas rondar\u00e1n los 30\u00baC en el oeste y sur de Espa\u00f1a, con cielos poco nubosos y mucho polvo sahariano en suspensi\u00f3n.<\/span><\/span><\/span><\/span><\/strong><\/p>\n<p style=\"text-align: center;\" align=\"CENTER\"><strong><span style=\"color: #000000;\"><span style=\"font-size: 12px;\"><span style=\"font-family: Arial, Helvetica, sans-serif;\"><span><img loading=\"lazy\" class=\"aligncenter\" src=\"\/\/nsae01.casimages.net\/img\/2014\/10\/16\/141016064546225981.png\" alt=\"\" width=\"605\" height=\"305\" \/>Temperatura a 850 hPa (1.500 metros) el lunes 20 de Oct. 2014 &#8211; Modelo GFS<\/span><\/span><\/span><\/span><\/strong><\/p>\n<p align=\"LEFT\"><span style=\"color: #000000;\"><span style=\"font-size: 12px;\"><span style=\"font-family: Arial, Helvetica, sans-serif;\"><span><strong>Viernes 17 de Octubre 2014. <\/strong><\/span><\/span><\/span><span style=\"color: #000000;\"><span style=\"font-size: 12px;\"><span style=\"font-family: Arial, Helvetica, sans-serif;\"><span>Mucho ha llovido a lo largo de esta primera mitad del mes de octubre en puntos del oeste y noroeste peninsular, debido al debilitamiento y retirada del anticicl\u00f3n de las Azores, que permiti\u00f3 el acercamiento de frentes atl\u00e1nticos hacia la pen\u00ednsula, y que han sido los responsables de dejar<strong> grandes cantidades de lluvia<\/strong>, haciendo que el mes de Octubre 2014 sea ya en algunas zonas de car\u00e1cter h\u00famedo o muy h\u00famedo.<!--more--><\/span><\/span><\/span><\/span><\/span><\/p>\n<p align=\"LEFT\"><span style=\"color: #000000;\"><span style=\"font-size: 12px;\"><span style=\"font-family: Arial, Helvetica, sans-serif;\"><span>Pero parece claro que a lo largo de los pr\u00f3ximos d\u00edas esa tendencia inestable cambiar\u00e1, y de forma bastante significativa. La mayor\u00eda de modelos prev\u00e9 una <strong>advecci\u00f3n de aire c\u00e1lido norteafricano<\/strong> hacia la Pen\u00ednsula Ib\u00e9rica entre este fin de semana y la pr\u00f3xima semana, que dejar\u00e1 temperaturas m\u00e1ximas incluso ligeramente <strong>por encima de los 30\u00baC<\/strong>, principalmente en zonas de Andaluc\u00eda, Extremadura e interior-sur de Portugal.<\/span><\/span><\/span><\/span><\/p>\n<p align=\"LEFT\"><span style=\"color: #000000;\"><span style=\"font-size: 12px;\"><span style=\"font-family: Arial, Helvetica, sans-serif;\"><span>La profunda vaguada que tenemos ahora mismo en el Atl\u00e1ntico, parece que acabar\u00e1 por \u201cestrangularse\u201d por su parte central a lo largo de este fin de semana, aisl\u00e1ndose de la circulaci\u00f3n general una peque\u00f1a borrasca hacia el entorno de Azores. En ese movimiento, un anticicl\u00f3n en el Mediterr\u00e1neo se unir\u00e1 con el de Azores, a la vez que se desplaza hacia la pen\u00ednsula (no en superficie, sino en capas medias), estableci\u00e9ndose una configuraci\u00f3n bastante favorable para el\u00a0<strong>ascenso de aire c\u00e1lido desde el norte de \u00c1frica<\/strong>, siendo clave tambi\u00e9n esa baja al suroeste peninsular.<\/span><\/span><\/span><\/span><\/p>\n<p style=\"text-align: center;\" align=\"LEFT\"><span><span><span><span style=\"font-family: Arial, Helvetica, sans-serif;\"><span style=\"font-size: 12px;\"><img loading=\"lazy\" class=\"aligncenter\" src=\"\/\/nsae01.casimages.net\/img\/2014\/10\/17\/141017122030296960.gif\" alt=\"\" width=\"614\" height=\"410\" \/><strong>Proceso de aislamiento de la borrasca entre Azores y Madeira &#8211; Modelo GFS<\/strong><\/span><\/span><\/span><\/span><\/span><\/p>\n<p style=\"text-align: left;\" align=\"LEFT\"><span><span><span><span style=\"font-family: Arial, Helvetica, sans-serif;\"><span style=\"font-size: 12px;\">Para ver bien esa entrada de aire c\u00e1lido, tenemos que irnos a niveles medios de la Troposfera (mapa que encabeza este post), donde encontramos un flujo de vientos de componente sureste\u00a0sobre la Pen\u00ednsula Ib\u00e9rica, que se canaliza entre la peque\u00f1a borrasca de Azores y el anticicl\u00f3n en el Mediterr\u00e1neo occidental. Eso provocar\u00e1 el ascenso de aire c\u00e1lido, con temperaturas de entre 18 y 20\u00baC a ese nivel medio de 850 hPa &#8211;<em>hectopascales<\/em>&#8211; (a unos 1.500 metros de altura), siendo el pr\u00f3ximo lunes el momento \u00e1lgido esta irrupci\u00f3n c\u00e1lida en Espa\u00f1a.<\/span><\/span><\/span><\/span><\/span><\/p>\n<p style=\"text-align: left;\" align=\"LEFT\"><span><span><span><span style=\"font-family: Arial, Helvetica, sans-serif;\"><span style=\"font-size: 12px;\">A nivel de superficie, se traduce en\u00a0temperaturas\u00a0<\/span><\/span><strong style=\"color: #000000; font-family: Arial, Helvetica, sans-serif; font-size: 12px;\">cercanas o ligeramente por encima de los 30\u00baC<\/strong><span style=\"font-family: Arial, Helvetica, sans-serif;\"><span style=\"font-size: 12px;\"> por ejemplo en las Vegas del Guadiana o<\/span><\/span><span style=\"font-family: Arial, Helvetica, sans-serif;\"><span style=\"font-size: 12px;\">\u00a0en el Valle del Guadalquivir.<\/span><\/span><\/span><\/span><\/span><\/p>\n<p style=\"text-align: center;\" align=\"LEFT\"><strong><span style=\"color: #000000;\"><span style=\"font-size: 12px;\"><span style=\"font-family: Arial, Helvetica, sans-serif;\"><img loading=\"lazy\" class=\"aligncenter\" src=\"\/\/nsae01.casimages.net\/img\/2014\/10\/17\/141017123355607856.gif\" alt=\"\" width=\"614\" height=\"410\" \/>Evoluci\u00f3n de la temperatura a 850 hPa (1.500 m) en los pr\u00f3ximos d\u00edas &#8211; Modelo GFS<\/span><\/span><\/span><\/strong><\/p>\n<p align=\"LEFT\"><span style=\"color: #000000;\"><span style=\"font-size: 12px;\"><span style=\"font-family: Arial, Helvetica, sans-serif;\"><span>Si estuvi\u00e9ramos en pleno verano ser\u00eda, sin duda, una <em>Ola de Calor<\/em> en toda regla, puesto que es una situaci\u00f3n cl\u00e1sica de advecci\u00f3n importante de aire c\u00e1lido desde el continente africano. Pero estamos ya <strong>muy metidos en octubre<\/strong>, y tanto la intensidad de la dorsal norteafricana, como la cantidad de horas de Sol, no son las mismas, y sus efectos tampoco.<\/span><\/span><\/span><\/span><\/p>\n<p align=\"LEFT\"><span style=\"color: #000000;\"><span style=\"font-size: 12px;\"><span style=\"font-family: Arial, Helvetica, sans-serif;\"><span>No obstante, contrasta y mucho con las temperaturas que hemos tenido estos \u00faltimos d\u00edas, sobre todo a inicios de esta semana, cuando las m\u00e1ximas apenas alcanzaban los 17-19\u00baC, incluso menos.<\/span><\/span><\/span><\/span><\/p>\n<p align=\"LEFT\"><span style=\"color: #000000;\"><span style=\"font-size: 12px;\"><span style=\"font-family: Arial, Helvetica, sans-serif;\"><span>A\u00fan as\u00ed, en los pr\u00f3ximos d\u00edas, las primeras horas de la ma\u00f1ana seguir\u00e1n en la l\u00ednea de lo que toca para esta \u00e9poca del a\u00f1o, es decir, <strong>temperaturas frescas al amanecer<\/strong>, con valores de 12-14\u00baC, y posibles\u00a0<strong>bancos de niebla<\/strong> por el interior, tras la humedad de las \u00faltimas lluvias.<\/span><\/span><\/span><\/span><\/p>\n<p align=\"LEFT\"><span style=\"color: #000000;\"><span style=\"font-size: 12px;\"><span style=\"font-family: Arial, Helvetica, sans-serif;\"><span>Por lo dem\u00e1s, bajo ese dominio de las altas presiones sobre gran parte del pa\u00eds, no se esperan precipitaciones destacables, aunque s\u00ed podr\u00edamos ver el paso de algunas bandas de nubes medias y altas durante el fin de semana, de las que podr\u00edan subir desde Marruecos.<\/span><\/span><\/span><\/span><\/p>\n<p align=\"LEFT\"><span style=\"color: #ffffff;\">.<\/span><\/p>\n<p align=\"LEFT\"><span style=\"color: #000000;\"><span style=\"font-size: 20px;\"><span style=\"font-family: Arial, Helvetica, sans-serif;\"><span><strong>-Adem\u00e1s de calor, presencia de polvo en suspensi\u00f3n<\/strong><\/span><\/span><\/span><\/span><\/p>\n<p style=\"text-align: left;\" align=\"LEFT\"><span style=\"color: #000000;\"><span style=\"font-size: 12px;\"><span style=\"font-family: Arial, Helvetica, sans-serif;\"><span>Otro elemento a destacar con esa situaci\u00f3n anticicl\u00f3nica podr\u00eda ser la llegada de <strong>mucho polvo sahariano en suspensi\u00f3n<\/strong> desde el sur, acompa\u00f1ando a la masa de aire c\u00e1lido, y envuelta en las nubes medias y altas que puedan llegar desde el norte del continente africano.\u00a0El pasillo de vientos de sureste comentado antes, tendr\u00e1 un <strong>gran recorrido continental<\/strong> sobre gran parte de Argelia y Marruecos, arrastrando todo el polvo en suspensi\u00f3n que circula sobre esa zona.<\/span><\/span><\/span><\/span><\/p>\n<p style=\"text-align: left;\" align=\"LEFT\"><span style=\"color: #000000;\"><span style=\"font-size: 12px;\"><span style=\"font-family: Arial, Helvetica, sans-serif;\"><span>A continuaci\u00f3n podemos ver las dimensiones y evoluci\u00f3n de esa intensa advecci\u00f3n de polvo sahariano prevista para los pr\u00f3ximos d\u00edas, siendo el suroeste de Europa la zona m\u00e1s afectada:<\/span><\/span><\/span><\/span><\/p>\n<p>&nbsp;<\/p>\n<p style=\"text-align: center;\" align=\"LEFT\"><strong><span style=\"font-family: Arial, Helvetica, sans-serif;\"><span style=\"font-size: 12px;\"><img loading=\"lazy\" class=\"aligncenter\" src=\"\/\/nsae01.casimages.net\/img\/2014\/10\/17\/141017120145973887.gif\" alt=\"\" width=\"650\" height=\"414\" \/>Evoluci\u00f3n del polvo sahariano en suspensi\u00f3n a 120 horas vista<\/span><\/span><\/strong><\/p>\n<p style=\"text-align: left;\" align=\"LEFT\"><span style=\"font-family: Arial, Helvetica, sans-serif;\"><span style=\"font-size: 12px;\">Se\u00a0prev\u00e9n\u00a0<\/span><\/span><strong style=\"color: #000000; font-family: Arial, Helvetica, sans-serif; font-size: 12px;\">concentraciones bastante importantes<\/strong><span style=\"font-family: Arial, Helvetica, sans-serif;\"><span style=\"font-size: 12px;\"> de polvo en suspensi\u00f3n sobre la Pen\u00ednsula Ib\u00e9rica la pr\u00f3xima semana, comenzando este mismo domingo por el sur del pa\u00eds, y extendi\u00e9ndose hacia el norte en los siguientes d\u00edas, siendo el oeste y suroeste peninsular las zonas m\u00e1s afectadas por dicho fen\u00f3meno. Es clave la presencia de un anticicl\u00f3n en niveles medios sobre la pen\u00ednsula o en el Mediterr\u00e1neo occidental para que se d\u00e9 una situaci\u00f3n como la de los pr\u00f3ximos d\u00edas, con importante <\/span><\/span><strong style=\"color: #000000; font-family: Arial, Helvetica, sans-serif; font-size: 12px;\">entrada de aire c\u00e1lido y polvo en suspensi\u00f3n<\/strong><span style=\"font-family: Arial, Helvetica, sans-serif;\"><span style=\"font-size: 12px;\">.<\/span><\/span><\/p>\n<p align=\"LEFT\"><span style=\"color: #ffffff;\">.<\/span><\/p>\n<p align=\"LEFT\"><strong><span style=\"font-family: Arial, Helvetica, sans-serif;\"><span style=\"font-size: 20px;\">-\u00bfCu\u00e1nto durar\u00e1 la estabilidad en Espa\u00f1a?<\/span><\/span><\/strong><\/p>\n<p align=\"LEFT\"><span><span><span><span style=\"font-family: Arial, Helvetica, sans-serif;\"><span style=\"font-size: 12px;\">Atendiendo a las actuales predicciones a medio-largo plazo, parece que esta situaci\u00f3n de estabilidad en todo el suroeste de Europa <\/span><\/span><strong style=\"color: #000000; font-family: Arial, Helvetica, sans-serif; font-size: 12px;\">podr\u00eda abarcar gran parte de esta segunda quincena<\/strong><span><span><span style=\"font-family: Arial, Helvetica, sans-serif;\"><span style=\"font-size: 12px;\"> de octubre, con tendencia a que el paso de borrascas atl\u00e1nticas vaya subiendo en latitud, y se instale un cintur\u00f3n de altas presiones muy din\u00e1mico entre el Atl\u00e1ntico y Europa.<\/span><\/span><\/span><\/span><\/span><\/span><\/span><\/p>\n<p align=\"LEFT\"><span><span><span><span><span><span style=\"font-family: Arial, Helvetica, sans-serif;\"><span style=\"font-size: 12px;\">Un cintur\u00f3n de altas\u00a0presiones\u00a0que <strong>no estar\u00e1 est\u00e1tico<\/strong>, y que no quita que se puedan producir algunos descolgamientos de aire fr\u00edo, o la llegada de algunos frentes hacia el norte\u00a0peninsular, pero al menos nada que ver con la situaci\u00f3n de estos \u00faltimos d\u00edas.<\/span><\/span><\/span><\/span><\/span><\/span><\/span><\/p>\n<p style=\"text-align: center;\"><img loading=\"lazy\" class=\"aligncenter\" src=\"\/\/nsae01.casimages.net\/img\/2014\/10\/17\/141017114032692601.png\" alt=\"\" width=\"514\" height=\"348\" \/><\/p>\n<p style=\"text-align: center;\" align=\"LEFT\"><span><span><span><span style=\"font-family: Arial, Helvetica, sans-serif;\"><span style=\"font-size: 12px;\"><strong>Anomal\u00eda geopotencial 500 hPa en el Hemisferio Norte, 20-26 de Oct. 2014 &#8211; Modelo IFS<\/strong><\/span><\/span><\/span><\/span><\/span><\/p>\n<p align=\"LEFT\"><span><span><span><span style=\"font-family: Arial, Helvetica, sans-serif;\"><span style=\"font-size: 12px;\"><strong><\/strong>En la figura superior observamos uno de los escenarios m\u00e1s probables de cara a la pr\u00f3xima semana, posiblemente marcado por una <strong>mayor presencia de las altas presiones<\/strong> en gran parte del suroeste de Europa, y la retirada hacia el norte de las borrascas atl\u00e1nticas, o al menos en general.<\/span><\/span><\/span><\/span><\/span><\/p>\n<p align=\"LEFT\"><span><span><span><span style=\"font-family: Arial, Helvetica, sans-serif;\"><span style=\"font-size: 12px;\">No queda reflejado en el mapa superior, pero en los mapas para las pr\u00f3ximas semanas aparece una marcada <strong>anomal\u00eda positiva de presi\u00f3n<\/strong> hacia el entorno del Reino Unido (presencia del anticicl\u00f3n), dejando un tiempo generalmente seco y poco nuboso en la mayor parte de la pen\u00ednsula.<\/span><\/span><\/span><\/span><\/span><\/p>\n<p align=\"LEFT\"><span><span><span><span style=\"font-family: Arial, Helvetica, sans-serif;\"><span style=\"font-size: 12px;\">Aunque este fin de semana y la primera mitad de la pr\u00f3xima semana veremos temperaturas algo calurosas, parece que a partir del mi\u00e9rcoles-jueves esa advecci\u00f3n de aire c\u00e1lido <strong>empezar\u00eda a aflojar<\/strong>, produci\u00e9ndose un paulatino descenso de las temperaturas, y quiz\u00e1s con algunas novedades en forma de lluvias hacia finales de semana, aunque queda mucho todav\u00eda.<\/span><\/span><\/span><\/span><\/span><\/p>\n<p align=\"LEFT\"><span style=\"color: #000000;\"><span style=\"font-size: 12px;\"><span style=\"font-family: Arial, Helvetica, sans-serif;\"><span>As\u00ed pues, como hemos visto, parece que ponemos punto y aparte (hasta nuevo aviso) a la entrada de frentes desde el oeste, que tantas precipitaciones han aportado a la vertiente atl\u00e1ntica peninsular, incluso dejando las\u00a0<strong>primeras nieves<\/strong>\u00a0de la temporada en zonas altas del Sistema Central, e incluso en Sierra Nevada. Nieve que seguramente acabe por fundirse en los pr\u00f3ximos d\u00edas, debido al importante ascenso de temperaturas en todos los niveles, por esa entrada norteafricana.\u00a0Seguiremos atentos.<\/span><\/span><\/span><\/span><\/p>\n<p align=\"LEFT\"><span style=\"color: #ffffff;\"><span style=\"font-family: Arial, Helvetica, sans-serif;\"><span>.<\/span><\/span><\/span><\/p>\n<p align=\"CENTER\"><span style=\"color: #808080;\"><span style=\"font-size: 12px;\"><span style=\"font-family: Arial, Helvetica, sans-serif;\">Por Javier Pi\u00f1ero Fuentes &#8211; \u00a9 MeteoBadajoz 2014<\/span><\/span><\/span><\/p>\n<p align=\"CENTER\"><span style=\"color: #808080;\"><span style=\"font-size: 12px;\"><span style=\"font-family: arial, sans-serif;\">meteobadajoz@gmail.com<\/span><\/span><\/span><\/p>\n<p align=\"CENTER\"><strong><span style=\"color: #000000;\"><span style=\"font-size: 12px;\"><span style=\"font-family: Arial, Helvetica, sans-serif;\"><span>Puedes seguir cada situaci\u00f3n a trav\u00e9s de la cuenta de Twitter <\/span><\/span><\/span><\/span><\/strong><strong><a href=\"https:\/\/twitter.com\/MeteoBadajoz\" target=\"_blank\" rel=\"external nofollow\"><span style=\"color: #ff0000;\"><span style=\"font-size: 12px;\"><span style=\"font-family: Arial, Helvetica, sans-serif;\"><span>@MeteoBadajoz<\/span><\/span><\/span><\/span><\/a><\/strong><strong><span style=\"color: #000000;\"><span style=\"font-size: 12px;\"><span style=\"font-family: Arial, Helvetica, sans-serif;\"><span>, o Facebook <\/span><\/span><\/span><\/span><\/strong><strong><a href=\"https:\/\/www.facebook.com\/pages\/MeteoBadajoz\/236436716399890\" target=\"_blank\" rel=\"external nofollow\"><span style=\"color: #ff0000;\"><span style=\"font-size: 12px;\"><span style=\"font-family: Arial, Helvetica, sans-serif;\"><span>MeteoBadajoz<\/span><\/span><\/span><\/span><\/a><\/strong><strong><span style=\"color: #000000;\"><span style=\"font-size: 12px;\"><span style=\"font-family: Arial, Helvetica, sans-serif;\"><span>, donde estar\u00e1s informado en todo momento de c\u00f3mo evolucionan los d\u00edas, as\u00ed como de noticias de inter\u00e9s meteorol\u00f3gico.<\/span><\/span><\/span><\/span><\/strong><\/p>\n<p align=\"CENTER\"><strong><span style=\"color: #000000;\"><span style=\"font-size: 12px;\"><span style=\"font-family: Arial, Helvetica, sans-serif;\"><span><span style=\"text-decoration: underline;\"><strong>Si el art\u00edculo te ha parecido interesante, puedes ayudar a divulgarlo a trav\u00e9s de las redes sociales, con ayuda de los botones para compartir.<\/strong><\/span><\/span><\/span><\/span><\/span><\/strong><\/p>\n<p align=\"CENTER\"><strong><span style=\"color: #000000;\"><span style=\"font-size: 12px;\"><span style=\"font-family: Arial, Helvetica, sans-serif;\"><span>\u00a1\u00a1Gracias y un saludo a los lectores del blog!!<\/span><\/span><\/span><\/span><\/strong><\/p>\n<!-- AddThis Advanced Settings generic via filter on the_content --><!-- AddThis Share Buttons generic via filter on the_content -->","protected":false},"excerpt":{"rendered":"<p>\u00bb A partir de este fin de semana, y durante al menos 3-5 d\u00edas, las temperaturas m\u00e1ximas rondar\u00e1n los 30\u00baC en el oeste y sur de Espa\u00f1a, con cielos poco nubosos y mucho polvo sahariano en suspensi\u00f3n. Temperatura a 850 hPa (1.500 metros) el lunes 20 de Oct. 2014 &#8211; Modelo GFS Viernes 17 de [&hellip;]<!-- AddThis Advanced Settings generic via filter on get_the_excerpt --><!-- AddThis Share Buttons generic via filter on get_the_excerpt --><\/p>\n","protected":false},"author":75,"featured_media":0,"comment_status":"open","ping_status":"closed","sticky":false,"template":"","format":"standard","meta":[],"categories":[4,5],"tags":[7,11,18,26,62,102,113,117],"_links":{"self":[{"href":"https:\/\/blogs.hoy.es\/meteobadajoz\/wp-json\/wp\/v2\/posts\/675"}],"collection":[{"href":"https:\/\/blogs.hoy.es\/meteobadajoz\/wp-json\/wp\/v2\/posts"}],"about":[{"href":"https:\/\/blogs.hoy.es\/meteobadajoz\/wp-json\/wp\/v2\/types\/post"}],"author":[{"embeddable":true,"href":"https:\/\/blogs.hoy.es\/meteobadajoz\/wp-json\/wp\/v2\/users\/75"}],"replies":[{"embeddable":true,"href":"https:\/\/blogs.hoy.es\/meteobadajoz\/wp-json\/wp\/v2\/comments?post=675"}],"version-history":[{"count":0,"href":"https:\/\/blogs.hoy.es\/meteobadajoz\/wp-json\/wp\/v2\/posts\/675\/revisions"}],"wp:attachment":[{"href":"https:\/\/blogs.hoy.es\/meteobadajoz\/wp-json\/wp\/v2\/media?parent=675"}],"wp:term":[{"taxonomy":"category","embeddable":true,"href":"https:\/\/blogs.hoy.es\/meteobadajoz\/wp-json\/wp\/v2\/categories?post=675"},{"taxonomy":"post_tag","embeddable":true,"href":"https:\/\/blogs.hoy.es\/meteobadajoz\/wp-json\/wp\/v2\/tags?post=675"}],"curies":[{"name":"wp","href":"https:\/\/api.w.org\/{rel}","templated":true}]}}