{"id":677,"date":"2014-10-20T12:13:32","date_gmt":"2014-10-20T10:13:32","guid":{"rendered":"http:\/\/blogs.hoy.es\/meteobadajoz\/?p=677"},"modified":"2014-10-20T12:13:32","modified_gmt":"2014-10-20T10:13:32","slug":"extremadura-se-viste-de-verde-tras-las-ultimas-lluvias","status":"publish","type":"post","link":"https:\/\/blogs.hoy.es\/meteobadajoz\/2014\/10\/20\/extremadura-se-viste-de-verde-tras-las-ultimas-lluvias\/","title":{"rendered":"Extremadura se viste de verde tras las \u00faltimas lluvias"},"content":{"rendered":"<p style=\"text-align: center;\" align=\"CENTER\"><strong><span style=\"color: #000000;\"><span style=\"font-size: 12px;\"><span style=\"font-family: Arial, Helvetica, sans-serif;\"><span><a title=\"Ampliar imagen\" href=\"http:\/\/nsae01.casimages.net\/img\/2014\/10\/20\/14102012240753357.png\" target=\"_blank\" rel=\"external nofollow\"><img loading=\"lazy\" class=\"aligncenter\" title=\"Ampliar imagen\" src=\"\/\/nsae01.casimages.net\/img\/2014\/10\/20\/14102012240753357.png\" alt=\"\" width=\"564\" height=\"305\" \/><\/a>Imagen de alta resoluci\u00f3n del sat\u00e9lite TERRA de la NASA, el pasado 18\/10\/2014<\/span><\/span><\/span><\/span><\/strong><\/p>\n<p align=\"LEFT\"><span style=\"color: #000000;\"><span style=\"font-size: 12px;\"><span style=\"font-family: Arial, Helvetica, sans-serif;\"><span><strong>Lunes 20 de Octubre 2014. <\/strong><\/span><\/span><\/span><span style=\"color: #000000;\"><span style=\"font-size: 12px;\"><span style=\"font-family: Arial, Helvetica, sans-serif;\">La situaci\u00f3n anticicl\u00f3nica que nos viene afectando estos \u00faltimos d\u00edas, y que <a href=\"https:\/\/blogs.hoy.es\/meteobadajoz\/2014\/10\/17\/invasion-de-aire-calido-norteafricano-hacia-espana-y-maximas-de-30oc\/\" target=\"_blank\">promete acompa\u00f1arnos durante alg\u00fan tiempo<\/a>, ha permitido ver con claridad algunos de los efectos directos de las lluvias ca\u00eddas en gran parte de la mitad occidental de la Pen\u00ednsula Ib\u00e9rica a lo largo de las \u00faltimas semanas.<!--more--><\/span><\/span><\/span><\/span><\/p>\n<p align=\"LEFT\"><span style=\"color: #000000;\"><span style=\"font-size: 12px;\"><span style=\"font-family: Arial, Helvetica, sans-serif;\">El sat\u00e9lite <a href=\"http:\/\/es.wikipedia.org\/wiki\/Terra_(EOS_AM-1)\" target=\"_blank\" rel=\"external nofollow\">TERRA de la NASA<\/a> hac\u00eda el pasado s\u00e1bado su rutinario paseo sobre la pen\u00ednsula, y tomaba la fotograf\u00eda que encabeza este post, destacando c\u00f3mo poco a poco los colores marrones y amarillentos que ha dejado el est\u00edo (verano), van cambiando a tonos verdosos muy claros que reflejan los primeros <strong>brotes verdes<\/strong> de la temporada.<\/span><\/span><\/span><\/p>\n<p align=\"LEFT\"><span><span><span><span style=\"font-family: Arial, Helvetica, sans-serif;\"><span style=\"font-size: 12px;\">Como pod\u00e9is ver con detalle en la imagen superior, gran parte de Portugal, Extremadura, el oeste y sur de Castilla Y Le\u00f3n, e incluso el norte de Andaluc\u00eda aparecen con <\/span><strong style=\"font-size: 12px;\">extensas zonas verdes<\/strong><span style=\"font-size: 12px;\">, sobre todo asociadas a \u00e1reas de sierra, donde las lluvias han sido especialmente abundantes con las situaciones de viento de Poniente y \u00c1brego que hemos tenido, y donde la\u00a0joven\u00a0hierba empieza a cubrirlo todo.<\/span><\/span><\/span><\/span><\/span><\/p>\n<p align=\"LEFT\"><span><span><span><span style=\"font-family: Arial, Helvetica, sans-serif;\"><span style=\"font-size: 12px;\">Pero si hay una zona que destaca por encima del resto, es el interior de la provincia\u00a0de C\u00e1ceres: la meseta Trujillana, los Llanos de C\u00e1ceres, riberas del Tajo, Valle del Alag\u00f3n, etc&#8230; \u00a1mucho verde ya por todas esas zonas! En la provincia de Badajoz es algo menos evidente, pero tambi\u00e9n encontramos zonas verdes hacia las comarcas del sur y suroeste de la provincia, y por la zona de Alburquerque. En el resto tambi\u00e9n, pero de momento no es tan notable, o al menos no a ojos de sat\u00e9lite.<\/span><\/span><\/span><\/span><\/span><\/p>\n<p align=\"LEFT\"><span><span><span><span style=\"font-family: Arial, Helvetica, sans-serif;\"><span style=\"font-size: 12px;\"><a title=\"Ampliar imagen\" href=\"http:\/\/nsae01.casimages.net\/img\/2014\/10\/20\/141020010516690286.png\" target=\"_blank\" rel=\"external nofollow\"><img loading=\"lazy\" class=\"alignleft\" title=\"Ampliar imagen\" src=\"\/\/nsae01.casimages.net\/img\/2014\/10\/20\/141020010516690286.png\" alt=\"\" width=\"268\" height=\"359\" \/><\/a>Y no s\u00f3lo en la Pen\u00ednsula Ib\u00e9rica empezamos a ver zonas verdes, tambi\u00e9n en otros muchos lugares del oeste y centro del continente europeo, como Francia, el Reino Unido, Alemania (no mostrado en el mapa), aunque bien es cierto que en esas zonas, el color verde de los preciosos bosques franceses o alemanes no desaparece ni en pleno verano, pero s\u00ed suele ser un color verde-amarillento.<\/span><\/span><\/span><\/span><\/span><\/p>\n<p align=\"LEFT\"><span><span><span><span><span><span style=\"font-family: Arial, Helvetica, sans-serif;\"><span style=\"font-size: 12px;\">Curioso el cambio en la vegetaci\u00f3n que hay entre Europa y el norte de \u00c1frica, con esos colores marr\u00f3n y blanquecino, representando los suelos\u00a0des\u00e9rticos.<\/span><\/span><\/span><\/span><\/span><\/span><\/span><\/p>\n<p align=\"LEFT\"><span style=\"font-size: 12px; font-family: Arial, Helvetica, sans-serif;\">Estamos en oto\u00f1o, y las lluvias poco a poco vuelven a regar generosamente a las latitudes medias, provocando estos espect\u00e1culos de la naturaleza que a veces se nos escapan a simple vista, pero que quedan muy bien reflejados en estas im\u00e1genes de sat\u00e9lite.<\/span><\/p>\n<p align=\"LEFT\"><span><span><span><span style=\"font-family: Arial, Helvetica, sans-serif;\"><span style=\"font-size: 12px;\">De momento, como ya coment\u00e9 en mi \u00faltimo post, parece que este periodo de buen tiempo podr\u00eda abarcar la mayor parte de la segunda mitad de octubre, con una marcada presencia del anticicl\u00f3n entre Espa\u00f1a y el Reino Unido, y con un tiempo en general soleado y con m\u00e1ximas por encima de los 25\u00baC en muchas zonas del centro y sur del pa\u00eds.<\/span><\/span><\/span><\/span><\/span><\/p>\n<p align=\"LEFT\"><span style=\"color: #ffffff;\"><span style=\"font-family: Arial, Helvetica, sans-serif;\"><span>.<\/span><\/span><\/span><\/p>\n<p align=\"CENTER\"><span style=\"color: #808080;\"><span style=\"font-size: 12px;\"><span style=\"font-family: Arial, Helvetica, sans-serif;\">Por Javier Pi\u00f1ero Fuentes &#8211; \u00a9 MeteoBadajoz 2014<\/span><\/span><\/span><\/p>\n<p align=\"CENTER\"><span style=\"color: #808080;\"><span style=\"font-size: 12px;\"><span style=\"font-family: arial, sans-serif;\">meteobadajoz@gmail.com<\/span><\/span><\/span><\/p>\n<p align=\"CENTER\"><strong><span style=\"color: #000000;\"><span style=\"font-size: 12px;\"><span style=\"font-family: Arial, Helvetica, sans-serif;\"><span>Puedes seguir cada situaci\u00f3n a trav\u00e9s de la cuenta de Twitter <\/span><\/span><\/span><\/span><\/strong><strong><a href=\"https:\/\/twitter.com\/MeteoBadajoz\" target=\"_blank\" rel=\"external nofollow\"><span style=\"color: #ff0000;\"><span style=\"font-size: 12px;\"><span style=\"font-family: Arial, Helvetica, sans-serif;\"><span>@MeteoBadajoz<\/span><\/span><\/span><\/span><\/a><\/strong><strong><span style=\"color: #000000;\"><span style=\"font-size: 12px;\"><span style=\"font-family: Arial, Helvetica, sans-serif;\"><span>, o Facebook <\/span><\/span><\/span><\/span><\/strong><strong><a href=\"https:\/\/www.facebook.com\/pages\/MeteoBadajoz\/236436716399890\" target=\"_blank\" rel=\"external nofollow\"><span style=\"color: #ff0000;\"><span style=\"font-size: 12px;\"><span style=\"font-family: Arial, Helvetica, sans-serif;\"><span>MeteoBadajoz<\/span><\/span><\/span><\/span><\/a><\/strong><strong><span style=\"color: #000000;\"><span style=\"font-size: 12px;\"><span style=\"font-family: Arial, Helvetica, sans-serif;\"><span>, donde estar\u00e1s informado en todo momento de c\u00f3mo evolucionan los d\u00edas, as\u00ed como de noticias de inter\u00e9s meteorol\u00f3gico.<\/span><\/span><\/span><\/span><\/strong><\/p>\n<p align=\"CENTER\"><strong><span style=\"color: #000000;\"><span style=\"font-size: 12px;\"><span style=\"font-family: Arial, Helvetica, sans-serif;\"><span><span style=\"text-decoration: underline;\"><strong>Si el art\u00edculo te ha parecido interesante, puedes ayudar a divulgarlo a trav\u00e9s de las redes sociales, con ayuda de los botones para compartir.<\/strong><\/span><\/span><\/span><\/span><\/span><\/strong><\/p>\n<p align=\"CENTER\"><strong><span style=\"color: #000000;\"><span style=\"font-size: 12px;\"><span style=\"font-family: Arial, Helvetica, sans-serif;\"><span>\u00a1\u00a1Gracias y un saludo a los lectores del blog!!<\/span><\/span><\/span><\/span><\/strong><\/p>\n<!-- AddThis Advanced Settings generic via filter on the_content --><!-- AddThis Share Buttons generic via filter on the_content -->","protected":false},"excerpt":{"rendered":"<p>Imagen de alta resoluci\u00f3n del sat\u00e9lite TERRA de la NASA, el pasado 18\/10\/2014 Lunes 20 de Octubre 2014. La situaci\u00f3n anticicl\u00f3nica que nos viene afectando estos \u00faltimos d\u00edas, y que promete acompa\u00f1arnos durante alg\u00fan tiempo, ha permitido ver con claridad algunos de los efectos directos de las lluvias ca\u00eddas en gran parte de la mitad [&hellip;]<!-- AddThis Advanced Settings generic via filter on get_the_excerpt --><!-- AddThis Share Buttons generic via filter on get_the_excerpt --><\/p>\n","protected":false},"author":75,"featured_media":0,"comment_status":"open","ping_status":"closed","sticky":false,"template":"","format":"standard","meta":[],"categories":[4,5],"tags":[7,18,62,113,117,145,149],"_links":{"self":[{"href":"https:\/\/blogs.hoy.es\/meteobadajoz\/wp-json\/wp\/v2\/posts\/677"}],"collection":[{"href":"https:\/\/blogs.hoy.es\/meteobadajoz\/wp-json\/wp\/v2\/posts"}],"about":[{"href":"https:\/\/blogs.hoy.es\/meteobadajoz\/wp-json\/wp\/v2\/types\/post"}],"author":[{"embeddable":true,"href":"https:\/\/blogs.hoy.es\/meteobadajoz\/wp-json\/wp\/v2\/users\/75"}],"replies":[{"embeddable":true,"href":"https:\/\/blogs.hoy.es\/meteobadajoz\/wp-json\/wp\/v2\/comments?post=677"}],"version-history":[{"count":0,"href":"https:\/\/blogs.hoy.es\/meteobadajoz\/wp-json\/wp\/v2\/posts\/677\/revisions"}],"wp:attachment":[{"href":"https:\/\/blogs.hoy.es\/meteobadajoz\/wp-json\/wp\/v2\/media?parent=677"}],"wp:term":[{"taxonomy":"category","embeddable":true,"href":"https:\/\/blogs.hoy.es\/meteobadajoz\/wp-json\/wp\/v2\/categories?post=677"},{"taxonomy":"post_tag","embeddable":true,"href":"https:\/\/blogs.hoy.es\/meteobadajoz\/wp-json\/wp\/v2\/tags?post=677"}],"curies":[{"name":"wp","href":"https:\/\/api.w.org\/{rel}","templated":true}]}}