{"id":679,"date":"2014-10-27T14:04:31","date_gmt":"2014-10-27T12:04:31","guid":{"rendered":"http:\/\/blogs.hoy.es\/meteobadajoz\/?p=679"},"modified":"2014-10-27T14:04:31","modified_gmt":"2014-10-27T12:04:31","slug":"invierno-2014-15-frio-y-riguroso","status":"publish","type":"post","link":"https:\/\/blogs.hoy.es\/meteobadajoz\/2014\/10\/27\/invierno-2014-15-frio-y-riguroso\/","title":{"rendered":"\u00bfInvierno 2014-15 fr\u00edo y riguroso?"},"content":{"rendered":"<p align=\"LEFT\"><strong><span style=\"color: #000000;\"><span style=\"font-size: 14px;\"><span style=\"font-family: 'Segoe UI';\">\u00bb<\/span><\/span><span style=\"color: #000000;\"><span style=\"font-size: 14px;\"><span style=\"font-family: 'Segoe UI', sans-serif;\"> Algunas teor\u00edas sugieren un \u201cinvierno riguroso\u201d este a\u00f1o, relacionando la cantidad de nieve-hielo en Siberia, y la capacidad de enfriamiento de las masas de aire que circulan en torno al \u00c1rtico.<\/span><\/span><\/span><\/span><\/strong><\/p>\n<p style=\"text-align: center;\" align=\"CENTER\"><strong><\/strong><strong><span><span><span><span style=\"font-family: Arial, Helvetica, sans-serif;\"><span style=\"font-size: 12px;\"><img loading=\"lazy\" class=\"aligncenter\" src=\"\/\/nsae01.casimages.net\/img\/2014\/10\/27\/141027115145599056.png\" alt=\"\" width=\"605\" height=\"305\" \/>Planteamiento de las principales variables a tener en cuenta este invierno, entre otras muchas, y todas relacionadas entre s\u00ed; dificil\u00a0hacer un pron\u00f3stico fiable<\/span><\/span><\/span><\/span><\/span><\/strong><\/p>\n<p align=\"LEFT\"><span style=\"color: #000000;\"><span style=\"font-size: 12px;\"><span style=\"font-family: Arial, Helvetica, sans-serif;\"><span><strong>Lunes 27 de Octubre 2014. <\/strong><\/span><\/span><\/span><span style=\"color: #000000;\"><span style=\"font-size: 12px;\"><span style=\"font-family: Arial, Helvetica, sans-serif;\"><span>Es muy pronto para adelantar c\u00f3mo ser\u00e1 el pr\u00f3ximo Invierno 2014-15 a este lado del hemisferio, m\u00e1s que nada porque estamos a finales octubre y a\u00fan quedan casi 2 meses hasta el comienzo del invierno. Pero hoy he decidido dedicar este post a analizar algunos aspectos que est\u00e1n sucediendo ahora mismo en nuestro hemisferio, y que podr\u00edan tener consecuencias directas para este pr\u00f3ximo invierno, seg\u00fan algunas teor\u00edas.<!--more--><\/span><\/span><\/span><\/span><\/span><\/p>\n<p align=\"LEFT\"><span style=\"color: #000000;\"><span style=\"font-size: 12px;\"><span style=\"font-family: Arial, Helvetica, sans-serif;\"><span>Antes de nada, quiero dejar claro que aqu\u00ed <strong>no se est\u00e1 asegurando<\/strong> que el pr\u00f3ximo invierno vaya a ser muy fr\u00edo y duro, ya que los dos grandes modelos estaciones plantean una situaci\u00f3n bastante distinta, al menos en Europa, con <strong>temperaturas por encima de lo normal<\/strong> y, en el caso de Espa\u00f1a, con <strong>precipitaciones por debajo de lo habitual<\/strong>. Luego lo veremos.<\/span><\/span><\/span><\/span><\/p>\n<p align=\"LEFT\"><span style=\"color: #000000;\"><span style=\"font-size: 12px;\"><span style=\"font-family: Arial, Helvetica, sans-serif;\"><span>&#8211; En las \u00faltimas semanas, se est\u00e1 especulando much\u00edsimo sobre las predicciones para este pr\u00f3ximo invierno en el Hemisferio Norte, y si algo est\u00e1 llamando mucho la atenci\u00f3n a los meteor\u00f3logos europeos y norteamericanos es que la extensi\u00f3n de nieve-hielo en Siberia y en, b\u00e1sicamente, todo el norte de Asia, est\u00e1 ahora mismo por encima de lo que ser\u00eda habitual para la \u00e9poca del a\u00f1o (<strong>m\u00e1s nieve de lo normal<\/strong>).<\/span><\/span><\/span><\/span><\/p>\n<p style=\"text-align: center;\" align=\"LEFT\"><strong><span style=\"color: #000000;\"><span style=\"font-size: 12px;\"><span style=\"font-family: Arial, Helvetica, sans-serif;\"><a title=\"Ampliar imagen\" href=\"http:\/\/nsae01.casimages.net\/img\/2014\/10\/27\/141027121315160213.png\" target=\"_blank\" rel=\"external nofollow\"><img loading=\"lazy\" class=\"aligncenter\" src=\"\/\/nsae01.casimages.net\/img\/2014\/10\/27\/141027121315160213.png\" alt=\"\" width=\"638\" height=\"389\" \/><\/a>Extensi\u00f3n de nieve en el Hemisferio Norte este a\u00f1o por encima de la media de los \u00faltimos 16 a\u00f1os, seg\u00fan el servicio meteorol\u00f3gico canadiense (l\u00ednea roja = a\u00f1o 2014)<\/span><\/span><\/span><\/strong><\/p>\n<p align=\"LEFT\"><span style=\"color: #000000;\"><span style=\"font-size: 12px;\"><span style=\"font-family: Arial, Helvetica, sans-serif;\"><span>Seg\u00fan ciertas teor\u00edas y que muchos incluso ya lo afirman, se cree que como este a\u00f1o tenemos una mayor extensi\u00f3n de nieve en el Hemisferio Norte, y en unas fechas relativamente tempranas, suponen que el invierno ser\u00e1 m\u00e1s fr\u00edo de lo normal y con episodios de importantes nevadas; es decir, una circulaci\u00f3n muy agitada y el <em>V\u00f3rtice Polar<\/em> muy din\u00e1mico.<\/span><\/span><\/span><\/span><\/p>\n<p align=\"LEFT\"><span style=\"color: #ffffff;\">.<\/span><\/p>\n<p align=\"LEFT\"><span style=\"color: #000000;\"><span style=\"font-size: 20px;\"><strong><span style=\"font-size: 20px; font-family: Arial, Helvetica, sans-serif;\">&#8211; \u00bfPero por qu\u00e9 se piensa esto?<\/span><\/strong><\/span><\/span><\/p>\n<p align=\"LEFT\"><span style=\"color: #000000;\"><span style=\"font-size: 12px;\"><span style=\"font-family: Arial, Helvetica, sans-serif;\"><span>Pues por una sencilla raz\u00f3n: con la situaci\u00f3n actual, sucede algo muy l\u00f3gico y natural que consiste en que cuanta m\u00e1s superficie helada encontremos, <strong>m\u00e1s capacidad de enfriamiento tiene una masa de aire<\/strong>. El hecho de que tengamos una mayor superficie helada en las grandes masas continentales del hemisferio, hace que la energ\u00eda que nos llega del Sol sea reflejada con m\u00e1s facilidad hacia el espacio (el Albedo), aumentando la capacidad de enfriamiento sobre dichas regiones y, por tanto<\/span><\/span><\/span><\/span><span style=\"font-family: Arial, Helvetica, sans-serif; font-size: 12px;\">, las masas de aire que circulan por esas latitudes se <\/span><strong style=\"font-family: Arial, Helvetica, sans-serif; font-size: 12px;\">enfriar\u00edan notablemente<\/strong><span style=\"font-family: Arial, Helvetica, sans-serif; font-size: 12px;\">, pudi\u00e9ndose acumular mucho aire fr\u00edo en torno al \u00c1rtico.<\/span><\/p>\n<p align=\"LEFT\"><span style=\"color: #000000;\"><span style=\"font-size: 12px;\"><span style=\"font-family: Arial, Helvetica, sans-serif;\"><span>Como consecuencia, si tenemos m\u00e1s aire fr\u00edo alojado en el \u00c1rtico, de alguna manera debe desalojarse a latitudes medias en los procesos de intercambio de masas de aire Ecuador-Polo, desembocando en un supuesto invierno m\u00e1s fr\u00edo -o duro- en Norteam\u00e9rica, Asia y Europa.<\/span><\/span><\/span><\/span><\/p>\n<p align=\"LEFT\"><span style=\"color: #000000;\"><span style=\"font-size: 12px;\"><span style=\"font-family: Arial, Helvetica, sans-serif;\"><span>Hasta ah\u00ed, todo muy l\u00f3gico y correcto, pero tampoco debemos hacernos ilusiones (los que nos gusta el fr\u00edo y la nieve), ya que si esas invasiones de aire fr\u00edo se producen sobre Norteam\u00e9rica, las consecuencias en Europa suelen ser -a menudo- contrarias, con <strong>precipitaciones (en forma l\u00edquida) y ascenso de aire c\u00e1lido<\/strong> a trav\u00e9s del suroeste del continente europeo y, por tanto, con temperaturas m\u00e1s suaves (como ocurri\u00f3 el pasado Invierno 2013-14).<\/span><\/span><\/span><\/span><\/p>\n<p align=\"LEFT\"><span style=\"color: #000000;\"><span style=\"font-size: 12px;\"><span style=\"font-family: Arial, Helvetica, sans-serif;\"><span>&#8211; Pero si os parece, veamos a continuaci\u00f3n cu\u00e1l es la situaci\u00f3n a fecha de hoy en cuanto a la extensi\u00f3n de nieve y hielo en Siberia, y en general en todo el Hemisferio Norte:<\/span><\/span><\/span><\/span><\/p>\n<p style=\"text-align: center;\" align=\"CENTER\"><span style=\"color: #000000;\"><span style=\"font-size: 12px;\"><span style=\"font-family: Arial, Helvetica, sans-serif;\"><span><strong><a title=\"Ampliar imagen\" href=\"http:\/\/nsae01.casimages.net\/img\/2014\/10\/27\/141027121339698068.png\" target=\"_blank\" rel=\"external nofollow\"><img loading=\"lazy\" class=\"aligncenter\" title=\"Ampliar imagen\" src=\"\/\/nsae01.casimages.net\/img\/2014\/10\/27\/141027121339698068.png\" alt=\"\" width=\"616\" height=\"308\" \/><\/a>Extensi\u00f3n de nieve y hielo marino en el Hemisferio Norte 2013\/2014 &#8211; NOAA<\/strong><\/span><\/span><\/span><\/span><\/p>\n<p align=\"LEFT\"><span style=\"color: #000000;\"><span style=\"font-size: 12px;\"><span style=\"font-family: Arial, Helvetica, sans-serif;\"><span>En el mapa superior, os muestro una comparaci\u00f3n entre la superficie de nieve y hielo el a\u00f1o pasado (2013) y la situaci\u00f3n de este a\u00f1o (2014). Como pod\u00e9is ver, y como ya se ha comentado antes, ahora hay <strong>m\u00e1s superficie helada que el a\u00f1o pasado<\/strong> por estas mismas fechas, y no s\u00f3lo en Siberia, sino tambi\u00e9n en Norteam\u00e9rica y zonas del norte de Europa.<\/span><\/span><\/span><\/span><\/p>\n<p align=\"LEFT\"><span style=\"color: #000000;\"><span style=\"font-size: 12px;\"><span style=\"font-family: Arial, Helvetica, sans-serif;\">Adem\u00e1s, una de las <a href=\"https:\/\/twitter.com\/MeteoBadajoz\/status\/525002516610949122\" target=\"_blank\" rel=\"external nofollow\">reservas m\u00e1s importantes de aire fr\u00edo<\/a> en el invierno del Hemisferio Norte es Siberia, por lo que si ya en estas fechas vamos con ventaja en cuanto a superficie helada en la zona, con m\u00e1s raz\u00f3n se podr\u00eda pensar que el invierno ser\u00e1 m\u00e1s fr\u00edo de lo normal.<\/span><\/span><\/span><\/p>\n<p align=\"LEFT\"><span style=\"color: #000000;\"><span style=\"font-size: 12px;\"><span style=\"font-family: Arial, Helvetica, sans-serif;\"><span>Bien es cierto que la cubierta de hielo marino en el \u00c1rtico <strong>no es la misma con respecto al a\u00f1o pasado<\/strong>, y eso tambi\u00e9n deber\u00eda tenerse en cuenta a la hora de decir que <em>&#8220;el\u00a0invierno ser\u00e1 muy fr\u00edo&#8221;<\/em>, como ya se comenta en algunos sitios.<\/span><\/span><\/span><\/span><\/p>\n<p align=\"LEFT\"><span style=\"color: #ffffff;\">.<\/span><\/p>\n<p align=\"LEFT\"><span style=\"color: #000000;\"><strong><span style=\"font-size: 20px;\"><span style=\"font-family: Arial, Helvetica, sans-serif;\">&#8211; La extensi\u00f3n de nieve en el Hemisferio Norte durante el invierno es cada vez mayor<\/span><\/span><\/strong><\/span><\/p>\n<p style=\"text-align: center;\" align=\"LEFT\"><strong><span style=\"color: #000000;\"><span style=\"font-size: 12px;\"><span style=\"font-family: Arial, Helvetica, sans-serif;\"><img loading=\"lazy\" class=\"aligncenter\" src=\"\/\/nsae01.casimages.net\/img\/2014\/10\/27\/141027121557870447.png\" alt=\"\" width=\"520\" height=\"414\" \/>Tendencia de la extensi\u00f3n de nieve en invierno del Hemisferio Norte claramente en ascenso (l\u00ednea de color oscuro) &#8211; Rutgers University<\/span><\/span><\/span><\/strong><\/p>\n<p align=\"LEFT\"><span style=\"color: #000000;\"><span style=\"font-size: 12px;\"><span style=\"font-family: Arial, Helvetica, sans-serif;\"><span>Otro aspecto destacable es que la tendencia de los \u00faltimos casi 50 a\u00f1os en cuanto a la extensi\u00f3n de nieve en nuestro hemisferio durante el invierno, tiende a ser <strong>cada vez mayor<\/strong>.<\/span><\/span><\/span><\/span><\/p>\n<p align=\"LEFT\"><span style=\"color: #000000;\"><span style=\"font-size: 12px;\"><span style=\"font-family: Arial, Helvetica, sans-serif;\"><span>Sin embargo, ocurre algo muy curioso y de lo que me he podido dar cuenta tras investigar varios d\u00edas y es que, en general, la extensi\u00f3n de nieve en nuestro hemisferio es <strong>cada vez menor<\/strong>, aunque en invierno es <strong>cada vez mayor<\/strong>, y me explico: parece ser que las nevadas y el deshielo comienzan antes de lo habitual (o quiz\u00e1s el deshielo se est\u00e1 acelerando).<\/span><\/span><\/span><\/span><\/p>\n<p style=\"text-align: center;\" align=\"LEFT\"><strong><span style=\"color: #000000;\"><span style=\"font-size: 12px;\"><span style=\"font-family: Arial, Helvetica, sans-serif;\"><img loading=\"lazy\" class=\"aligncenter\" src=\"\/\/nsae01.casimages.net\/img\/2014\/10\/26\/141026060751462133.gif\" alt=\"\" width=\"630\" height=\"315\" \/>Evoluci\u00f3n de la extensi\u00f3n de nieve y hielo en el mundo en los primeros 20 d\u00edas de Octubre 2014, con un notable aumento en gran parte del norte de Asia y Europa &#8211; NOAA<\/span><\/span><\/span><\/strong><\/p>\n<p align=\"LEFT\"><span style=\"color: #000000;\"><span style=\"font-size: 12px;\"><span style=\"font-family: Arial, Helvetica, sans-serif;\"><span>Consultando diversos mapas se llega claramente a la conclusi\u00f3n de que, por ejemplo en octubre, la nieve cae antes y cada vez llega m\u00e1s al sur, mientras que en marzo-abril la extensi\u00f3n de nieve es cada a\u00f1o inferior, como si el deshielo empezara antes o fuera cada vez m\u00e1s intenso o acelerado, por eso, aunque durante el invierno tengamos cada vez m\u00e1s extensi\u00f3n de nieve, al final, durante el verano, la extensi\u00f3n de nieve y hielo es muy baja; la media anual, por tanto, es <strong>cada vez menor<\/strong>.<\/span><\/span><\/span><\/span><\/p>\n<p align=\"LEFT\"><span style=\"color: #ffffff;\">.<\/span><\/p>\n<p align=\"LEFT\"><span style=\"color: #000000;\"><strong><span style=\"font-size: 20px;\"><span style=\"font-family: Arial, Helvetica, sans-serif;\">-Invierno 2014-15 seg\u00fan los modelos estacionales<\/span><\/span><\/strong><\/span><\/p>\n<p style=\"text-align: center;\" align=\"LEFT\"><strong><span style=\"color: #000000;\"><span style=\"font-size: 12px;\"><span style=\"font-family: Arial, Helvetica, sans-serif;\"><img loading=\"lazy\" class=\"aligncenter\" src=\"\/\/nsae01.casimages.net\/img\/2014\/10\/27\/141027121625861773.png\" alt=\"\" width=\"564\" height=\"852\" \/>Predicci\u00f3n estacional Dic-Ene<\/span><\/span><\/span><\/strong><strong><span><span style=\"font-size: 12px;\"><span style=\"font-family: Arial, Helvetica, sans-serif;\">-Feb seg\u00fan el modelo americano CFS &#8211; NOAA<\/span><\/span><\/span><\/strong><\/p>\n<p align=\"LEFT\"><span><span><span><span style=\"font-family: Arial, Helvetica, sans-serif;\"><span style=\"font-size: 12px;\">Tal y como muestran los mapas superiores, en el primero (anomal\u00edas de precipitaci\u00f3n) queda reflejado el trimestre diciembre-enero-febrero posiblemente con precipitaciones por debajo de lo normal (<strong>invierno menos lluvioso<\/strong>) por todo el centro, sur y, especialmente, el oeste de la Pen\u00ednsula Ib\u00e9rica. Parece, a fecha de hoy, que ser\u00eda normal o ligeramente h\u00famedo en zonas del Cant\u00e1brico, aunque es una\u00a0anomal\u00eda\u00a0muy d\u00e9bil.<\/span><\/span><\/span><\/span><\/span><\/p>\n<p align=\"LEFT\"><span><span><span><span style=\"font-family: Arial, Helvetica, sans-serif;\"><span style=\"font-size: 12px;\">Si algo destaca a nivel general es que las precipitaciones estar\u00edan concentradas hacia el centro-norte del continente, mientras que por el sur la situaci\u00f3n ser\u00eda generalmente m\u00e1s estable y, como consecuencia, con precipitaciones por debajo de la media.<\/span><\/span><\/span><\/span><\/span><\/p>\n<p align=\"LEFT\"><span><span><span><span style=\"font-family: Arial, Helvetica, sans-serif;\"><span style=\"font-size: 12px;\">En cuanto al mapa de anomal\u00edas de temperatura, destaca una extensa anomal\u00eda positiva de temperaturas en la mayor parte de Europa (temperaturas\u00a0<strong>por encima de lo normal<\/strong>; es decir, un trimestre fr\u00edo, pero no como deber\u00eda).<\/span><\/span><\/span><\/span><\/span><\/p>\n<p align=\"LEFT\"><span><span><span><span style=\"font-family: Arial, Helvetica, sans-serif;\"><span style=\"font-size: 12px;\">Por otro lado, el modelo europeo (no mostrado aqu\u00ed) muestra algo muy parecido, con precipitaciones abundantes hacia el oeste y centro de Europa, y en Espa\u00f1a un invierno <strong>relativamente normal en lluvias<\/strong>, aunque <strong>algo c\u00e1lido en toda la pen\u00ednsula<\/strong>.<\/span><\/span><\/span><\/span><\/span><\/p>\n<p align=\"LEFT\"><span><span><span><span style=\"font-family: Arial, Helvetica, sans-serif;\"><span style=\"font-size: 12px;\">Insisto en que es una predicci\u00f3n a <strong>muy largo plazo<\/strong> y <span style=\"text-decoration: underline;\">no podemos tomarlo como una verdad absoluta<\/span>, sino como una media entre todos los posibles escenarios que se nos puedan plantear a lo largo de los pr\u00f3ximos meses en nuestro continente.<\/span><\/span><\/span><\/span><\/span><\/p>\n<p align=\"LEFT\"><span style=\"color: #ffffff;\">.<\/span><\/p>\n<p align=\"LEFT\"><span style=\"color: #000000;\"><span style=\"font-size: 12px;\"><span style=\"font-family: Arial, Helvetica, sans-serif;\"><span>As\u00ed pues, todo esto es una posible teor\u00eda o especulaci\u00f3n m\u00e1s sobre c\u00f3mo podr\u00eda ser el Invierno 2014-15, teniendo en cuenta algunos aspectos actuales, como por ejemplo el hecho de que ya tenemos m\u00e1s superficie helada de lo normal para estas fechas.<\/span><\/span><\/span><\/span><\/p>\n<p align=\"LEFT\"><span style=\"color: #000000;\"><span style=\"font-size: 12px;\"><span style=\"font-family: Arial, Helvetica, sans-serif;\"><span>Est\u00e1 por ver la respuesta del episodio de El Ni\u00f1o que estamos teniendo este a\u00f1o, y que puede reflejarse, de una manera u otra, en los procesos de enfriamiento, o en los mismos intercambios de masas de aire Ecuador-Polo.\u00a0Tambi\u00e9n c\u00f3mo responder\u00eda el invierno a ese posible exceso de aire fr\u00edo en torno al \u00c1rtico, y la cantidad de energ\u00eda disponible en el Atl\u00e1ntico tras una temporada de huracanes bastante tranquila.<\/span><\/span><\/span><\/span><\/p>\n<ul>\n<li><span style=\"color: #000000;\"><strong><span style=\"font-size: 12px;\"><span style=\"font-family: Arial, Helvetica, sans-serif;\"><em>\u00bfOtro a\u00f1o con fr\u00edo extraordinario en Norteam\u00e9rica, y lluvias-tiempo suave en Europa?<\/em><\/span><\/span><\/strong><\/span><\/li>\n<li><span style=\"color: #000000;\"><strong><span style=\"font-size: 12px;\"><span style=\"font-family: Arial, Helvetica, sans-serif;\"><em>\u00bfO este a\u00f1o con el El Ni\u00f1o cambiar\u00e1 de alguna manera?<\/em><\/span><\/span><\/strong><\/span><\/li>\n<li><span style=\"color: #000000;\"><strong><span style=\"font-size: 12px;\"><span style=\"font-family: Arial, Helvetica, sans-serif;\"><em>\u00bfSe invertir\u00e1, con invierno fr\u00edo en Europa, y no tanto en Norteam\u00e9rica?<\/em><\/span><\/span><\/strong><\/span><\/li>\n<\/ul>\n<p align=\"LEFT\"><span style=\"color: #000000;\"><span style=\"font-size: 12px;\"><span style=\"font-family: Arial, Helvetica, sans-serif;\"><span>Muchas inc\u00f3gnitas por resolver&#8230;<\/span><\/span><\/span><\/span><\/p>\n<p align=\"LEFT\"><span style=\"color: #000000;\"><span style=\"font-size: 12px;\"><span style=\"font-family: Arial, Helvetica, sans-serif;\">Habr\u00e1 que ver c\u00f3mo se desarrollan las pr\u00f3ximas semanas, y tocar\u00e1 esperar a que llegue el invierno y veamos su comportamiento. El gran problema de predecir a tan largo plazo y a nivel tan general, es que <strong>todo est\u00e1 relacionado con todo<\/strong>, y todo acaba teniendo consecuencias m\u00e1s o menos directas en otros procesos; as\u00ed es la meteorolog\u00eda.<\/span><\/span><\/span><\/p>\n<p align=\"LEFT\"><span style=\"color: #000000;\"><span style=\"font-size: 12px;\"><span style=\"font-family: Arial, Helvetica, sans-serif;\">Pr\u00f3ximamente volveremos a echar un vistazo algo m\u00e1s en profundidad a las predicciones estacionales para este invierno, y como siempre ser\u00e1 aqu\u00ed, en <a href=\"https:\/\/blogs.hoy.es\/meteobadajoz\/\" target=\"_blank\">MeteoBadajoz<\/a>.<\/span><\/span><\/span><\/p>\n<p align=\"LEFT\"><span style=\"color: #ffffff;\"><span style=\"font-family: Arial, Helvetica, sans-serif;\"><span>.<\/span><\/span><\/span><\/p>\n<p align=\"CENTER\"><span style=\"color: #808080;\"><span style=\"font-size: 12px;\"><span style=\"font-family: Arial, Helvetica, sans-serif;\">Por Javier Pi\u00f1ero Fuentes &#8211; \u00a9 MeteoBadajoz 2014<\/span><\/span><\/span><\/p>\n<p align=\"CENTER\"><span style=\"color: #808080;\"><span style=\"font-size: 12px;\"><span style=\"font-family: arial, sans-serif;\">meteobadajoz@gmail.com<\/span><\/span><\/span><\/p>\n<p align=\"CENTER\"><strong><span style=\"color: #000000;\"><span style=\"font-size: 12px;\"><span style=\"font-family: Arial, Helvetica, sans-serif;\"><span>Puedes seguir cada situaci\u00f3n a trav\u00e9s de la cuenta de Twitter <\/span><\/span><\/span><\/span><\/strong><strong><a href=\"https:\/\/twitter.com\/MeteoBadajoz\" target=\"_blank\" rel=\"external nofollow\"><span style=\"color: #ff0000;\"><span style=\"font-size: 12px;\"><span style=\"font-family: Arial, Helvetica, sans-serif;\"><span>@MeteoBadajoz<\/span><\/span><\/span><\/span><\/a><\/strong><strong><span style=\"color: #000000;\"><span style=\"font-size: 12px;\"><span style=\"font-family: Arial, Helvetica, sans-serif;\"><span>, o Facebook <\/span><\/span><\/span><\/span><\/strong><strong><a href=\"https:\/\/www.facebook.com\/pages\/MeteoBadajoz\/236436716399890\" target=\"_blank\" rel=\"external nofollow\"><span style=\"color: #ff0000;\"><span style=\"font-size: 12px;\"><span style=\"font-family: Arial, Helvetica, sans-serif;\"><span>MeteoBadajoz<\/span><\/span><\/span><\/span><\/a><\/strong><strong><span style=\"color: #000000;\"><span style=\"font-size: 12px;\"><span style=\"font-family: Arial, Helvetica, sans-serif;\"><span>, donde estar\u00e1s informado en todo momento de c\u00f3mo evolucionan los d\u00edas, as\u00ed como de noticias de inter\u00e9s meteorol\u00f3gico.<\/span><\/span><\/span><\/span><\/strong><\/p>\n<p align=\"CENTER\"><strong><span style=\"color: #000000;\"><span style=\"font-size: 12px;\"><span style=\"font-family: Arial, Helvetica, sans-serif;\"><span><span style=\"text-decoration: underline;\"><strong>Si el art\u00edculo te ha parecido interesante, puedes ayudar a divulgarlo a trav\u00e9s de las redes sociales, con ayuda de los botones para compartir.<\/strong><\/span><\/span><\/span><\/span><\/span><\/strong><\/p>\n<p align=\"CENTER\"><strong><span style=\"color: #000000;\"><span style=\"font-size: 12px;\"><span style=\"font-family: Arial, Helvetica, sans-serif;\"><span>\u00a1\u00a1Gracias y un saludo a los lectores del blog!!<\/span><\/span><\/span><\/span><\/strong><\/p>\n<!-- AddThis Advanced Settings generic via filter on the_content --><!-- AddThis Share Buttons generic via filter on the_content -->","protected":false},"excerpt":{"rendered":"<p>\u00bb Algunas teor\u00edas sugieren un \u201cinvierno riguroso\u201d este a\u00f1o, relacionando la cantidad de nieve-hielo en Siberia, y la capacidad de enfriamiento de las masas de aire que circulan en torno al \u00c1rtico. Planteamiento de las principales variables a tener en cuenta este invierno, entre otras muchas, y todas relacionadas entre s\u00ed; dificil\u00a0hacer un pron\u00f3stico fiable [&hellip;]<!-- AddThis Advanced Settings generic via filter on get_the_excerpt --><!-- AddThis Share Buttons generic via filter on get_the_excerpt --><\/p>\n","protected":false},"author":75,"featured_media":0,"comment_status":"open","ping_status":"closed","sticky":false,"template":"","format":"standard","meta":[],"categories":[4],"tags":[15,16,86,102,113,117,124,125],"_links":{"self":[{"href":"https:\/\/blogs.hoy.es\/meteobadajoz\/wp-json\/wp\/v2\/posts\/679"}],"collection":[{"href":"https:\/\/blogs.hoy.es\/meteobadajoz\/wp-json\/wp\/v2\/posts"}],"about":[{"href":"https:\/\/blogs.hoy.es\/meteobadajoz\/wp-json\/wp\/v2\/types\/post"}],"author":[{"embeddable":true,"href":"https:\/\/blogs.hoy.es\/meteobadajoz\/wp-json\/wp\/v2\/users\/75"}],"replies":[{"embeddable":true,"href":"https:\/\/blogs.hoy.es\/meteobadajoz\/wp-json\/wp\/v2\/comments?post=679"}],"version-history":[{"count":0,"href":"https:\/\/blogs.hoy.es\/meteobadajoz\/wp-json\/wp\/v2\/posts\/679\/revisions"}],"wp:attachment":[{"href":"https:\/\/blogs.hoy.es\/meteobadajoz\/wp-json\/wp\/v2\/media?parent=679"}],"wp:term":[{"taxonomy":"category","embeddable":true,"href":"https:\/\/blogs.hoy.es\/meteobadajoz\/wp-json\/wp\/v2\/categories?post=679"},{"taxonomy":"post_tag","embeddable":true,"href":"https:\/\/blogs.hoy.es\/meteobadajoz\/wp-json\/wp\/v2\/tags?post=679"}],"curies":[{"name":"wp","href":"https:\/\/api.w.org\/{rel}","templated":true}]}}