{"id":682,"date":"2014-11-02T21:34:00","date_gmt":"2014-11-02T19:34:00","guid":{"rendered":"http:\/\/blogs.hoy.es\/meteobadajoz\/?p=682"},"modified":"2014-11-02T21:34:00","modified_gmt":"2014-11-02T19:34:00","slug":"noviembre-entra-con-fuerza","status":"publish","type":"post","link":"https:\/\/blogs.hoy.es\/meteobadajoz\/2014\/11\/02\/noviembre-entra-con-fuerza\/","title":{"rendered":"Noviembre entra con fuerza: semana de lluvias y ambiente fr\u00edo!"},"content":{"rendered":"<p align=\"LEFT\"><strong><span style=\"color: #000000;\"><span style=\"font-size: 14px;\"><span style=\"font-family: 'Segoe UI';\">\u00bb<\/span><\/span><span style=\"color: #000000;\"><span style=\"font-size: 14px;\"><span style=\"font-family: 'Segoe UI', sans-serif;\"> Se acab\u00f3 el &#8220;Vero\u00f1o&#8221; de las dos \u00faltimas semanas! Llega a la Pen\u00ednsula Ib\u00e9rica la primera irrupci\u00f3n de aire fr\u00edo de la temporada, junto con una sucesi\u00f3n de frentes atl\u00e1nticos que podr\u00eda abarcar la primera mitad del mes.<\/span><\/span><\/span><\/span><\/strong><\/p>\n<p style=\"text-align: center;\" align=\"CENTER\"><strong><\/strong><strong><span style=\"color: #000000;\"><span style=\"font-size: 12px;\"><span style=\"font-family: Arial, Helvetica, sans-serif;\"><span><a title=\"Ampliar imagen\" href=\"http:\/\/nsae01.casimages.net\/img\/2014\/11\/02\/141102071308431940.png\" target=\"_blank\" rel=\"external nofollow\"><img loading=\"lazy\" class=\"aligncenter\" title=\"Ampliar imagen\" src=\"\/\/nsae01.casimages.net\/img\/2014\/11\/02\/141102071308431940.png\" alt=\"\" width=\"605\" height=\"305\" \/><\/a>Situaci\u00f3n prevista para esta primera semana completa de Noviembre 2014, marcada por las lluvias y un descenso acusado de temperaturas &#8211;\u00a0\u00a9 MeteoBadajoz 2014<\/span><\/span><\/span><\/span><\/strong><\/p>\n<p align=\"LEFT\"><span style=\"color: #000000;\"><span style=\"font-size: 12px;\"><span style=\"font-family: Arial, Helvetica, sans-serif;\"><span><strong>Domingo 02 de Noviembre 2014. <\/strong><\/span><\/span><\/span><span style=\"color: #000000;\"><span style=\"font-size: 12px;\"><span style=\"font-family: Arial, Helvetica, sans-serif;\"><span>Tras muchos d\u00edas de estabilidad atmosf\u00e9rica generalizada en la mayor parte de la pen\u00ednsula, y con temperaturas muy por encima de lo habitual para la segunda quincena de octubre, llega noviembre con <strong>mucha inestabilidad<\/strong> y un <strong>importante descenso de temperaturas<\/strong> que afectar\u00e1 a toda la pen\u00ednsula en los pr\u00f3ximos d\u00edas.<!--more--><\/span><\/span><\/span><\/span><\/span><\/p>\n<p align=\"LEFT\"><span style=\"color: #000000;\"><span style=\"font-size: 12px;\"><span style=\"font-family: Arial, Helvetica, sans-serif;\"><span>Llegan cambios muy significativos desde el Atl\u00e1ntico Norte, concretamente desde una zona comprendida entre el norte de Canad\u00e1 y el sur de Groenlandia donde, en las \u00faltimas horas, lo que queda un importante <strong>desalojo \u00e1rtico<\/strong> que ha tenido lugar en Norteam\u00e9rica en los \u00faltimos d\u00edas, ha acabado vertiendo hacia el Atl\u00e1ntico y est\u00e1 ya camino del oeste de Europa.<\/span><\/span><\/span><\/span><\/p>\n<p align=\"LEFT\"><span style=\"color: #000000;\"><span style=\"font-size: 12px;\"><span style=\"font-family: Arial, Helvetica, sans-serif;\"><span>En su avance, esa masa de aire fr\u00edo <strong>no llegar\u00e1 de forma muy intensa<\/strong> a la pen\u00ednsula, ya que es de las primeras irrupciones de aire fr\u00edo que se producen, pero como venimos de temperaturas tan altas en las \u00faltimas semanas, el descenso t\u00e9rmico <strong>ser\u00e1 muy evidente<\/strong>, \u00a1y no es para menos!: en algunas zonas tendremos <strong>entre 10 y hasta 15\u00baC menos<\/strong> que en los \u00faltimos d\u00edas, as\u00ed que atentos a estos cambios tan bruscos de temperatura y a los costipados!<\/span><\/span><\/span><\/span><\/p>\n<p align=\"LEFT\"><span style=\"color: #ffffff;\">.<\/span><\/p>\n<p align=\"LEFT\"><strong><span style=\"color: #000000;\"><span style=\"font-size: 20px;\"><span style=\"font-family: Arial, Helvetica, sans-serif;\">&#8211; El primer<\/span><\/span><\/span><span style=\"color: #000000;\"><span style=\"font-size: 20px;\"><span style=\"font-family: Arial, Helvetica, sans-serif;\">\u00a0frente fr\u00edo entrar\u00e1 a inicios de la semana<\/span><\/span><\/span><\/strong><\/p>\n<p style=\"text-align: center;\" align=\"LEFT\"><strong><span style=\"color: #000000;\"><span style=\"font-size: 12px;\"><span style=\"font-family: Arial, Helvetica, sans-serif;\"><img loading=\"lazy\" class=\"aligncenter\" src=\"\/\/nsae01.casimages.net\/img\/2014\/11\/02\/141102052627975720.gif\" alt=\"\" width=\"612\" height=\"422\" \/>Evoluci\u00f3n de las precipitaciones durante el lunes-martes &#8211; Modelo IFS<\/span><\/span><\/span><\/strong><\/p>\n<p align=\"LEFT\"><span style=\"font-family: Arial, Helvetica, sans-serif; font-size: 12px;\">Este lunes nos cruzar\u00e1 el frente fr\u00edo asociado a la primera irrupci\u00f3n polar de la temporada, y no ser\u00e1 el \u00fanico que nos afecte durante los pr\u00f3ximos d\u00edas. El lunes por la ma\u00f1ana el frente entrar\u00e1 por Galicia, y se ir\u00e1 <strong>adentrando con fuerza<\/strong> en la pen\u00ednsula a lo largo de la jornada. En la tarde del lunes el frente estar\u00eda afectando a todo el noroeste peninsular, extendi\u00e9ndose hacia el resto del oeste, centro y norte peninsular en la tarde-noche y madrugada. Arriba, en la animaci\u00f3n superior, pod\u00e9is ver el paso del frente, y c\u00f3mo barre pr\u00e1cticamente toda la pen\u00ednsula.<\/span><\/p>\n<p align=\"LEFT\"><span style=\"font-family: Arial, Helvetica, sans-serif; font-size: 12px;\"><strong>Ojo a las lluvias<\/strong> porque los modelos dibujan un <strong>frente bastante activo<\/strong>, y parece que las precipitaciones ser\u00e1n <strong>persistentes<\/strong> en muchas zonas de la pen\u00ednsula durante el paso del frente, pudi\u00e9ndose acumular desde unos 10 litros, hasta pr\u00e1cticamente 30 \u00f3 40 litros\/m2, y eso en zonas llanas, porque en \u00e1reas de monta\u00f1a bien orientadas las cantidades ser\u00e1n mayores.<\/span><\/p>\n<p align=\"LEFT\"><span style=\"font-family: Arial, Helvetica, sans-serif; font-size: 12px;\">-Durante la madrugada y la ma\u00f1ana del martes, el frente terminar\u00e1 de cruzar la pen\u00ednsula, <strong>abri\u00e9ndose muchos claros<\/strong> tras \u00e9l por todo el oeste y centro peninsular, por a la entrada de la masa de aire fr\u00edo. Pero la tarde del martes podr\u00eda dejarnos abundantes <strong>chubascos y\/o tormentas<\/strong> irregularmente repartidas por el interior, norte y oeste peninsular, que ser\u00e1n en forma de <strong>nieve<\/strong> a partir de unos <strong>1.100 o 1.300 metros<\/strong> en los principales sistemas monta\u00f1osos.<\/span><\/p>\n<p align=\"LEFT\"><span style=\"font-family: Arial, Helvetica, sans-serif; font-size: 12px;\">Otro factor importante a destacar es el <strong>viento<\/strong>, que soplar\u00e1 con rachas <strong>moderadas a fuertes<\/strong> en la tarde-noche del lunes, siendo m\u00e1s intenso en las primeras horas de la noche, cuando las rachas podr\u00edan alcanzar los <strong>70 u 80 km\/h<\/strong>. Y no s\u00f3lo durante el paso del frente, ya que el martes, con ese brutal cambio de vientos a norte y noroeste, la entrada del aire fr\u00edo hacia la pen\u00ednsula vendr\u00e1 acompa\u00f1ada por rachas de <strong>40-50 km\/h<\/strong>, m\u00e1s importantes en zonas de sierra.<\/span><\/p>\n<p align=\"LEFT\"><span style=\"color: #ffffff;\">.<\/span><\/p>\n<p align=\"LEFT\"><span style=\"font-family: Arial, Helvetica, sans-serif; font-size: 20px;\"><strong>&#8211; El 2\u00ba y 3\u00ba frente, durante el viernes y fin de semana<\/strong><\/span><\/p>\n<p style=\"text-align: center;\" align=\"LEFT\"><span style=\"font-family: Arial, Helvetica, sans-serif; font-size: 12px;\"><strong><img loading=\"lazy\" class=\"aligncenter\" src=\"\/\/nsae01.casimages.net\/img\/2014\/11\/02\/1411020529386869.gif\" alt=\"\" width=\"612\" height=\"422\" \/>Lluvias previstas durante el viernes-s\u00e1bado-domingo &#8211; Modelo IFS<\/strong><\/span><\/p>\n<p style=\"text-align: left;\" align=\"LEFT\"><span style=\"font-family: Arial, Helvetica, sans-serif; font-size: 12px;\">Tras el paso del primer frente de la semana durante el lunes-martes, el mi\u00e9rcoles y jueves transcurrir\u00e1n, en general, con cielos poco nubosos por la presencia de una peque\u00f1a dorsal, pero de cara al viernes <strong>nos cruzar\u00eda un nuevo frente<\/strong> (m\u00e1s flojo que el del lunes-martes).<\/span><\/p>\n<p style=\"text-align: left;\" align=\"LEFT\"><span style=\"font-family: Arial, Helvetica, sans-serif; font-size: 12px;\">Pero sobre todo ojo durante el fin de semana, porque <strong>otro frente m\u00e1s activo<\/strong> podr\u00eda entrar por el oeste peninsular y, nuevamente, con <strong>precipitaciones muy abundantes<\/strong> en muchas zonas del pa\u00eds. As\u00ed que ser\u00e1n tres los frentes que nos afecten a lo largo de esta semana&#8230;<\/span><\/p>\n<p style=\"text-align: left;\" align=\"LEFT\"><span style=\"color: #ffffff;\">.<\/span><\/p>\n<p style=\"text-align: left;\" align=\"LEFT\"><span style=\"font-family: Arial, Helvetica, sans-serif; font-size: 20px;\"><strong>&#8211; Primeras horas del d\u00eda con m\u00ednimas MUY FR\u00cdAS<\/strong><\/span><\/p>\n<p style=\"text-align: center;\" align=\"LEFT\"><span style=\"font-family: Arial, Helvetica, sans-serif; font-size: 12px;\"><strong><a title=\"Ampliar imagen\" href=\"http:\/\/nsae01.casimages.net\/img\/2014\/11\/02\/141102075820978086.png\" target=\"_blank\" rel=\"external nofollow\"><img loading=\"lazy\" class=\"aligncenter\" title=\"Ampliar imagen\" src=\"\/\/nsae01.casimages.net\/img\/2014\/11\/02\/141102075820978086.png\" alt=\"\" width=\"628\" height=\"307\" \/><\/a>Temperaturas m\u00ednimas previstas para el mi\u00e9rcoles 5 de noviembre en la pen\u00ednsula y Baleares &#8211; Modelo WRF NMM<\/strong><\/span><\/p>\n<p style=\"text-align: left;\" align=\"LEFT\"><span style=\"font-family: Arial, Helvetica, sans-serif; font-size: 12px;\">Adem\u00e1s de lluvias y nevadas decentes en cotas medias-altas, esta primera semana de noviembre nos dejar\u00e1 un <strong>importante descenso t\u00e9rmico<\/strong> en comparaci\u00f3n con las temperaturas de las dos \u00faltimas semanas. Fijaos, arriba, en las temperaturas m\u00ednimas hacia mediados de semana, cuando la parte m\u00e1s importante del aire fr\u00edo se asiente sobre la pen\u00ednsula, y nos deje temperaturas a primera hora de la ma\u00f1ana de <strong>apenas 0\/+4\u00baC<\/strong> en todo el interior, siendo algo m\u00e1s suaves en zonas de costa, de unos +8\/+10\u00baC.<\/span><\/p>\n<p style=\"text-align: left;\" align=\"LEFT\"><span style=\"font-family: Arial, Helvetica, sans-serif; font-size: 12px;\">Y no s\u00f3lo las m\u00ednimas ser\u00e1n muy fr\u00edas, las m\u00e1ximas se quedar\u00e1n <strong>ampliamente por debajo de los 15\u00baC<\/strong> en todo el interior, aunque ser\u00e1n de 18-20\u00baC en los principales valles del suroeste peninsular (Extremadura, Andaluc\u00eda&#8230;) y zonas del este y sureste (C. Valenciana y Murcia).<\/span><\/p>\n<p style=\"text-align: left;\" align=\"LEFT\"><span style=\"color: #ffffff;\">.<\/span><\/p>\n<p style=\"text-align: left;\" align=\"LEFT\"><span style=\"font-family: Arial, Helvetica, sans-serif; font-size: 20px;\"><strong>&#8211; \u00bfCu\u00e1ndo durar\u00e1 este tiempo inestable y fr\u00edo?<\/strong><\/span><\/p>\n<p style=\"text-align: left;\" align=\"LEFT\"><span style=\"font-family: Arial, Helvetica, sans-serif;\"><span style=\"font-size: 12px;\">Las predicciones a medio plazo anuncian <strong>much\u00edsima inestabilidad y ambiente fr\u00edo<\/strong> durante pr\u00e1cticamente toda la quincena de\u00a0noviembre,\u00a0afectando a la mayor parte de la\u00a0Pen\u00ednsula Ib\u00e9rica. La masa de aire c\u00e1lido que nos ha acompa\u00f1ando durante tanto tiempo por todo el interior y oeste de Europa, y que <strong>bloqueaba el avance de las borrascas<\/strong>\u00a0atl\u00e1nticas, ha cedido en las \u00faltimas horas frente al enorme empuje de las masas de aire polar que comienzan a verter hacia el Atl\u00e1ntico, y todo parece indicar que este patr\u00f3n de tiempo inestable y fr\u00edo <strong>nos acompa\u00f1ar\u00e1 durante bastantes d\u00edas<\/strong>; tenemos oto\u00f1o para rato.<\/span><\/span><\/p>\n<p style=\"text-align: left;\" align=\"LEFT\"><span style=\"font-family: Arial, Helvetica, sans-serif;\"><span style=\"font-size: 12px;\">As\u00ed pues, comenzamos una semana de lluvias y descenso importante de temperaturas, que al menos nos har\u00e1 sentir que estamos en pleno oto\u00f1o, y no en ese &#8220;<\/span><em style=\"font-size: 12px;\">vero\u00f1o<\/em><span style=\"font-size: 12px;\">&#8221; de la segunda quincena de Octubre. Iremos\u00a0siguiendo\u00a0esta situaci\u00f3n.<\/span><\/span><\/p>\n<p align=\"LEFT\"><span style=\"color: #ffffff;\"><span style=\"font-family: Arial, Helvetica, sans-serif;\"><span>.<\/span><\/span><\/span><\/p>\n<p align=\"CENTER\"><span style=\"color: #808080;\"><span style=\"font-size: 12px;\"><span style=\"font-family: Arial, Helvetica, sans-serif;\">Por Javier Pi\u00f1ero Fuentes &#8211; \u00a9 MeteoBadajoz 2014<\/span><\/span><\/span><\/p>\n<p align=\"CENTER\"><span style=\"color: #808080;\"><span style=\"font-size: 12px;\"><span style=\"font-family: arial, sans-serif;\">meteobadajoz@gmail.com<\/span><\/span><\/span><\/p>\n<p align=\"CENTER\"><strong><span style=\"color: #000000;\"><span style=\"font-size: 12px;\"><span style=\"font-family: Arial, Helvetica, sans-serif;\"><span>Puedes seguir cada situaci\u00f3n a trav\u00e9s de la cuenta de Twitter <\/span><\/span><\/span><\/span><\/strong><strong><a href=\"https:\/\/twitter.com\/MeteoBadajoz\" target=\"_blank\" rel=\"external nofollow\"><span style=\"color: #ff0000;\"><span style=\"font-size: 12px;\"><span style=\"font-family: Arial, Helvetica, sans-serif;\"><span>@MeteoBadajoz<\/span><\/span><\/span><\/span><\/a><\/strong><strong><span style=\"color: #000000;\"><span style=\"font-size: 12px;\"><span style=\"font-family: Arial, Helvetica, sans-serif;\"><span>, o Facebook <\/span><\/span><\/span><\/span><\/strong><strong><a href=\"https:\/\/www.facebook.com\/pages\/MeteoBadajoz\/236436716399890\" target=\"_blank\" rel=\"external nofollow\"><span style=\"color: #ff0000;\"><span style=\"font-size: 12px;\"><span style=\"font-family: Arial, Helvetica, sans-serif;\"><span>MeteoBadajoz<\/span><\/span><\/span><\/span><\/a><\/strong><strong><span style=\"color: #000000;\"><span style=\"font-size: 12px;\"><span style=\"font-family: Arial, Helvetica, sans-serif;\"><span>, donde estar\u00e1s informado en todo momento de c\u00f3mo evolucionan los d\u00edas, as\u00ed como de noticias de inter\u00e9s meteorol\u00f3gico.<\/span><\/span><\/span><\/span><\/strong><\/p>\n<p align=\"CENTER\"><strong><span style=\"color: #000000;\"><span style=\"font-size: 12px;\"><span style=\"font-family: Arial, Helvetica, sans-serif;\"><span><span style=\"text-decoration: underline;\"><strong>Si el art\u00edculo te ha parecido interesante, puedes ayudar a divulgarlo a trav\u00e9s de las redes sociales, con ayuda de los botones para compartir.<\/strong><\/span><\/span><\/span><\/span><\/span><\/strong><\/p>\n<p align=\"CENTER\"><strong><span style=\"color: #000000;\"><span style=\"font-size: 12px;\"><span style=\"font-family: Arial, Helvetica, sans-serif;\"><span>\u00a1\u00a1Gracias y un saludo a los lectores del blog!!<\/span><\/span><\/span><\/span><\/strong><\/p>\n<!-- AddThis Advanced Settings generic via filter on the_content --><!-- AddThis Share Buttons generic via filter on the_content -->","protected":false},"excerpt":{"rendered":"<p>\u00bb Se acab\u00f3 el &#8220;Vero\u00f1o&#8221; de las dos \u00faltimas semanas! Llega a la Pen\u00ednsula Ib\u00e9rica la primera irrupci\u00f3n de aire fr\u00edo de la temporada, junto con una sucesi\u00f3n de frentes atl\u00e1nticos que podr\u00eda abarcar la primera mitad del mes. Situaci\u00f3n prevista para esta primera semana completa de Noviembre 2014, marcada por las lluvias y un [&hellip;]<!-- AddThis Advanced Settings generic via filter on get_the_excerpt --><!-- AddThis Share Buttons generic via filter on get_the_excerpt --><\/p>\n","protected":false},"author":75,"featured_media":0,"comment_status":"open","ping_status":"closed","sticky":false,"template":"","format":"standard","meta":[],"categories":[4,5],"tags":[7,12,15,36,83,90,91,110,117],"_links":{"self":[{"href":"https:\/\/blogs.hoy.es\/meteobadajoz\/wp-json\/wp\/v2\/posts\/682"}],"collection":[{"href":"https:\/\/blogs.hoy.es\/meteobadajoz\/wp-json\/wp\/v2\/posts"}],"about":[{"href":"https:\/\/blogs.hoy.es\/meteobadajoz\/wp-json\/wp\/v2\/types\/post"}],"author":[{"embeddable":true,"href":"https:\/\/blogs.hoy.es\/meteobadajoz\/wp-json\/wp\/v2\/users\/75"}],"replies":[{"embeddable":true,"href":"https:\/\/blogs.hoy.es\/meteobadajoz\/wp-json\/wp\/v2\/comments?post=682"}],"version-history":[{"count":0,"href":"https:\/\/blogs.hoy.es\/meteobadajoz\/wp-json\/wp\/v2\/posts\/682\/revisions"}],"wp:attachment":[{"href":"https:\/\/blogs.hoy.es\/meteobadajoz\/wp-json\/wp\/v2\/media?parent=682"}],"wp:term":[{"taxonomy":"category","embeddable":true,"href":"https:\/\/blogs.hoy.es\/meteobadajoz\/wp-json\/wp\/v2\/categories?post=682"},{"taxonomy":"post_tag","embeddable":true,"href":"https:\/\/blogs.hoy.es\/meteobadajoz\/wp-json\/wp\/v2\/tags?post=682"}],"curies":[{"name":"wp","href":"https:\/\/api.w.org\/{rel}","templated":true}]}}