{"id":685,"date":"2014-11-10T14:07:46","date_gmt":"2014-11-10T12:07:46","guid":{"rendered":"http:\/\/blogs.hoy.es\/meteobadajoz\/?p=685"},"modified":"2014-11-10T14:07:46","modified_gmt":"2014-11-10T12:07:46","slug":"anticiclones-en-el-artico-y-paso-de-borrascas-por-latitudes-medias","status":"publish","type":"post","link":"https:\/\/blogs.hoy.es\/meteobadajoz\/2014\/11\/10\/anticiclones-en-el-artico-y-paso-de-borrascas-por-latitudes-medias\/","title":{"rendered":"Anticiclones en el \u00c1rtico y paso de borrascas por latitudes medias"},"content":{"rendered":"<p align=\"LEFT\"><strong><span style=\"color: #000000;\"><span style=\"font-size: 14px;\"><span style=\"font-family: 'Segoe UI';\">\u00bb<\/span><\/span><span style=\"color: #000000;\"><span style=\"font-size: 13px;\"><span style=\"font-family: 'Segoe UI', sans-serif;\"> Un TEMPORAL ATL\u00c1NTICO nos afectar\u00e1 durante los pr\u00f3ximos 7-10 d\u00edas, con el paso sucesivo de frentes que barrer\u00e1n la pen\u00ednsula dejando lluvias abundantes. Es el comienzo de un patr\u00f3n atmosf\u00e9rico muy inestable que podr\u00eda ir para largo&#8230;<\/span><\/span><\/span><\/span><\/strong><\/p>\n<p style=\"text-align: center;\" align=\"CENTER\"><strong><\/strong><strong><span style=\"color: #000000;\"><span style=\"font-size: 12px;\"><span style=\"font-family: Arial, Helvetica, sans-serif;\"><span><a title=\"Ampliar imagen\" href=\"http:\/\/nsae01.casimages.net\/img\/2014\/11\/10\/141110113308431482.png\" target=\"_blank\" rel=\"external nofollow\"><img loading=\"lazy\" class=\"aligncenter\" title=\"Ampliar imagen\" src=\"\/\/nsae01.casimages.net\/img\/2014\/11\/10\/141110113308431482.png\" alt=\"\" width=\"712\" height=\"410\" \/><\/a>Esquema de la situaci\u00f3n para los pr\u00f3ximos 7-10 d\u00edas en el entorno del Atl\u00e1ntico Norte &#8211; \u00a9 MeteoBadajoz<\/span><\/span><\/span><\/span><\/strong><\/p>\n<p align=\"LEFT\"><span style=\"color: #000000;\"><span style=\"font-size: 12px;\"><span style=\"font-family: Arial, Helvetica, sans-serif;\"><span><strong>Lunes 10 de Noviembre 2014.<\/strong><\/span><\/span><\/span><span style=\"color: #000000;\"><span style=\"font-size: 12px;\"><span style=\"font-family: Arial, Helvetica, sans-serif;\"><span> La primera semana completa de noviembre nos dej\u00f3 el paso de algunos frentes atl\u00e1nticos, y esta segunda que comenzamos parece que seguir\u00e1 en la misma l\u00ednea. <strong>La semana ser\u00e1 lluviosa<\/strong>, sobre todo en el oeste peninsular, donde las lluvias ser\u00e1n abundantes debido a la entrada de al menos tres frentes; en 5-7 d\u00edas se espera recoger\u00a0<strong>70-80 litros\/m2<\/strong> en zonas del oeste, e incluso m\u00e1s de <strong>100-150 litros\/m2<\/strong> en zonas bien orientadas.<!--more--><\/span><\/span><\/span><\/span><\/span><\/p>\n<p align=\"LEFT\"><span style=\"color: #000000;\"><span style=\"font-size: 12px;\"><span style=\"font-family: Arial, Helvetica, sans-serif;\"><span>Pero lo m\u00e1s destacable a medio plazo es que esta situaci\u00f3n parece que <strong>podr\u00eda durar bastante<\/strong>, ya que los modelos vienen mostrando cambios muy significativos en latitudes altas que provocar\u00edan cambios muy relevantes en las latitudes medias de nuestro hemisferio. Esos cambios, b\u00e1sicamente, consistir\u00edan en la formaci\u00f3n de\u00a0<strong>anticiclones de bloqueo<\/strong> en zonas clave (como Groenlandia, norte de Canad\u00e1-Alaska o en Escandinavia), as\u00ed como en zonas muy cercanas o sobre el mismo \u00c1rtico.<\/span><\/span><\/span><\/span><\/p>\n<p align=\"LEFT\"><span style=\"color: #000000;\"><span style=\"font-size: 12px;\"><span style=\"font-family: Arial, Helvetica, sans-serif;\"><span>Los efectos m\u00e1s directos ser\u00edan en forma de marcadas irrupciones polares hacia latitudes medias y, en el caso del Atl\u00e1ntico y Europa, <strong>el descenso en latitud del paso de borrascas<\/strong>, estableci\u00e9ndose una configuraci\u00f3n atmosf\u00e9rica para la Pen\u00ednsula Ib\u00e9rica marcada por el acercamiento de varias borrascas, y la <strong>entrada sucesiva de frentes<\/strong> desde el oeste.<\/span><\/span><\/span><\/span><\/p>\n<p align=\"LEFT\"><span style=\"color: #000000;\"><span style=\"font-size: 12px;\"><span style=\"font-family: Arial, Helvetica, sans-serif;\"><span>Esa an\u00f3mala configuraci\u00f3n en torno al \u00c1rtico, provocar\u00e1 una inevitable evacuaci\u00f3n del aire fr\u00edo \u00e1rtico, que ya notar\u00e1n en los pr\u00f3ximos d\u00edas principalmente hacia Norteam\u00e9rica y Asia.<\/span><\/span><\/span><\/span><\/p>\n<p style=\"text-align: center;\" align=\"CENTER\"><span style=\"color: #000000;\"><span style=\"font-size: 12px;\"><span style=\"font-family: Arial, Helvetica, sans-serif;\"><span><strong><a title=\"Ampliar imagen\" href=\"http:\/\/nsae01.casimages.net\/img\/2014\/11\/09\/141109062929111532.png\" target=\"_blank\" rel=\"external nofollow\"><img loading=\"lazy\" class=\"aligncenter\" title=\"Ampliar imagen\" src=\"\/\/nsae01.casimages.net\/img\/2014\/11\/09\/141109062929111532.png\" alt=\"\" width=\"695\" height=\"258\" \/><\/a>Comparaci\u00f3n de anomal\u00edas de temperatura a 2m prevista el 14 de Nov. en Norteam\u00e9rica y Europa \u2013 Modelo GFS<\/strong><\/span><\/span><\/span><\/span><\/p>\n<p align=\"LEFT\"><span style=\"color: #000000;\"><span style=\"font-size: 12px;\"><span style=\"font-family: Arial, Helvetica, sans-serif;\"><span>Como pod\u00e9is ver en los mapas superiores, a Canad\u00e1 y EE.UU ya les espera <strong>la primera gran invasi\u00f3n \u00e1rtica de la temporada<\/strong> (mapa de la izquierda), y eso que apenas estamos a\u00fan en noviembre&#8230; Por contra, en Europa (mapa de la derecha) cabe esperar una situaci\u00f3n muy parecida a la de estos \u00faltimos d\u00edas; <strong>tiempo inestable<\/strong> por todo el oeste del continente y <strong>ambiente por lo general muy suave<\/strong> (lo t\u00edpico de un temporal atl\u00e1ntico).<\/span><\/span><\/span><\/span><\/p>\n<p align=\"LEFT\"><span style=\"color: #ffffff;\">.<\/span><\/p>\n<p align=\"LEFT\"><span style=\"text-decoration: underline;\"><strong><span style=\"color: #000000;\"><span style=\"font-size: 17px;\"><span style=\"font-family: Arial, Helvetica, sans-serif;\">&#8211; Lo m\u00e1s inmediato: la situaci\u00f3n para esta semana \u00a0<\/span><\/span><\/span><\/strong><\/span><\/p>\n<p align=\"LEFT\"><span style=\"color: #000000;\"><span style=\"font-size: 12px;\"><span style=\"font-family: Arial, Helvetica, sans-serif;\"><span>La situaci\u00f3n en Europa seguir\u00e1 siendo aproximadamente la misma que en los \u00faltimos d\u00edas: encontraremos una marcada anomal\u00eda positiva de temperatura en gran parte del continente (menos fr\u00edo de lo normal), as\u00ed que <\/span><\/span><\/span><span style=\"color: #000000;\"><span style=\"font-size: 12px;\"><span style=\"font-family: Arial, Helvetica, sans-serif;\"><span>de momento seguimos sin poder hablar de fr\u00edo o nevadas en cotas bajas, sino de lluvias y temperaturas suaves (nieve s\u00ed, pero en <strong>zonas altas de monta\u00f1a<\/strong>).<\/span><\/span><\/span><\/span><\/span><\/p>\n<p style=\"text-align: center;\" align=\"CENTER\"><span style=\"color: #000000;\"><span style=\"font-size: 12px;\"><span style=\"font-family: Arial, Helvetica, sans-serif;\"><span><strong><img loading=\"lazy\" class=\"aligncenter\" src=\"\/\/nsae01.casimages.net\/img\/2014\/11\/09\/141109071408117979.gif\" alt=\"\" width=\"682\" height=\"488\" \/>Evoluci\u00f3n del Chorro Polar entre Norteam\u00e9rica y Europa del 10 al 16 de Noviembre 2014 \u2013 Modelo GFS<\/strong><\/span><\/span><\/span><\/span><\/p>\n<p align=\"LEFT\"><span style=\"color: #000000;\"><span style=\"font-size: 12px;\"><span style=\"font-family: Arial, Helvetica, sans-serif;\"><span>Pero lo m\u00e1s destacable es lo que vemos en el mapa superior: el comportamiento del Chorro Polar durante esta semana, que estar\u00e1 marcado por una circulaci\u00f3n\u00a0<strong>poco ondulada<\/strong>, con vientos de oeste-este de gran recorrido mar\u00edtimo y en latitudes no demasiado altas, o lo que conocemos en meteorolog\u00eda como &#8220;<em>circulaci\u00f3n zonal a baja latitud<\/em>&#8220;. El Chorro Polar, como sab\u00e9is, es uno de los elementos m\u00e1s importantes que reina en la circulaci\u00f3n general en la Troposfera.<\/span><\/span><\/span><\/span><\/p>\n<p align=\"LEFT\"><span style=\"color: #000000;\"><span style=\"font-size: 12px;\"><span style=\"font-family: Arial, Helvetica, sans-serif;\"><span>Es ese r\u00edo de viento a unos 10-12 km\/h de altura el que se encarga de traernos un determinado tiempo u otro, dividiendo dos grandes masas de aire muy bien diferenciadas; la c\u00e1lida subtropical (al sur), de la fr\u00eda polar (al norte).<\/span><\/span><\/span><\/span><\/p>\n<p align=\"LEFT\"><span style=\"color: #000000;\"><span style=\"font-size: 12px;\"><span style=\"font-family: Arial, Helvetica, sans-serif;\"><span>En el caso de los pr\u00f3ximos d\u00edas, el Chorro Polar viene desde Norteam\u00e9rica y apunta <strong>directamente hacia el suroeste de Europa<\/strong> (hacia Espa\u00f1a), haciendo que las borrascas y sus frentes <strong>viajen directamente desde Norteam\u00e9rica hacia la Pen\u00ednsula Ib\u00e9rica<\/strong>.<\/span><\/span><\/span><\/span><\/p>\n<p style=\"text-align: center;\" align=\"CENTER\"><span style=\"color: #000000;\"><span style=\"font-size: 12px;\"><span style=\"font-family: Arial, Helvetica, sans-serif;\"><span><strong><a title=\"Ampliar imagen\" href=\"http:\/\/nsae01.casimages.net\/img\/2014\/11\/09\/141109074208606914.png\" target=\"_blank\" rel=\"external nofollow\"><img loading=\"lazy\" class=\"aligncenter\" title=\"Ampliar imagen\" src=\"\/\/nsae01.casimages.net\/img\/2014\/11\/09\/141109074208606914.png\" alt=\"\" width=\"717\" height=\"391\" \/><\/a>Acumulados totales de lluvia del 09 al 17 de Noviembre 2014 &#8211; Modelo GFS<\/strong><\/span><\/span><\/span><\/span><\/p>\n<p align=\"LEFT\"><span style=\"color: #000000;\"><span style=\"font-size: 12px;\"><span style=\"font-family: Arial, Helvetica, sans-serif;\"><span>Arriba pod\u00e9is ver el mapa de acumulaci\u00f3n total de lluvia desde la actualidad, hasta pr\u00e1cticamente la semana que viene. Como se puede observar en la forma de esas trazas de precipitaci\u00f3n, el recorrido de las borrascas y sus frentes asociados es <strong>casi lineal a trav\u00e9s del Atl\u00e1ntico<\/strong> hasta la pen\u00ednsula y buena parte del oeste de Europa.<\/span><\/span><\/span><\/span><\/p>\n<p align=\"LEFT\"><span style=\"color: #000000;\"><span style=\"font-size: 12px;\"><span style=\"font-family: Arial, Helvetica, sans-serif;\"><span>Ese hueco que vemos en mitad del Atl\u00e1ntico corresponde a la posici\u00f3n aproximada del anticicl\u00f3n de las Azores, que estar\u00e1 muy debilitado y retirado al sur. Con esta situaci\u00f3n, es evidente pensar que <strong>nos esperan varios d\u00edas de tiempo muy inestable y h\u00famedo<\/strong>.<\/span><\/span><\/span><\/span><\/p>\n<p align=\"LEFT\"><span style=\"color: #000000;\"><span style=\"font-size: 12px;\"><span style=\"font-family: Arial, Helvetica, sans-serif;\"><span>Es una configuraci\u00f3n muy interesante, ya que adem\u00e1s de tener el acercamiento de borrascas fr\u00edas desde la zona norte de Canad\u00e1, tambi\u00e9n podr\u00edamos tener la llegada de borrascas desde latitudes relativamente bajas, que arrastren un <strong>gran contenido de humedad tropical<\/strong>, haciendo que los frentes sean <strong>muy activos en cuanto a precipitaci\u00f3n<\/strong>, por esa raz\u00f3n creo que durante los pr\u00f3ximos d\u00edas deber\u00edamos tener precauci\u00f3n ante posibles inundaciones, sobre todo si finalmente esta situaci\u00f3n se acaba alargando tanto como prev\u00e9n ahora los modelos.<\/span><\/span><\/span><\/span><\/p>\n<p align=\"LEFT\"><span style=\"color: #000000;\"><span style=\"font-size: 12px;\"><span style=\"font-family: Arial, Helvetica, sans-serif;\"><span>En el mapa superior se ha analizado c\u00f3mo ser\u00eda, a grandes rasgos, la situaci\u00f3n descrita en el p\u00e1rrafo anterior.<\/span><\/span><\/span><\/span><\/p>\n<p align=\"LEFT\"><span style=\"color: #ffffff;\">.<\/span><\/p>\n<p align=\"LEFT\"><span style=\"text-decoration: underline;\"><span style=\"color: #000000;\"><span style=\"font-size: 17px;\"><span style=\"font-family: Arial, Helvetica, sans-serif;\"><span style=\"font-size: medium;\"><strong>&#8211; Importantes bloqueos en latitudes altas a medio plazo \u00a0<\/strong><\/span><\/span><\/span><\/span><\/span><\/p>\n<p style=\"text-align: center;\" align=\"CENTER\"><span style=\"color: #000000;\"><span style=\"font-size: 12px;\"><span style=\"font-family: Arial, Helvetica, sans-serif;\"><span><strong><a title=\"Ampliar imagen\" href=\"http:\/\/nsae01.casimages.net\/img\/2014\/11\/10\/14111001300748152.png\" target=\"_blank\" rel=\"external nofollow\"><img loading=\"lazy\" class=\"aligncenter\" title=\"Ampliar imagen\" src=\"\/\/nsae01.casimages.net\/img\/2014\/11\/10\/14111001300748152.png\" alt=\"\" width=\"687\" height=\"421\" \/><\/a>Anomal\u00eda de altura geopotencial en 500 hPa \u2013 Ensemble del IFS\/ECMWF<\/strong><\/span><\/span><\/span><\/span><\/p>\n<p align=\"LEFT\"><span style=\"color: #000000;\"><span style=\"font-size: 12px;\"><span style=\"font-family: Arial, Helvetica, sans-serif;\"><span>Como se dec\u00eda al inicio de este post, los cambios a medio plazo <strong>pueden ser m\u00e1s importantes<\/strong>, y con consecuencias muy parecidas a las que ya estamos teniendo (y tendremos) en Europa occidental; paso de borrascas por latitudes bajas, debido a la presencia de bloqueos anticicl\u00f3nicos en zonas clave.<\/span><\/span><\/span><\/span><\/p>\n<p align=\"LEFT\"><span style=\"color: #000000;\"><span style=\"font-size: 12px;\"><span style=\"font-family: Arial, Helvetica, sans-serif;\"><span>En el mapa superior est\u00e1n representadas las anomal\u00edas de altura geopotencial en 500 hPa a medio plazo, cogiendo una perspectiva de todo el Hemisferio Norte. Para aquellos que no est\u00e9n muy metidos en \u00e9sto, b\u00e1sicamente lo que nos dice el mapa es lo comentado antes: en colores rojizos vemos las zonas de alta presi\u00f3n (anticiclones) que <strong>bloquean la circulaci\u00f3n habitual de borrascas por latitudes altas<\/strong>.<\/span><\/span><\/span><\/span><\/p>\n<p align=\"LEFT\"><span style=\"color: #000000;\"><span style=\"font-size: 12px;\"><span style=\"font-family: Arial, Helvetica, sans-serif;\"><span>Esas anomal\u00edas positivas de presi\u00f3n aparecen en varias zonas cercanas al \u00c1rtico, concretamente hacia Escandinavia (al norte de Europa), uniendo con Groenlandia, e incluso con el mismo \u00c1rtico y zona de Alaska. Es un aut\u00e9ntico <strong>cintur\u00f3n de altas presiones<\/strong>, con aire c\u00e1lido en niveles medios y altos que da persistencia a esos bloqueos. M\u00e1s al sur, situaci\u00f3n contraria, con anomal\u00eda negativa de presi\u00f3n (bajas presiones), y esas l\u00edneas de trazo negro que apenas tienen ondulaci\u00f3n, nos est\u00e1 indicando ese <strong>patr\u00f3n zonal a media-baja latitud<\/strong>.<\/span><\/span><\/span><\/span><\/p>\n<p align=\"LEFT\"><span><span><span><span style=\"font-family: Arial, Helvetica, sans-serif;\"><span style=\"font-size: 12px;\">Cabe destacar que el mapa de arriba no es de una salida cualquiera (lo que llamar\u00edamos una <\/span><\/span><em style=\"color: #000000; font-family: Arial, Helvetica, sans-serif; font-size: 12px;\">salida determinista<\/em><span style=\"font-family: Arial, Helvetica, sans-serif;\"><span style=\"font-size: 12px;\">), sino que se trata del <\/span><\/span><em style=\"color: #000000; font-family: Arial, Helvetica, sans-serif; font-size: 12px;\">ensemble<\/em><span style=\"font-family: Arial, Helvetica, sans-serif;\"><span style=\"font-size: 12px;\"> del modelo europeo. La predicci\u00f3n <\/span><\/span><em style=\"color: #000000; font-family: Arial, Helvetica, sans-serif; font-size: 12px;\">ensemble<\/em><span style=\"font-family: Arial, Helvetica, sans-serif;\"><span style=\"font-size: 12px;\"> es <\/span><\/span><strong style=\"color: #000000; font-family: Arial, Helvetica, sans-serif; font-size: 12px;\">la media de todos los escenarios calculados por el modelo<\/strong><span style=\"font-family: Arial, Helvetica, sans-serif;\"><span style=\"font-size: 12px;\">, es decir; de todos los escenarios, la mayor\u00eda apuestan por la formaci\u00f3n de estos bloqueos en torno al \u00c1rtico, lo cual nos aporta una mayor confianza para creer que finalmente estas predicciones podr\u00edan cumplirse\u00a0aunque,\u00a0obviamente, en meteorolog\u00eda <\/span><\/span><strong style=\"color: #000000; font-family: Arial, Helvetica, sans-serif; font-size: 12px;\">nunca<\/strong><span style=\"font-family: Arial, Helvetica, sans-serif;\"><span style=\"font-size: 12px;\"> podemos estar seguros, pero ya es algo a favor.<\/span><\/span><\/span><\/span><\/span><\/p>\n<p align=\"LEFT\"><span style=\"color: #ffffff;\">.<\/span><\/p>\n<p align=\"LEFT\"><span style=\"text-decoration: underline;\"><span style=\"color: #000000;\"><span style=\"font-size: 17px;\"><span style=\"font-family: Arial, Helvetica, sans-serif;\"><span style=\"font-size: medium;\"><strong>&#8211; La rareza de la situaci\u00f3n prevista a medio plazo \u00a0<\/strong><\/span><\/span><\/span><\/span><\/span><\/p>\n<p style=\"text-align: center;\" align=\"CENTER\"><span style=\"color: #000000;\"><span style=\"font-size: 12px;\"><span style=\"font-family: Arial, Helvetica, sans-serif;\"><span><strong><a title=\"Ampliar imagen\" href=\"http:\/\/nsae01.casimages.net\/img\/2014\/11\/09\/141109082415589657.png\" target=\"_blank\" rel=\"external nofollow\"><img loading=\"lazy\" class=\"aligncenter\" title=\"Ampliar imagen\" src=\"\/\/nsae01.casimages.net\/img\/2014\/11\/09\/141109082415589657.png\" alt=\"\" width=\"691\" height=\"420\" \/><\/a>Anomal\u00eda de temperaturas a 850 hPa en Norteam\u00e9rica-entorno del \u00c1rtico \u2013 IFS\/ECMWF<\/strong><\/span><\/span><\/span><\/span><\/p>\n<p align=\"LEFT\"><span style=\"color: #000000;\"><span style=\"font-size: 12px;\"><span style=\"font-family: Arial, Helvetica, sans-serif;\"><span>Una de las cosas m\u00e1s llamativas de estos cambios no s\u00f3lo es el hecho de que el \u00c1rtico vaya a ser tomado por anticiclones y aire algo m\u00e1s c\u00e1lido a trav\u00e9s del oeste de Norteam\u00e9rica y Alaska, sino que en la \u00e9poca del a\u00f1o en la que estamos, <strong>no toca<\/strong> todav\u00eda la formaci\u00f3n de esos enormes bloqueos en latitudes altas!<\/span><\/span><\/span><\/span><\/p>\n<p align=\"LEFT\"><span style=\"color: #000000;\"><span style=\"font-size: 12px;\"><span style=\"font-family: Arial, Helvetica, sans-serif;\"><span>En los dos mapas superiores (ya s\u00ed de una <em>salida determinista<\/em>) se puede observar con claridad las <strong>enormes anomal\u00edas positivas de temperatura (+20\/+24\u00baC)<\/strong> en determinadas zonas, si finalmente se cumplen estas predicciones. El color rojo-rosado nos da una idea de lo an\u00f3malo que ser\u00eda la intrusi\u00f3n c\u00e1lida prevista hacia el \u00c1rtico a trav\u00e9s de Alaska, que har\u00e1 evacuar el aire fr\u00edo \u00e1rtico a latitudes medias (en este caso hacia Norteam\u00e9rica y Asia principalmente).<\/span><\/span><\/span><\/span><\/p>\n<p align=\"LEFT\"><span style=\"color: #000000;\"><span style=\"font-size: 12px;\"><span style=\"font-family: Arial, Helvetica, sans-serif;\"><span>Marcadas anomal\u00edas no&#8230; marcad\u00edsimas <strong>anomal\u00edas negativas de temperatura<\/strong> en Norteam\u00e9rica, con -16\/-20\u00baC de anomal\u00eda (much\u00edsimo m\u00e1s fr\u00edo de lo normal), en contraste con las marcad\u00edsimas anomal\u00edas positivas de temperatura en zonas de Alaska y noroeste de Canad\u00e1, as\u00ed como en muchas zonas cercanas al \u00c1rtico.<\/span><\/span><\/span><\/span><\/p>\n<p style=\"text-align: center;\" align=\"CENTER\"><span style=\"color: #000000;\"><span style=\"font-size: 12px;\"><span style=\"font-family: Arial, Helvetica, sans-serif;\"><span><strong><a title=\"Ampliar imagen\" href=\"http:\/\/nsae01.casimages.net\/img\/2014\/11\/09\/141109082541969776.png\" target=\"_blank\" rel=\"external nofollow\"><img loading=\"lazy\" class=\"aligncenter\" title=\"Ampliar imagen\" src=\"\/\/nsae01.casimages.net\/img\/2014\/11\/09\/141109082541969776.png\" alt=\"\" width=\"614\" height=\"406\" \/><\/a>Anomal\u00eda de temperaturas a 850 hPa en Europa \u2013 IFS\/ECMWF<\/strong><\/span><\/span><\/span><\/span><\/p>\n<p align=\"LEFT\"><span style=\"color: #000000;\"><span style=\"font-size: 12px;\"><span style=\"font-family: Arial, Helvetica, sans-serif;\"><span>Al oeste de Europa nos llegar\u00edan parte de esas irrupciones de aire fr\u00edo de Norteam\u00e9rica, que verter\u00edan hacia el Atl\u00e1ntico Norte, pero aunque nos lleguen masas de aire m\u00e1s fr\u00edas en niveles medios de la Troposfera (que provocar\u00e1 d\u00edas puntuales algo m\u00e1s frescos), en superficie ganar\u00eda la batalla la <strong>masa de aire mar\u00edtimo-tropical<\/strong> que arrastrar\u00e1 en las capas m\u00e1s bajas ese flujo de oestes a trav\u00e9s del Atl\u00e1ntico; de ah\u00ed que las temperaturas en superficie al final acaben siendo m\u00e1s suaves.<\/span><\/span><\/span><\/span><\/p>\n<p align=\"LEFT\"><span style=\"color: #000000;\"><span style=\"font-size: 12px;\"><span style=\"font-family: Arial, Helvetica, sans-serif;\"><span>Aunque insisto, eso no quita que tras el paso de los frentes se impongan situaciones de noroeste, que hagan bajar algo m\u00e1s las temperaturas, pero no demasiado.<\/span><\/span><\/span><\/span><\/p>\n<p align=\"LEFT\"><span style=\"color: #ffffff;\">.<\/span><\/p>\n<p align=\"LEFT\"><span style=\"text-decoration: underline;\"><span style=\"color: #000000;\"><span style=\"font-size: 17px;\"><span style=\"font-family: Arial, Helvetica, sans-serif;\"><span style=\"font-size: medium;\"><strong>&#8211; Indices <em>AO<\/em> y <em>NAO<\/em> en clara tendencia negativa \u00a0<\/strong><\/span><\/span><\/span><\/span><\/span><\/p>\n<p style=\"text-align: center;\" align=\"CENTER\"><span style=\"color: #000000;\"><span style=\"font-size: 12px;\"><span style=\"font-family: Arial, Helvetica, sans-serif;\"><span><strong><a title=\"Ampliar imagen\" href=\"http:\/\/nsae01.casimages.net\/img\/2014\/11\/09\/141109082711486574.png\" target=\"_blank\" rel=\"external nofollow\"><img loading=\"lazy\" class=\"aligncenter\" title=\"Ampliar imagen\" src=\"\/\/nsae01.casimages.net\/img\/2014\/11\/09\/141109082711486574.png\" alt=\"\" width=\"564\" height=\"429\" \/><\/a>Evolcui\u00f3n de los \u00ednides AO y NAO a corto-medio plazo \u2013 Ensemble del GFS<\/strong><\/span><\/span><\/span><\/span><\/p>\n<p align=\"LEFT\"><span style=\"color: #000000;\"><span style=\"font-size: 12px;\"><span style=\"font-family: Arial, Helvetica, sans-serif;\"><span>Estos cambios tan importantes tambi\u00e9n los empezamos a ver en las predicciones de los \u00edndices AO y NAO. Obviamente, si tendremos altas presiones en latitudes altas, y bajas presiones en latitudes medias-bajas, el \u00edndice <strong>AO<\/strong> (\u201c<strong>A<\/strong>rtic\u00a0<strong>O<\/strong>scillation\u201d \u2013 Oscilaci\u00f3n del \u00c1rtico), que mide la diferencia de presi\u00f3n entre latitudes medias-altas, tomar\u00e1 <strong>valores negativos<\/strong> en los pr\u00f3ximos d\u00edas, como se ve en el primer gr\u00e1fico de la imagen superior.<\/span><\/span><\/span><\/span><\/p>\n<p align=\"LEFT\"><span style=\"color: #000000;\"><span style=\"font-size: 12px;\"><span style=\"font-family: Arial, Helvetica, sans-serif;\">Por otro lado, el \u00edndice <strong>NAO<\/strong> (\u201c<em><strong>N<\/strong><\/em><em>orth\u00a0<\/em><em><strong>A<\/strong><\/em><em>tlantic\u00a0<\/em><em><strong>O<\/strong><\/em><em>scillation<\/em>\u201d \u2013\u00a0<em>Oscilaci\u00f3n del Atl\u00e1ntico Norte<\/em>),\u00a0<a href=\"https:\/\/blogs.hoy.es\/meteobadajoz\/2012\/12\/18\/el-indice-nao\/#.VGCf5fmG880\" target=\"_blank\">que mide la diferencia de presi\u00f3n entre Azores-Islandia<\/a>, tambi\u00e9n <strong>apunta a la baja<\/strong>, aunque de momento no de una forma tan marcada como el \u00edndice anterior. En cualquier caso, la bajada m\u00e1s pr\u00f3xima de estos \u00edndices atiende a la situaci\u00f3n de los inmediatos d\u00edas, porque si finalmente aparecen esos bloqueos en latitudes altas, la fase negativa de estos dos \u00edndices tendr\u00eda continuidad en las pr\u00f3ximas semanas.<\/span><\/span><\/span><\/p>\n<p align=\"LEFT\"><span style=\"color: #ffffff;\">.<\/span><\/p>\n<p align=\"LEFT\"><span style=\"text-decoration: underline;\"><span style=\"color: #000000;\"><span style=\"font-size: 17px;\"><span style=\"font-family: Arial, Helvetica, sans-serif;\"><span style=\"font-size: medium;\"><strong>&#8211; Fr\u00edo y nevadas muy tempranas en Estados Unidos, y calor de r\u00e9cord en Europa occidental en la \u00faltima semana de Octubre 2014\u00a0<\/strong><\/span><\/span><\/span><\/span><\/span><\/p>\n<p align=\"CENTER\"><span style=\"color: #000000;\"><span style=\"font-size: 12px;\"><span style=\"font-family: Arial, Helvetica, sans-serif;\"><span><strong><img loading=\"lazy\" class=\"aligncenter\" src=\"\/\/nsae01.casimages.net\/img\/2014\/11\/09\/141109093535263291.png\" alt=\"\" width=\"576\" height=\"381\" \/>Nevadas en el este de Estados Unidos (en Columbia, Carolina del Sur, a unos 90 m sobre el nivel del mar) \u2013 @thekendog10<\/strong><\/span><\/span><\/span><\/span><\/p>\n<p align=\"LEFT\"><span style=\"color: #000000;\"><span style=\"font-size: 12px;\"><span style=\"font-family: Arial, Helvetica, sans-serif;\">Todos hemos visto <a href=\"http:\/\/www.aemet.es\/es\/noticias\/2014\/11\/climaticooctubre2014\" target=\"_blank\" rel=\"external nofollow\">lo an\u00f3malo que ha sido el pasado mes de octubre en Espa\u00f1a<\/a> en cuanto a las <strong>c\u00e1lidas temperaturas que hemos registrado<\/strong>, convirti\u00e9ndose en <strong>el octubre m\u00e1s c\u00e1lido desde que se tienen datos<\/strong>, con una temperatura media que ha superado en +3.3\u00baC al valor normal del mes.<\/span><\/span><\/span><\/p>\n<p align=\"LEFT\"><span style=\"color: #000000;\"><span style=\"font-size: 12px;\"><span style=\"font-family: Arial, Helvetica, sans-serif;\"><span>Especialmente en recta final de octubre cayeron muchos r\u00e9cords en Espa\u00f1a (tanto de temperaturas m\u00e1ximas, como de temperaturas m\u00ednimas), pero tambi\u00e9n en Francia, el Reino Unido, y hasta en Noruega, donde la dorsal norteafricana que nos afectaba a todos, llegaba hasta esas altas latitudes del continente.<\/span><\/span><\/span><\/span><\/p>\n<p align=\"LEFT\"><span style=\"color: #000000;\"><span style=\"font-size: 12px;\"><span style=\"font-family: Arial, Helvetica, sans-serif;\"><span>Ese fue el panorama que nos dej\u00f3 en Europa, pero cuando uno se entera de que en Estados Unidos, m\u00e1s o menos esos mismos d\u00edas, <strong>se batieron r\u00e9cords por una situaci\u00f3n totalmente opuesta<\/strong>, da mucho que pensar sobre los cambios que estamos notando a nivel mundial en los \u00faltimos a\u00f1os&#8230;<\/span><\/span><\/span><\/span><\/p>\n<p align=\"LEFT\"><span style=\"color: #000000;\"><span style=\"font-size: 12px;\"><span style=\"font-family: Arial, Helvetica, sans-serif;\"><span>Como digo, en Estados Unidos tuvieron una irrupci\u00f3n polar que dej\u00f3 temperaturas m\u00ednimas r\u00e9cord en los estados del sur y sureste, as\u00ed como varios r\u00e9cords de espesor de nieve a alturas no demasiado elevadas precisamente. Es normal que ya haya nevadas en cotas medias-altas por ejemplo en los Apalaches (sistema monta\u00f1oso que recorre todo el este de EE.UU.), pero lo llamativo ha sido que las nevadas <strong>han ido m\u00e1s all\u00e1 de las zonas altas de sierra<\/strong>.<\/span><\/span><\/span><\/span><\/p>\n<p align=\"LEFT\"><span style=\"color: #ffffff;\">.<\/span><\/p>\n<p align=\"LEFT\"><span style=\"text-decoration: underline;\"><span style=\"color: #000000;\"><span style=\"font-size: 17px;\"><span style=\"font-family: Arial, Helvetica, sans-serif;\"><span style=\"font-size: medium;\"><strong>&#8211; \u00bfPosible relaci\u00f3n con el comportamiento del <em>V\u00f3rtice Polar Estratosf\u00e9rico<\/em> a inicios de este oto\u00f1o? \u00a0<\/strong><\/span><\/span><\/span><\/span><\/span><\/p>\n<p style=\"text-align: center;\" align=\"CENTER\"><span style=\"color: #000000;\"><span style=\"font-size: 12px;\"><span style=\"font-family: Arial, Helvetica, sans-serif;\"><span><strong><a title=\"Ampliar imagen\" href=\"http:\/\/nsae01.casimages.net\/img\/2014\/11\/09\/141109091249624736.png\" target=\"_blank\" rel=\"external nofollow\"><img loading=\"lazy\" class=\"aligncenter\" title=\"Ampliar imagen\" src=\"\/\/nsae01.casimages.net\/img\/2014\/11\/09\/141109091249624736.png\" alt=\"\" width=\"667\" height=\"478\" \/><\/a>Temperaturas a una altura de 10 hPa a inicios de Noviembre 2014 \u2013 Modelo GFS<\/strong><\/span><\/span><\/span><\/span><\/p>\n<p align=\"LEFT\"><span style=\"color: #000000;\"><span style=\"font-size: 12px;\"><span style=\"font-family: Arial, Helvetica, sans-serif;\"><span>Esta rara situaci\u00f3n podr\u00eda estar estimulada por el comportamiento -un tanto an\u00f3malo- del V\u00f3rtice Polar Estratosf\u00e9rico en las \u00faltimas semanas. El <em>V\u00f3rtice Polar <\/em>(VPE), esa enorme masa de aire fr\u00edo que habitualmente gira sobre la vertical del Polo, <strong>ha estado algo desplazado durante el inicio de este oto\u00f1o<\/strong> (situaci\u00f3n representada en el mapa superior), debido a la presencia de ligeros calentamientos en la Estratosfera, por la zona oriental de Asia, que incluso se extendi\u00f3 hasta zonas del Norteam\u00e9rica.<\/span><\/span><\/span><\/span><\/p>\n<p align=\"LEFT\"><span style=\"color: #000000;\"><span style=\"font-size: 12px;\"><span style=\"font-family: Arial, Helvetica, sans-serif;\">El a\u00f1o pasado en este mismo blog <a href=\"https:\/\/blogs.hoy.es\/meteobadajoz\/2014\/01\/15\/toda-la-verdad-sobre-la-ola-de-frio-en-norteamerica-el-vortice-polar-y-los-errores-conceptuales-en-los-medios-de-comunicacion\/\" target=\"_blank\">se hizo un extenso an\u00e1lisis de lo sucedido en Norteam\u00e9rica el pasado invierno y su relaci\u00f3n con el V\u00f3rtice Polar Estratosf\u00e9rico<\/a>. A muchos lectores muy probablemente todo \u00e9sto les sonar\u00e1 a chino, pero eso recomendar\u00eda leer aquel art\u00edculo para entender todas estas relaciones que se establecen entre los <em>Calentamientos S\u00fabitos Estratosf\u00e9ricos<\/em> (CSE) y sus posibles consecuencias en la Troposfera.<\/span><\/span><\/span><\/p>\n<p align=\"LEFT\"><span style=\"color: #000000;\"><span style=\"font-size: 12px;\"><span style=\"font-family: Arial, Helvetica, sans-serif;\"><span>Y, c\u00f3mo no, s\u00f3lo unas semanas del invierno, profesionales y aficionados a la meteorolog\u00eda invernal estamos ya muy pendientes de si este a\u00f1o se produce o no alguno de esos intensos calentamientos en la Estratosfera, y a medio-largo plazo, parece que s\u00ed!<\/span><\/span><\/span><\/span><\/p>\n<p style=\"text-align: center;\" align=\"LEFT\"><span style=\"color: #000000;\"><span style=\"font-size: 12px;\"><span style=\"font-family: Arial, Helvetica, sans-serif;\"><span><strong><a title=\"Ampliar imagen\" href=\"http:\/\/nsae01.casimages.net\/img\/2014\/11\/09\/141109091530859546.png\" target=\"_blank\" rel=\"external nofollow\"><img loading=\"lazy\" class=\"aligncenter\" title=\"Ampliar imagen\" src=\"\/\/nsae01.casimages.net\/img\/2014\/11\/09\/141109091530859546.png\" alt=\"\" width=\"667\" height=\"478\" \/><\/a>Temperaturas a una altura de 10 hPa hacia el 20 de Noviembre 2014 \u2013 Modelo GFS<\/strong><\/span><\/span><\/span><\/span><\/p>\n<p align=\"LEFT\"><span style=\"color: #000000;\"><span style=\"font-size: 12px;\"><span style=\"font-family: Arial, Helvetica, sans-serif;\"><span><strong><\/strong>De momento, y tras el leve calentamiento de la Estratosfera comentado antes a inicios del oto\u00f1o, a medio-largo plazo los grandes modelos parecen contemplar otro posible CSE en la segunda mitad de noviembre, m\u00e1s intenso que el \u00faltimo. Si finalmente se alarga demasiado, quiz\u00e1s acabar\u00eda siendo de cara a diciembre (como suele pasar), aunque para ello todav\u00eda hay que seguir esperando.<\/span><\/span><\/span><\/span><\/p>\n<p align=\"LEFT\"><span style=\"color: #000000;\"><span style=\"font-size: 12px;\"><span style=\"font-family: Arial, Helvetica, sans-serif;\"><span>-En definitiva, y resumiendo todo lo que os he contado anteriormente: la situaci\u00f3n a nivel general <strong>se pone m\u00e1s que interesante<\/strong> ya durante estos inmediatos d\u00edas, con esta semana que comenzamos de tiempo inestable, lluvioso y templado, con entrada de varios frentes que <strong>podr\u00e1n ser bastante activos<\/strong>.<\/span><\/span><\/span><\/span><\/p>\n<p align=\"LEFT\"><span style=\"color: #000000;\"><span style=\"font-size: 12px;\"><span style=\"font-family: Arial, Helvetica, sans-serif;\"><span>Pero sobre todo atentos a las pr\u00f3ximas semanas, porque\u00a0con estos pron\u00f3sticos en la mano parece que podr\u00eda tener continuidad esta situaci\u00f3n de lluvias.\u00a0Aunque vale la pena recordar que estos cambios en latitudes altas <strong>no siempre<\/strong> nos afectan &#8220;positivamente&#8221;; iremos sigui\u00e9ndolo.<\/span><\/span><\/span><\/span><\/p>\n<p align=\"LEFT\"><span style=\"color: #ffffff;\"><span style=\"font-family: Arial, Helvetica, sans-serif;\"><span>.<\/span><\/span><\/span><\/p>\n<p align=\"CENTER\"><span style=\"color: #808080;\"><span style=\"font-size: 12px;\"><span style=\"font-family: Arial, Helvetica, sans-serif;\">Por Javier Pi\u00f1ero Fuentes &#8211; \u00a9 MeteoBadajoz 2014<\/span><\/span><\/span><\/p>\n<p align=\"CENTER\"><span style=\"color: #808080;\"><span style=\"font-size: 12px;\"><span style=\"font-family: arial, sans-serif;\">meteobadajoz@gmail.com<\/span><\/span><\/span><\/p>\n<p align=\"CENTER\"><strong><span style=\"color: #000000;\"><span style=\"font-size: 12px;\"><span style=\"font-family: Arial, Helvetica, sans-serif;\"><span>Puedes seguir cada situaci\u00f3n a trav\u00e9s de la cuenta de Twitter <\/span><\/span><\/span><\/span><\/strong><strong><a href=\"https:\/\/twitter.com\/MeteoBadajoz\" target=\"_blank\" rel=\"external nofollow\"><span style=\"color: #ff0000;\"><span style=\"font-size: 12px;\"><span style=\"font-family: Arial, Helvetica, sans-serif;\"><span>@MeteoBadajoz<\/span><\/span><\/span><\/span><\/a><\/strong><strong><span style=\"color: #000000;\"><span style=\"font-size: 12px;\"><span style=\"font-family: Arial, Helvetica, sans-serif;\"><span>, o Facebook <\/span><\/span><\/span><\/span><\/strong><strong><a href=\"https:\/\/www.facebook.com\/pages\/MeteoBadajoz\/236436716399890\" target=\"_blank\" rel=\"external nofollow\"><span style=\"color: #ff0000;\"><span style=\"font-size: 12px;\"><span style=\"font-family: Arial, Helvetica, sans-serif;\"><span>MeteoBadajoz<\/span><\/span><\/span><\/span><\/a><\/strong><strong><span style=\"color: #000000;\"><span style=\"font-size: 12px;\"><span style=\"font-family: Arial, Helvetica, sans-serif;\"><span>, donde estar\u00e1s informado en todo momento de c\u00f3mo evolucionan los d\u00edas, as\u00ed como de noticias de inter\u00e9s meteorol\u00f3gico.<\/span><\/span><\/span><\/span><\/strong><\/p>\n<p align=\"CENTER\"><strong><span style=\"color: #000000;\"><span style=\"font-size: 12px;\"><span style=\"font-family: Arial, Helvetica, sans-serif;\"><span><span style=\"text-decoration: underline;\"><strong>Si el art\u00edculo te ha parecido interesante, puedes ayudar a divulgarlo a trav\u00e9s de las redes sociales, con ayuda de los botones para compartir.<\/strong><\/span><\/span><\/span><\/span><\/span><\/strong><\/p>\n<p align=\"CENTER\"><strong><span style=\"color: #000000;\"><span style=\"font-size: 12px;\"><span style=\"font-family: Arial, Helvetica, sans-serif;\"><span>\u00a1\u00a1Gracias y un saludo a los lectores del blog!!<\/span><\/span><\/span><\/span><\/strong><\/p>\n<!-- AddThis Advanced Settings generic via filter on the_content --><!-- AddThis Share Buttons generic via filter on the_content -->","protected":false},"excerpt":{"rendered":"<p>\u00bb Un TEMPORAL ATL\u00c1NTICO nos afectar\u00e1 durante los pr\u00f3ximos 7-10 d\u00edas, con el paso sucesivo de frentes que barrer\u00e1n la pen\u00ednsula dejando lluvias abundantes. Es el comienzo de un patr\u00f3n atmosf\u00e9rico muy inestable que podr\u00eda ir para largo&#8230; Esquema de la situaci\u00f3n para los pr\u00f3ximos 7-10 d\u00edas en el entorno del Atl\u00e1ntico Norte &#8211; \u00a9 [&hellip;]<!-- AddThis Advanced Settings generic via filter on get_the_excerpt --><!-- AddThis Share Buttons generic via filter on get_the_excerpt --><\/p>\n","protected":false},"author":75,"featured_media":0,"comment_status":"open","ping_status":"closed","sticky":false,"template":"","format":"standard","meta":[],"categories":[4],"tags":[7,15,36,47,83,91,102,110,117,143],"_links":{"self":[{"href":"https:\/\/blogs.hoy.es\/meteobadajoz\/wp-json\/wp\/v2\/posts\/685"}],"collection":[{"href":"https:\/\/blogs.hoy.es\/meteobadajoz\/wp-json\/wp\/v2\/posts"}],"about":[{"href":"https:\/\/blogs.hoy.es\/meteobadajoz\/wp-json\/wp\/v2\/types\/post"}],"author":[{"embeddable":true,"href":"https:\/\/blogs.hoy.es\/meteobadajoz\/wp-json\/wp\/v2\/users\/75"}],"replies":[{"embeddable":true,"href":"https:\/\/blogs.hoy.es\/meteobadajoz\/wp-json\/wp\/v2\/comments?post=685"}],"version-history":[{"count":0,"href":"https:\/\/blogs.hoy.es\/meteobadajoz\/wp-json\/wp\/v2\/posts\/685\/revisions"}],"wp:attachment":[{"href":"https:\/\/blogs.hoy.es\/meteobadajoz\/wp-json\/wp\/v2\/media?parent=685"}],"wp:term":[{"taxonomy":"category","embeddable":true,"href":"https:\/\/blogs.hoy.es\/meteobadajoz\/wp-json\/wp\/v2\/categories?post=685"},{"taxonomy":"post_tag","embeddable":true,"href":"https:\/\/blogs.hoy.es\/meteobadajoz\/wp-json\/wp\/v2\/tags?post=685"}],"curies":[{"name":"wp","href":"https:\/\/api.w.org\/{rel}","templated":true}]}}