{"id":689,"date":"2014-11-21T10:22:19","date_gmt":"2014-11-21T08:22:19","guid":{"rendered":"http:\/\/blogs.hoy.es\/meteobadajoz\/?p=689"},"modified":"2014-11-21T10:22:19","modified_gmt":"2014-11-21T08:22:19","slug":"veranillo-con-maximas-de-20-24oc-en-extremadura","status":"publish","type":"post","link":"https:\/\/blogs.hoy.es\/meteobadajoz\/2014\/11\/21\/veranillo-con-maximas-de-20-24oc-en-extremadura\/","title":{"rendered":"Viernes de \u201cveranillo\u201d, con m\u00e1ximas de 20-24\u00baC en Extremadura"},"content":{"rendered":"<p align=\"LEFT\"><strong><span style=\"color: #000000;\"><span style=\"font-size: 17px;\"><span style=\"font-family: 'Segoe UI';\">\u00bb<\/span><\/span><span style=\"color: #000000;\"><span style=\"font-size: 14px;\"><span style=\"font-family: 'Segoe UI', sans-serif;\">\u00a0Este viernes las m\u00e1ximas superar\u00e1n los 20\u00baC, e incluso nos acercaremos a los 23-24\u00baC <strong>en las Vegas del Guadiana<\/strong>. Eso s\u00ed, volver\u00e1n las lluvias a partir del s\u00e1bado y sobre todo la pr\u00f3xima semana, con ambiente m\u00e1s fr\u00edo!<\/span><\/span><\/span><\/span><\/strong><\/p>\n<p style=\"text-align: center;\" align=\"LEFT\"><span style=\"color: #000000;\"><span style=\"font-size: 12px;\"><span style=\"font-family: Arial, Helvetica, sans-serif;\"><span><strong><img loading=\"lazy\" class=\"aligncenter\" src=\"\/\/nsae02.casimages.net\/img\/2014\/11\/20\/141120074637918664.png\" alt=\"\" width=\"600\" height=\"300\" \/><\/strong><\/span><\/span><\/span><\/span><\/p>\n<p style=\"text-align: left;\" align=\"LEFT\"><span style=\"color: #000000;\"><span style=\"font-size: 12px;\"><span style=\"font-family: Arial, Helvetica, sans-serif;\"><span><strong>Viernes 21 de Noviembre 2014.<\/strong><\/span><\/span><\/span><span style=\"color: #000000;\"><span style=\"font-size: 12px;\"><span style=\"font-family: Arial, Helvetica, sans-serif;\"><span> En los \u00faltimos d\u00edas hemos tenido un ambiente bastante revuelto en general por todo el oeste peninsular, con muchas nubes y algunas precipitaciones, y con temperaturas frescas (sobre todo a inicios de semana), aunque de momento no muy fr\u00edas. Hasta ahora, los 20 d\u00edas transcurridos de este mes de noviembre nos han dejado unos 14 d\u00edas de lluvia, y 6 d\u00edas de tregua, aunque esos seis d\u00edas sin precipitaciones se han repartido muy bien a lo largo del mes, dejando gran parte de Noviembre 2014 con una <strong>distribuci\u00f3n irregular de las lluvias<\/strong> en nuestra regi\u00f3n.<!--more--><\/span><\/span><\/span><\/span><\/span><\/p>\n<p align=\"LEFT\"><span style=\"color: #000000;\"><span style=\"color: #000000;\"><span style=\"font-size: 12px;\"><span style=\"font-family: Arial, Helvetica, sans-serif;\"><span>Pero este viernes, adem\u00e1s de tener cielos algo m\u00e1s despejados que en los \u00faltimos d\u00edas, las temperaturas <strong>experimentar\u00e1n un ascenso<\/strong>, dej\u00e1ndonos valores <strong>bastante por encima de lo normal<\/strong> para esta \u00e9poca del a\u00f1o.<\/span><\/span><\/span><\/span><\/span><\/p>\n<p align=\"LEFT\"><span style=\"color: #000000;\"><span style=\"font-size: 12px;\"><span style=\"font-family: Arial, Helvetica, sans-serif;\"><span><a title=\"Ampliar\" href=\"http:\/\/nsae02.casimages.net\/img\/2014\/11\/20\/14112012501031104.png\" target=\"_blank\" rel=\"external nofollow\"><img loading=\"lazy\" class=\"alignleft\" title=\"Ampliar\" src=\"\/\/nsae02.casimages.net\/img\/2014\/11\/20\/14112012501031104.png\" alt=\"\" width=\"277\" height=\"254\" \/><\/a>En el mapa de la izquierda pod\u00e9is ver lo an\u00f3malas que ser\u00e1n las temperaturas m\u00e1ximas durante este viernes; anomal\u00edas de\u00a0<strong>entre +3\u00baC y hasta +6\u00baC por encima de lo normal<\/strong> en muchas zonas de la Pen\u00ednsula Ib\u00e9rica y Baleares, y tambi\u00e9n en la mayor parte del sur-suroeste de Europa, as\u00ed como en zonas del norte del continente africano.<\/span><\/span><\/span><\/span><\/p>\n<p align=\"LEFT\"><span style=\"color: #000000;\"><span style=\"font-size: 12px;\"><span style=\"font-family: Arial, Helvetica, sans-serif;\"><span>Tampoco hay que alarmarse por estos periodos de temperaturas demasiado c\u00e1lidas para la \u00e9poca, ya que a\u00fan estamos en oto\u00f1o, y es normal que tengamos estos vaivenes en las temperaturas. Habr\u00eda que preocuparse si una situaci\u00f3n as\u00ed llegara a prolongarse durante mucho tiempo (que no es el caso).<\/span><\/span><\/span><\/span><\/p>\n<p align=\"LEFT\"><span style=\"color: #000000;\"><span style=\"font-size: 12px;\"><span style=\"font-family: Arial, Helvetica, sans-serif;\">Esta vez <strong>no va a durar tanto<\/strong> como la situaci\u00f3n de altas temperaturas que tuvimos durante el pasado mes de octubre (que s\u00ed fue realmente an\u00f3mala); a partir del s\u00e1bado <strong>volver\u00e1n a bajar<\/strong>, y sobre todo lo har\u00e1n de cara a la semana que viene, con m\u00e1s inestabilidad.<\/span><\/span><\/span><\/p>\n<p align=\"LEFT\"><span style=\"color: #ffffff;\">.<\/span><\/p>\n<p align=\"LEFT\"><strong><span style=\"color: #000000;\"><span style=\"font-size: 18px;\"><span style=\"font-family: Arial, Helvetica, sans-serif;\">&#8211; \u00bfPor qu\u00e9 vuelven a subir tanto las temperaturas, si ya estamos en la segunda mitad del mes de noviembre&#8230;?<\/span><\/span><\/span><\/strong><\/p>\n<p style=\"text-align: center;\" align=\"LEFT\"><span style=\"color: #000000;\"><span style=\"font-size: 12px;\"><span style=\"font-family: Arial, Helvetica, sans-serif;\"><span><img loading=\"lazy\" class=\"aligncenter\" src=\"\/\/nsae02.casimages.net\/img\/2014\/11\/20\/141120011754166083.png\" alt=\"\" width=\"613\" height=\"356\" \/><strong>An\u00e1lisis de la situaci\u00f3n de lluvias en Canarias durante el pasado mi\u00e9rcoles 19 de noviembre, a las 12h UTC (13h en la pen\u00ednsula) &#8211; EUMETSAT\/MeteoBadajoz<\/strong><\/span><\/span><\/span><\/span><\/p>\n<p style=\"text-align: left;\" align=\"LEFT\"><span style=\"color: #000000;\"><span style=\"font-size: 12px;\"><span style=\"font-family: Arial, Helvetica, sans-serif;\"><span>La raz\u00f3n la encontramos en la situaci\u00f3n que tenemos estos d\u00edas en el Atl\u00e1ntico: una enorme vaguada al oeste de la Pen\u00ednsula Ib\u00e9rica ha arrastrado aire fr\u00edo tan al sur, que el aire c\u00e1lido que ha encontrado en su camino, lo ha <strong>empujado por delante de la vaguada hasta adentrarlo por el sur de la pen\u00ednsula<\/strong>, tal y como vemos en la ilustraci\u00f3n superior.<\/span><\/span><\/span><\/span><\/p>\n<p align=\"LEFT\"><span style=\"color: #000000;\"><span style=\"font-size: 12px;\"><span style=\"font-family: Arial, Helvetica, sans-serif;\"><span>Seguro que muchos hab\u00e9is o\u00eddo hablar sobre la situaci\u00f3n de lluvias que afecta a Canarias; pues bien, es esa borrasca la que est\u00e1 haciendo que <strong>el tiempo se invierta<\/strong>, con inestabilidad en Canarias, y tiempo m\u00e1s estable y c\u00e1lido en la pen\u00ednsula y Baleares. Como la pen\u00ednsula queda en la parte delantera-ascendente de la vaguada, las masas de aire que nos afectan estos d\u00edas provienen desde latitudes muy bajas. Se da, una vez m\u00e1s, esa l\u00f3gica de <em>acci\u00f3n-reacci\u00f3n<\/em>: si aire fr\u00edo baja muy al sur en un lado, por el otro sucede lo contrario para compensar.<\/span><\/span><\/span><\/span><\/p>\n<p align=\"LEFT\"><span style=\"color: #ffffff;\">.<\/span><\/p>\n<p align=\"LEFT\"><span><strong><span style=\"color: #000000;\"><span style=\"font-size: 18px;\"><span style=\"font-family: Arial, Helvetica, sans-serif;\">&#8211; \u00bfCu\u00e1ndo volver\u00e1 a cambiar el tiempo en la pen\u00ednsula?<\/span><\/span><\/span><\/strong><\/span><\/p>\n<p align=\"LEFT\"><span style=\"color: #000000;\"><span style=\"font-size: 12px;\"><span style=\"font-family: Arial, Helvetica, sans-serif;\"><span>Todo parece indicar que ser\u00e1 a partir del s\u00e1bado cuando empezaremos a notar <strong>un ligero descenso en las temperaturas<\/strong>, pero sobre todo lo notar\u00edamos a partir del domingo por todo el oeste. Las m\u00e1ximas pasar\u00e1n de esos 20-24\u00baC de este viernes, hasta los 16-17\u00baC el domingo-inicios de la pr\u00f3xima semana. No es un descenso demasiado importante, pero s\u00ed nos devolver\u00e1 a una situaci\u00f3n un poquito m\u00e1s normal, siendo\u00a0<strong>fresca e inestable<\/strong> (lo que toca).<\/span><\/span><\/span><\/span><\/p>\n<p align=\"LEFT\"><span style=\"color: #000000;\"><span style=\"font-size: 12px;\"><span style=\"font-family: Arial, Helvetica, sans-serif;\"><span>Adem\u00e1s, este viernes veremos m\u00e1s claros que en los \u00faltimos d\u00edas, aunque volver\u00e1 a aumentar la inestabilidad significativamente desde el sur a partir del s\u00e1bado (de ah\u00ed que empiecen a bajar las temperaturas a partir de esa jornada). Ya el domingo veremos <strong>muchas nubes y lluvias d\u00e9biles o localmente moderadas<\/strong> repartidas por muchas zonas de la mitad occidental.<\/span><\/span><\/span><\/span><\/p>\n<p style=\"text-align: center;\" align=\"LEFT\"><strong><span style=\"font-family: Arial, Helvetica, sans-serif;\"><span style=\"font-size: 12px;\"><img loading=\"lazy\" class=\"aligncenter\" src=\"\/\/nsae02.casimages.net\/img\/2014\/11\/21\/141121023222705700.gif\" alt=\"\" width=\"600\" height=\"450\" \/>Evoluci\u00f3n de la presi\u00f3n en superficie y altura geopotencial en 500 hPa &#8211; Modelo WRF<\/span><\/span><\/strong><\/p>\n<p align=\"LEFT\"><span style=\"font-family: Arial, Helvetica, sans-serif;\"><span style=\"font-size: 12px;\">Ojo porque el domingo no descartar\u00eda algunas <strong>tormentas<\/strong> viniendo desde el sur, adentr\u00e1ndose por el Golfo de C\u00e1diz, y barriendo Andaluc\u00eda occidental y Extremadura con cierta intensidad: la inestabilidad del domingo proviene de la borrasca de estos d\u00edas en Canarias. Esa baja ha estado adsorbiendo <strong>masas de aire muy h\u00famedas e inestables<\/strong> desde\u00a0latitudes\u00a0muy bajas, que junto con la llegada de una vaguada por el oeste, puede acabar reactivando la borrasca hacia el suroeste\u00a0peninsular (mostrado en la animaci\u00f3n superior), y podr\u00edan generarse <strong>estructuras tormentosas de cierta organizaci\u00f3n y con lluvias localmente fuertes<\/strong>. Eso ya lo iremos vigilando en las horas previas a dicha jornada.<\/span><\/span><\/p>\n<p align=\"LEFT\"><span style=\"color: #000000;\"><span style=\"font-size: 12px;\"><span style=\"font-family: Arial, Helvetica, sans-serif;\"><span>-A inicios de esta semana parec\u00eda que el fin de semana ser\u00eda bastante fr\u00edo y lluvioso, por el retorno de la <em>borrasca canaria<\/em> hacia el norte, al reintegrarse en la circulaci\u00f3n general, pero finalmente los modelos han acabado por suavizar tanto el descenso t\u00e9rmico, como las cantidades de lluvia. A\u00fan as\u00ed, <strong>fin de semana revuelto<\/strong>!<\/span><\/span><\/span><\/span><\/p>\n<p align=\"LEFT\"><span style=\"color: #000000;\"><span style=\"font-size: 12px;\"><span style=\"font-family: Arial, Helvetica, sans-serif;\"><span>Y ojo que a medio plazo los modelos vienen fuerte!\u00a0El desalojo polar que afecta a gran parte de Norteam\u00e9rica estos d\u00edas, y que tantas nevadas est\u00e1 dejando en EE.UU., ya vierte hacia el Atl\u00e1ntico, <strong>generando mucha actividad cicl\u00f3nica<\/strong> la semana que viene (muchas borrascas circulando por el Atl\u00e1ntico Norte en los pr\u00f3ximos d\u00edas, y algunas bastante profundas). As\u00ed lo estamos siguiendo a trav\u00e9s de Twitter:<\/span><\/span><\/span><\/span><\/p>\n<blockquote class=\"twitter-tweet\" lang=\"es\"><p>La prx semana, un frente MUY ACTIVO podr\u00eda barrer la pen\u00ednsula con lluvias abundantes, y MUCHA NIEVE en sierras! Ojo: <a href=\"http:\/\/t.co\/G9k7GWDPyD\" rel=\"external nofollow\">pic.twitter.com\/G9k7GWDPyD<\/a><\/p>\n<p>\u2014 MeteoBadajoz (@MeteoBadajoz) <a href=\"https:\/\/twitter.com\/MeteoBadajoz\/status\/535391720901730304\" rel=\"external nofollow\">noviembre 20, 2014<\/a><\/p><\/blockquote>\n<p>&nbsp;<\/p>\n<blockquote class=\"twitter-tweet\" lang=\"es\"><p>Brutal salida de GFS, que se acerca mucho al europeo; ante todo prudencia. He aqu\u00ed un posible borrasc\u00f3n la prx semana <a href=\"http:\/\/t.co\/LC34XR6oJB\" rel=\"external nofollow\">pic.twitter.com\/LC34XR6oJB<\/a><\/p>\n<p>\u2014 MeteoBadajoz (@MeteoBadajoz) <a href=\"https:\/\/twitter.com\/MeteoBadajoz\/status\/535476414263615488\" rel=\"external nofollow\">noviembre 20, 2014<\/a><\/p><\/blockquote>\n<p>&nbsp;<\/p>\n<blockquote class=\"twitter-tweet\" lang=\"es\"><p>\u00bfAlguien quiere este mapa para enmarcar? Yo me lo pido&#8230; :P Espectacular final de noviembre, veremos. <a href=\"http:\/\/t.co\/6SR2rJKvZB\" rel=\"external nofollow\">pic.twitter.com\/6SR2rJKvZB<\/a><\/p>\n<p>\u2014 MeteoBadajoz (@MeteoBadajoz) <a href=\"https:\/\/twitter.com\/MeteoBadajoz\/status\/535490821655916545\" rel=\"external nofollow\">noviembre 20, 2014<\/a><\/p><\/blockquote>\n<p>&nbsp;<\/p>\n<p align=\"LEFT\"><span style=\"color: #000000;\"><span style=\"font-size: 12px;\"><span style=\"font-family: Arial, Helvetica, sans-serif;\"><span>Como se ha comentado en los tweets anteriores, la pr\u00f3xima semana parece que <strong>podr\u00eda ser bastante m\u00e1s movida en lo meteorol\u00f3gico<\/strong>, por el acercamiento de al menos una profunda borrasca a la pen\u00ednsula, y la llegada de nuevos frentes desde el Atl\u00e1ntico, con descensos de temperatura <strong>cada vez m\u00e1s significativos<\/strong> a medio plazo.<\/span><\/span><\/span><\/span><\/p>\n<p align=\"LEFT\"><span style=\"color: #000000;\"><span style=\"font-size: 12px;\"><span style=\"font-family: Arial, Helvetica, sans-serif;\"><span>Y es que nos acercamos al mes de diciembre, y poco a poco tienen que ir \u201cganando la batalla\u201d los desalojos de aire fr\u00edo, frente a estas irrupciones tard\u00edas de aire c\u00e1lido desde el sur, como la que tenemos este viernes-s\u00e1bado<\/span><\/span><\/span><\/span><\/p>\n<p align=\"LEFT\"><span style=\"color: #ffffff;\"><span style=\"font-family: Arial, Helvetica, sans-serif;\"><span>.<\/span><\/span><\/span><\/p>\n<p align=\"CENTER\"><span style=\"color: #808080;\"><span style=\"font-size: 12px;\"><span style=\"font-family: Arial, Helvetica, sans-serif;\">Por Javier Pi\u00f1ero Fuentes &#8211; \u00a9 MeteoBadajoz 2014<\/span><\/span><\/span><\/p>\n<p align=\"CENTER\"><span style=\"color: #808080;\"><span style=\"font-size: 12px;\"><span style=\"font-family: arial, sans-serif;\">meteobadajoz@gmail.com<\/span><\/span><\/span><\/p>\n<p align=\"CENTER\"><strong><span style=\"color: #000000;\"><span style=\"font-size: 12px;\"><span style=\"font-family: Arial, Helvetica, sans-serif;\"><span>Puedes seguir cada situaci\u00f3n a trav\u00e9s de la cuenta de Twitter <\/span><\/span><\/span><\/span><\/strong><strong><a href=\"https:\/\/twitter.com\/MeteoBadajoz\" target=\"_blank\" rel=\"external nofollow\"><span style=\"color: #ff0000;\"><span style=\"font-size: 12px;\"><span style=\"font-family: Arial, Helvetica, sans-serif;\"><span>@MeteoBadajoz<\/span><\/span><\/span><\/span><\/a><\/strong><strong><span style=\"color: #000000;\"><span style=\"font-size: 12px;\"><span style=\"font-family: Arial, Helvetica, sans-serif;\"><span>, o Facebook <\/span><\/span><\/span><\/span><\/strong><strong><a href=\"https:\/\/www.facebook.com\/pages\/MeteoBadajoz\/236436716399890\" target=\"_blank\" rel=\"external nofollow\"><span style=\"color: #ff0000;\"><span style=\"font-size: 12px;\"><span style=\"font-family: Arial, Helvetica, sans-serif;\"><span>MeteoBadajoz<\/span><\/span><\/span><\/span><\/a><\/strong><strong><span style=\"color: #000000;\"><span style=\"font-size: 12px;\"><span style=\"font-family: Arial, Helvetica, sans-serif;\"><span>, donde estar\u00e1s informado en todo momento de c\u00f3mo evolucionan los d\u00edas, as\u00ed como de noticias de inter\u00e9s meteorol\u00f3gico.<\/span><\/span><\/span><\/span><\/strong><\/p>\n<p align=\"CENTER\"><strong><span style=\"color: #000000;\"><span style=\"font-size: 12px;\"><span style=\"font-family: Arial, Helvetica, sans-serif;\"><span><span style=\"text-decoration: underline;\"><strong>Si el art\u00edculo te ha parecido interesante, puedes ayudar a divulgarlo a trav\u00e9s de las redes sociales, con ayuda de los botones para compartir.<\/strong><\/span><\/span><\/span><\/span><\/span><\/strong><\/p>\n<p align=\"CENTER\"><strong><span style=\"color: #000000;\"><span style=\"font-size: 12px;\"><span style=\"font-family: Arial, Helvetica, sans-serif;\"><span>\u00a1\u00a1Gracias y un saludo a los lectores del blog!!<\/span><\/span><\/span><\/span><\/strong><\/p>\n<!-- AddThis Advanced Settings generic via filter on the_content --><!-- AddThis Share Buttons generic via filter on the_content -->","protected":false},"excerpt":{"rendered":"<p>\u00bb\u00a0Este viernes las m\u00e1ximas superar\u00e1n los 20\u00baC, e incluso nos acercaremos a los 23-24\u00baC en las Vegas del Guadiana. Eso s\u00ed, volver\u00e1n las lluvias a partir del s\u00e1bado y sobre todo la pr\u00f3xima semana, con ambiente m\u00e1s fr\u00edo! Viernes 21 de Noviembre 2014. En los \u00faltimos d\u00edas hemos tenido un ambiente bastante revuelto en general [&hellip;]<!-- AddThis Advanced Settings generic via filter on get_the_excerpt --><!-- AddThis Share Buttons generic via filter on get_the_excerpt --><\/p>\n","protected":false},"author":75,"featured_media":0,"comment_status":"open","ping_status":"closed","sticky":false,"template":"","format":"standard","meta":[],"categories":[4,5],"tags":[7,11,26,36,62,102,110,117],"_links":{"self":[{"href":"https:\/\/blogs.hoy.es\/meteobadajoz\/wp-json\/wp\/v2\/posts\/689"}],"collection":[{"href":"https:\/\/blogs.hoy.es\/meteobadajoz\/wp-json\/wp\/v2\/posts"}],"about":[{"href":"https:\/\/blogs.hoy.es\/meteobadajoz\/wp-json\/wp\/v2\/types\/post"}],"author":[{"embeddable":true,"href":"https:\/\/blogs.hoy.es\/meteobadajoz\/wp-json\/wp\/v2\/users\/75"}],"replies":[{"embeddable":true,"href":"https:\/\/blogs.hoy.es\/meteobadajoz\/wp-json\/wp\/v2\/comments?post=689"}],"version-history":[{"count":0,"href":"https:\/\/blogs.hoy.es\/meteobadajoz\/wp-json\/wp\/v2\/posts\/689\/revisions"}],"wp:attachment":[{"href":"https:\/\/blogs.hoy.es\/meteobadajoz\/wp-json\/wp\/v2\/media?parent=689"}],"wp:term":[{"taxonomy":"category","embeddable":true,"href":"https:\/\/blogs.hoy.es\/meteobadajoz\/wp-json\/wp\/v2\/categories?post=689"},{"taxonomy":"post_tag","embeddable":true,"href":"https:\/\/blogs.hoy.es\/meteobadajoz\/wp-json\/wp\/v2\/tags?post=689"}],"curies":[{"name":"wp","href":"https:\/\/api.w.org\/{rel}","templated":true}]}}